{"id":16615,"date":"2018-07-28T11:13:47","date_gmt":"2018-07-28T11:13:47","guid":{"rendered":"https:\/\/blogs.funiber.org\/pt\/?p=16615"},"modified":"2018-07-27T11:21:57","modified_gmt":"2018-07-27T11:21:57","slug":"funiber-funcionarios-experientes","status":"publish","type":"post","link":"https:\/\/www.funiber.blog\/pt\/empresas-e-rh\/2018\/07\/28\/funiber-funcionarios-experientes","title":{"rendered":"Benef\u00edcios da presen\u00e7a de funcion\u00e1rios experientes"},"content":{"rendered":"<p>De acordo com especialistas, formar uma equipe com pessoas que tenham mais de 45 anos de idade em sua empresa ou organiza\u00e7\u00e3o pode ser algo vantajoso<\/p>\n<p>O \u00cdndice de\u00a0<u><a href=\"https:\/\/mejorestrabajos.iadb.org\/\" target=\"_blank\" rel=\"noopener\">Melhores Trabalhos<\/a><\/u>\u00a0do BID avalia as condi\u00e7\u00f5es empregat\u00edcias dos pa\u00edses a partir de duas dimens\u00f5es: quantidade e qualidade. A dimens\u00e3o quantitativa \u00e9 composta por dois indicadores: a taxa de participa\u00e7\u00e3o no trabalho e a taxa de ocupa\u00e7\u00e3o. A qualidade, por sua vez, \u00e9 constru\u00edda com taxas de formalidade e com empregos que forne\u00e7am um sal\u00e1rio suficiente para que se supere a pobreza.<!--more--><\/p>\n<p>Segundo o \u00edndice, essa \u00e9 a situa\u00e7\u00e3o dos empregos nos pa\u00edses da Am\u00e9rica Latina e do Caribe, para a faixa et\u00e1ria que tem boas condi\u00e7\u00f5es. Na maioria dos pa\u00edses, os trabalhadores t\u00eam entre 20 e 40 anos de idade.<\/p>\n<figure id=\"attachment_16618\" aria-describedby=\"caption-attachment-16618\" style=\"width: 881px\" class=\"wp-caption aligncenter\"><a href=\"https:\/\/www.funiber.blog\/pt\/wp-content\/uploads\/2018\/07\/funiber-bid-idades.png\"><img loading=\"lazy\" decoding=\"async\" data-attachment-id=\"16618\" data-permalink=\"https:\/\/www.funiber.blog\/pt\/empresas-e-rh\/2018\/07\/28\/funiber-funcionarios-experientes\/attachment\/funiber-bid-idades\" data-orig-file=\"https:\/\/www.funiber.blog\/pt\/wp-content\/uploads\/2018\/07\/funiber-bid-idades.png\" data-orig-size=\"881,646\" data-comments-opened=\"0\" data-image-meta=\"{&quot;aperture&quot;:&quot;0&quot;,&quot;credit&quot;:&quot;&quot;,&quot;camera&quot;:&quot;&quot;,&quot;caption&quot;:&quot;&quot;,&quot;created_timestamp&quot;:&quot;0&quot;,&quot;copyright&quot;:&quot;&quot;,&quot;focal_length&quot;:&quot;0&quot;,&quot;iso&quot;:&quot;0&quot;,&quot;shutter_speed&quot;:&quot;0&quot;,&quot;title&quot;:&quot;&quot;,&quot;orientation&quot;:&quot;0&quot;}\" data-image-title=\"funiber-bid-idades\" data-image-description=\"&lt;p&gt;funiber-bid-idades&lt;\/p&gt;\n\" data-image-caption=\"&lt;p&gt;funiber-bid-idades&lt;\/p&gt;\n\" data-medium-file=\"https:\/\/www.funiber.blog\/pt\/wp-content\/uploads\/2018\/07\/funiber-bid-idades-400x293.png\" data-large-file=\"https:\/\/www.funiber.blog\/pt\/wp-content\/uploads\/2018\/07\/funiber-bid-idades-400x293.png\" class=\"size-full wp-image-16618\" src=\"https:\/\/www.funiber.blog\/pt\/wp-content\/uploads\/2018\/07\/funiber-bid-idades.png\" alt=\"funiber-bid-idades\" width=\"881\" height=\"646\" srcset=\"https:\/\/www.funiber.blog\/pt\/wp-content\/uploads\/2018\/07\/funiber-bid-idades.png 881w, https:\/\/www.funiber.blog\/pt\/wp-content\/uploads\/2018\/07\/funiber-bid-idades-400x293.png 400w, https:\/\/www.funiber.blog\/pt\/wp-content\/uploads\/2018\/07\/funiber-bid-idades-768x563.png 768w\" sizes=\"(max-width: 881px) 100vw, 881px\" \/><\/a><figcaption id=\"caption-attachment-16618\" class=\"wp-caption-text\">\u00cdndice &#8220;Melhores Trabalhos&#8221; &#8211; BID<\/figcaption><\/figure>\n<p><strong>Perspectiva geral, G\u00eanero, Idade<\/strong><\/p>\n<p>Uruguai, Argentina, Equador, Panam\u00e1, M\u00e9xico, Bol\u00edvia, Brasil, Col\u00f4mbia, Chile, El Salvador, Costa Rica, Rep\u00fablica Dominicana, Peru, Guatemala, Nicar\u00e1gua, Paraguai, Honduras, Am\u00e9rica Latina<\/p>\n<p><a href=\"https:\/\/www.linkedin.com\/in\/esteryerro\/\" target=\"_blank\" rel=\"noopener\">Ester Yerro<\/a>, editora e redatora, argumenta que, aos 45 anos, um trabalhador geralmente est\u00e1 no auge de sua carreira profissional. No entanto, os n\u00fameros mostram que encontrar emprego quando se tem essa idade \u00e9 cada vez mais dif\u00edcil.<\/p>\n<p>Al\u00e9m disso, a consultoria <a href=\"http:\/\/juansanandres.com\/\" target=\"_blank\" rel=\"noopener\">Juan San Andr\u00e9s<\/a>, especializada em produtividade e fatores humanos, afirma que esta recess\u00e3o mostra como as empresas est\u00e3o mudando sua mentalidade ao contratar, pois agora contam com trabalhadores experientes.<\/p>\n<p>Eles argumentam que pessoas com mais de 45 anos t\u00eam mais experi\u00eancia, e contar com profissionais experientes no mercado de trabalho \u201cpermite que os chefes economizem parte do tempo que usariam para supervision\u00e1-los\u201d. Dessa maneira, pode-se observar um retorno imediato para o empregador, &#8220;porque os funcion\u00e1rios t\u00eam uma curva de aprendizagem muito r\u00e1pida, adquirida previamente em outras empresas\u201d.<\/p>\n<p>Esses empregados possuem, tamb\u00e9m, redes de contato ou o conhecido \u201cnetworking\u201d. \u00c9 esperado que, ap\u00f3s anos de trabalho em um \u00fanico setor, essas redes sejam estabelecidas, o que ajuda a \u201cter amplo conhecimento sobre a concorr\u00eancia, fornecedores e clientes\u201d.<\/p>\n<p>No\u00a0<u><a href=\"https:\/\/www.funiber.org.br\/mestrado-em-direcao-estrategica-de-marketing\" target=\"_blank\" rel=\"noopener\">Mestrado em Dire\u00e7\u00e3o Estrat\u00e9gica de Marketing<\/a><\/u>\u00a0promovido pela\u00a0<a href=\"http:\/\/www.funiber.org.br\/\" target=\"_blank\" rel=\"noopener\">FUNIBER<\/a>, \u00e9 abordada a necessidade de ter um conhecimento global das diferentes possibilidades tecnol\u00f3gicas das redes atuais e futuras, com o objetivo de melhorar o desempenho das empresas e organiza\u00e7\u00f5es do mundo digital.<\/p>\n<p>Fonte:\u00a0<u><a href=\"http:\/\/empresas.infoempleo.com\/hrtrends\/actualidad\/que-ventajas-tiene-para-la-empresa-contratar-a-mayores-de-45-anos\/\" target=\"_blank\" rel=\"noopener\">Quais s\u00e3o as vantagens para a empresa ao contratar pessoas com mais de 45 anos de idade?<\/a><\/u><\/p>\n<p>Foto: todos os direitos reservados<\/p>\n","protected":false},"excerpt":{"rendered":"<p>De acordo com especialistas, formar uma equipe com pessoas que tenham mais de 45 anos de idade em sua empresa ou organiza\u00e7\u00e3o pode ser algo vantajoso O \u00cdndice de\u00a0Melhores Trabalhos\u00a0do BID avalia as condi\u00e7\u00f5es empregat\u00edcias dos pa\u00edses a partir de duas dimens\u00f5es: quantidade e qualidade. A dimens\u00e3o quantitativa \u00e9 composta por dois indicadores: a taxa [&hellip;]<\/p>\n","protected":false},"author":10,"featured_media":16619,"comment_status":"closed","ping_status":"closed","sticky":false,"template":"","format":"standard","meta":{"jetpack_post_was_ever_published":false,"_jetpack_newsletter_access":"","_jetpack_newsletter_tier_id":0,"footnotes":"","jetpack_publicize_message":"","jetpack_is_tweetstorm":false,"jetpack_publicize_feature_enabled":true,"jetpack_social_post_already_shared":true,"jetpack_social_options":{"image_generator_settings":{"template":"highway","enabled":false}}},"categories":[8],"tags":[1242,855,285,408,172,1034,1684,671,79,641,255,168,718,217],"jetpack_publicize_connections":[],"yoast_head":"<!-- This site is optimized with the Yoast SEO plugin v21.7 - https:\/\/yoast.com\/wordpress\/plugins\/seo\/ -->\n<title>Benef\u00edcios da presen\u00e7a de funcion\u00e1rios experientes<\/title>\n<meta name=\"description\" content=\"De acordo com especialistas, formar uma equipe com pessoas que tenham mais de 45 anos de idade em sua empresa ou organiza\u00e7\u00e3o pode ser algo vantajoso\" \/>\n<meta name=\"robots\" content=\"noindex, nofollow\" \/>\n<meta property=\"og:locale\" content=\"pt_BR\" \/>\n<meta property=\"og:type\" content=\"article\" \/>\n<meta property=\"og:title\" content=\"Benef\u00edcios da presen\u00e7a de funcion\u00e1rios experientes\" \/>\n<meta property=\"og:description\" content=\"De acordo com especialistas, formar uma equipe com pessoas que tenham mais de 45 anos de idade em sua empresa ou organiza\u00e7\u00e3o pode ser algo vantajoso\" \/>\n<meta property=\"og:url\" content=\"https:\/\/blogs.funiber.org\/pt\/empresas-e-rh\/2018\/07\/28\/funiber-funcionarios-experientes\" \/>\n<meta property=\"og:site_name\" content=\"FuniBlogs - FUNIBER\" \/>\n<meta property=\"article:publisher\" content=\"https:\/\/www.facebook.com\/funiber\" \/>\n<meta property=\"article:published_time\" content=\"2018-07-28T11:13:47+00:00\" \/>\n<meta property=\"article:modified_time\" content=\"2018-07-27T11:21:57+00:00\" \/>\n<meta property=\"og:image\" content=\"https:\/\/blogs.funiber.org\/pt\/wp-content\/uploads\/2018\/07\/funiber-funcionarios-experientes.jpg\" \/>\n\t<meta property=\"og:image:width\" content=\"768\" \/>\n\t<meta property=\"og:image:height\" content=\"576\" \/>\n\t<meta property=\"og:image:type\" content=\"image\/jpeg\" \/>\n<meta name=\"author\" content=\"Michelle\" \/>\n<meta name=\"twitter:card\" content=\"summary_large_image\" \/>\n<meta name=\"twitter:creator\" content=\"@FUNIBER\" \/>\n<meta name=\"twitter:site\" content=\"@FUNIBER\" \/>\n<meta name=\"twitter:label1\" content=\"Escrito por\" \/>\n\t<meta name=\"twitter:data1\" content=\"Michelle\" \/>\n\t<meta name=\"twitter:label2\" content=\"Est. tempo de leitura\" \/>\n\t<meta name=\"twitter:data2\" content=\"2 minutos\" \/>\n<script type=\"application\/ld+json\" class=\"yoast-schema-graph\">{\"@context\":\"https:\/\/schema.org\",\"@graph\":[{\"@type\":\"Article\",\"@id\":\"https:\/\/blogs.funiber.org\/pt\/empresas-e-rh\/2018\/07\/28\/funiber-funcionarios-experientes#article\",\"isPartOf\":{\"@id\":\"https:\/\/blogs.funiber.org\/pt\/empresas-e-rh\/2018\/07\/28\/funiber-funcionarios-experientes\"},\"author\":{\"name\":\"Michelle\",\"@id\":\"https:\/\/blogs.funiber.org\/pt\/#\/schema\/person\/a1eaaa5e57eac866a8c5946946bcf80d\"},\"headline\":\"Benef\u00edcios da presen\u00e7a de funcion\u00e1rios experientes\",\"datePublished\":\"2018-07-28T11:13:47+00:00\",\"dateModified\":\"2018-07-27T11:21:57+00:00\",\"mainEntityOfPage\":{\"@id\":\"https:\/\/blogs.funiber.org\/pt\/empresas-e-rh\/2018\/07\/28\/funiber-funcionarios-experientes\"},\"wordCount\":443,\"publisher\":{\"@id\":\"https:\/\/blogs.funiber.org\/pt\/#organization\"},\"keywords\":[\"Bolsas\",\"Doutorado\",\"Educa\u00e7\u00e3o\",\"Educa\u00e7\u00e3o a Dist\u00e2ncia\",\"Empresas\",\"Experi\u00eancia\",\"Funcion\u00e1rios\",\"mestrado\",\"Negocios\",\"Opini\u00e3o FUNIBER\",\"Opini\u00f5es Funiber\",\"Recursos Humanos\",\"RH\",\"Terceira idade\"],\"articleSection\":[\"Empresas, Dire\u00e7\u00e3o e RH\"],\"inLanguage\":\"pt-BR\"},{\"@type\":\"WebPage\",\"@id\":\"https:\/\/blogs.funiber.org\/pt\/empresas-e-rh\/2018\/07\/28\/funiber-funcionarios-experientes\",\"url\":\"https:\/\/blogs.funiber.org\/pt\/empresas-e-rh\/2018\/07\/28\/funiber-funcionarios-experientes\",\"name\":\"Benef\u00edcios da presen\u00e7a de funcion\u00e1rios experientes\",\"isPartOf\":{\"@id\":\"https:\/\/blogs.funiber.org\/pt\/#website\"},\"datePublished\":\"2018-07-28T11:13:47+00:00\",\"dateModified\":\"2018-07-27T11:21:57+00:00\",\"description\":\"De acordo com especialistas, formar uma equipe com pessoas que tenham mais de 45 anos de idade em sua empresa ou organiza\u00e7\u00e3o pode ser algo vantajoso\",\"breadcrumb\":{\"@id\":\"https:\/\/blogs.funiber.org\/pt\/empresas-e-rh\/2018\/07\/28\/funiber-funcionarios-experientes#breadcrumb\"},\"inLanguage\":\"pt-BR\",\"potentialAction\":[{\"@type\":\"ReadAction\",\"target\":[\"https:\/\/blogs.funiber.org\/pt\/empresas-e-rh\/2018\/07\/28\/funiber-funcionarios-experientes\"]}]},{\"@type\":\"BreadcrumbList\",\"@id\":\"https:\/\/blogs.funiber.org\/pt\/empresas-e-rh\/2018\/07\/28\/funiber-funcionarios-experientes#breadcrumb\",\"itemListElement\":[{\"@type\":\"ListItem\",\"position\":1,\"name\":\"In\u00edcio\",\"item\":\"https:\/\/blogs.funiber.org\/pt\"},{\"@type\":\"ListItem\",\"position\":2,\"name\":\"Benef\u00edcios da presen\u00e7a de funcion\u00e1rios experientes\"}]},{\"@type\":\"WebSite\",\"@id\":\"https:\/\/blogs.funiber.org\/pt\/#website\",\"url\":\"https:\/\/blogs.funiber.org\/pt\/\",\"name\":\"FuniBlogs - FUNIBER\",\"description\":\"\",\"publisher\":{\"@id\":\"https:\/\/blogs.funiber.org\/pt\/#organization\"},\"potentialAction\":[{\"@type\":\"SearchAction\",\"target\":{\"@type\":\"EntryPoint\",\"urlTemplate\":\"https:\/\/blogs.funiber.org\/pt\/?s={search_term_string}\"},\"query-input\":\"required name=search_term_string\"}],\"inLanguage\":\"pt-BR\"},{\"@type\":\"Organization\",\"@id\":\"https:\/\/blogs.funiber.org\/pt\/#organization\",\"name\":\"FuniBlogs - FUNIBER\",\"url\":\"https:\/\/blogs.funiber.org\/pt\/\",\"logo\":{\"@type\":\"ImageObject\",\"inLanguage\":\"pt-BR\",\"@id\":\"https:\/\/blogs.funiber.org\/pt\/#\/schema\/logo\/image\/\",\"url\":\"https:\/\/www.funiber.blog\/pt\/wp-content\/uploads\/2022\/02\/logo-funiber-pt-br-v-dos.svg\",\"contentUrl\":\"https:\/\/www.funiber.blog\/pt\/wp-content\/uploads\/2022\/02\/logo-funiber-pt-br-v-dos.svg\",\"width\":1,\"height\":1,\"caption\":\"FuniBlogs - FUNIBER\"},\"image\":{\"@id\":\"https:\/\/blogs.funiber.org\/pt\/#\/schema\/logo\/image\/\"},\"sameAs\":[\"https:\/\/www.facebook.com\/funiber\",\"https:\/\/twitter.com\/FUNIBER\",\"https:\/\/www.instagram.com\/funiber_becas\",\"https:\/\/www.youtube.com\/user\/funiber\",\"https:\/\/www.linkedin.com\/company\/funiber\"]},{\"@type\":\"Person\",\"@id\":\"https:\/\/blogs.funiber.org\/pt\/#\/schema\/person\/a1eaaa5e57eac866a8c5946946bcf80d\",\"name\":\"Michelle\",\"image\":{\"@type\":\"ImageObject\",\"inLanguage\":\"pt-BR\",\"@id\":\"https:\/\/blogs.funiber.org\/pt\/#\/schema\/person\/image\/\",\"url\":\"https:\/\/secure.gravatar.com\/avatar\/5e87041f7609dc50493cf216754fece1?s=96&d=mm&r=g\",\"contentUrl\":\"https:\/\/secure.gravatar.com\/avatar\/5e87041f7609dc50493cf216754fece1?s=96&d=mm&r=g\",\"caption\":\"Michelle\"},\"url\":\"https:\/\/www.funiber.blog\/pt\/author\/michelle-moreira\"}]}<\/script>\n<!-- \/ Yoast SEO plugin. -->","yoast_head_json":{"title":"Benef\u00edcios da presen\u00e7a de funcion\u00e1rios experientes","description":"De acordo com especialistas, formar uma equipe com pessoas que tenham mais de 45 anos de idade em sua empresa ou organiza\u00e7\u00e3o pode ser algo vantajoso","robots":{"index":"noindex","follow":"nofollow"},"og_locale":"pt_BR","og_type":"article","og_title":"Benef\u00edcios da presen\u00e7a de funcion\u00e1rios experientes","og_description":"De acordo com especialistas, formar uma equipe com pessoas que tenham mais de 45 anos de idade em sua empresa ou organiza\u00e7\u00e3o pode ser algo vantajoso","og_url":"https:\/\/blogs.funiber.org\/pt\/empresas-e-rh\/2018\/07\/28\/funiber-funcionarios-experientes","og_site_name":"FuniBlogs - FUNIBER","article_publisher":"https:\/\/www.facebook.com\/funiber","article_published_time":"2018-07-28T11:13:47+00:00","article_modified_time":"2018-07-27T11:21:57+00:00","og_image":[{"width":768,"height":576,"url":"https:\/\/blogs.funiber.org\/pt\/wp-content\/uploads\/2018\/07\/funiber-funcionarios-experientes.jpg","type":"image\/jpeg"}],"author":"Michelle","twitter_card":"summary_large_image","twitter_creator":"@FUNIBER","twitter_site":"@FUNIBER","twitter_misc":{"Escrito por":"Michelle","Est. tempo de leitura":"2 minutos"},"schema":{"@context":"https:\/\/schema.org","@graph":[{"@type":"Article","@id":"https:\/\/blogs.funiber.org\/pt\/empresas-e-rh\/2018\/07\/28\/funiber-funcionarios-experientes#article","isPartOf":{"@id":"https:\/\/blogs.funiber.org\/pt\/empresas-e-rh\/2018\/07\/28\/funiber-funcionarios-experientes"},"author":{"name":"Michelle","@id":"https:\/\/blogs.funiber.org\/pt\/#\/schema\/person\/a1eaaa5e57eac866a8c5946946bcf80d"},"headline":"Benef\u00edcios da presen\u00e7a de funcion\u00e1rios experientes","datePublished":"2018-07-28T11:13:47+00:00","dateModified":"2018-07-27T11:21:57+00:00","mainEntityOfPage":{"@id":"https:\/\/blogs.funiber.org\/pt\/empresas-e-rh\/2018\/07\/28\/funiber-funcionarios-experientes"},"wordCount":443,"publisher":{"@id":"https:\/\/blogs.funiber.org\/pt\/#organization"},"keywords":["Bolsas","Doutorado","Educa\u00e7\u00e3o","Educa\u00e7\u00e3o a Dist\u00e2ncia","Empresas","Experi\u00eancia","Funcion\u00e1rios","mestrado","Negocios","Opini\u00e3o FUNIBER","Opini\u00f5es Funiber","Recursos Humanos","RH","Terceira idade"],"articleSection":["Empresas, Dire\u00e7\u00e3o e RH"],"inLanguage":"pt-BR"},{"@type":"WebPage","@id":"https:\/\/blogs.funiber.org\/pt\/empresas-e-rh\/2018\/07\/28\/funiber-funcionarios-experientes","url":"https:\/\/blogs.funiber.org\/pt\/empresas-e-rh\/2018\/07\/28\/funiber-funcionarios-experientes","name":"Benef\u00edcios da presen\u00e7a de funcion\u00e1rios experientes","isPartOf":{"@id":"https:\/\/blogs.funiber.org\/pt\/#website"},"datePublished":"2018-07-28T11:13:47+00:00","dateModified":"2018-07-27T11:21:57+00:00","description":"De acordo com especialistas, formar uma equipe com pessoas que tenham mais de 45 anos de idade em sua empresa ou organiza\u00e7\u00e3o pode ser algo vantajoso","breadcrumb":{"@id":"https:\/\/blogs.funiber.org\/pt\/empresas-e-rh\/2018\/07\/28\/funiber-funcionarios-experientes#breadcrumb"},"inLanguage":"pt-BR","potentialAction":[{"@type":"ReadAction","target":["https:\/\/blogs.funiber.org\/pt\/empresas-e-rh\/2018\/07\/28\/funiber-funcionarios-experientes"]}]},{"@type":"BreadcrumbList","@id":"https:\/\/blogs.funiber.org\/pt\/empresas-e-rh\/2018\/07\/28\/funiber-funcionarios-experientes#breadcrumb","itemListElement":[{"@type":"ListItem","position":1,"name":"In\u00edcio","item":"https:\/\/blogs.funiber.org\/pt"},{"@type":"ListItem","position":2,"name":"Benef\u00edcios da presen\u00e7a de funcion\u00e1rios experientes"}]},{"@type":"WebSite","@id":"https:\/\/blogs.funiber.org\/pt\/#website","url":"https:\/\/blogs.funiber.org\/pt\/","name":"FuniBlogs - FUNIBER","description":"","publisher":{"@id":"https:\/\/blogs.funiber.org\/pt\/#organization"},"potentialAction":[{"@type":"SearchAction","target":{"@type":"EntryPoint","urlTemplate":"https:\/\/blogs.funiber.org\/pt\/?s={search_term_string}"},"query-input":"required name=search_term_string"}],"inLanguage":"pt-BR"},{"@type":"Organization","@id":"https:\/\/blogs.funiber.org\/pt\/#organization","name":"FuniBlogs - FUNIBER","url":"https:\/\/blogs.funiber.org\/pt\/","logo":{"@type":"ImageObject","inLanguage":"pt-BR","@id":"https:\/\/blogs.funiber.org\/pt\/#\/schema\/logo\/image\/","url":"https:\/\/www.funiber.blog\/pt\/wp-content\/uploads\/2022\/02\/logo-funiber-pt-br-v-dos.svg","contentUrl":"https:\/\/www.funiber.blog\/pt\/wp-content\/uploads\/2022\/02\/logo-funiber-pt-br-v-dos.svg","width":1,"height":1,"caption":"FuniBlogs - FUNIBER"},"image":{"@id":"https:\/\/blogs.funiber.org\/pt\/#\/schema\/logo\/image\/"},"sameAs":["https:\/\/www.facebook.com\/funiber","https:\/\/twitter.com\/FUNIBER","https:\/\/www.instagram.com\/funiber_becas","https:\/\/www.youtube.com\/user\/funiber","https:\/\/www.linkedin.com\/company\/funiber"]},{"@type":"Person","@id":"https:\/\/blogs.funiber.org\/pt\/#\/schema\/person\/a1eaaa5e57eac866a8c5946946bcf80d","name":"Michelle","image":{"@type":"ImageObject","inLanguage":"pt-BR","@id":"https:\/\/blogs.funiber.org\/pt\/#\/schema\/person\/image\/","url":"https:\/\/secure.gravatar.com\/avatar\/5e87041f7609dc50493cf216754fece1?s=96&d=mm&r=g","contentUrl":"https:\/\/secure.gravatar.com\/avatar\/5e87041f7609dc50493cf216754fece1?s=96&d=mm&r=g","caption":"Michelle"},"url":"https:\/\/www.funiber.blog\/pt\/author\/michelle-moreira"}]}},"jetpack_featured_media_url":"https:\/\/www.funiber.blog\/pt\/wp-content\/uploads\/2018\/07\/funiber-funcionarios-experientes.jpg","jetpack_shortlink":"https:\/\/wp.me\/p7ee1t-4jZ","jetpack_sharing_enabled":true,"_links":{"self":[{"href":"https:\/\/www.funiber.blog\/pt\/wp-json\/wp\/v2\/posts\/16615"}],"collection":[{"href":"https:\/\/www.funiber.blog\/pt\/wp-json\/wp\/v2\/posts"}],"about":[{"href":"https:\/\/www.funiber.blog\/pt\/wp-json\/wp\/v2\/types\/post"}],"author":[{"embeddable":true,"href":"https:\/\/www.funiber.blog\/pt\/wp-json\/wp\/v2\/users\/10"}],"replies":[{"embeddable":true,"href":"https:\/\/www.funiber.blog\/pt\/wp-json\/wp\/v2\/comments?post=16615"}],"version-history":[{"count":2,"href":"https:\/\/www.funiber.blog\/pt\/wp-json\/wp\/v2\/posts\/16615\/revisions"}],"predecessor-version":[{"id":16620,"href":"https:\/\/www.funiber.blog\/pt\/wp-json\/wp\/v2\/posts\/16615\/revisions\/16620"}],"wp:featuredmedia":[{"embeddable":true,"href":"https:\/\/www.funiber.blog\/pt\/wp-json\/wp\/v2\/media\/16619"}],"wp:attachment":[{"href":"https:\/\/www.funiber.blog\/pt\/wp-json\/wp\/v2\/media?parent=16615"}],"wp:term":[{"taxonomy":"category","embeddable":true,"href":"https:\/\/www.funiber.blog\/pt\/wp-json\/wp\/v2\/categories?post=16615"},{"taxonomy":"post_tag","embeddable":true,"href":"https:\/\/www.funiber.blog\/pt\/wp-json\/wp\/v2\/tags?post=16615"}],"curies":[{"name":"wp","href":"https:\/\/api.w.org\/{rel}","templated":true}]}}