{"id":16995,"date":"2018-09-13T12:17:20","date_gmt":"2018-09-13T12:17:20","guid":{"rendered":"https:\/\/blogs.funiber.org\/pt\/?p=16995"},"modified":"2018-09-12T10:12:35","modified_gmt":"2018-09-12T10:12:35","slug":"funiber-alfabetizar-imigrantes","status":"publish","type":"post","link":"https:\/\/www.funiber.blog\/pt\/formacao-professores\/2018\/09\/13\/funiber-alfabetizar-imigrantes","title":{"rendered":"Alfabetizar imigrantes: programa espanhol ganha pr\u00eamio da UNESCO"},"content":{"rendered":"<h2>Um programa desenvolvido em Elche, na Espanha, ganha um dos <a href=\"https:\/\/es.unesco.org\/themes\/literacy\/prizes\" target=\"_blank\" rel=\"noopener\">Pr\u00eamios Internacionais de Alfabetiza\u00e7\u00e3o da UNESCO<\/a>, que destacam programas de excel\u00eancia e inova\u00e7\u00e3o no campo da alfabetiza\u00e7\u00e3o<\/h2>\n<p>O programa \u201c<em><a href=\"http:\/\/www.elcheacoge.org\/elche-acoge-recibe-el-premio-de-alfabetizacion-de-la-unesco\/\" target=\"_blank\" rel=\"noopener\">Ense\u00f1anza de Espa\u00f1ol como lengua extranjera para personas adultas inmigrantes<\/a>\u201d<\/em> foi premiado por um prestigioso concurso realizado pela UNESCO para destacar iniciativas de alfabetiza\u00e7\u00e3o de destaque. O programa foi realizado pela funda\u00e7\u00e3o espanhola <a href=\"http:\/\/www.elcheacoge.org\/\" target=\"_blank\" rel=\"noopener\">Elche Acoge<\/a>, na cidade de Elche, na Espanha, com o ensino da l\u00edngua espanhola para imigrantes.<!--more--><\/p>\n<p>O aprendizado da l\u00edngua espanhola era elemento chave para uma integra\u00e7\u00e3o social eficiente, que permitisse os rec\u00e9m-chegados conseguirem oportunidades de emprego e socializa\u00e7\u00e3o. O programa combina classes de espanhol com outras atividades formativas, como por exemplo, inform\u00e1tica, direitos e deveres do cidad\u00e3o, cidadania ativa, atividades culturais, entre outros.<\/p>\n<p>As aulas s\u00e3o oferecidas de forma gratuita, e atendem \u00e0 popula\u00e7\u00e3o de imigrantes. Por\u00e9m, o programa d\u00e1 mais \u00eanfase \u00e0s mulheres imigrantes. A diretora principal de projetos da Funda\u00e7\u00e3o Elche, Mar\u00eda Ballester Cerezo, afirmou que o \u201cobjetivo \u00e9 promover o empoderamento para conseguir uma verdadeira igualdade\u201d. Entre os participantes, 80% s\u00e3o mulheres.<\/p>\n<p>No ano de 2016, 235 imigrantes adultos se beneficiaram do programa, sendo que 60% conseguiu aprovar o primeiro dos tr\u00eas n\u00edveis de alfabetiza\u00e7\u00e3o que oferecem a funda\u00e7\u00e3o. Em 2017, a Dire\u00e7\u00e3o Geral de Migra\u00e7\u00f5es do Minist\u00e9rio do Trabalho, Migra\u00e7\u00f5es e Seguran\u00e7a Social do governo da Espanha passou a financiar o programa, com um investimento de 38 mil d\u00f3lares.<\/p>\n<p>Ballester Cerezo acredita que \u201ca alfabetiza\u00e7\u00e3o e o ensino das l\u00ednguas representam uma a\u00e7\u00e3o socioeducativa de car\u00e1ter sustent\u00e1vel e continuado, disse. Sem d\u00favida, um instrumento imprescind\u00edvel para diminuir as desigualdades e melhorar o acesso ao mercado de trabalho.<\/p>\n<p>O pr\u00eamio \u00e9 oferecido a institui\u00e7\u00f5es que desenvolvem iniciativas a favor da alfabetiza\u00e7\u00e3o no mundo. A cerim\u00f4nia de entrega ocorreu no dia 7 de setembro, durante evento para celebrar o <a href=\"https:\/\/es.unesco.org\/commemorations\/literacyday\" target=\"_blank\" rel=\"noopener\">Dia Internacional da Alfabetiza\u00e7\u00e3o<\/a>.<\/p>\n<p>A <a href=\"http:\/\/www.funiber.org.br\/\" target=\"_blank\" rel=\"noopener\">FUNIBER<\/a> patrocina o\u00a0<a href=\"https:\/\/www.funiber.org.br\/maestria-en-formacion-de-profesores-de-espanol-como-lengua-extranjera\" hreflang=\"pt-br\">M\u00e1ster en Formaci\u00f3n de Profesores de Espa\u00f1ol como Lengua Extranjera<\/a>, que permite uma forma\u00e7\u00e3o que integra teoria e pr\u00e1tica no ensino do espanhol como uma l\u00edngua estrangeira.<\/p>\n<p>Fonte:<\/p>\n<p id=\"page-title\"><a href=\"https:\/\/es.unesco.org\/news\/programa-espanol-recibe-premio-alfabetizacion-unesco-promover-integracion-y-autonomia-mujeres\" target=\"_blank\" rel=\"noopener\">Un programa espa\u00f1ol recibe un premio de alfabetizaci\u00f3n de la UNESCO por promover la integraci\u00f3n y la autonom\u00eda de las mujeres<\/a><\/p>\n<p>Foto: Alguns direitos reservados por <a href=\"https:\/\/pixabay.com\/es\/ni%C3%B1a-elemental-colegiala-estudiante-3041379\/\" target=\"_blank\" rel=\"noopener\">Pixabay<\/a><\/p>\n<p>&nbsp;<\/p>\n","protected":false},"excerpt":{"rendered":"<p>Um programa desenvolvido em Elche, na Espanha, ganha um dos Pr\u00eamios Internacionais de Alfabetiza\u00e7\u00e3o da UNESCO, que destacam programas de excel\u00eancia e inova\u00e7\u00e3o no campo da alfabetiza\u00e7\u00e3o O programa \u201cEnse\u00f1anza de Espa\u00f1ol como lengua extranjera para personas adultas inmigrantes\u201d foi premiado por um prestigioso concurso realizado pela UNESCO para destacar iniciativas de alfabetiza\u00e7\u00e3o de destaque. [&hellip;]<\/p>\n","protected":false},"author":10,"featured_media":16996,"comment_status":"closed","ping_status":"closed","sticky":false,"template":"","format":"standard","meta":{"jetpack_post_was_ever_published":false,"_jetpack_newsletter_access":"","_jetpack_newsletter_tier_id":0,"footnotes":"","jetpack_publicize_message":"","jetpack_is_tweetstorm":false,"jetpack_publicize_feature_enabled":true,"jetpack_social_post_already_shared":true,"jetpack_social_options":{"image_generator_settings":{"template":"highway","enabled":false}}},"categories":[5],"tags":[4230,1242,4232,855,285,408,684,119,686,911,683,4231,206,671,641,255,800,642,1172],"jetpack_publicize_connections":[],"yoast_head":"<!-- This site is optimized with the Yoast SEO plugin v21.7 - https:\/\/yoast.com\/wordpress\/plugins\/seo\/ -->\n<title>Alfabetizar imigrantes: programa espanhol ganha pr\u00eamio da UNESCO<\/title>\n<meta name=\"description\" content=\"Um programa desenvolvido em Elche, na Espanha, ganha um dos Pr\u00eamios Internacionais de Alfabetiza\u00e7\u00e3o da UNESCO, que destacam programas de excel\u00eancia e inova\u00e7\u00e3o no campo da alfabetiza\u00e7\u00e3o\" \/>\n<meta name=\"robots\" content=\"noindex, nofollow\" \/>\n<meta property=\"og:locale\" content=\"pt_BR\" \/>\n<meta property=\"og:type\" content=\"article\" \/>\n<meta property=\"og:title\" content=\"Alfabetizar imigrantes: programa espanhol ganha pr\u00eamio da UNESCO\" \/>\n<meta property=\"og:description\" content=\"Um programa desenvolvido em Elche, na Espanha, ganha um dos Pr\u00eamios Internacionais de Alfabetiza\u00e7\u00e3o da UNESCO, que destacam programas de excel\u00eancia e inova\u00e7\u00e3o no campo da alfabetiza\u00e7\u00e3o\" \/>\n<meta property=\"og:url\" content=\"https:\/\/blogs.funiber.org\/pt\/formacao-professores\/2018\/09\/13\/funiber-alfabetizar-imigrantes\" \/>\n<meta property=\"og:site_name\" content=\"FuniBlogs - FUNIBER\" \/>\n<meta property=\"article:publisher\" content=\"https:\/\/www.facebook.com\/funiber\" \/>\n<meta property=\"article:published_time\" content=\"2018-09-13T12:17:20+00:00\" \/>\n<meta property=\"article:modified_time\" content=\"2018-09-12T10:12:35+00:00\" \/>\n<meta property=\"og:image\" content=\"https:\/\/blogs.funiber.org\/pt\/wp-content\/uploads\/2018\/09\/funiber-alfabetizacao-premio.jpg\" \/>\n\t<meta property=\"og:image:width\" content=\"800\" \/>\n\t<meta property=\"og:image:height\" content=\"533\" \/>\n\t<meta property=\"og:image:type\" content=\"image\/jpeg\" \/>\n<meta name=\"author\" content=\"Michelle\" \/>\n<meta name=\"twitter:card\" content=\"summary_large_image\" \/>\n<meta name=\"twitter:creator\" content=\"@FUNIBER\" \/>\n<meta name=\"twitter:site\" content=\"@FUNIBER\" \/>\n<meta name=\"twitter:label1\" content=\"Escrito por\" \/>\n\t<meta name=\"twitter:data1\" content=\"Michelle\" \/>\n\t<meta name=\"twitter:label2\" content=\"Est. tempo de leitura\" \/>\n\t<meta name=\"twitter:data2\" content=\"2 minutos\" \/>\n<script type=\"application\/ld+json\" class=\"yoast-schema-graph\">{\"@context\":\"https:\/\/schema.org\",\"@graph\":[{\"@type\":\"Article\",\"@id\":\"https:\/\/blogs.funiber.org\/pt\/formacao-professores\/2018\/09\/13\/funiber-alfabetizar-imigrantes#article\",\"isPartOf\":{\"@id\":\"https:\/\/blogs.funiber.org\/pt\/formacao-professores\/2018\/09\/13\/funiber-alfabetizar-imigrantes\"},\"author\":{\"name\":\"Michelle\",\"@id\":\"https:\/\/blogs.funiber.org\/pt\/#\/schema\/person\/a1eaaa5e57eac866a8c5946946bcf80d\"},\"headline\":\"Alfabetizar imigrantes: programa espanhol ganha pr\u00eamio da UNESCO\",\"datePublished\":\"2018-09-13T12:17:20+00:00\",\"dateModified\":\"2018-09-12T10:12:35+00:00\",\"mainEntityOfPage\":{\"@id\":\"https:\/\/blogs.funiber.org\/pt\/formacao-professores\/2018\/09\/13\/funiber-alfabetizar-imigrantes\"},\"wordCount\":421,\"publisher\":{\"@id\":\"https:\/\/blogs.funiber.org\/pt\/#organization\"},\"keywords\":[\"alfabetizar\",\"Bolsas\",\"Dia Internacional da Alfabetiza\u00e7\u00e3o\",\"Doutorado\",\"Educa\u00e7\u00e3o\",\"Educa\u00e7\u00e3o a Dist\u00e2ncia\",\"Espanhol\",\"Estudos\",\"Forma\u00e7\u00e3o de Professores\",\"FUNIBER Opini\u00f5es\",\"Idioma\",\"imigrantes\",\"L\u00edngua Estrangeira\",\"mestrado\",\"Opini\u00e3o FUNIBER\",\"Opini\u00f5es Funiber\",\"Pr\u00eamio\",\"Professores\",\"UNESCO\"],\"articleSection\":[\"Educa\u00e7\u00e3o,\u00a0Forma\u00e7\u00e3o Professores\"],\"inLanguage\":\"pt-BR\"},{\"@type\":\"WebPage\",\"@id\":\"https:\/\/blogs.funiber.org\/pt\/formacao-professores\/2018\/09\/13\/funiber-alfabetizar-imigrantes\",\"url\":\"https:\/\/blogs.funiber.org\/pt\/formacao-professores\/2018\/09\/13\/funiber-alfabetizar-imigrantes\",\"name\":\"Alfabetizar imigrantes: programa espanhol ganha pr\u00eamio da UNESCO\",\"isPartOf\":{\"@id\":\"https:\/\/blogs.funiber.org\/pt\/#website\"},\"datePublished\":\"2018-09-13T12:17:20+00:00\",\"dateModified\":\"2018-09-12T10:12:35+00:00\",\"description\":\"Um programa desenvolvido em Elche, na Espanha, ganha um dos Pr\u00eamios Internacionais de Alfabetiza\u00e7\u00e3o da UNESCO, que destacam programas de excel\u00eancia e inova\u00e7\u00e3o no campo da alfabetiza\u00e7\u00e3o\",\"breadcrumb\":{\"@id\":\"https:\/\/blogs.funiber.org\/pt\/formacao-professores\/2018\/09\/13\/funiber-alfabetizar-imigrantes#breadcrumb\"},\"inLanguage\":\"pt-BR\",\"potentialAction\":[{\"@type\":\"ReadAction\",\"target\":[\"https:\/\/blogs.funiber.org\/pt\/formacao-professores\/2018\/09\/13\/funiber-alfabetizar-imigrantes\"]}]},{\"@type\":\"BreadcrumbList\",\"@id\":\"https:\/\/blogs.funiber.org\/pt\/formacao-professores\/2018\/09\/13\/funiber-alfabetizar-imigrantes#breadcrumb\",\"itemListElement\":[{\"@type\":\"ListItem\",\"position\":1,\"name\":\"In\u00edcio\",\"item\":\"https:\/\/blogs.funiber.org\/pt\"},{\"@type\":\"ListItem\",\"position\":2,\"name\":\"Alfabetizar imigrantes: programa espanhol ganha pr\u00eamio da UNESCO\"}]},{\"@type\":\"WebSite\",\"@id\":\"https:\/\/blogs.funiber.org\/pt\/#website\",\"url\":\"https:\/\/blogs.funiber.org\/pt\/\",\"name\":\"FuniBlogs - FUNIBER\",\"description\":\"\",\"publisher\":{\"@id\":\"https:\/\/blogs.funiber.org\/pt\/#organization\"},\"potentialAction\":[{\"@type\":\"SearchAction\",\"target\":{\"@type\":\"EntryPoint\",\"urlTemplate\":\"https:\/\/blogs.funiber.org\/pt\/?s={search_term_string}\"},\"query-input\":\"required name=search_term_string\"}],\"inLanguage\":\"pt-BR\"},{\"@type\":\"Organization\",\"@id\":\"https:\/\/blogs.funiber.org\/pt\/#organization\",\"name\":\"FuniBlogs - FUNIBER\",\"url\":\"https:\/\/blogs.funiber.org\/pt\/\",\"logo\":{\"@type\":\"ImageObject\",\"inLanguage\":\"pt-BR\",\"@id\":\"https:\/\/blogs.funiber.org\/pt\/#\/schema\/logo\/image\/\",\"url\":\"https:\/\/www.funiber.blog\/pt\/wp-content\/uploads\/2022\/02\/logo-funiber-pt-br-v-dos.svg\",\"contentUrl\":\"https:\/\/www.funiber.blog\/pt\/wp-content\/uploads\/2022\/02\/logo-funiber-pt-br-v-dos.svg\",\"width\":1,\"height\":1,\"caption\":\"FuniBlogs - FUNIBER\"},\"image\":{\"@id\":\"https:\/\/blogs.funiber.org\/pt\/#\/schema\/logo\/image\/\"},\"sameAs\":[\"https:\/\/www.facebook.com\/funiber\",\"https:\/\/twitter.com\/FUNIBER\",\"https:\/\/www.instagram.com\/funiber_becas\",\"https:\/\/www.youtube.com\/user\/funiber\",\"https:\/\/www.linkedin.com\/company\/funiber\"]},{\"@type\":\"Person\",\"@id\":\"https:\/\/blogs.funiber.org\/pt\/#\/schema\/person\/a1eaaa5e57eac866a8c5946946bcf80d\",\"name\":\"Michelle\",\"image\":{\"@type\":\"ImageObject\",\"inLanguage\":\"pt-BR\",\"@id\":\"https:\/\/blogs.funiber.org\/pt\/#\/schema\/person\/image\/\",\"url\":\"https:\/\/secure.gravatar.com\/avatar\/5e87041f7609dc50493cf216754fece1?s=96&d=mm&r=g\",\"contentUrl\":\"https:\/\/secure.gravatar.com\/avatar\/5e87041f7609dc50493cf216754fece1?s=96&d=mm&r=g\",\"caption\":\"Michelle\"},\"url\":\"https:\/\/www.funiber.blog\/pt\/author\/michelle-moreira\"}]}<\/script>\n<!-- \/ Yoast SEO plugin. -->","yoast_head_json":{"title":"Alfabetizar imigrantes: programa espanhol ganha pr\u00eamio da UNESCO","description":"Um programa desenvolvido em Elche, na Espanha, ganha um dos Pr\u00eamios Internacionais de Alfabetiza\u00e7\u00e3o da UNESCO, que destacam programas de excel\u00eancia e inova\u00e7\u00e3o no campo da alfabetiza\u00e7\u00e3o","robots":{"index":"noindex","follow":"nofollow"},"og_locale":"pt_BR","og_type":"article","og_title":"Alfabetizar imigrantes: programa espanhol ganha pr\u00eamio da UNESCO","og_description":"Um programa desenvolvido em Elche, na Espanha, ganha um dos Pr\u00eamios Internacionais de Alfabetiza\u00e7\u00e3o da UNESCO, que destacam programas de excel\u00eancia e inova\u00e7\u00e3o no campo da alfabetiza\u00e7\u00e3o","og_url":"https:\/\/blogs.funiber.org\/pt\/formacao-professores\/2018\/09\/13\/funiber-alfabetizar-imigrantes","og_site_name":"FuniBlogs - FUNIBER","article_publisher":"https:\/\/www.facebook.com\/funiber","article_published_time":"2018-09-13T12:17:20+00:00","article_modified_time":"2018-09-12T10:12:35+00:00","og_image":[{"width":800,"height":533,"url":"https:\/\/blogs.funiber.org\/pt\/wp-content\/uploads\/2018\/09\/funiber-alfabetizacao-premio.jpg","type":"image\/jpeg"}],"author":"Michelle","twitter_card":"summary_large_image","twitter_creator":"@FUNIBER","twitter_site":"@FUNIBER","twitter_misc":{"Escrito por":"Michelle","Est. tempo de leitura":"2 minutos"},"schema":{"@context":"https:\/\/schema.org","@graph":[{"@type":"Article","@id":"https:\/\/blogs.funiber.org\/pt\/formacao-professores\/2018\/09\/13\/funiber-alfabetizar-imigrantes#article","isPartOf":{"@id":"https:\/\/blogs.funiber.org\/pt\/formacao-professores\/2018\/09\/13\/funiber-alfabetizar-imigrantes"},"author":{"name":"Michelle","@id":"https:\/\/blogs.funiber.org\/pt\/#\/schema\/person\/a1eaaa5e57eac866a8c5946946bcf80d"},"headline":"Alfabetizar imigrantes: programa espanhol ganha pr\u00eamio da UNESCO","datePublished":"2018-09-13T12:17:20+00:00","dateModified":"2018-09-12T10:12:35+00:00","mainEntityOfPage":{"@id":"https:\/\/blogs.funiber.org\/pt\/formacao-professores\/2018\/09\/13\/funiber-alfabetizar-imigrantes"},"wordCount":421,"publisher":{"@id":"https:\/\/blogs.funiber.org\/pt\/#organization"},"keywords":["alfabetizar","Bolsas","Dia Internacional da Alfabetiza\u00e7\u00e3o","Doutorado","Educa\u00e7\u00e3o","Educa\u00e7\u00e3o a Dist\u00e2ncia","Espanhol","Estudos","Forma\u00e7\u00e3o de Professores","FUNIBER Opini\u00f5es","Idioma","imigrantes","L\u00edngua Estrangeira","mestrado","Opini\u00e3o FUNIBER","Opini\u00f5es Funiber","Pr\u00eamio","Professores","UNESCO"],"articleSection":["Educa\u00e7\u00e3o,\u00a0Forma\u00e7\u00e3o Professores"],"inLanguage":"pt-BR"},{"@type":"WebPage","@id":"https:\/\/blogs.funiber.org\/pt\/formacao-professores\/2018\/09\/13\/funiber-alfabetizar-imigrantes","url":"https:\/\/blogs.funiber.org\/pt\/formacao-professores\/2018\/09\/13\/funiber-alfabetizar-imigrantes","name":"Alfabetizar imigrantes: programa espanhol ganha pr\u00eamio da UNESCO","isPartOf":{"@id":"https:\/\/blogs.funiber.org\/pt\/#website"},"datePublished":"2018-09-13T12:17:20+00:00","dateModified":"2018-09-12T10:12:35+00:00","description":"Um programa desenvolvido em Elche, na Espanha, ganha um dos Pr\u00eamios Internacionais de Alfabetiza\u00e7\u00e3o da UNESCO, que destacam programas de excel\u00eancia e inova\u00e7\u00e3o no campo da alfabetiza\u00e7\u00e3o","breadcrumb":{"@id":"https:\/\/blogs.funiber.org\/pt\/formacao-professores\/2018\/09\/13\/funiber-alfabetizar-imigrantes#breadcrumb"},"inLanguage":"pt-BR","potentialAction":[{"@type":"ReadAction","target":["https:\/\/blogs.funiber.org\/pt\/formacao-professores\/2018\/09\/13\/funiber-alfabetizar-imigrantes"]}]},{"@type":"BreadcrumbList","@id":"https:\/\/blogs.funiber.org\/pt\/formacao-professores\/2018\/09\/13\/funiber-alfabetizar-imigrantes#breadcrumb","itemListElement":[{"@type":"ListItem","position":1,"name":"In\u00edcio","item":"https:\/\/blogs.funiber.org\/pt"},{"@type":"ListItem","position":2,"name":"Alfabetizar imigrantes: programa espanhol ganha pr\u00eamio da UNESCO"}]},{"@type":"WebSite","@id":"https:\/\/blogs.funiber.org\/pt\/#website","url":"https:\/\/blogs.funiber.org\/pt\/","name":"FuniBlogs - FUNIBER","description":"","publisher":{"@id":"https:\/\/blogs.funiber.org\/pt\/#organization"},"potentialAction":[{"@type":"SearchAction","target":{"@type":"EntryPoint","urlTemplate":"https:\/\/blogs.funiber.org\/pt\/?s={search_term_string}"},"query-input":"required name=search_term_string"}],"inLanguage":"pt-BR"},{"@type":"Organization","@id":"https:\/\/blogs.funiber.org\/pt\/#organization","name":"FuniBlogs - FUNIBER","url":"https:\/\/blogs.funiber.org\/pt\/","logo":{"@type":"ImageObject","inLanguage":"pt-BR","@id":"https:\/\/blogs.funiber.org\/pt\/#\/schema\/logo\/image\/","url":"https:\/\/www.funiber.blog\/pt\/wp-content\/uploads\/2022\/02\/logo-funiber-pt-br-v-dos.svg","contentUrl":"https:\/\/www.funiber.blog\/pt\/wp-content\/uploads\/2022\/02\/logo-funiber-pt-br-v-dos.svg","width":1,"height":1,"caption":"FuniBlogs - FUNIBER"},"image":{"@id":"https:\/\/blogs.funiber.org\/pt\/#\/schema\/logo\/image\/"},"sameAs":["https:\/\/www.facebook.com\/funiber","https:\/\/twitter.com\/FUNIBER","https:\/\/www.instagram.com\/funiber_becas","https:\/\/www.youtube.com\/user\/funiber","https:\/\/www.linkedin.com\/company\/funiber"]},{"@type":"Person","@id":"https:\/\/blogs.funiber.org\/pt\/#\/schema\/person\/a1eaaa5e57eac866a8c5946946bcf80d","name":"Michelle","image":{"@type":"ImageObject","inLanguage":"pt-BR","@id":"https:\/\/blogs.funiber.org\/pt\/#\/schema\/person\/image\/","url":"https:\/\/secure.gravatar.com\/avatar\/5e87041f7609dc50493cf216754fece1?s=96&d=mm&r=g","contentUrl":"https:\/\/secure.gravatar.com\/avatar\/5e87041f7609dc50493cf216754fece1?s=96&d=mm&r=g","caption":"Michelle"},"url":"https:\/\/www.funiber.blog\/pt\/author\/michelle-moreira"}]}},"jetpack_featured_media_url":"https:\/\/www.funiber.blog\/pt\/wp-content\/uploads\/2018\/09\/funiber-alfabetizacao-premio.jpg","jetpack_shortlink":"https:\/\/wp.me\/p7ee1t-4q7","jetpack_sharing_enabled":true,"_links":{"self":[{"href":"https:\/\/www.funiber.blog\/pt\/wp-json\/wp\/v2\/posts\/16995"}],"collection":[{"href":"https:\/\/www.funiber.blog\/pt\/wp-json\/wp\/v2\/posts"}],"about":[{"href":"https:\/\/www.funiber.blog\/pt\/wp-json\/wp\/v2\/types\/post"}],"author":[{"embeddable":true,"href":"https:\/\/www.funiber.blog\/pt\/wp-json\/wp\/v2\/users\/10"}],"replies":[{"embeddable":true,"href":"https:\/\/www.funiber.blog\/pt\/wp-json\/wp\/v2\/comments?post=16995"}],"version-history":[{"count":2,"href":"https:\/\/www.funiber.blog\/pt\/wp-json\/wp\/v2\/posts\/16995\/revisions"}],"predecessor-version":[{"id":16998,"href":"https:\/\/www.funiber.blog\/pt\/wp-json\/wp\/v2\/posts\/16995\/revisions\/16998"}],"wp:featuredmedia":[{"embeddable":true,"href":"https:\/\/www.funiber.blog\/pt\/wp-json\/wp\/v2\/media\/16996"}],"wp:attachment":[{"href":"https:\/\/www.funiber.blog\/pt\/wp-json\/wp\/v2\/media?parent=16995"}],"wp:term":[{"taxonomy":"category","embeddable":true,"href":"https:\/\/www.funiber.blog\/pt\/wp-json\/wp\/v2\/categories?post=16995"},{"taxonomy":"post_tag","embeddable":true,"href":"https:\/\/www.funiber.blog\/pt\/wp-json\/wp\/v2\/tags?post=16995"}],"curies":[{"name":"wp","href":"https:\/\/api.w.org\/{rel}","templated":true}]}}