{"id":17021,"date":"2018-09-14T10:30:12","date_gmt":"2018-09-14T10:30:12","guid":{"rendered":"https:\/\/blogs.funiber.org\/pt\/?p=17021"},"modified":"2018-09-13T10:35:36","modified_gmt":"2018-09-13T10:35:36","slug":"funiber-figado-alzheimer","status":"publish","type":"post","link":"https:\/\/www.funiber.blog\/pt\/gerontologia\/2018\/09\/14\/funiber-figado-alzheimer","title":{"rendered":"Desgaste do f\u00edgado est\u00e1 relacionado com o risco de Alzheimer"},"content":{"rendered":"<h2>Pesquisa realizada pela Universidade da Pensilv\u00e2nia revela que os baixos n\u00edveis de plasmalog\u00eanios produzidos pelo f\u00edgado aumenta o risco de Alzheimer. Estes cumprem um papel chave na manuten\u00e7\u00e3o da sa\u00fade das c\u00e9lulas do c\u00e9rebro<\/h2>\n<p>O sistema digestivo pode estar relacionado com mudan\u00e7as no c\u00e9rebro e transtornos cerebrais, como o Alzheimer e outras dem\u00eancias. \u00c9 o que indicam quatro novos estudos apresentados durante a Confer\u00eancia Internacional da Associa\u00e7\u00e3o de Alzheimer, que teve vez de 22 a 26 de julho, em Chicago.<!--more--><\/p>\n<p>Um destes estudos foi realizado por cientistas da Universidade da Pensilv\u00e2nia. A equipe, coordenada pelo doutor <a href=\"https:\/\/www.med.upenn.edu\/apps\/faculty\/index.php\/g332\/p8371644\" target=\"_blank\" rel=\"noopener\">Mitchell A. Kling<\/a>, observou uma rela\u00e7\u00e3o entre o risco de Alzheimer e n\u00edveis reduzidos de plasmalog\u00eanios, um tipo de fosfolip\u00eddio produzido pelo f\u00edgado.<\/p>\n<p>Os plasmalog\u00eanios cumprem um papel chave na manuten\u00e7\u00e3o da sa\u00fade das c\u00e9lulas cerebrais. Estes s\u00e3o transportados pelo sangue a partir do f\u00edgado a outros \u00f3rg\u00e3os do corpo.<\/p>\n<p>O doutor Kling, coordenador do estudo, explica que uma defici\u00eancia de plasmalog\u00eanios, associada \u00e0 idade, poderia provocar um maior risco ao mal de Alzheimer, devido ao fato que o f\u00edgado poderia n\u00e3o gerar quantidades suficientes da subst\u00e2ncia.<\/p>\n<p>Os pesquisadores tamb\u00e9m encontraram uma poss\u00edvel rela\u00e7\u00e3o entre doen\u00e7as como a obesidade, a diabetes e o Alzheimer. \u201cO f\u00edgado (das pessoas que possuem obesidade e diabetes) t\u00eam que trabalhar duramente para processar os \u00e1cidos graxos. Isto poderia causar a destrui\u00e7\u00e3o dos peroxissomas que criam os plasmog\u00eanios e, sendo assim, aumentar o risco de Alzheimer\u201d, aponta Kling.<\/p>\n<p>Por outro lado, o portal\u00a0<a href=\"https:\/\/www.medicina21.com\/Actualidad\/V4338\/El-higado-posible-nuevo-factor-en-la-enfermedad-de-Alzheimer.html\" target=\"_blank\" rel=\"noopener\">Medicina 21<\/a>\u00a0destaca que as descobertas do estudo tamb\u00e9m explicam o motivo que os pacientes de Alzheimer que recebem suplementos de \u00e1cidos graxos \u00f4mega-3 n\u00e3o apresentam uma melhora em uma fun\u00e7\u00e3o cognitiva. A raz\u00e3o deriva do fato que o f\u00edgado n\u00e3o seria capaz de assimil\u00e1-los.<\/p>\n<p>O\u00a0<a href=\"http:\/\/www.funiber.org.br\/mestrado-em-gerontologia\" target=\"_blank\" rel=\"noopener\">Mestrado em Gerontologia<\/a>\u00a0promovido pela\u00a0<a href=\"http:\/\/www.funiber.org.br\/\" target=\"_blank\" rel=\"noopener\">FUNIBER<\/a>\u00a0oferece uma ampla e espec\u00edfica forma\u00e7\u00e3o para todos os profissionais implicados no processo de envelhecimento das pessoas. Nele, s\u00e3o estudados desde os fatores sociais ou econ\u00f4micos at\u00e9 os que se relacionam com a sa\u00fade e as doen\u00e7as, como o Alzheimer.<\/p>\n<p>O mestrado n\u00e3o s\u00f3 permite a especializa\u00e7\u00e3o em gerontologia, como tamb\u00e9m facilita de um modo importante a atua\u00e7\u00e3o nesta \u00e1rea, permitindo que seus conte\u00fados, ferramentas metodol\u00f3gicas e inform\u00e1ticas formem ao profissional para cobrir a grande demanda em forma\u00e7\u00f5es existentes neste campo.<\/p>\n<p>Fontes:<\/p>\n<p><a href=\"https:\/\/www.pennmedicine.org\/news\/news-releases\/2018\/july\/alzheimers-disease-risk-impacted-by-the-liver-diet\" target=\"_blank\" rel=\"noopener\">Alzheimer\u2019s Disease Risk Impacted by the Liver, Diet<\/a><\/p>\n<p><a href=\"https:\/\/www.medicina21.com\/Actualidad\/V4338\/El-higado-posible-nuevo-factor-en-la-enfermedad-de-Alzheimer.html\" target=\"_blank\" rel=\"noopener\">El h\u00edgado, posible nuevo factor en la enfermedad de Alzh\u00e9imer<\/a><\/p>\n<p>Foto: Todos os direitos reservados<\/p>\n","protected":false},"excerpt":{"rendered":"<p>Pesquisa realizada pela Universidade da Pensilv\u00e2nia revela que os baixos n\u00edveis de plasmalog\u00eanios produzidos pelo f\u00edgado aumenta o risco de Alzheimer. Estes cumprem um papel chave na manuten\u00e7\u00e3o da sa\u00fade das c\u00e9lulas do c\u00e9rebro O sistema digestivo pode estar relacionado com mudan\u00e7as no c\u00e9rebro e transtornos cerebrais, como o Alzheimer e outras dem\u00eancias. \u00c9 o [&hellip;]<\/p>\n","protected":false},"author":10,"featured_media":17022,"comment_status":"closed","ping_status":"closed","sticky":false,"template":"","format":"standard","meta":{"jetpack_post_was_ever_published":false,"_jetpack_newsletter_access":"","_jetpack_newsletter_tier_id":0,"footnotes":"","jetpack_publicize_message":"","jetpack_is_tweetstorm":false,"jetpack_publicize_feature_enabled":true,"jetpack_social_post_already_shared":true,"jetpack_social_options":{"image_generator_settings":{"template":"highway","enabled":false}}},"categories":[1],"tags":[108,1242,2614,228,122,855,285,408,100,119,1650,248,911,739,505,671,641,255,132,113,217],"jetpack_publicize_connections":[],"yoast_head":"<!-- This site is optimized with the Yoast SEO plugin v21.7 - https:\/\/yoast.com\/wordpress\/plugins\/seo\/ -->\n<title>Desgaste do f\u00edgado est\u00e1 relacionado com o risco de Alzheimer<\/title>\n<meta name=\"description\" content=\"Pesquisa realizada pela Universidade da Pensilv\u00e2nia revela que os baixos n\u00edveis de plasmalog\u00eanios produzidos pelo f\u00edgado aumenta o risco de Alzheimer. Estes cumprem um papel chave na manuten\u00e7\u00e3o da sa\u00fade das c\u00e9lulas do c\u00e9rebro\" \/>\n<meta name=\"robots\" content=\"noindex, nofollow\" \/>\n<meta property=\"og:locale\" content=\"pt_BR\" \/>\n<meta property=\"og:type\" content=\"article\" \/>\n<meta property=\"og:title\" content=\"Desgaste do f\u00edgado est\u00e1 relacionado com o risco de Alzheimer\" \/>\n<meta property=\"og:description\" content=\"Pesquisa realizada pela Universidade da Pensilv\u00e2nia revela que os baixos n\u00edveis de plasmalog\u00eanios produzidos pelo f\u00edgado aumenta o risco de Alzheimer. Estes cumprem um papel chave na manuten\u00e7\u00e3o da sa\u00fade das c\u00e9lulas do c\u00e9rebro\" \/>\n<meta property=\"og:url\" content=\"https:\/\/blogs.funiber.org\/pt\/gerontologia\/2018\/09\/14\/funiber-figado-alzheimer\" \/>\n<meta property=\"og:site_name\" content=\"FuniBlogs - FUNIBER\" \/>\n<meta property=\"article:publisher\" content=\"https:\/\/www.facebook.com\/funiber\" \/>\n<meta property=\"article:published_time\" content=\"2018-09-14T10:30:12+00:00\" \/>\n<meta property=\"article:modified_time\" content=\"2018-09-13T10:35:36+00:00\" \/>\n<meta property=\"og:image\" content=\"https:\/\/blogs.funiber.org\/pt\/wp-content\/uploads\/2018\/09\/funiber-figado-alzheimer.jpg\" \/>\n\t<meta property=\"og:image:width\" content=\"768\" \/>\n\t<meta property=\"og:image:height\" content=\"576\" \/>\n\t<meta property=\"og:image:type\" content=\"image\/jpeg\" \/>\n<meta name=\"author\" content=\"Michelle\" \/>\n<meta name=\"twitter:card\" content=\"summary_large_image\" \/>\n<meta name=\"twitter:creator\" content=\"@FUNIBER\" \/>\n<meta name=\"twitter:site\" content=\"@FUNIBER\" \/>\n<meta name=\"twitter:label1\" content=\"Escrito por\" \/>\n\t<meta name=\"twitter:data1\" content=\"Michelle\" \/>\n\t<meta name=\"twitter:label2\" content=\"Est. tempo de leitura\" \/>\n\t<meta name=\"twitter:data2\" content=\"2 minutos\" \/>\n<script type=\"application\/ld+json\" class=\"yoast-schema-graph\">{\"@context\":\"https:\/\/schema.org\",\"@graph\":[{\"@type\":\"Article\",\"@id\":\"https:\/\/blogs.funiber.org\/pt\/gerontologia\/2018\/09\/14\/funiber-figado-alzheimer#article\",\"isPartOf\":{\"@id\":\"https:\/\/blogs.funiber.org\/pt\/gerontologia\/2018\/09\/14\/funiber-figado-alzheimer\"},\"author\":{\"name\":\"Michelle\",\"@id\":\"https:\/\/blogs.funiber.org\/pt\/#\/schema\/person\/a1eaaa5e57eac866a8c5946946bcf80d\"},\"headline\":\"Desgaste do f\u00edgado est\u00e1 relacionado com o risco de Alzheimer\",\"datePublished\":\"2018-09-14T10:30:12+00:00\",\"dateModified\":\"2018-09-13T10:35:36+00:00\",\"mainEntityOfPage\":{\"@id\":\"https:\/\/blogs.funiber.org\/pt\/gerontologia\/2018\/09\/14\/funiber-figado-alzheimer\"},\"wordCount\":470,\"publisher\":{\"@id\":\"https:\/\/blogs.funiber.org\/pt\/#organization\"},\"keywords\":[\"Alzheimer\",\"Bolsas\",\"Corpo\",\"Cuidados\",\"Doen\u00e7as\",\"Doutorado\",\"Educa\u00e7\u00e3o\",\"Educa\u00e7\u00e3o a Dist\u00e2ncia\",\"Envelhecimento\",\"Estudos\",\"F\u00edgado\",\"Funiber\",\"FUNIBER Opini\u00f5es\",\"gerontologia\",\"Idade\",\"mestrado\",\"Opini\u00e3o FUNIBER\",\"Opini\u00f5es Funiber\",\"Preven\u00e7\u00e3o\",\"Sa\u00fade\",\"Terceira idade\"],\"articleSection\":[\"Gerontologia\"],\"inLanguage\":\"pt-BR\"},{\"@type\":\"WebPage\",\"@id\":\"https:\/\/blogs.funiber.org\/pt\/gerontologia\/2018\/09\/14\/funiber-figado-alzheimer\",\"url\":\"https:\/\/blogs.funiber.org\/pt\/gerontologia\/2018\/09\/14\/funiber-figado-alzheimer\",\"name\":\"Desgaste do f\u00edgado est\u00e1 relacionado com o risco de Alzheimer\",\"isPartOf\":{\"@id\":\"https:\/\/blogs.funiber.org\/pt\/#website\"},\"datePublished\":\"2018-09-14T10:30:12+00:00\",\"dateModified\":\"2018-09-13T10:35:36+00:00\",\"description\":\"Pesquisa realizada pela Universidade da Pensilv\u00e2nia revela que os baixos n\u00edveis de plasmalog\u00eanios produzidos pelo f\u00edgado aumenta o risco de Alzheimer. Estes cumprem um papel chave na manuten\u00e7\u00e3o da sa\u00fade das c\u00e9lulas do c\u00e9rebro\",\"breadcrumb\":{\"@id\":\"https:\/\/blogs.funiber.org\/pt\/gerontologia\/2018\/09\/14\/funiber-figado-alzheimer#breadcrumb\"},\"inLanguage\":\"pt-BR\",\"potentialAction\":[{\"@type\":\"ReadAction\",\"target\":[\"https:\/\/blogs.funiber.org\/pt\/gerontologia\/2018\/09\/14\/funiber-figado-alzheimer\"]}]},{\"@type\":\"BreadcrumbList\",\"@id\":\"https:\/\/blogs.funiber.org\/pt\/gerontologia\/2018\/09\/14\/funiber-figado-alzheimer#breadcrumb\",\"itemListElement\":[{\"@type\":\"ListItem\",\"position\":1,\"name\":\"In\u00edcio\",\"item\":\"https:\/\/blogs.funiber.org\/pt\"},{\"@type\":\"ListItem\",\"position\":2,\"name\":\"Desgaste do f\u00edgado est\u00e1 relacionado com o risco de Alzheimer\"}]},{\"@type\":\"WebSite\",\"@id\":\"https:\/\/blogs.funiber.org\/pt\/#website\",\"url\":\"https:\/\/blogs.funiber.org\/pt\/\",\"name\":\"FuniBlogs - FUNIBER\",\"description\":\"\",\"publisher\":{\"@id\":\"https:\/\/blogs.funiber.org\/pt\/#organization\"},\"potentialAction\":[{\"@type\":\"SearchAction\",\"target\":{\"@type\":\"EntryPoint\",\"urlTemplate\":\"https:\/\/blogs.funiber.org\/pt\/?s={search_term_string}\"},\"query-input\":\"required name=search_term_string\"}],\"inLanguage\":\"pt-BR\"},{\"@type\":\"Organization\",\"@id\":\"https:\/\/blogs.funiber.org\/pt\/#organization\",\"name\":\"FuniBlogs - FUNIBER\",\"url\":\"https:\/\/blogs.funiber.org\/pt\/\",\"logo\":{\"@type\":\"ImageObject\",\"inLanguage\":\"pt-BR\",\"@id\":\"https:\/\/blogs.funiber.org\/pt\/#\/schema\/logo\/image\/\",\"url\":\"https:\/\/www.funiber.blog\/pt\/wp-content\/uploads\/2022\/02\/logo-funiber-pt-br-v-dos.svg\",\"contentUrl\":\"https:\/\/www.funiber.blog\/pt\/wp-content\/uploads\/2022\/02\/logo-funiber-pt-br-v-dos.svg\",\"width\":1,\"height\":1,\"caption\":\"FuniBlogs - FUNIBER\"},\"image\":{\"@id\":\"https:\/\/blogs.funiber.org\/pt\/#\/schema\/logo\/image\/\"},\"sameAs\":[\"https:\/\/www.facebook.com\/funiber\",\"https:\/\/twitter.com\/FUNIBER\",\"https:\/\/www.instagram.com\/funiber_becas\",\"https:\/\/www.youtube.com\/user\/funiber\",\"https:\/\/www.linkedin.com\/company\/funiber\"]},{\"@type\":\"Person\",\"@id\":\"https:\/\/blogs.funiber.org\/pt\/#\/schema\/person\/a1eaaa5e57eac866a8c5946946bcf80d\",\"name\":\"Michelle\",\"image\":{\"@type\":\"ImageObject\",\"inLanguage\":\"pt-BR\",\"@id\":\"https:\/\/blogs.funiber.org\/pt\/#\/schema\/person\/image\/\",\"url\":\"https:\/\/secure.gravatar.com\/avatar\/5e87041f7609dc50493cf216754fece1?s=96&d=mm&r=g\",\"contentUrl\":\"https:\/\/secure.gravatar.com\/avatar\/5e87041f7609dc50493cf216754fece1?s=96&d=mm&r=g\",\"caption\":\"Michelle\"},\"url\":\"https:\/\/www.funiber.blog\/pt\/author\/michelle-moreira\"}]}<\/script>\n<!-- \/ Yoast SEO plugin. -->","yoast_head_json":{"title":"Desgaste do f\u00edgado est\u00e1 relacionado com o risco de Alzheimer","description":"Pesquisa realizada pela Universidade da Pensilv\u00e2nia revela que os baixos n\u00edveis de plasmalog\u00eanios produzidos pelo f\u00edgado aumenta o risco de Alzheimer. Estes cumprem um papel chave na manuten\u00e7\u00e3o da sa\u00fade das c\u00e9lulas do c\u00e9rebro","robots":{"index":"noindex","follow":"nofollow"},"og_locale":"pt_BR","og_type":"article","og_title":"Desgaste do f\u00edgado est\u00e1 relacionado com o risco de Alzheimer","og_description":"Pesquisa realizada pela Universidade da Pensilv\u00e2nia revela que os baixos n\u00edveis de plasmalog\u00eanios produzidos pelo f\u00edgado aumenta o risco de Alzheimer. Estes cumprem um papel chave na manuten\u00e7\u00e3o da sa\u00fade das c\u00e9lulas do c\u00e9rebro","og_url":"https:\/\/blogs.funiber.org\/pt\/gerontologia\/2018\/09\/14\/funiber-figado-alzheimer","og_site_name":"FuniBlogs - FUNIBER","article_publisher":"https:\/\/www.facebook.com\/funiber","article_published_time":"2018-09-14T10:30:12+00:00","article_modified_time":"2018-09-13T10:35:36+00:00","og_image":[{"width":768,"height":576,"url":"https:\/\/blogs.funiber.org\/pt\/wp-content\/uploads\/2018\/09\/funiber-figado-alzheimer.jpg","type":"image\/jpeg"}],"author":"Michelle","twitter_card":"summary_large_image","twitter_creator":"@FUNIBER","twitter_site":"@FUNIBER","twitter_misc":{"Escrito por":"Michelle","Est. tempo de leitura":"2 minutos"},"schema":{"@context":"https:\/\/schema.org","@graph":[{"@type":"Article","@id":"https:\/\/blogs.funiber.org\/pt\/gerontologia\/2018\/09\/14\/funiber-figado-alzheimer#article","isPartOf":{"@id":"https:\/\/blogs.funiber.org\/pt\/gerontologia\/2018\/09\/14\/funiber-figado-alzheimer"},"author":{"name":"Michelle","@id":"https:\/\/blogs.funiber.org\/pt\/#\/schema\/person\/a1eaaa5e57eac866a8c5946946bcf80d"},"headline":"Desgaste do f\u00edgado est\u00e1 relacionado com o risco de Alzheimer","datePublished":"2018-09-14T10:30:12+00:00","dateModified":"2018-09-13T10:35:36+00:00","mainEntityOfPage":{"@id":"https:\/\/blogs.funiber.org\/pt\/gerontologia\/2018\/09\/14\/funiber-figado-alzheimer"},"wordCount":470,"publisher":{"@id":"https:\/\/blogs.funiber.org\/pt\/#organization"},"keywords":["Alzheimer","Bolsas","Corpo","Cuidados","Doen\u00e7as","Doutorado","Educa\u00e7\u00e3o","Educa\u00e7\u00e3o a Dist\u00e2ncia","Envelhecimento","Estudos","F\u00edgado","Funiber","FUNIBER Opini\u00f5es","gerontologia","Idade","mestrado","Opini\u00e3o FUNIBER","Opini\u00f5es Funiber","Preven\u00e7\u00e3o","Sa\u00fade","Terceira idade"],"articleSection":["Gerontologia"],"inLanguage":"pt-BR"},{"@type":"WebPage","@id":"https:\/\/blogs.funiber.org\/pt\/gerontologia\/2018\/09\/14\/funiber-figado-alzheimer","url":"https:\/\/blogs.funiber.org\/pt\/gerontologia\/2018\/09\/14\/funiber-figado-alzheimer","name":"Desgaste do f\u00edgado est\u00e1 relacionado com o risco de Alzheimer","isPartOf":{"@id":"https:\/\/blogs.funiber.org\/pt\/#website"},"datePublished":"2018-09-14T10:30:12+00:00","dateModified":"2018-09-13T10:35:36+00:00","description":"Pesquisa realizada pela Universidade da Pensilv\u00e2nia revela que os baixos n\u00edveis de plasmalog\u00eanios produzidos pelo f\u00edgado aumenta o risco de Alzheimer. Estes cumprem um papel chave na manuten\u00e7\u00e3o da sa\u00fade das c\u00e9lulas do c\u00e9rebro","breadcrumb":{"@id":"https:\/\/blogs.funiber.org\/pt\/gerontologia\/2018\/09\/14\/funiber-figado-alzheimer#breadcrumb"},"inLanguage":"pt-BR","potentialAction":[{"@type":"ReadAction","target":["https:\/\/blogs.funiber.org\/pt\/gerontologia\/2018\/09\/14\/funiber-figado-alzheimer"]}]},{"@type":"BreadcrumbList","@id":"https:\/\/blogs.funiber.org\/pt\/gerontologia\/2018\/09\/14\/funiber-figado-alzheimer#breadcrumb","itemListElement":[{"@type":"ListItem","position":1,"name":"In\u00edcio","item":"https:\/\/blogs.funiber.org\/pt"},{"@type":"ListItem","position":2,"name":"Desgaste do f\u00edgado est\u00e1 relacionado com o risco de Alzheimer"}]},{"@type":"WebSite","@id":"https:\/\/blogs.funiber.org\/pt\/#website","url":"https:\/\/blogs.funiber.org\/pt\/","name":"FuniBlogs - FUNIBER","description":"","publisher":{"@id":"https:\/\/blogs.funiber.org\/pt\/#organization"},"potentialAction":[{"@type":"SearchAction","target":{"@type":"EntryPoint","urlTemplate":"https:\/\/blogs.funiber.org\/pt\/?s={search_term_string}"},"query-input":"required name=search_term_string"}],"inLanguage":"pt-BR"},{"@type":"Organization","@id":"https:\/\/blogs.funiber.org\/pt\/#organization","name":"FuniBlogs - FUNIBER","url":"https:\/\/blogs.funiber.org\/pt\/","logo":{"@type":"ImageObject","inLanguage":"pt-BR","@id":"https:\/\/blogs.funiber.org\/pt\/#\/schema\/logo\/image\/","url":"https:\/\/www.funiber.blog\/pt\/wp-content\/uploads\/2022\/02\/logo-funiber-pt-br-v-dos.svg","contentUrl":"https:\/\/www.funiber.blog\/pt\/wp-content\/uploads\/2022\/02\/logo-funiber-pt-br-v-dos.svg","width":1,"height":1,"caption":"FuniBlogs - FUNIBER"},"image":{"@id":"https:\/\/blogs.funiber.org\/pt\/#\/schema\/logo\/image\/"},"sameAs":["https:\/\/www.facebook.com\/funiber","https:\/\/twitter.com\/FUNIBER","https:\/\/www.instagram.com\/funiber_becas","https:\/\/www.youtube.com\/user\/funiber","https:\/\/www.linkedin.com\/company\/funiber"]},{"@type":"Person","@id":"https:\/\/blogs.funiber.org\/pt\/#\/schema\/person\/a1eaaa5e57eac866a8c5946946bcf80d","name":"Michelle","image":{"@type":"ImageObject","inLanguage":"pt-BR","@id":"https:\/\/blogs.funiber.org\/pt\/#\/schema\/person\/image\/","url":"https:\/\/secure.gravatar.com\/avatar\/5e87041f7609dc50493cf216754fece1?s=96&d=mm&r=g","contentUrl":"https:\/\/secure.gravatar.com\/avatar\/5e87041f7609dc50493cf216754fece1?s=96&d=mm&r=g","caption":"Michelle"},"url":"https:\/\/www.funiber.blog\/pt\/author\/michelle-moreira"}]}},"jetpack_featured_media_url":"https:\/\/www.funiber.blog\/pt\/wp-content\/uploads\/2018\/09\/funiber-figado-alzheimer.jpg","jetpack_shortlink":"https:\/\/wp.me\/p7ee1t-4qx","jetpack_sharing_enabled":true,"_links":{"self":[{"href":"https:\/\/www.funiber.blog\/pt\/wp-json\/wp\/v2\/posts\/17021"}],"collection":[{"href":"https:\/\/www.funiber.blog\/pt\/wp-json\/wp\/v2\/posts"}],"about":[{"href":"https:\/\/www.funiber.blog\/pt\/wp-json\/wp\/v2\/types\/post"}],"author":[{"embeddable":true,"href":"https:\/\/www.funiber.blog\/pt\/wp-json\/wp\/v2\/users\/10"}],"replies":[{"embeddable":true,"href":"https:\/\/www.funiber.blog\/pt\/wp-json\/wp\/v2\/comments?post=17021"}],"version-history":[{"count":1,"href":"https:\/\/www.funiber.blog\/pt\/wp-json\/wp\/v2\/posts\/17021\/revisions"}],"predecessor-version":[{"id":17023,"href":"https:\/\/www.funiber.blog\/pt\/wp-json\/wp\/v2\/posts\/17021\/revisions\/17023"}],"wp:featuredmedia":[{"embeddable":true,"href":"https:\/\/www.funiber.blog\/pt\/wp-json\/wp\/v2\/media\/17022"}],"wp:attachment":[{"href":"https:\/\/www.funiber.blog\/pt\/wp-json\/wp\/v2\/media?parent=17021"}],"wp:term":[{"taxonomy":"category","embeddable":true,"href":"https:\/\/www.funiber.blog\/pt\/wp-json\/wp\/v2\/categories?post=17021"},{"taxonomy":"post_tag","embeddable":true,"href":"https:\/\/www.funiber.blog\/pt\/wp-json\/wp\/v2\/tags?post=17021"}],"curies":[{"name":"wp","href":"https:\/\/api.w.org\/{rel}","templated":true}]}}