{"id":17324,"date":"2018-10-18T09:38:22","date_gmt":"2018-10-18T09:38:22","guid":{"rendered":"https:\/\/blogs.funiber.org\/pt\/?p=17324"},"modified":"2018-10-18T13:44:01","modified_gmt":"2018-10-18T13:44:01","slug":"funiber-combater-alzheimer","status":"publish","type":"post","link":"https:\/\/www.funiber.blog\/pt\/gerontologia\/2018\/10\/18\/funiber-combater-alzheimer","title":{"rendered":"Descobrem uma forma de combater o Alzheimer a partir de sua origem"},"content":{"rendered":"<h2>Uma pesquisa realizada por cientistas do Reino Unido e da Su\u00e9cia encontram que a causa da morte de neur\u00f4nios no Alzheimer deve-se a uma s\u00e9rie de pat\u00f3genos identificados como pequenos grupos de prote\u00ednas chamados olig\u00f4meros<\/h2>\n<p><strong>Pesquisadores da<\/strong>\u00a0<a href=\"https:\/\/www.cam.ac.uk\/\" target=\"_blank\" rel=\"noopener\">Universidade de Cambridge<\/a>\u00a0(Reino Unido) e\u00a0<u><a href=\"https:\/\/www.lunduniversity.lu.se\/\" target=\"_blank\" rel=\"noopener\">Lund<\/a><\/u>\u00a0(Su\u00e9cia) desenvolveram uma nova maneira de atacar part\u00edculas t\u00f3xicas que destroem c\u00e9lulas cerebrais saud\u00e1veis na doen\u00e7a de Alzheimer. O estudo, publicado na\u00a0<a href=\"http:\/\/www.pnas.org\/content\/115\/41\/10245\" target=\"_blank\" rel=\"noopener\">revista PNAS<\/a>, abre a possibilidade de que seja poss\u00edvel fabricar novos rem\u00e9dios que sirvam para tratar este tipo de dem\u00eancia.<!--more--><\/p>\n<p>A pesquisa se concentrou em pat\u00f3genos, identificados como pequenos grupos de prote\u00ednas chamadas olig\u00f4meros, que na doen\u00e7a de Alzheimer se tornam &#8220;rebeldes&#8221; e atacam c\u00e9lulas nervosas saud\u00e1veis. Assim, enquanto as prote\u00ednas s\u00e3o normalmente respons\u00e1veis por processos celulares importantes, durante a doen\u00e7a eles mudam sua fun\u00e7\u00e3o para matar c\u00e9lulas saud\u00e1veis.<\/p>\n<p>Como explicado no portal\u00a0<u><a href=\"https:\/\/www.infobae.com\/america\/ciencia-america\/2018\/09\/24\/cientificos-de-cambridge-descubrieron-un-nuevo-metodo-para-combatir-alzheimer\/\" target=\"_blank\" rel=\"noopener\">Infobae<\/a><\/u>, &#8220;em geral, as prote\u00ednas precisam ser dobradas em uma estrutura espec\u00edfica para funcionar adequadamente&#8221;. No entanto, quando esse processo falha, a c\u00e9lula apresenta um s\u00e9rio problema de dobramento e pode causar dep\u00f3sitos perigosos que podem causar dem\u00eancia.<\/p>\n<p>Um dos autores da pesquisa, <a href=\"https:\/\/www.ch.cam.ac.uk\/person\/mv245\" target=\"_blank\" rel=\"noopener\">Michele Vendruscolo<\/a>, explica que \u00e0 medida que voc\u00ea envelhece, seu c\u00e9rebro se torna menos capaz de se livrar desses dep\u00f3sitos perigosos, o que leva \u00e0 doen\u00e7a. Em contraste, um c\u00e9rebro saud\u00e1vel tem um sistema de &#8220;controle de qualidade&#8221; que efetivamente elimina massas proteicas potencialmente perigosas.<\/p>\n<p>A partir\u00a0da <a href=\"https:\/\/www.cam.ac.uk\/research\/news\/scientists-reveal-plan-to-target-the-cause-of-alzheimers-disease\" target=\"_blank\" rel=\"noopener\">rede de not\u00edcias<\/a>\u00a0da Universidade de Cambridge destacam que aproximadamente 400 ensaios cl\u00ednicos realizados para investigar a doen\u00e7a de Alzheimer, esta \u00e9 a primeira pesquisa que se volta especificamente aos pat\u00f3genos que a provocam.<\/p>\n<p>&#8220;Nossa pesquisa \u00e9 baseada na principal etapa conceitual da identifica\u00e7\u00e3o de olig\u00f4meros de prote\u00ednas como pat\u00f3genos e informa sobre um m\u00e9todo para desenvolver sistematicamente compostos para atac\u00e1-los&#8221;, enfatiza Vendruscolo, acrescentando que com esses resultados poder\u00e1 descobrir medicamentos para a doen\u00e7a de Alzheimer<\/p>\n<p>Para todas as pessoas interessadas no estudo das mudan\u00e7as f\u00edsicas, sociais e mentais nos idosos, a\u00a0<a href=\"https:\/\/www.funiber.org.br\" target=\"_blank\" rel=\"noopener\">FUNIBER<\/a>\u00a0patrocina o\u00a0<a href=\"https:\/\/www.funiber.org.br\/mestrado-em-gerontologia\" target=\"_blank\" rel=\"noopener\">Mestrado em Gerontologia<\/a>. Seu programa se concentra na investiga\u00e7\u00e3o dos processos de envelhecimento e nas mudan\u00e7as na sociedade que resultam do crescente envelhecimento da popula\u00e7\u00e3o.<\/p>\n<p>Fontes:\u00a0<a href=\"https:\/\/www.infobae.com\/america\/ciencia-america\/2018\/09\/24\/cientificos-de-cambridge-descubrieron-un-nuevo-metodo-para-combatir-alzheimer\/\" target=\"_blank\" rel=\"noopener\">Cient\u00edficos de Cambridge descubrieron un nuevo m\u00e9todo para combatir Alzheimer<\/a><\/p>\n<p><a href=\"https:\/\/www.cam.ac.uk\/research\/news\/scientists-reveal-plan-to-target-the-cause-of-alzheimers-disease\" target=\"_blank\" rel=\"noopener\">Scientists reveal plan to target the cause of Alzheimer\u2019s disease<\/a><\/p>\n<p>Foto: Todos os direitos reservados<\/p>\n","protected":false},"excerpt":{"rendered":"<p>Uma pesquisa realizada por cientistas do Reino Unido e da Su\u00e9cia encontram que a causa da morte de neur\u00f4nios no Alzheimer deve-se a uma s\u00e9rie de pat\u00f3genos identificados como pequenos grupos de prote\u00ednas chamados olig\u00f4meros Pesquisadores da\u00a0Universidade de Cambridge\u00a0(Reino Unido) e\u00a0Lund\u00a0(Su\u00e9cia) desenvolveram uma nova maneira de atacar part\u00edculas t\u00f3xicas que destroem c\u00e9lulas cerebrais saud\u00e1veis na [&hellip;]<\/p>\n","protected":false},"author":10,"featured_media":17325,"comment_status":"closed","ping_status":"closed","sticky":false,"template":"","format":"standard","meta":{"jetpack_post_was_ever_published":false,"_jetpack_newsletter_access":"","_jetpack_newsletter_tier_id":0,"footnotes":"","jetpack_publicize_message":"","jetpack_is_tweetstorm":false,"jetpack_publicize_feature_enabled":true,"jetpack_social_post_already_shared":true,"jetpack_social_options":{"image_generator_settings":{"template":"highway","enabled":false}}},"categories":[1],"tags":[108,1242,228,306,122,855,285,408,100,119,248,911,739,671,641,255,132,1759,113,244],"jetpack_publicize_connections":[],"yoast_head":"<!-- This site is optimized with the Yoast SEO plugin v21.7 - https:\/\/yoast.com\/wordpress\/plugins\/seo\/ -->\n<title>Descobrem uma forma de combater o Alzheimer a partir de sua origem<\/title>\n<meta name=\"description\" content=\"Uma pesquisa realizada por cientistas do Reino Unido e da Su\u00e9cia encontram que a causa da morte de neur\u00f4nios no Alzheimer deve-se a uma s\u00e9rie de pat\u00f3genos identificados como pequenos grupos de prote\u00ednas chamados olig\u00f4meros\" \/>\n<meta name=\"robots\" content=\"index, follow, max-snippet:-1, max-image-preview:large, max-video-preview:-1\" \/>\n<link rel=\"canonical\" href=\"https:\/\/blogs.funiber.org\/pt\/gerontologia\/2018\/10\/18\/funiber-combater-alzheimer\" \/>\n<meta property=\"og:locale\" content=\"pt_BR\" \/>\n<meta property=\"og:type\" content=\"article\" \/>\n<meta property=\"og:title\" content=\"Descobrem uma forma de combater o Alzheimer a partir de sua origem\" \/>\n<meta property=\"og:description\" content=\"Uma pesquisa realizada por cientistas do Reino Unido e da Su\u00e9cia encontram que a causa da morte de neur\u00f4nios no Alzheimer deve-se a uma s\u00e9rie de pat\u00f3genos identificados como pequenos grupos de prote\u00ednas chamados olig\u00f4meros\" \/>\n<meta property=\"og:url\" content=\"https:\/\/blogs.funiber.org\/pt\/gerontologia\/2018\/10\/18\/funiber-combater-alzheimer\" \/>\n<meta property=\"og:site_name\" content=\"FuniBlogs - FUNIBER\" \/>\n<meta property=\"article:publisher\" content=\"https:\/\/www.facebook.com\/funiber\" \/>\n<meta property=\"article:published_time\" content=\"2018-10-18T09:38:22+00:00\" \/>\n<meta property=\"article:modified_time\" content=\"2018-10-18T13:44:01+00:00\" \/>\n<meta property=\"og:image\" content=\"https:\/\/blogs.funiber.org\/pt\/wp-content\/uploads\/2018\/10\/funiber-combater-alzheimer.jpg\" \/>\n\t<meta property=\"og:image:width\" content=\"768\" \/>\n\t<meta property=\"og:image:height\" content=\"576\" \/>\n\t<meta property=\"og:image:type\" content=\"image\/jpeg\" \/>\n<meta name=\"author\" content=\"Michelle\" \/>\n<meta name=\"twitter:card\" content=\"summary_large_image\" \/>\n<meta name=\"twitter:creator\" content=\"@FUNIBER\" \/>\n<meta name=\"twitter:site\" content=\"@FUNIBER\" \/>\n<meta name=\"twitter:label1\" content=\"Escrito por\" \/>\n\t<meta name=\"twitter:data1\" content=\"Michelle\" \/>\n\t<meta name=\"twitter:label2\" content=\"Est. tempo de leitura\" \/>\n\t<meta name=\"twitter:data2\" content=\"2 minutos\" \/>\n<script type=\"application\/ld+json\" class=\"yoast-schema-graph\">{\"@context\":\"https:\/\/schema.org\",\"@graph\":[{\"@type\":\"Article\",\"@id\":\"https:\/\/blogs.funiber.org\/pt\/gerontologia\/2018\/10\/18\/funiber-combater-alzheimer#article\",\"isPartOf\":{\"@id\":\"https:\/\/blogs.funiber.org\/pt\/gerontologia\/2018\/10\/18\/funiber-combater-alzheimer\"},\"author\":{\"name\":\"Michelle\",\"@id\":\"https:\/\/blogs.funiber.org\/pt\/#\/schema\/person\/a1eaaa5e57eac866a8c5946946bcf80d\"},\"headline\":\"Descobrem uma forma de combater o Alzheimer a partir de sua origem\",\"datePublished\":\"2018-10-18T09:38:22+00:00\",\"dateModified\":\"2018-10-18T13:44:01+00:00\",\"mainEntityOfPage\":{\"@id\":\"https:\/\/blogs.funiber.org\/pt\/gerontologia\/2018\/10\/18\/funiber-combater-alzheimer\"},\"wordCount\":441,\"publisher\":{\"@id\":\"https:\/\/blogs.funiber.org\/pt\/#organization\"},\"keywords\":[\"Alzheimer\",\"Bolsas\",\"Cuidados\",\"Doen\u00e7a\",\"Doen\u00e7as\",\"Doutorado\",\"Educa\u00e7\u00e3o\",\"Educa\u00e7\u00e3o a Dist\u00e2ncia\",\"Envelhecimento\",\"Estudos\",\"Funiber\",\"FUNIBER Opini\u00f5es\",\"gerontologia\",\"mestrado\",\"Opini\u00e3o FUNIBER\",\"Opini\u00f5es Funiber\",\"Preven\u00e7\u00e3o\",\"Prote\u00ednas\",\"Sa\u00fade\",\"Tratamento\"],\"articleSection\":[\"Gerontologia\"],\"inLanguage\":\"pt-BR\"},{\"@type\":\"WebPage\",\"@id\":\"https:\/\/blogs.funiber.org\/pt\/gerontologia\/2018\/10\/18\/funiber-combater-alzheimer\",\"url\":\"https:\/\/blogs.funiber.org\/pt\/gerontologia\/2018\/10\/18\/funiber-combater-alzheimer\",\"name\":\"Descobrem uma forma de combater o Alzheimer a partir de sua origem\",\"isPartOf\":{\"@id\":\"https:\/\/blogs.funiber.org\/pt\/#website\"},\"datePublished\":\"2018-10-18T09:38:22+00:00\",\"dateModified\":\"2018-10-18T13:44:01+00:00\",\"description\":\"Uma pesquisa realizada por cientistas do Reino Unido e da Su\u00e9cia encontram que a causa da morte de neur\u00f4nios no Alzheimer deve-se a uma s\u00e9rie de pat\u00f3genos identificados como pequenos grupos de prote\u00ednas chamados olig\u00f4meros\",\"breadcrumb\":{\"@id\":\"https:\/\/blogs.funiber.org\/pt\/gerontologia\/2018\/10\/18\/funiber-combater-alzheimer#breadcrumb\"},\"inLanguage\":\"pt-BR\",\"potentialAction\":[{\"@type\":\"ReadAction\",\"target\":[\"https:\/\/blogs.funiber.org\/pt\/gerontologia\/2018\/10\/18\/funiber-combater-alzheimer\"]}]},{\"@type\":\"BreadcrumbList\",\"@id\":\"https:\/\/blogs.funiber.org\/pt\/gerontologia\/2018\/10\/18\/funiber-combater-alzheimer#breadcrumb\",\"itemListElement\":[{\"@type\":\"ListItem\",\"position\":1,\"name\":\"In\u00edcio\",\"item\":\"https:\/\/blogs.funiber.org\/pt\"},{\"@type\":\"ListItem\",\"position\":2,\"name\":\"Descobrem uma forma de combater o Alzheimer a partir de sua origem\"}]},{\"@type\":\"WebSite\",\"@id\":\"https:\/\/blogs.funiber.org\/pt\/#website\",\"url\":\"https:\/\/blogs.funiber.org\/pt\/\",\"name\":\"FuniBlogs - FUNIBER\",\"description\":\"\",\"publisher\":{\"@id\":\"https:\/\/blogs.funiber.org\/pt\/#organization\"},\"potentialAction\":[{\"@type\":\"SearchAction\",\"target\":{\"@type\":\"EntryPoint\",\"urlTemplate\":\"https:\/\/blogs.funiber.org\/pt\/?s={search_term_string}\"},\"query-input\":\"required name=search_term_string\"}],\"inLanguage\":\"pt-BR\"},{\"@type\":\"Organization\",\"@id\":\"https:\/\/blogs.funiber.org\/pt\/#organization\",\"name\":\"FuniBlogs - FUNIBER\",\"url\":\"https:\/\/blogs.funiber.org\/pt\/\",\"logo\":{\"@type\":\"ImageObject\",\"inLanguage\":\"pt-BR\",\"@id\":\"https:\/\/blogs.funiber.org\/pt\/#\/schema\/logo\/image\/\",\"url\":\"https:\/\/www.funiber.blog\/pt\/wp-content\/uploads\/2022\/02\/logo-funiber-pt-br-v-dos.svg\",\"contentUrl\":\"https:\/\/www.funiber.blog\/pt\/wp-content\/uploads\/2022\/02\/logo-funiber-pt-br-v-dos.svg\",\"width\":1,\"height\":1,\"caption\":\"FuniBlogs - FUNIBER\"},\"image\":{\"@id\":\"https:\/\/blogs.funiber.org\/pt\/#\/schema\/logo\/image\/\"},\"sameAs\":[\"https:\/\/www.facebook.com\/funiber\",\"https:\/\/twitter.com\/FUNIBER\",\"https:\/\/www.instagram.com\/funiber_becas\",\"https:\/\/www.youtube.com\/user\/funiber\",\"https:\/\/www.linkedin.com\/company\/funiber\"]},{\"@type\":\"Person\",\"@id\":\"https:\/\/blogs.funiber.org\/pt\/#\/schema\/person\/a1eaaa5e57eac866a8c5946946bcf80d\",\"name\":\"Michelle\",\"image\":{\"@type\":\"ImageObject\",\"inLanguage\":\"pt-BR\",\"@id\":\"https:\/\/blogs.funiber.org\/pt\/#\/schema\/person\/image\/\",\"url\":\"https:\/\/secure.gravatar.com\/avatar\/5e87041f7609dc50493cf216754fece1?s=96&d=mm&r=g\",\"contentUrl\":\"https:\/\/secure.gravatar.com\/avatar\/5e87041f7609dc50493cf216754fece1?s=96&d=mm&r=g\",\"caption\":\"Michelle\"},\"url\":\"https:\/\/www.funiber.blog\/pt\/author\/michelle-moreira\"}]}<\/script>\n<!-- \/ Yoast SEO plugin. -->","yoast_head_json":{"title":"Descobrem uma forma de combater o Alzheimer a partir de sua origem","description":"Uma pesquisa realizada por cientistas do Reino Unido e da Su\u00e9cia encontram que a causa da morte de neur\u00f4nios no Alzheimer deve-se a uma s\u00e9rie de pat\u00f3genos identificados como pequenos grupos de prote\u00ednas chamados olig\u00f4meros","robots":{"index":"index","follow":"follow","max-snippet":"max-snippet:-1","max-image-preview":"max-image-preview:large","max-video-preview":"max-video-preview:-1"},"canonical":"https:\/\/blogs.funiber.org\/pt\/gerontologia\/2018\/10\/18\/funiber-combater-alzheimer","og_locale":"pt_BR","og_type":"article","og_title":"Descobrem uma forma de combater o Alzheimer a partir de sua origem","og_description":"Uma pesquisa realizada por cientistas do Reino Unido e da Su\u00e9cia encontram que a causa da morte de neur\u00f4nios no Alzheimer deve-se a uma s\u00e9rie de pat\u00f3genos identificados como pequenos grupos de prote\u00ednas chamados olig\u00f4meros","og_url":"https:\/\/blogs.funiber.org\/pt\/gerontologia\/2018\/10\/18\/funiber-combater-alzheimer","og_site_name":"FuniBlogs - FUNIBER","article_publisher":"https:\/\/www.facebook.com\/funiber","article_published_time":"2018-10-18T09:38:22+00:00","article_modified_time":"2018-10-18T13:44:01+00:00","og_image":[{"width":768,"height":576,"url":"https:\/\/blogs.funiber.org\/pt\/wp-content\/uploads\/2018\/10\/funiber-combater-alzheimer.jpg","type":"image\/jpeg"}],"author":"Michelle","twitter_card":"summary_large_image","twitter_creator":"@FUNIBER","twitter_site":"@FUNIBER","twitter_misc":{"Escrito por":"Michelle","Est. tempo de leitura":"2 minutos"},"schema":{"@context":"https:\/\/schema.org","@graph":[{"@type":"Article","@id":"https:\/\/blogs.funiber.org\/pt\/gerontologia\/2018\/10\/18\/funiber-combater-alzheimer#article","isPartOf":{"@id":"https:\/\/blogs.funiber.org\/pt\/gerontologia\/2018\/10\/18\/funiber-combater-alzheimer"},"author":{"name":"Michelle","@id":"https:\/\/blogs.funiber.org\/pt\/#\/schema\/person\/a1eaaa5e57eac866a8c5946946bcf80d"},"headline":"Descobrem uma forma de combater o Alzheimer a partir de sua origem","datePublished":"2018-10-18T09:38:22+00:00","dateModified":"2018-10-18T13:44:01+00:00","mainEntityOfPage":{"@id":"https:\/\/blogs.funiber.org\/pt\/gerontologia\/2018\/10\/18\/funiber-combater-alzheimer"},"wordCount":441,"publisher":{"@id":"https:\/\/blogs.funiber.org\/pt\/#organization"},"keywords":["Alzheimer","Bolsas","Cuidados","Doen\u00e7a","Doen\u00e7as","Doutorado","Educa\u00e7\u00e3o","Educa\u00e7\u00e3o a Dist\u00e2ncia","Envelhecimento","Estudos","Funiber","FUNIBER Opini\u00f5es","gerontologia","mestrado","Opini\u00e3o FUNIBER","Opini\u00f5es Funiber","Preven\u00e7\u00e3o","Prote\u00ednas","Sa\u00fade","Tratamento"],"articleSection":["Gerontologia"],"inLanguage":"pt-BR"},{"@type":"WebPage","@id":"https:\/\/blogs.funiber.org\/pt\/gerontologia\/2018\/10\/18\/funiber-combater-alzheimer","url":"https:\/\/blogs.funiber.org\/pt\/gerontologia\/2018\/10\/18\/funiber-combater-alzheimer","name":"Descobrem uma forma de combater o Alzheimer a partir de sua origem","isPartOf":{"@id":"https:\/\/blogs.funiber.org\/pt\/#website"},"datePublished":"2018-10-18T09:38:22+00:00","dateModified":"2018-10-18T13:44:01+00:00","description":"Uma pesquisa realizada por cientistas do Reino Unido e da Su\u00e9cia encontram que a causa da morte de neur\u00f4nios no Alzheimer deve-se a uma s\u00e9rie de pat\u00f3genos identificados como pequenos grupos de prote\u00ednas chamados olig\u00f4meros","breadcrumb":{"@id":"https:\/\/blogs.funiber.org\/pt\/gerontologia\/2018\/10\/18\/funiber-combater-alzheimer#breadcrumb"},"inLanguage":"pt-BR","potentialAction":[{"@type":"ReadAction","target":["https:\/\/blogs.funiber.org\/pt\/gerontologia\/2018\/10\/18\/funiber-combater-alzheimer"]}]},{"@type":"BreadcrumbList","@id":"https:\/\/blogs.funiber.org\/pt\/gerontologia\/2018\/10\/18\/funiber-combater-alzheimer#breadcrumb","itemListElement":[{"@type":"ListItem","position":1,"name":"In\u00edcio","item":"https:\/\/blogs.funiber.org\/pt"},{"@type":"ListItem","position":2,"name":"Descobrem uma forma de combater o Alzheimer a partir de sua origem"}]},{"@type":"WebSite","@id":"https:\/\/blogs.funiber.org\/pt\/#website","url":"https:\/\/blogs.funiber.org\/pt\/","name":"FuniBlogs - FUNIBER","description":"","publisher":{"@id":"https:\/\/blogs.funiber.org\/pt\/#organization"},"potentialAction":[{"@type":"SearchAction","target":{"@type":"EntryPoint","urlTemplate":"https:\/\/blogs.funiber.org\/pt\/?s={search_term_string}"},"query-input":"required name=search_term_string"}],"inLanguage":"pt-BR"},{"@type":"Organization","@id":"https:\/\/blogs.funiber.org\/pt\/#organization","name":"FuniBlogs - FUNIBER","url":"https:\/\/blogs.funiber.org\/pt\/","logo":{"@type":"ImageObject","inLanguage":"pt-BR","@id":"https:\/\/blogs.funiber.org\/pt\/#\/schema\/logo\/image\/","url":"https:\/\/www.funiber.blog\/pt\/wp-content\/uploads\/2022\/02\/logo-funiber-pt-br-v-dos.svg","contentUrl":"https:\/\/www.funiber.blog\/pt\/wp-content\/uploads\/2022\/02\/logo-funiber-pt-br-v-dos.svg","width":1,"height":1,"caption":"FuniBlogs - FUNIBER"},"image":{"@id":"https:\/\/blogs.funiber.org\/pt\/#\/schema\/logo\/image\/"},"sameAs":["https:\/\/www.facebook.com\/funiber","https:\/\/twitter.com\/FUNIBER","https:\/\/www.instagram.com\/funiber_becas","https:\/\/www.youtube.com\/user\/funiber","https:\/\/www.linkedin.com\/company\/funiber"]},{"@type":"Person","@id":"https:\/\/blogs.funiber.org\/pt\/#\/schema\/person\/a1eaaa5e57eac866a8c5946946bcf80d","name":"Michelle","image":{"@type":"ImageObject","inLanguage":"pt-BR","@id":"https:\/\/blogs.funiber.org\/pt\/#\/schema\/person\/image\/","url":"https:\/\/secure.gravatar.com\/avatar\/5e87041f7609dc50493cf216754fece1?s=96&d=mm&r=g","contentUrl":"https:\/\/secure.gravatar.com\/avatar\/5e87041f7609dc50493cf216754fece1?s=96&d=mm&r=g","caption":"Michelle"},"url":"https:\/\/www.funiber.blog\/pt\/author\/michelle-moreira"}]}},"jetpack_featured_media_url":"https:\/\/www.funiber.blog\/pt\/wp-content\/uploads\/2018\/10\/funiber-combater-alzheimer.jpg","jetpack_shortlink":"https:\/\/wp.me\/p7ee1t-4vq","jetpack_sharing_enabled":true,"_links":{"self":[{"href":"https:\/\/www.funiber.blog\/pt\/wp-json\/wp\/v2\/posts\/17324"}],"collection":[{"href":"https:\/\/www.funiber.blog\/pt\/wp-json\/wp\/v2\/posts"}],"about":[{"href":"https:\/\/www.funiber.blog\/pt\/wp-json\/wp\/v2\/types\/post"}],"author":[{"embeddable":true,"href":"https:\/\/www.funiber.blog\/pt\/wp-json\/wp\/v2\/users\/10"}],"replies":[{"embeddable":true,"href":"https:\/\/www.funiber.blog\/pt\/wp-json\/wp\/v2\/comments?post=17324"}],"version-history":[{"count":1,"href":"https:\/\/www.funiber.blog\/pt\/wp-json\/wp\/v2\/posts\/17324\/revisions"}],"predecessor-version":[{"id":17326,"href":"https:\/\/www.funiber.blog\/pt\/wp-json\/wp\/v2\/posts\/17324\/revisions\/17326"}],"wp:featuredmedia":[{"embeddable":true,"href":"https:\/\/www.funiber.blog\/pt\/wp-json\/wp\/v2\/media\/17325"}],"wp:attachment":[{"href":"https:\/\/www.funiber.blog\/pt\/wp-json\/wp\/v2\/media?parent=17324"}],"wp:term":[{"taxonomy":"category","embeddable":true,"href":"https:\/\/www.funiber.blog\/pt\/wp-json\/wp\/v2\/categories?post=17324"},{"taxonomy":"post_tag","embeddable":true,"href":"https:\/\/www.funiber.blog\/pt\/wp-json\/wp\/v2\/tags?post=17324"}],"curies":[{"name":"wp","href":"https:\/\/api.w.org\/{rel}","templated":true}]}}