{"id":17897,"date":"2019-01-06T13:18:20","date_gmt":"2019-01-06T13:18:20","guid":{"rendered":"https:\/\/blogs.funiber.org\/pt\/?p=17897"},"modified":"2019-01-04T12:15:52","modified_gmt":"2019-01-04T12:15:52","slug":"funiber-esqui-rural","status":"publish","type":"post","link":"https:\/\/www.funiber.blog\/pt\/meio-ambiente\/2019\/01\/06\/funiber-esqui-rural","title":{"rendered":"Temporada de esqui colabora para manter popula\u00e7\u00e3o rural ativa"},"content":{"rendered":"<h2>Uma esta\u00e7\u00e3o de esqui na Catalunha, Espanha, \u00e9 administrada pelo governo para garantir a economia local da popula\u00e7\u00e3o que vive na zona rural<\/h2>\n<p>Na Europa, \u00e9 \u00e9poca de esquiar. Em diversas partes remotas, o turismo rural associado \u00e0 pr\u00e1tica deste esporte consegue manter uma popula\u00e7\u00e3o ativa nos vilarejos nas montanhas e favorece ao desenvolvimento sustent\u00e1vel da regi\u00e3o.<!--more--><\/p>\n<p>Mas em alguns casos, \u00e9 necess\u00e1ria a inje\u00e7\u00e3o de investimentos por parte do governo. Um exemplo \u00e9 a <a href=\"https:\/\/www.boitaullresort.com\/\" target=\"_blank\" rel=\"noopener\">esta\u00e7\u00e3o de esqui Bo\u00ed Ta\u00fcll<\/a>, na Catalunha (Espanha). Os moradores da regi\u00e3o comemoram a decis\u00e3o da <a href=\"http:\/\/web.gencat.cat\/es\/inici\/index.html\" target=\"_blank\" rel=\"noopener\">Generalitat, institui\u00e7\u00e3o que governa a comunidade auton\u00f4mica catal\u00e3<\/a>, de assumir a gest\u00e3o da esta\u00e7\u00e3o de esqui e investir em 1,3 milh\u00e3o de euros para garantir a inaugura\u00e7\u00e3o da temporada.<\/p>\n<p>Este valor se soma a 1,7 milh\u00f5es investidos desde a compra por parte do governo em 2014. Com a crise, a esta\u00e7\u00e3o teve que fechar as portas e o governo assumiu o espa\u00e7o e o terreno.<\/p>\n<p>O dono de uma empresa local de trabalhos florestais e de biomassa para caldeiras e calefa\u00e7\u00e3o, Ricard Bar\u00f3, comentou sobre a decis\u00e3o do governo que \u201cindiretamente todo o mundo sai ganhado se a temporada de esqui vai bem\u201d, explica.<\/p>\n<p>O <a href=\"http:\/\/www.ajuntamentvalldeboi.cat\/ca\/Ajuntament\/index.aspx\" target=\"_blank\" rel=\"noopener\">prefeito Joan Perelada<\/a>, da cidade em que se localiza a esta\u00e7\u00e3o,<a href=\"http:\/\/www.ajuntamentvalldeboi.cat\/ca\/index.aspx\" target=\"_blank\" rel=\"noopener\"> Vall de Bo\u00ed<\/a>, afirmou que se as pistas fossem fechadas, a situa\u00e7\u00e3o poderia ser dram\u00e1tica para a popula\u00e7\u00e3o local. \u201cSe deixassem cair as pistas, desapareceria praticamente a temporada de inverno\u201d, disse o prefeito para o <a href=\"https:\/\/elpais.com\/ccaa\/2018\/12\/02\/catalunya\/1543776735_681005.html\" target=\"_blank\" rel=\"noopener\">jornal El Pa\u00eds<\/a>.<\/p>\n<p>A esta\u00e7\u00e3o de esqui emprega a 63 pessoas de forma direta, e conta com 75 trabalhando no resort.<\/p>\n<p>Fomentar o desenvolvimento das zonas rurais \u00e9 fundamental para o desenvolvimento sustent\u00e1vel, que estimula uma economia verde, evitando as concentra\u00e7\u00f5es demogr\u00e1ficas e a migra\u00e7\u00e3o aos grandes centros urbanos.<\/p>\n<p>Para conhecer mais sobre estrat\u00e9gias de desenvolvimento sustent\u00e1vel, os profissionais podem se especializar com os programas de mestrado e doutorado patrocinados pela <a href=\"https:\/\/www.funiber.org.br\" target=\"_blank\" rel=\"noopener\">FUNIBER<\/a> na \u00e1rea ambiental, como o <a href=\"https:\/\/www.funiber.org.br\/mestrado-em-gestao-e-auditorias-ambientais\">Mestrado em Gest\u00e3o e Auditorias Ambientais<\/a><\/p>\n<p>Fonte:\u00a0<a href=\"https:\/\/elpais.com\/ccaa\/2018\/12\/02\/catalunya\/1543776735_681005.html\" target=\"_blank\" rel=\"noopener\">\u201cSin las pistas aqu\u00ed no vivir\u00eda nadie\u201d<\/a><\/p>\n<p>Foto: Todos os direitos reservados<\/p>\n","protected":false},"excerpt":{"rendered":"<p>Uma esta\u00e7\u00e3o de esqui na Catalunha, Espanha, \u00e9 administrada pelo governo para garantir a economia local da popula\u00e7\u00e3o que vive na zona rural Na Europa, \u00e9 \u00e9poca de esquiar. Em diversas partes remotas, o turismo rural associado \u00e0 pr\u00e1tica deste esporte consegue manter uma popula\u00e7\u00e3o ativa nos vilarejos nas montanhas e favorece ao desenvolvimento sustent\u00e1vel [&hellip;]<\/p>\n","protected":false},"author":10,"featured_media":17906,"comment_status":"closed","ping_status":"closed","sticky":false,"template":"","format":"standard","meta":{"jetpack_post_was_ever_published":false,"_jetpack_newsletter_access":"","_jetpack_newsletter_tier_id":0,"footnotes":"","jetpack_publicize_message":"","jetpack_is_tweetstorm":false,"jetpack_publicize_feature_enabled":true,"jetpack_social_post_already_shared":true,"jetpack_social_options":{"image_generator_settings":{"template":"highway","enabled":false}}},"categories":[2],"tags":[1242,4601,332,855,4598,285,408,447,757,4597,4600,119,248,911,835,671,641,255,84,4599],"jetpack_publicize_connections":[],"yoast_head":"<!-- This site is optimized with the Yoast SEO plugin v21.7 - https:\/\/yoast.com\/wordpress\/plugins\/seo\/ -->\n<title>Temporada de esqui colabora para manter popula\u00e7\u00e3o rural ativa<\/title>\n<meta name=\"description\" content=\"Uma esta\u00e7\u00e3o de esqui na Catalunha, Espanha, \u00e9 administrada pelo governo para garantir a economia local da popula\u00e7\u00e3o que vive na zona rural\" \/>\n<meta name=\"robots\" content=\"noindex, nofollow\" \/>\n<meta property=\"og:locale\" content=\"pt_BR\" \/>\n<meta property=\"og:type\" content=\"article\" \/>\n<meta property=\"og:title\" content=\"Temporada de esqui colabora para manter popula\u00e7\u00e3o rural ativa\" \/>\n<meta property=\"og:description\" content=\"Uma esta\u00e7\u00e3o de esqui na Catalunha, Espanha, \u00e9 administrada pelo governo para garantir a economia local da popula\u00e7\u00e3o que vive na zona rural\" \/>\n<meta property=\"og:url\" content=\"https:\/\/blogs.funiber.org\/pt\/meio-ambiente\/2019\/01\/06\/funiber-esqui-rural\" \/>\n<meta property=\"og:site_name\" content=\"FuniBlogs - FUNIBER\" \/>\n<meta property=\"article:publisher\" content=\"https:\/\/www.facebook.com\/funiber\" \/>\n<meta property=\"article:published_time\" content=\"2019-01-06T13:18:20+00:00\" \/>\n<meta property=\"article:modified_time\" content=\"2019-01-04T12:15:52+00:00\" \/>\n<meta property=\"og:image\" content=\"https:\/\/blogs.funiber.org\/pt\/wp-content\/uploads\/2018\/12\/funiber-esquiar-economia.jpg\" \/>\n\t<meta property=\"og:image:width\" content=\"800\" \/>\n\t<meta property=\"og:image:height\" content=\"504\" \/>\n\t<meta property=\"og:image:type\" content=\"image\/jpeg\" \/>\n<meta name=\"author\" content=\"Michelle\" \/>\n<meta name=\"twitter:card\" content=\"summary_large_image\" \/>\n<meta name=\"twitter:creator\" content=\"@FUNIBER\" \/>\n<meta name=\"twitter:site\" content=\"@FUNIBER\" \/>\n<meta name=\"twitter:label1\" content=\"Escrito por\" \/>\n\t<meta name=\"twitter:data1\" content=\"Michelle\" \/>\n\t<meta name=\"twitter:label2\" content=\"Est. tempo de leitura\" \/>\n\t<meta name=\"twitter:data2\" content=\"2 minutos\" \/>\n<script type=\"application\/ld+json\" class=\"yoast-schema-graph\">{\"@context\":\"https:\/\/schema.org\",\"@graph\":[{\"@type\":\"Article\",\"@id\":\"https:\/\/blogs.funiber.org\/pt\/meio-ambiente\/2019\/01\/06\/funiber-esqui-rural#article\",\"isPartOf\":{\"@id\":\"https:\/\/blogs.funiber.org\/pt\/meio-ambiente\/2019\/01\/06\/funiber-esqui-rural\"},\"author\":{\"name\":\"Michelle\",\"@id\":\"https:\/\/blogs.funiber.org\/pt\/#\/schema\/person\/a1eaaa5e57eac866a8c5946946bcf80d\"},\"headline\":\"Temporada de esqui colabora para manter popula\u00e7\u00e3o rural ativa\",\"datePublished\":\"2019-01-06T13:18:20+00:00\",\"dateModified\":\"2019-01-04T12:15:52+00:00\",\"mainEntityOfPage\":{\"@id\":\"https:\/\/blogs.funiber.org\/pt\/meio-ambiente\/2019\/01\/06\/funiber-esqui-rural\"},\"wordCount\":374,\"publisher\":{\"@id\":\"https:\/\/blogs.funiber.org\/pt\/#organization\"},\"keywords\":[\"Bolsas\",\"Catalunha\",\"Desenvolvimento\",\"Doutorado\",\"economia verde\",\"Educa\u00e7\u00e3o\",\"Educa\u00e7\u00e3o a Dist\u00e2ncia\",\"Emprego\",\"Espanha\",\"esqui\",\"esta\u00e7\u00e3o de esqui\",\"Estudos\",\"Funiber\",\"FUNIBER Opini\u00f5es\",\"Meio Ambiente\",\"mestrado\",\"Opini\u00e3o FUNIBER\",\"Opini\u00f5es Funiber\",\"Sustentabilidade\",\"turismo rural\"],\"articleSection\":[\"Meio Ambiente\"],\"inLanguage\":\"pt-BR\"},{\"@type\":\"WebPage\",\"@id\":\"https:\/\/blogs.funiber.org\/pt\/meio-ambiente\/2019\/01\/06\/funiber-esqui-rural\",\"url\":\"https:\/\/blogs.funiber.org\/pt\/meio-ambiente\/2019\/01\/06\/funiber-esqui-rural\",\"name\":\"Temporada de esqui colabora para manter popula\u00e7\u00e3o rural ativa\",\"isPartOf\":{\"@id\":\"https:\/\/blogs.funiber.org\/pt\/#website\"},\"datePublished\":\"2019-01-06T13:18:20+00:00\",\"dateModified\":\"2019-01-04T12:15:52+00:00\",\"description\":\"Uma esta\u00e7\u00e3o de esqui na Catalunha, Espanha, \u00e9 administrada pelo governo para garantir a economia local da popula\u00e7\u00e3o que vive na zona rural\",\"breadcrumb\":{\"@id\":\"https:\/\/blogs.funiber.org\/pt\/meio-ambiente\/2019\/01\/06\/funiber-esqui-rural#breadcrumb\"},\"inLanguage\":\"pt-BR\",\"potentialAction\":[{\"@type\":\"ReadAction\",\"target\":[\"https:\/\/blogs.funiber.org\/pt\/meio-ambiente\/2019\/01\/06\/funiber-esqui-rural\"]}]},{\"@type\":\"BreadcrumbList\",\"@id\":\"https:\/\/blogs.funiber.org\/pt\/meio-ambiente\/2019\/01\/06\/funiber-esqui-rural#breadcrumb\",\"itemListElement\":[{\"@type\":\"ListItem\",\"position\":1,\"name\":\"In\u00edcio\",\"item\":\"https:\/\/blogs.funiber.org\/pt\"},{\"@type\":\"ListItem\",\"position\":2,\"name\":\"Temporada de esqui colabora para manter popula\u00e7\u00e3o rural ativa\"}]},{\"@type\":\"WebSite\",\"@id\":\"https:\/\/blogs.funiber.org\/pt\/#website\",\"url\":\"https:\/\/blogs.funiber.org\/pt\/\",\"name\":\"FuniBlogs - FUNIBER\",\"description\":\"\",\"publisher\":{\"@id\":\"https:\/\/blogs.funiber.org\/pt\/#organization\"},\"potentialAction\":[{\"@type\":\"SearchAction\",\"target\":{\"@type\":\"EntryPoint\",\"urlTemplate\":\"https:\/\/blogs.funiber.org\/pt\/?s={search_term_string}\"},\"query-input\":\"required name=search_term_string\"}],\"inLanguage\":\"pt-BR\"},{\"@type\":\"Organization\",\"@id\":\"https:\/\/blogs.funiber.org\/pt\/#organization\",\"name\":\"FuniBlogs - FUNIBER\",\"url\":\"https:\/\/blogs.funiber.org\/pt\/\",\"logo\":{\"@type\":\"ImageObject\",\"inLanguage\":\"pt-BR\",\"@id\":\"https:\/\/blogs.funiber.org\/pt\/#\/schema\/logo\/image\/\",\"url\":\"https:\/\/www.funiber.blog\/pt\/wp-content\/uploads\/2022\/02\/logo-funiber-pt-br-v-dos.svg\",\"contentUrl\":\"https:\/\/www.funiber.blog\/pt\/wp-content\/uploads\/2022\/02\/logo-funiber-pt-br-v-dos.svg\",\"width\":1,\"height\":1,\"caption\":\"FuniBlogs - FUNIBER\"},\"image\":{\"@id\":\"https:\/\/blogs.funiber.org\/pt\/#\/schema\/logo\/image\/\"},\"sameAs\":[\"https:\/\/www.facebook.com\/funiber\",\"https:\/\/twitter.com\/FUNIBER\",\"https:\/\/www.instagram.com\/funiber_becas\",\"https:\/\/www.youtube.com\/user\/funiber\",\"https:\/\/www.linkedin.com\/company\/funiber\"]},{\"@type\":\"Person\",\"@id\":\"https:\/\/blogs.funiber.org\/pt\/#\/schema\/person\/a1eaaa5e57eac866a8c5946946bcf80d\",\"name\":\"Michelle\",\"image\":{\"@type\":\"ImageObject\",\"inLanguage\":\"pt-BR\",\"@id\":\"https:\/\/blogs.funiber.org\/pt\/#\/schema\/person\/image\/\",\"url\":\"https:\/\/secure.gravatar.com\/avatar\/5e87041f7609dc50493cf216754fece1?s=96&d=mm&r=g\",\"contentUrl\":\"https:\/\/secure.gravatar.com\/avatar\/5e87041f7609dc50493cf216754fece1?s=96&d=mm&r=g\",\"caption\":\"Michelle\"},\"url\":\"https:\/\/www.funiber.blog\/pt\/author\/michelle-moreira\"}]}<\/script>\n<!-- \/ Yoast SEO plugin. -->","yoast_head_json":{"title":"Temporada de esqui colabora para manter popula\u00e7\u00e3o rural ativa","description":"Uma esta\u00e7\u00e3o de esqui na Catalunha, Espanha, \u00e9 administrada pelo governo para garantir a economia local da popula\u00e7\u00e3o que vive na zona rural","robots":{"index":"noindex","follow":"nofollow"},"og_locale":"pt_BR","og_type":"article","og_title":"Temporada de esqui colabora para manter popula\u00e7\u00e3o rural ativa","og_description":"Uma esta\u00e7\u00e3o de esqui na Catalunha, Espanha, \u00e9 administrada pelo governo para garantir a economia local da popula\u00e7\u00e3o que vive na zona rural","og_url":"https:\/\/blogs.funiber.org\/pt\/meio-ambiente\/2019\/01\/06\/funiber-esqui-rural","og_site_name":"FuniBlogs - FUNIBER","article_publisher":"https:\/\/www.facebook.com\/funiber","article_published_time":"2019-01-06T13:18:20+00:00","article_modified_time":"2019-01-04T12:15:52+00:00","og_image":[{"width":800,"height":504,"url":"https:\/\/blogs.funiber.org\/pt\/wp-content\/uploads\/2018\/12\/funiber-esquiar-economia.jpg","type":"image\/jpeg"}],"author":"Michelle","twitter_card":"summary_large_image","twitter_creator":"@FUNIBER","twitter_site":"@FUNIBER","twitter_misc":{"Escrito por":"Michelle","Est. tempo de leitura":"2 minutos"},"schema":{"@context":"https:\/\/schema.org","@graph":[{"@type":"Article","@id":"https:\/\/blogs.funiber.org\/pt\/meio-ambiente\/2019\/01\/06\/funiber-esqui-rural#article","isPartOf":{"@id":"https:\/\/blogs.funiber.org\/pt\/meio-ambiente\/2019\/01\/06\/funiber-esqui-rural"},"author":{"name":"Michelle","@id":"https:\/\/blogs.funiber.org\/pt\/#\/schema\/person\/a1eaaa5e57eac866a8c5946946bcf80d"},"headline":"Temporada de esqui colabora para manter popula\u00e7\u00e3o rural ativa","datePublished":"2019-01-06T13:18:20+00:00","dateModified":"2019-01-04T12:15:52+00:00","mainEntityOfPage":{"@id":"https:\/\/blogs.funiber.org\/pt\/meio-ambiente\/2019\/01\/06\/funiber-esqui-rural"},"wordCount":374,"publisher":{"@id":"https:\/\/blogs.funiber.org\/pt\/#organization"},"keywords":["Bolsas","Catalunha","Desenvolvimento","Doutorado","economia verde","Educa\u00e7\u00e3o","Educa\u00e7\u00e3o a Dist\u00e2ncia","Emprego","Espanha","esqui","esta\u00e7\u00e3o de esqui","Estudos","Funiber","FUNIBER Opini\u00f5es","Meio Ambiente","mestrado","Opini\u00e3o FUNIBER","Opini\u00f5es Funiber","Sustentabilidade","turismo rural"],"articleSection":["Meio Ambiente"],"inLanguage":"pt-BR"},{"@type":"WebPage","@id":"https:\/\/blogs.funiber.org\/pt\/meio-ambiente\/2019\/01\/06\/funiber-esqui-rural","url":"https:\/\/blogs.funiber.org\/pt\/meio-ambiente\/2019\/01\/06\/funiber-esqui-rural","name":"Temporada de esqui colabora para manter popula\u00e7\u00e3o rural ativa","isPartOf":{"@id":"https:\/\/blogs.funiber.org\/pt\/#website"},"datePublished":"2019-01-06T13:18:20+00:00","dateModified":"2019-01-04T12:15:52+00:00","description":"Uma esta\u00e7\u00e3o de esqui na Catalunha, Espanha, \u00e9 administrada pelo governo para garantir a economia local da popula\u00e7\u00e3o que vive na zona rural","breadcrumb":{"@id":"https:\/\/blogs.funiber.org\/pt\/meio-ambiente\/2019\/01\/06\/funiber-esqui-rural#breadcrumb"},"inLanguage":"pt-BR","potentialAction":[{"@type":"ReadAction","target":["https:\/\/blogs.funiber.org\/pt\/meio-ambiente\/2019\/01\/06\/funiber-esqui-rural"]}]},{"@type":"BreadcrumbList","@id":"https:\/\/blogs.funiber.org\/pt\/meio-ambiente\/2019\/01\/06\/funiber-esqui-rural#breadcrumb","itemListElement":[{"@type":"ListItem","position":1,"name":"In\u00edcio","item":"https:\/\/blogs.funiber.org\/pt"},{"@type":"ListItem","position":2,"name":"Temporada de esqui colabora para manter popula\u00e7\u00e3o rural ativa"}]},{"@type":"WebSite","@id":"https:\/\/blogs.funiber.org\/pt\/#website","url":"https:\/\/blogs.funiber.org\/pt\/","name":"FuniBlogs - FUNIBER","description":"","publisher":{"@id":"https:\/\/blogs.funiber.org\/pt\/#organization"},"potentialAction":[{"@type":"SearchAction","target":{"@type":"EntryPoint","urlTemplate":"https:\/\/blogs.funiber.org\/pt\/?s={search_term_string}"},"query-input":"required name=search_term_string"}],"inLanguage":"pt-BR"},{"@type":"Organization","@id":"https:\/\/blogs.funiber.org\/pt\/#organization","name":"FuniBlogs - FUNIBER","url":"https:\/\/blogs.funiber.org\/pt\/","logo":{"@type":"ImageObject","inLanguage":"pt-BR","@id":"https:\/\/blogs.funiber.org\/pt\/#\/schema\/logo\/image\/","url":"https:\/\/www.funiber.blog\/pt\/wp-content\/uploads\/2022\/02\/logo-funiber-pt-br-v-dos.svg","contentUrl":"https:\/\/www.funiber.blog\/pt\/wp-content\/uploads\/2022\/02\/logo-funiber-pt-br-v-dos.svg","width":1,"height":1,"caption":"FuniBlogs - FUNIBER"},"image":{"@id":"https:\/\/blogs.funiber.org\/pt\/#\/schema\/logo\/image\/"},"sameAs":["https:\/\/www.facebook.com\/funiber","https:\/\/twitter.com\/FUNIBER","https:\/\/www.instagram.com\/funiber_becas","https:\/\/www.youtube.com\/user\/funiber","https:\/\/www.linkedin.com\/company\/funiber"]},{"@type":"Person","@id":"https:\/\/blogs.funiber.org\/pt\/#\/schema\/person\/a1eaaa5e57eac866a8c5946946bcf80d","name":"Michelle","image":{"@type":"ImageObject","inLanguage":"pt-BR","@id":"https:\/\/blogs.funiber.org\/pt\/#\/schema\/person\/image\/","url":"https:\/\/secure.gravatar.com\/avatar\/5e87041f7609dc50493cf216754fece1?s=96&d=mm&r=g","contentUrl":"https:\/\/secure.gravatar.com\/avatar\/5e87041f7609dc50493cf216754fece1?s=96&d=mm&r=g","caption":"Michelle"},"url":"https:\/\/www.funiber.blog\/pt\/author\/michelle-moreira"}]}},"jetpack_featured_media_url":"https:\/\/www.funiber.blog\/pt\/wp-content\/uploads\/2018\/12\/funiber-esquiar-economia.jpg","jetpack_shortlink":"https:\/\/wp.me\/p7ee1t-4EF","jetpack_sharing_enabled":true,"_links":{"self":[{"href":"https:\/\/www.funiber.blog\/pt\/wp-json\/wp\/v2\/posts\/17897"}],"collection":[{"href":"https:\/\/www.funiber.blog\/pt\/wp-json\/wp\/v2\/posts"}],"about":[{"href":"https:\/\/www.funiber.blog\/pt\/wp-json\/wp\/v2\/types\/post"}],"author":[{"embeddable":true,"href":"https:\/\/www.funiber.blog\/pt\/wp-json\/wp\/v2\/users\/10"}],"replies":[{"embeddable":true,"href":"https:\/\/www.funiber.blog\/pt\/wp-json\/wp\/v2\/comments?post=17897"}],"version-history":[{"count":3,"href":"https:\/\/www.funiber.blog\/pt\/wp-json\/wp\/v2\/posts\/17897\/revisions"}],"predecessor-version":[{"id":18123,"href":"https:\/\/www.funiber.blog\/pt\/wp-json\/wp\/v2\/posts\/17897\/revisions\/18123"}],"wp:featuredmedia":[{"embeddable":true,"href":"https:\/\/www.funiber.blog\/pt\/wp-json\/wp\/v2\/media\/17906"}],"wp:attachment":[{"href":"https:\/\/www.funiber.blog\/pt\/wp-json\/wp\/v2\/media?parent=17897"}],"wp:term":[{"taxonomy":"category","embeddable":true,"href":"https:\/\/www.funiber.blog\/pt\/wp-json\/wp\/v2\/categories?post=17897"},{"taxonomy":"post_tag","embeddable":true,"href":"https:\/\/www.funiber.blog\/pt\/wp-json\/wp\/v2\/tags?post=17897"}],"curies":[{"name":"wp","href":"https:\/\/api.w.org\/{rel}","templated":true}]}}