{"id":18020,"date":"2018-12-23T08:23:44","date_gmt":"2018-12-23T08:23:44","guid":{"rendered":"https:\/\/blogs.funiber.org\/pt\/?p=18020"},"modified":"2018-12-21T17:34:31","modified_gmt":"2018-12-21T17:34:31","slug":"funiber-america-latina-abaixo-ocde-termos-adocao-iot","status":"publish","type":"post","link":"https:\/\/www.funiber.blog\/pt\/tecnologias-tic\/2018\/12\/23\/funiber-america-latina-abaixo-ocde-termos-adocao-iot","title":{"rendered":"Am\u00e9rica Latina, abaixo da OCDE em termos de ado\u00e7\u00e3o de IoT"},"content":{"rendered":"<h2>A Am\u00e9rica Latina e o Caribe est\u00e3o a 2,42 pontos de diferen\u00e7a dos pa\u00edses da Organiza\u00e7\u00e3o para Coopera\u00e7\u00e3o e Desenvolvimento Econ\u00f4mico (OCDE) em termos da implementa\u00e7\u00e3o da Internet das Coisas (IoT)<\/h2>\n<p>A IoT n\u00e3o \u00e9 mais um conceito do futuro, mas do presente. Ele pode ser encontrado em v\u00e1rios elementos da vida cotidiana, como carros, rel\u00f3gios inteligentes, refrigeradores, alarmes e, \u00e9 claro, dispositivos m\u00f3veis. \u00c9 uma tecnologia que se refere \u00e0 interconex\u00e3o digital de objetos do cotidiano com a Internet.<!--more--><\/p>\n<p>De acordo com uma <a href=\"https:\/\/cet.la\/estudios\/cet-la\/iot-sector-empresarial-america-latina\/\" target=\"_blank\" rel=\"noopener\">an\u00e1lise<\/a>\u00a0do\u00a0<a href=\"https:\/\/cet.la\/\" target=\"_blank\" rel=\"noopener\">Centro de Estudos de Telecomunica\u00e7\u00f5es da Am\u00e9rica Latina (Cet.la),<\/a> a Am\u00e9rica Latina e o Caribe est\u00e3o ficando para tr\u00e1s em compara\u00e7\u00e3o com os pa\u00edses da\u00a0<a href=\"https:\/\/www.oecd.org\/\" target=\"_blank\" rel=\"noopener\">OCDE<\/a> em termos de ado\u00e7\u00e3o industrial da IoT. A diferen\u00e7a \u00e9 de 2,42 pontos, a OCDE tem um total de 6,02, e os pa\u00edses da Am\u00e9rica Latina e do Caribe t\u00eam 3,6.<\/p>\n<p>Para avaliar essa situa\u00e7\u00e3o, o estudo tomou como refer\u00eancia seis indicadores ligados ao ecossistema IoT:<\/p>\n<ul>\n<li><strong>Infraestrutura de TIC: <\/strong>Mede o grau de prepara\u00e7\u00e3o dos pa\u00edses em termos de infraestrutura e telecomunica\u00e7\u00f5es e servi\u00e7os de TIC.<\/li>\n<li><strong>Regulamenta\u00e7\u00e3o: <\/strong>Reflete a efici\u00eancia de medidas regulamentares, ou seja, dos organismos e leis que estabelecem as normas b\u00e1sicas do ecossistema de TIC dentro do pa\u00eds.<\/li>\n<li><strong>Capacidade de Inovar: <\/strong>Examina a capacidade e a inten\u00e7\u00e3o dos pa\u00edses de avan\u00e7ar na inova\u00e7\u00e3o.<\/li>\n<li><strong>Situa\u00e7\u00e3o pol\u00edtica e econ\u00f4mica: <\/strong>Refere-se \u00e0 estabilidade e \u00e0 situa\u00e7\u00e3o de um pa\u00eds e sua facilidade em criar neg\u00f3cios e atrair investimentos, dois fatores-chave no desenvolvimento da IoT.<\/li>\n<li><strong>Ado\u00e7\u00e3o tecnol\u00f3gica nas empresas: <\/strong>Analisar o grau de adapta\u00e7\u00e3o ou inclus\u00e3o de tecnologias novas e disruptivas nas empresas.<\/li>\n<li><strong>Compet\u00eancias: <\/strong>Mede a capacidade dos cidad\u00e3os de adaptar, aceitar e utilizar as tecnologias mais recentes e sofisticadas do ecossistema de TIC.<\/li>\n<\/ul>\n<p><img loading=\"lazy\" decoding=\"async\" data-attachment-id=\"18022\" data-permalink=\"https:\/\/www.funiber.blog\/pt\/tecnologias-tic\/2018\/12\/23\/funiber-america-latina-abaixo-ocde-termos-adocao-iot\/attachment\/funiber-tabla-768x371\" data-orig-file=\"https:\/\/www.funiber.blog\/pt\/wp-content\/uploads\/2018\/12\/funiber-tabla-sieteciensesenta-ocho-x-tresciensetenta-uno.jpg\" data-orig-size=\"768,371\" data-comments-opened=\"0\" data-image-meta=\"{&quot;aperture&quot;:&quot;0&quot;,&quot;credit&quot;:&quot;&quot;,&quot;camera&quot;:&quot;&quot;,&quot;caption&quot;:&quot;&quot;,&quot;created_timestamp&quot;:&quot;0&quot;,&quot;copyright&quot;:&quot;&quot;,&quot;focal_length&quot;:&quot;0&quot;,&quot;iso&quot;:&quot;0&quot;,&quot;shutter_speed&quot;:&quot;0&quot;,&quot;title&quot;:&quot;&quot;,&quot;orientation&quot;:&quot;0&quot;}\" data-image-title=\"funiber-tabla-sieteciensesenta-ocho-x-tresciensetenta-uno\" data-image-description=\"&lt;p&gt;funiber-tabla-sieteciensesenta-ocho-x-tresciensetenta-uno&lt;\/p&gt;\n\" data-image-caption=\"&lt;p&gt;funiber-tabla-sieteciensesenta-ocho-x-tresciensetenta-uno&lt;\/p&gt;\n\" data-medium-file=\"https:\/\/www.funiber.blog\/pt\/wp-content\/uploads\/2018\/12\/funiber-tabla-sieteciensesenta-ocho-x-tresciensetenta-uno-400x193.jpg\" data-large-file=\"https:\/\/www.funiber.blog\/pt\/wp-content\/uploads\/2018\/12\/funiber-tabla-sieteciensesenta-ocho-x-tresciensetenta-uno-400x193.jpg\" class=\"wp-image-18022\" src=\"https:\/\/www.funiber.blog\/pt\/wp-content\/uploads\/2018\/12\/funiber-tabla-sieteciensesenta-ocho-x-tresciensetenta-uno-400x193.jpg\" alt=\"funiber-tabla-sieteciensesenta-ocho-x-tresciensetenta-uno\" width=\"500\" height=\"242\" srcset=\"https:\/\/www.funiber.blog\/pt\/wp-content\/uploads\/2018\/12\/funiber-tabla-sieteciensesenta-ocho-x-tresciensetenta-uno-400x193.jpg 400w, https:\/\/www.funiber.blog\/pt\/wp-content\/uploads\/2018\/12\/funiber-tabla-sieteciensesenta-ocho-x-tresciensetenta-uno.jpg 768w\" sizes=\"(max-width: 500px) 100vw, 500px\" \/><\/p>\n<p><em>\u00a0Tabela sobre a implementa\u00e7\u00e3o de IoT na OCDE, na LAC (Am\u00e9rica Latina e Caribe) (Estudo do\u00a0<a href=\"https:\/\/cet.la\/estudios\/cet-la\/iot-sector-empresarial-america-latina\/\" target=\"_blank\" rel=\"noopener\">Cet.la<\/a>)<\/em><\/p>\n<p>Como pode ser visto na tabela anterior, a maior diferen\u00e7a entre os pa\u00edses da OCDE como um todo e aqueles que fazem parte da Am\u00e9rica Latina e do Caribe reside na &#8220;<strong>situa\u00e7\u00e3o econ\u00f4mica e pol\u00edtica<\/strong>&#8220;. Os dados mostram uma dist\u00e2ncia de 3,28 pontos.<\/p>\n<p>A menor diferen\u00e7a \u00e9 encontrada no indicador &#8220;<strong>compet\u00eancias<\/strong>&#8220;, com apenas 1,73 pontos de diferen\u00e7a entre OCDE e LAC.<\/p>\n<p><strong>Chile: l\u00edder em IoT na Am\u00e9rica Latina<\/strong><\/p>\n<p>De acordo com o estudo do Cet.la, o Chile, com um \u00edndice global de 4,43 pontos, lidera o ranking dos pa\u00edses latino-americanos com melhor implementa\u00e7\u00e3o da tecnologia IoT. Costa Rica e Brasil obt\u00eam uma pontua\u00e7\u00e3o acima da m\u00e9dia regional (3,60), enquanto M\u00e9xico, Argentina, Col\u00f4mbia e Peru est\u00e3o muito pr\u00f3ximos da m\u00e9dia regional. Equador e Paraguai s\u00e3o os pa\u00edses que est\u00e3o ficando para tr\u00e1s.<\/p>\n<p><img loading=\"lazy\" decoding=\"async\" data-attachment-id=\"18024\" data-permalink=\"https:\/\/www.funiber.blog\/pt\/tecnologias-tic\/2018\/12\/23\/funiber-america-latina-abaixo-ocde-termos-adocao-iot\/attachment\/funiber-tabla-dos-768x393\" data-orig-file=\"https:\/\/www.funiber.blog\/pt\/wp-content\/uploads\/2018\/12\/funiber-tabla-dos-sieteciensesenta-ocho-x-tresciennoventa-tres.jpg\" data-orig-size=\"768,393\" data-comments-opened=\"0\" data-image-meta=\"{&quot;aperture&quot;:&quot;0&quot;,&quot;credit&quot;:&quot;&quot;,&quot;camera&quot;:&quot;&quot;,&quot;caption&quot;:&quot;&quot;,&quot;created_timestamp&quot;:&quot;0&quot;,&quot;copyright&quot;:&quot;&quot;,&quot;focal_length&quot;:&quot;0&quot;,&quot;iso&quot;:&quot;0&quot;,&quot;shutter_speed&quot;:&quot;0&quot;,&quot;title&quot;:&quot;&quot;,&quot;orientation&quot;:&quot;0&quot;}\" data-image-title=\"funiber-tabla-dos-sieteciensesenta-ocho-x-tresciennoventa-tres\" data-image-description=\"&lt;p&gt;funiber-tabla-dos-sieteciensesenta-ocho-x-tresciennoventa-tres&lt;\/p&gt;\n\" data-image-caption=\"&lt;p&gt;funiber-tabla-dos-sieteciensesenta-ocho-x-tresciennoventa-tres&lt;\/p&gt;\n\" data-medium-file=\"https:\/\/www.funiber.blog\/pt\/wp-content\/uploads\/2018\/12\/funiber-tabla-dos-sieteciensesenta-ocho-x-tresciennoventa-tres-400x205.jpg\" data-large-file=\"https:\/\/www.funiber.blog\/pt\/wp-content\/uploads\/2018\/12\/funiber-tabla-dos-sieteciensesenta-ocho-x-tresciennoventa-tres-400x205.jpg\" class=\"wp-image-18024 aligncenter\" src=\"https:\/\/www.funiber.blog\/pt\/wp-content\/uploads\/2018\/12\/funiber-tabla-dos-sieteciensesenta-ocho-x-tresciennoventa-tres-400x205.jpg\" alt=\"funiber-tabla-dos-sieteciensesenta-ocho-x-tresciennoventa-tres\" width=\"500\" height=\"256\" srcset=\"https:\/\/www.funiber.blog\/pt\/wp-content\/uploads\/2018\/12\/funiber-tabla-dos-sieteciensesenta-ocho-x-tresciennoventa-tres-400x205.jpg 400w, https:\/\/www.funiber.blog\/pt\/wp-content\/uploads\/2018\/12\/funiber-tabla-dos-sieteciensesenta-ocho-x-tresciennoventa-tres.jpg 768w\" sizes=\"(max-width: 500px) 100vw, 500px\" \/><\/p>\n<p><em>Grade de ado\u00e7\u00e3o da IoT nos pa\u00edses da Am\u00e9rica Latina (Fonte:\u00a0<a href=\"https:\/\/cet.la\/estudios\/cet-la\/iot-sector-empresarial-america-latina\/\">Cet.la<\/a>)<\/em><\/p>\n<p>Cada vez mais, a IoT vem sendo incorporada em \u00e1reas como os setores de servi\u00e7os, industrial e at\u00e9 agr\u00edcola. Para todas as pessoas interessadas na implementa\u00e7\u00e3o da tecnologia IoT, a\u00a0<a href=\"https:\/\/www.funiber.org.br\/\" target=\"_blank\" rel=\"noopener\">FUNIBER<\/a>\u00a0promove o\u00a0<a href=\"https:\/\/www.funiber.org.br\/mestrado-em-direcao-estrategica-em-engenharia-de-software\" target=\"_blank\" rel=\"noopener\">Mestrado em Dire\u00e7\u00e3o Estrat\u00e9gica de Engenharia de Software<\/a>. Esse programa permite compreender a rela\u00e7\u00e3o \u00edntima entre processos de neg\u00f3cio, sistemas, organiza\u00e7\u00f5es e formas de trabalhar com Engenharia de Software.<\/p>\n<p>Fonte:\u00a0<a href=\"https:\/\/www.mediatelecom.com.mx\/2018\/07\/10\/america-latina-esta-rezagada-en-iot-chile-el-mas-avanzado\/\" target=\"_blank\" rel=\"noopener\">A Am\u00e9rica Latina fica para tr\u00e1s na IoT; Chile \u00e9 o mais avan\u00e7ado<\/a><\/p>\n<p>Foto: Todos os direitos reservados.<\/p>\n","protected":false},"excerpt":{"rendered":"<p>A Am\u00e9rica Latina e o Caribe est\u00e3o a 2,42 pontos de diferen\u00e7a dos pa\u00edses da Organiza\u00e7\u00e3o para Coopera\u00e7\u00e3o e Desenvolvimento Econ\u00f4mico (OCDE) em termos da implementa\u00e7\u00e3o da Internet das Coisas (IoT) A IoT n\u00e3o \u00e9 mais um conceito do futuro, mas do presente. Ele pode ser encontrado em v\u00e1rios elementos da vida cotidiana, como carros, [&hellip;]<\/p>\n","protected":false},"author":22,"featured_media":18021,"comment_status":"closed","ping_status":"closed","sticky":false,"template":"","format":"standard","meta":{"jetpack_post_was_ever_published":false,"_jetpack_newsletter_access":"","_jetpack_newsletter_tier_id":0,"footnotes":"","jetpack_publicize_message":"","jetpack_is_tweetstorm":false,"jetpack_publicize_feature_enabled":true,"jetpack_social_post_already_shared":true,"jetpack_social_options":{"image_generator_settings":{"template":"highway","enabled":false}}},"categories":[6],"tags":[1242,855,285,408,119,248,911,671,641,255,26],"jetpack_publicize_connections":[],"yoast_head":"<!-- This site is optimized with the Yoast SEO plugin v21.7 - https:\/\/yoast.com\/wordpress\/plugins\/seo\/ -->\n<title>Am\u00e9rica Latina, abaixo da OCDE em termos de ado\u00e7\u00e3o de IoT<\/title>\n<meta name=\"description\" content=\"A Am\u00e9rica Latina e o Caribe est\u00e3o a 2,42 pontos de diferen\u00e7a dos pa\u00edses da Organiza\u00e7\u00e3o para Coopera\u00e7\u00e3o e Desenvolvimento Econ\u00f4mico (OCDE) em termos da implementa\u00e7\u00e3o da Internet das Coisas (IoT)\" \/>\n<meta name=\"robots\" content=\"noindex, nofollow\" \/>\n<meta property=\"og:locale\" content=\"pt_BR\" \/>\n<meta property=\"og:type\" content=\"article\" \/>\n<meta property=\"og:title\" content=\"Am\u00e9rica Latina, abaixo da OCDE em termos de ado\u00e7\u00e3o de IoT\" \/>\n<meta property=\"og:description\" content=\"A Am\u00e9rica Latina e o Caribe est\u00e3o a 2,42 pontos de diferen\u00e7a dos pa\u00edses da Organiza\u00e7\u00e3o para Coopera\u00e7\u00e3o e Desenvolvimento Econ\u00f4mico (OCDE) em termos da implementa\u00e7\u00e3o da Internet das Coisas (IoT)\" \/>\n<meta property=\"og:url\" content=\"https:\/\/blogs.funiber.org\/pt\/tecnologias-tic\/2018\/12\/23\/funiber-america-latina-abaixo-ocde-termos-adocao-iot\" \/>\n<meta property=\"og:site_name\" content=\"FuniBlogs - FUNIBER\" \/>\n<meta property=\"article:publisher\" content=\"https:\/\/www.facebook.com\/funiber\" \/>\n<meta property=\"article:published_time\" content=\"2018-12-23T08:23:44+00:00\" \/>\n<meta property=\"article:modified_time\" content=\"2018-12-21T17:34:31+00:00\" \/>\n<meta property=\"og:image\" content=\"https:\/\/blogs.funiber.org\/pt\/wp-content\/uploads\/2018\/12\/funiber-iot-america-latina.jpg\" \/>\n\t<meta property=\"og:image:width\" content=\"768\" \/>\n\t<meta property=\"og:image:height\" content=\"576\" \/>\n\t<meta property=\"og:image:type\" content=\"image\/jpeg\" \/>\n<meta name=\"author\" content=\"Meritxell Bayarri\" \/>\n<meta name=\"twitter:card\" content=\"summary_large_image\" \/>\n<meta name=\"twitter:creator\" content=\"@FUNIBER\" \/>\n<meta name=\"twitter:site\" content=\"@FUNIBER\" \/>\n<meta name=\"twitter:label1\" content=\"Escrito por\" \/>\n\t<meta name=\"twitter:data1\" content=\"Meritxell Bayarri\" \/>\n\t<meta name=\"twitter:label2\" content=\"Est. tempo de leitura\" \/>\n\t<meta name=\"twitter:data2\" content=\"3 minutos\" \/>\n<script type=\"application\/ld+json\" class=\"yoast-schema-graph\">{\"@context\":\"https:\/\/schema.org\",\"@graph\":[{\"@type\":\"Article\",\"@id\":\"https:\/\/blogs.funiber.org\/pt\/tecnologias-tic\/2018\/12\/23\/funiber-america-latina-abaixo-ocde-termos-adocao-iot#article\",\"isPartOf\":{\"@id\":\"https:\/\/blogs.funiber.org\/pt\/tecnologias-tic\/2018\/12\/23\/funiber-america-latina-abaixo-ocde-termos-adocao-iot\"},\"author\":{\"name\":\"Meritxell Bayarri\",\"@id\":\"https:\/\/blogs.funiber.org\/pt\/#\/schema\/person\/94d795d205ab2d0d46af574fc3607f83\"},\"headline\":\"Am\u00e9rica Latina, abaixo da OCDE em termos de ado\u00e7\u00e3o de IoT\",\"datePublished\":\"2018-12-23T08:23:44+00:00\",\"dateModified\":\"2018-12-21T17:34:31+00:00\",\"mainEntityOfPage\":{\"@id\":\"https:\/\/blogs.funiber.org\/pt\/tecnologias-tic\/2018\/12\/23\/funiber-america-latina-abaixo-ocde-termos-adocao-iot\"},\"wordCount\":620,\"publisher\":{\"@id\":\"https:\/\/blogs.funiber.org\/pt\/#organization\"},\"keywords\":[\"Bolsas\",\"Doutorado\",\"Educa\u00e7\u00e3o\",\"Educa\u00e7\u00e3o a Dist\u00e2ncia\",\"Estudos\",\"Funiber\",\"FUNIBER Opini\u00f5es\",\"mestrado\",\"Opini\u00e3o FUNIBER\",\"Opini\u00f5es Funiber\",\"tecnologia\"],\"articleSection\":[\"Tecnologias TIC\"],\"inLanguage\":\"pt-BR\"},{\"@type\":\"WebPage\",\"@id\":\"https:\/\/blogs.funiber.org\/pt\/tecnologias-tic\/2018\/12\/23\/funiber-america-latina-abaixo-ocde-termos-adocao-iot\",\"url\":\"https:\/\/blogs.funiber.org\/pt\/tecnologias-tic\/2018\/12\/23\/funiber-america-latina-abaixo-ocde-termos-adocao-iot\",\"name\":\"Am\u00e9rica Latina, abaixo da OCDE em termos de ado\u00e7\u00e3o de IoT\",\"isPartOf\":{\"@id\":\"https:\/\/blogs.funiber.org\/pt\/#website\"},\"datePublished\":\"2018-12-23T08:23:44+00:00\",\"dateModified\":\"2018-12-21T17:34:31+00:00\",\"description\":\"A Am\u00e9rica Latina e o Caribe est\u00e3o a 2,42 pontos de diferen\u00e7a dos pa\u00edses da Organiza\u00e7\u00e3o para Coopera\u00e7\u00e3o e Desenvolvimento Econ\u00f4mico (OCDE) em termos da implementa\u00e7\u00e3o da Internet das Coisas (IoT)\",\"breadcrumb\":{\"@id\":\"https:\/\/blogs.funiber.org\/pt\/tecnologias-tic\/2018\/12\/23\/funiber-america-latina-abaixo-ocde-termos-adocao-iot#breadcrumb\"},\"inLanguage\":\"pt-BR\",\"potentialAction\":[{\"@type\":\"ReadAction\",\"target\":[\"https:\/\/blogs.funiber.org\/pt\/tecnologias-tic\/2018\/12\/23\/funiber-america-latina-abaixo-ocde-termos-adocao-iot\"]}]},{\"@type\":\"BreadcrumbList\",\"@id\":\"https:\/\/blogs.funiber.org\/pt\/tecnologias-tic\/2018\/12\/23\/funiber-america-latina-abaixo-ocde-termos-adocao-iot#breadcrumb\",\"itemListElement\":[{\"@type\":\"ListItem\",\"position\":1,\"name\":\"In\u00edcio\",\"item\":\"https:\/\/blogs.funiber.org\/pt\"},{\"@type\":\"ListItem\",\"position\":2,\"name\":\"Am\u00e9rica Latina, abaixo da OCDE em termos de ado\u00e7\u00e3o de IoT\"}]},{\"@type\":\"WebSite\",\"@id\":\"https:\/\/blogs.funiber.org\/pt\/#website\",\"url\":\"https:\/\/blogs.funiber.org\/pt\/\",\"name\":\"FuniBlogs - FUNIBER\",\"description\":\"\",\"publisher\":{\"@id\":\"https:\/\/blogs.funiber.org\/pt\/#organization\"},\"potentialAction\":[{\"@type\":\"SearchAction\",\"target\":{\"@type\":\"EntryPoint\",\"urlTemplate\":\"https:\/\/blogs.funiber.org\/pt\/?s={search_term_string}\"},\"query-input\":\"required name=search_term_string\"}],\"inLanguage\":\"pt-BR\"},{\"@type\":\"Organization\",\"@id\":\"https:\/\/blogs.funiber.org\/pt\/#organization\",\"name\":\"FuniBlogs - FUNIBER\",\"url\":\"https:\/\/blogs.funiber.org\/pt\/\",\"logo\":{\"@type\":\"ImageObject\",\"inLanguage\":\"pt-BR\",\"@id\":\"https:\/\/blogs.funiber.org\/pt\/#\/schema\/logo\/image\/\",\"url\":\"https:\/\/www.funiber.blog\/pt\/wp-content\/uploads\/2022\/02\/logo-funiber-pt-br-v-dos.svg\",\"contentUrl\":\"https:\/\/www.funiber.blog\/pt\/wp-content\/uploads\/2022\/02\/logo-funiber-pt-br-v-dos.svg\",\"width\":1,\"height\":1,\"caption\":\"FuniBlogs - FUNIBER\"},\"image\":{\"@id\":\"https:\/\/blogs.funiber.org\/pt\/#\/schema\/logo\/image\/\"},\"sameAs\":[\"https:\/\/www.facebook.com\/funiber\",\"https:\/\/twitter.com\/FUNIBER\",\"https:\/\/www.instagram.com\/funiber_becas\",\"https:\/\/www.youtube.com\/user\/funiber\",\"https:\/\/www.linkedin.com\/company\/funiber\"]},{\"@type\":\"Person\",\"@id\":\"https:\/\/blogs.funiber.org\/pt\/#\/schema\/person\/94d795d205ab2d0d46af574fc3607f83\",\"name\":\"Meritxell Bayarri\",\"image\":{\"@type\":\"ImageObject\",\"inLanguage\":\"pt-BR\",\"@id\":\"https:\/\/blogs.funiber.org\/pt\/#\/schema\/person\/image\/\",\"url\":\"https:\/\/secure.gravatar.com\/avatar\/4f90217c5b8287de49f16fabd7246866?s=96&d=mm&r=g\",\"contentUrl\":\"https:\/\/secure.gravatar.com\/avatar\/4f90217c5b8287de49f16fabd7246866?s=96&d=mm&r=g\",\"caption\":\"Meritxell Bayarri\"},\"url\":\"https:\/\/www.funiber.blog\/pt\/author\/meritxellbayarri\"}]}<\/script>\n<!-- \/ Yoast SEO plugin. -->","yoast_head_json":{"title":"Am\u00e9rica Latina, abaixo da OCDE em termos de ado\u00e7\u00e3o de IoT","description":"A Am\u00e9rica Latina e o Caribe est\u00e3o a 2,42 pontos de diferen\u00e7a dos pa\u00edses da Organiza\u00e7\u00e3o para Coopera\u00e7\u00e3o e Desenvolvimento Econ\u00f4mico (OCDE) em termos da implementa\u00e7\u00e3o da Internet das Coisas (IoT)","robots":{"index":"noindex","follow":"nofollow"},"og_locale":"pt_BR","og_type":"article","og_title":"Am\u00e9rica Latina, abaixo da OCDE em termos de ado\u00e7\u00e3o de IoT","og_description":"A Am\u00e9rica Latina e o Caribe est\u00e3o a 2,42 pontos de diferen\u00e7a dos pa\u00edses da Organiza\u00e7\u00e3o para Coopera\u00e7\u00e3o e Desenvolvimento Econ\u00f4mico (OCDE) em termos da implementa\u00e7\u00e3o da Internet das Coisas (IoT)","og_url":"https:\/\/blogs.funiber.org\/pt\/tecnologias-tic\/2018\/12\/23\/funiber-america-latina-abaixo-ocde-termos-adocao-iot","og_site_name":"FuniBlogs - FUNIBER","article_publisher":"https:\/\/www.facebook.com\/funiber","article_published_time":"2018-12-23T08:23:44+00:00","article_modified_time":"2018-12-21T17:34:31+00:00","og_image":[{"width":768,"height":576,"url":"https:\/\/blogs.funiber.org\/pt\/wp-content\/uploads\/2018\/12\/funiber-iot-america-latina.jpg","type":"image\/jpeg"}],"author":"Meritxell Bayarri","twitter_card":"summary_large_image","twitter_creator":"@FUNIBER","twitter_site":"@FUNIBER","twitter_misc":{"Escrito por":"Meritxell Bayarri","Est. tempo de leitura":"3 minutos"},"schema":{"@context":"https:\/\/schema.org","@graph":[{"@type":"Article","@id":"https:\/\/blogs.funiber.org\/pt\/tecnologias-tic\/2018\/12\/23\/funiber-america-latina-abaixo-ocde-termos-adocao-iot#article","isPartOf":{"@id":"https:\/\/blogs.funiber.org\/pt\/tecnologias-tic\/2018\/12\/23\/funiber-america-latina-abaixo-ocde-termos-adocao-iot"},"author":{"name":"Meritxell Bayarri","@id":"https:\/\/blogs.funiber.org\/pt\/#\/schema\/person\/94d795d205ab2d0d46af574fc3607f83"},"headline":"Am\u00e9rica Latina, abaixo da OCDE em termos de ado\u00e7\u00e3o de IoT","datePublished":"2018-12-23T08:23:44+00:00","dateModified":"2018-12-21T17:34:31+00:00","mainEntityOfPage":{"@id":"https:\/\/blogs.funiber.org\/pt\/tecnologias-tic\/2018\/12\/23\/funiber-america-latina-abaixo-ocde-termos-adocao-iot"},"wordCount":620,"publisher":{"@id":"https:\/\/blogs.funiber.org\/pt\/#organization"},"keywords":["Bolsas","Doutorado","Educa\u00e7\u00e3o","Educa\u00e7\u00e3o a Dist\u00e2ncia","Estudos","Funiber","FUNIBER Opini\u00f5es","mestrado","Opini\u00e3o FUNIBER","Opini\u00f5es Funiber","tecnologia"],"articleSection":["Tecnologias TIC"],"inLanguage":"pt-BR"},{"@type":"WebPage","@id":"https:\/\/blogs.funiber.org\/pt\/tecnologias-tic\/2018\/12\/23\/funiber-america-latina-abaixo-ocde-termos-adocao-iot","url":"https:\/\/blogs.funiber.org\/pt\/tecnologias-tic\/2018\/12\/23\/funiber-america-latina-abaixo-ocde-termos-adocao-iot","name":"Am\u00e9rica Latina, abaixo da OCDE em termos de ado\u00e7\u00e3o de IoT","isPartOf":{"@id":"https:\/\/blogs.funiber.org\/pt\/#website"},"datePublished":"2018-12-23T08:23:44+00:00","dateModified":"2018-12-21T17:34:31+00:00","description":"A Am\u00e9rica Latina e o Caribe est\u00e3o a 2,42 pontos de diferen\u00e7a dos pa\u00edses da Organiza\u00e7\u00e3o para Coopera\u00e7\u00e3o e Desenvolvimento Econ\u00f4mico (OCDE) em termos da implementa\u00e7\u00e3o da Internet das Coisas (IoT)","breadcrumb":{"@id":"https:\/\/blogs.funiber.org\/pt\/tecnologias-tic\/2018\/12\/23\/funiber-america-latina-abaixo-ocde-termos-adocao-iot#breadcrumb"},"inLanguage":"pt-BR","potentialAction":[{"@type":"ReadAction","target":["https:\/\/blogs.funiber.org\/pt\/tecnologias-tic\/2018\/12\/23\/funiber-america-latina-abaixo-ocde-termos-adocao-iot"]}]},{"@type":"BreadcrumbList","@id":"https:\/\/blogs.funiber.org\/pt\/tecnologias-tic\/2018\/12\/23\/funiber-america-latina-abaixo-ocde-termos-adocao-iot#breadcrumb","itemListElement":[{"@type":"ListItem","position":1,"name":"In\u00edcio","item":"https:\/\/blogs.funiber.org\/pt"},{"@type":"ListItem","position":2,"name":"Am\u00e9rica Latina, abaixo da OCDE em termos de ado\u00e7\u00e3o de IoT"}]},{"@type":"WebSite","@id":"https:\/\/blogs.funiber.org\/pt\/#website","url":"https:\/\/blogs.funiber.org\/pt\/","name":"FuniBlogs - FUNIBER","description":"","publisher":{"@id":"https:\/\/blogs.funiber.org\/pt\/#organization"},"potentialAction":[{"@type":"SearchAction","target":{"@type":"EntryPoint","urlTemplate":"https:\/\/blogs.funiber.org\/pt\/?s={search_term_string}"},"query-input":"required name=search_term_string"}],"inLanguage":"pt-BR"},{"@type":"Organization","@id":"https:\/\/blogs.funiber.org\/pt\/#organization","name":"FuniBlogs - FUNIBER","url":"https:\/\/blogs.funiber.org\/pt\/","logo":{"@type":"ImageObject","inLanguage":"pt-BR","@id":"https:\/\/blogs.funiber.org\/pt\/#\/schema\/logo\/image\/","url":"https:\/\/www.funiber.blog\/pt\/wp-content\/uploads\/2022\/02\/logo-funiber-pt-br-v-dos.svg","contentUrl":"https:\/\/www.funiber.blog\/pt\/wp-content\/uploads\/2022\/02\/logo-funiber-pt-br-v-dos.svg","width":1,"height":1,"caption":"FuniBlogs - FUNIBER"},"image":{"@id":"https:\/\/blogs.funiber.org\/pt\/#\/schema\/logo\/image\/"},"sameAs":["https:\/\/www.facebook.com\/funiber","https:\/\/twitter.com\/FUNIBER","https:\/\/www.instagram.com\/funiber_becas","https:\/\/www.youtube.com\/user\/funiber","https:\/\/www.linkedin.com\/company\/funiber"]},{"@type":"Person","@id":"https:\/\/blogs.funiber.org\/pt\/#\/schema\/person\/94d795d205ab2d0d46af574fc3607f83","name":"Meritxell Bayarri","image":{"@type":"ImageObject","inLanguage":"pt-BR","@id":"https:\/\/blogs.funiber.org\/pt\/#\/schema\/person\/image\/","url":"https:\/\/secure.gravatar.com\/avatar\/4f90217c5b8287de49f16fabd7246866?s=96&d=mm&r=g","contentUrl":"https:\/\/secure.gravatar.com\/avatar\/4f90217c5b8287de49f16fabd7246866?s=96&d=mm&r=g","caption":"Meritxell Bayarri"},"url":"https:\/\/www.funiber.blog\/pt\/author\/meritxellbayarri"}]}},"jetpack_featured_media_url":"https:\/\/www.funiber.blog\/pt\/wp-content\/uploads\/2018\/12\/funiber-iot-america-latina.jpg","jetpack_shortlink":"https:\/\/wp.me\/p7ee1t-4GE","jetpack_sharing_enabled":true,"_links":{"self":[{"href":"https:\/\/www.funiber.blog\/pt\/wp-json\/wp\/v2\/posts\/18020"}],"collection":[{"href":"https:\/\/www.funiber.blog\/pt\/wp-json\/wp\/v2\/posts"}],"about":[{"href":"https:\/\/www.funiber.blog\/pt\/wp-json\/wp\/v2\/types\/post"}],"author":[{"embeddable":true,"href":"https:\/\/www.funiber.blog\/pt\/wp-json\/wp\/v2\/users\/22"}],"replies":[{"embeddable":true,"href":"https:\/\/www.funiber.blog\/pt\/wp-json\/wp\/v2\/comments?post=18020"}],"version-history":[{"count":15,"href":"https:\/\/www.funiber.blog\/pt\/wp-json\/wp\/v2\/posts\/18020\/revisions"}],"predecessor-version":[{"id":18038,"href":"https:\/\/www.funiber.blog\/pt\/wp-json\/wp\/v2\/posts\/18020\/revisions\/18038"}],"wp:featuredmedia":[{"embeddable":true,"href":"https:\/\/www.funiber.blog\/pt\/wp-json\/wp\/v2\/media\/18021"}],"wp:attachment":[{"href":"https:\/\/www.funiber.blog\/pt\/wp-json\/wp\/v2\/media?parent=18020"}],"wp:term":[{"taxonomy":"category","embeddable":true,"href":"https:\/\/www.funiber.blog\/pt\/wp-json\/wp\/v2\/categories?post=18020"},{"taxonomy":"post_tag","embeddable":true,"href":"https:\/\/www.funiber.blog\/pt\/wp-json\/wp\/v2\/tags?post=18020"}],"curies":[{"name":"wp","href":"https:\/\/api.w.org\/{rel}","templated":true}]}}