{"id":18082,"date":"2019-01-02T11:58:03","date_gmt":"2019-01-02T11:58:03","guid":{"rendered":"https:\/\/blogs.funiber.org\/pt\/?p=18082"},"modified":"2018-12-31T10:38:34","modified_gmt":"2018-12-31T10:38:34","slug":"funiber-dancar-reduz-risco-incapacidade-melhora-condicao-fisica","status":"publish","type":"post","link":"https:\/\/www.funiber.blog\/pt\/gerontologia\/2019\/01\/02\/funiber-dancar-reduz-risco-incapacidade-melhora-condicao-fisica","title":{"rendered":"Dan\u00e7ar reduz o risco de incapacidade e melhora a condi\u00e7\u00e3o f\u00edsica"},"content":{"rendered":"<h2>Idosos que dan\u00e7am t\u00eam menor risco de desenvolver uma incapacidade. Ao mesmo tempo, essa atividade melhora significativamente a pot\u00eancia aer\u00f3bica, a resist\u00eancia muscular da parte inferior do corpo, a for\u00e7a e a flexibilidade<\/h2>\n<p style=\"text-align: justify; background: white; margin: 0cm 0cm 7.5pt 0cm;\"><span style=\"font-size: 10.0pt; font-family: 'Helvetica',sans-serif; color: #373737;\">De acordo com um\u00a0<\/span><a href=\"https:\/\/newsroom.wiley.com\/press-release\/scandinavian-journal-medicine-science-sports\/dancing-may-help-older-women-maintain-abi\" target=\"_blank\" rel=\"noopener\"><span style=\"font-size: 10.0pt; font-family: 'Helvetica',sans-serif;\">estudo<\/span><\/a><span style=\"font-size: 10.0pt; font-family: 'Helvetica',sans-serif; color: #373737;\">\u00a0recente realizado por pesquisadores do\u00a0<\/span><a href=\"http:\/\/www.tmig.or.jp\/\" target=\"_blank\" rel=\"noopener\"><span style=\"font-size: 10.0pt; font-family: 'Helvetica',sans-serif;\">Instituto Metropolitano de Gerontologia de T\u00f3quio<\/span><\/a><span style=\"font-size: 10.0pt; font-family: 'Helvetica',sans-serif; color: #373737;\">\u00a0(Jap\u00e3o), a dan\u00e7a pode ajudar as mulheres idosas a manter a capacidade de realizar tarefas di\u00e1rias.<\/span><\/p>\n<p><!--more--><\/p>\n<p style=\"text-align: justify; background: white; margin: 0cm 0cm 7.5pt 0cm;\"><span style=\"font-size: 10.0pt; font-family: 'Helvetica',sans-serif; color: #373737;\">O trabalho, publicado no\u00a0<em><span style=\"font-family: 'Helvetica',sans-serif;\"><a href=\"https:\/\/onlinelibrary.wiley.com\/journal\/16000838\" target=\"_blank\" rel=\"noopener\">Scandinavian Journal of Medicine and Science in Sports<\/a><\/span><\/em>, foi conduzido analisando 1.003 mulheres japonesas idosas que n\u00e3o sofriam de nenhum tipo de incapacidade. As participantes tiveram que relatar, ap\u00f3s oito anos, quais problemas elas tinham quando realizavam as atividades di\u00e1rias de caminhar, comer, tomar banho, vestir-se ou ir ao banheiro. Os pesquisadores examinaram os efeitos potenciais de 16 tipos de exerc\u00edcios, incluindo dan\u00e7a, na redu\u00e7\u00e3o da incapacidade durante o desempenho dessas tarefas di\u00e1rias.<\/span><\/p>\n<p style=\"text-align: justify; background: white; margin: 0cm 0cm 7.5pt 0cm;\"><span style=\"font-size: 10.0pt; font-family: 'Helvetica',sans-serif; color: #373737;\">Nos resultados foi poss\u00edvel constatar que a participa\u00e7\u00e3o na dan\u00e7a, em compara\u00e7\u00e3o com a n\u00e3o participa\u00e7\u00e3o, esteve associada a uma probabilidade 73% menor de desenvolver algum tipo de incapacidade.<\/span><\/p>\n<p style=\"text-align: justify; background: white; margin: 0cm 0cm 7.5pt 0cm;\"><span style=\"font-size: 10.0pt; font-family: 'Helvetica',sans-serif; color: #373737;\">De acordo com o principal autor do estudo, doutor\u00a0<\/span><a href=\"https:\/\/www.researchgate.net\/scientific-contributions\/59143704_Yosuke_Osuka\" target=\"_blank\" rel=\"noopener\"><span style=\"font-size: 10.0pt; font-family: 'Helvetica',sans-serif;\">Yosuke Osuka,<\/span><\/a><span style=\"font-size: 10.0pt; font-family: 'Helvetica',sans-serif; color: #373737;\">\u00a0ainda n\u00e3o est\u00e1 claro por que a dan\u00e7a reduz significativamente o risco de incapacidade. O que Osuka afirma \u00e9 que \u00e9 uma atividade que requer n\u00e3o apenas equil\u00edbrio, for\u00e7a e resist\u00eancia, mas tamb\u00e9m capacidade cognitiva.<\/span><\/p>\n<p style=\"text-align: justify; background: white; margin: 0cm 0cm 7.5pt 0cm;\"><span style=\"font-size: 10.0pt; font-family: 'Helvetica',sans-serif; color: #373737;\">Essa n\u00e3o \u00e9 a primeira vez que um estudo analisa os benef\u00edcios da dan\u00e7a para idosos. Uma\u00a0<\/span><a href=\"https:\/\/journals.humankinetics.com\/doi\/pdf\/10.1123\/japa.17.4.479\"><span style=\"font-size: 10.0pt; font-family: 'Helvetica',sans-serif;\">pesquisa<\/span><\/a><span style=\"font-size: 10.0pt; font-family: 'Helvetica',sans-serif; color: #373737;\">\u00a0realizada em 2009 pela\u00a0<\/span><a href=\"https:\/\/www.aut.ac.nz\/\"><span style=\"font-size: 10.0pt; font-family: 'Helvetica',sans-serif;\">Universidade Tecnol\u00f3gica de Auckland<\/span><\/a><span style=\"font-size: 10.0pt; font-family: 'Helvetica',sans-serif; color: #373737;\">\u00a0(Nova Zel\u00e2ndia) mostrou que a dan\u00e7a poderia trazer benef\u00edcios \u00e0 parte mineral dos ossos, bem como reduzir os riscos de problemas cardiovasculares e quedas.<\/span><\/p>\n<p style=\"text-align: justify; background: white; margin: 0cm 0cm 7.5pt 0cm;\"><span style=\"font-size: 10.0pt; font-family: 'Helvetica',sans-serif; color: #373737;\">O estudo foi realizado a partir de uma revis\u00e3o de estudos cient\u00edficos sobre os benef\u00edcios f\u00edsicos da dan\u00e7a em idosos.<\/span><\/p>\n<p style=\"text-align: justify; background: white; margin: 0cm 0cm 7.5pt 0cm;\"><span style=\"font-size: 10.0pt; font-family: 'Helvetica',sans-serif; color: #373737;\">Al\u00e9m dos benef\u00edcios citados acima, os resultados da pesquisa tamb\u00e9m indicaram que a dan\u00e7a pode melhorar significativamente a pot\u00eancia aer\u00f3bica, a resist\u00eancia muscular da parte inferior do corpo, a for\u00e7a e a flexibilidade, o equil\u00edbrio, a agilidade e o caminhar em idosos.<\/span><\/p>\n<p style=\"text-align: justify; background: white; margin: 0cm 0cm 7.5pt 0cm;\"><span style=\"font-size: 10.0pt; font-family: 'Helvetica',sans-serif; color: #373737;\">Para todas as pessoas interessadas no estudo das mudan\u00e7as f\u00edsicas, sociais e mentais em idosos, a<\/span><a href=\"https:\/\/www.funiber.org.br\/\" target=\"_blank\" rel=\"noopener\"><span style=\"font-size: 10.0pt; font-family: 'Helvetica',sans-serif;\">\u00a0FUNIBER<\/span><\/a><span style=\"font-size: 10.0pt; font-family: 'Helvetica',sans-serif; color: #373737;\">\u00a0patrocina o\u00a0<\/span><a href=\"https:\/\/www.funiber.org.br\/mestrado-em-gerontologia\" target=\"_blank\" rel=\"noopener\"><span style=\"font-size: 10.0pt; font-family: 'Helvetica',sans-serif;\">Mestrado em Gerontologia<\/span><\/a><span style=\"font-size: 10.0pt; font-family: 'Helvetica',sans-serif; color: #373737;\">. Esse programa centra-se na investiga\u00e7\u00e3o dos processos de envelhecimento e nas mudan\u00e7as na sociedade que resultam do crescente envelhecimento da popula\u00e7\u00e3o.<\/span><\/p>\n<p style=\"text-align: justify; background: white; margin: 0cm 0cm 7.5pt 0cm;\"><span style=\"font-size: 10.0pt; font-family: 'Helvetica',sans-serif; color: #373737;\">Fonte:\u00a0<\/span><a href=\"http:\/\/www.igerontologico.com\/noticias\/mayores\/beneficios-baile-personas-mayores-15240.htm\" target=\"_blank\" rel=\"noopener\"><span style=\"font-size: 10.0pt; font-family: 'Helvetica',sans-serif;\">Benef\u00edcios da dan\u00e7a para idosos\u00a0<\/span><\/a><\/p>\n<p style=\"text-align: justify; background: white; margin: 0cm 0cm 7.5pt 0cm;\"><span style=\"font-size: 10.0pt; font-family: 'Helvetica',sans-serif; color: #373737;\">Foto: Creative Commons\u00a0<a href=\"https:\/\/pixabay.com\/es\/adulto-mayor-baile-pareja-couple-1546130\/\" target=\"_blank\" rel=\"noopener\">Pixabay<\/a><\/span><\/p>\n","protected":false},"excerpt":{"rendered":"<p>Idosos que dan\u00e7am t\u00eam menor risco de desenvolver uma incapacidade. Ao mesmo tempo, essa atividade melhora significativamente a pot\u00eancia aer\u00f3bica, a resist\u00eancia muscular da parte inferior do corpo, a for\u00e7a e a flexibilidade De acordo com um\u00a0estudo\u00a0recente realizado por pesquisadores do\u00a0Instituto Metropolitano de Gerontologia de T\u00f3quio\u00a0(Jap\u00e3o), a dan\u00e7a pode ajudar as mulheres idosas a manter [&hellip;]<\/p>\n","protected":false},"author":22,"featured_media":18085,"comment_status":"closed","ping_status":"closed","sticky":false,"template":"","format":"standard","meta":{"jetpack_post_was_ever_published":false,"_jetpack_newsletter_access":"","_jetpack_newsletter_tier_id":0,"footnotes":"","jetpack_publicize_message":"","jetpack_is_tweetstorm":false,"jetpack_publicize_feature_enabled":true,"jetpack_social_post_already_shared":true,"jetpack_social_options":{"image_generator_settings":{"template":"highway","enabled":false}}},"categories":[1],"tags":[1242,855,285,408,119,248,911,739,267,671,641,255,217],"jetpack_publicize_connections":[],"yoast_head":"<!-- This site is optimized with the Yoast SEO plugin v21.7 - https:\/\/yoast.com\/wordpress\/plugins\/seo\/ -->\n<title>Dan\u00e7ar reduz o risco de incapacidade e melhora a condi\u00e7\u00e3o f\u00edsica<\/title>\n<meta name=\"description\" content=\"Idosos que dan\u00e7am t\u00eam menor risco de desenvolver uma incapacidade. Ao mesmo tempo, essa atividade melhora significativamente a pot\u00eancia aer\u00f3bica, a resist\u00eancia muscular da parte inferior do corpo, a for\u00e7a e a flexibilidade\" \/>\n<meta name=\"robots\" content=\"noindex, nofollow\" \/>\n<meta property=\"og:locale\" content=\"pt_BR\" \/>\n<meta property=\"og:type\" content=\"article\" \/>\n<meta property=\"og:title\" content=\"Dan\u00e7ar reduz o risco de incapacidade e melhora a condi\u00e7\u00e3o f\u00edsica\" \/>\n<meta property=\"og:description\" content=\"Idosos que dan\u00e7am t\u00eam menor risco de desenvolver uma incapacidade. Ao mesmo tempo, essa atividade melhora significativamente a pot\u00eancia aer\u00f3bica, a resist\u00eancia muscular da parte inferior do corpo, a for\u00e7a e a flexibilidade\" \/>\n<meta property=\"og:url\" content=\"https:\/\/blogs.funiber.org\/pt\/gerontologia\/2019\/01\/02\/funiber-dancar-reduz-risco-incapacidade-melhora-condicao-fisica\" \/>\n<meta property=\"og:site_name\" content=\"FuniBlogs - FUNIBER\" \/>\n<meta property=\"article:publisher\" content=\"https:\/\/www.facebook.com\/funiber\" \/>\n<meta property=\"article:published_time\" content=\"2019-01-02T11:58:03+00:00\" \/>\n<meta property=\"article:modified_time\" content=\"2018-12-31T10:38:34+00:00\" \/>\n<meta property=\"og:image\" content=\"https:\/\/blogs.funiber.org\/pt\/wp-content\/uploads\/2019\/01\/funiber-baile-adultos-mayores.jpg\" \/>\n\t<meta property=\"og:image:width\" content=\"768\" \/>\n\t<meta property=\"og:image:height\" content=\"576\" \/>\n\t<meta property=\"og:image:type\" content=\"image\/jpeg\" \/>\n<meta name=\"author\" content=\"Meritxell Bayarri\" \/>\n<meta name=\"twitter:card\" content=\"summary_large_image\" \/>\n<meta name=\"twitter:creator\" content=\"@FUNIBER\" \/>\n<meta name=\"twitter:site\" content=\"@FUNIBER\" \/>\n<meta name=\"twitter:label1\" content=\"Escrito por\" \/>\n\t<meta name=\"twitter:data1\" content=\"Meritxell Bayarri\" \/>\n\t<meta name=\"twitter:label2\" content=\"Est. tempo de leitura\" \/>\n\t<meta name=\"twitter:data2\" content=\"2 minutos\" \/>\n<script type=\"application\/ld+json\" class=\"yoast-schema-graph\">{\"@context\":\"https:\/\/schema.org\",\"@graph\":[{\"@type\":\"Article\",\"@id\":\"https:\/\/blogs.funiber.org\/pt\/gerontologia\/2019\/01\/02\/funiber-dancar-reduz-risco-incapacidade-melhora-condicao-fisica#article\",\"isPartOf\":{\"@id\":\"https:\/\/blogs.funiber.org\/pt\/gerontologia\/2019\/01\/02\/funiber-dancar-reduz-risco-incapacidade-melhora-condicao-fisica\"},\"author\":{\"name\":\"Meritxell Bayarri\",\"@id\":\"https:\/\/blogs.funiber.org\/pt\/#\/schema\/person\/94d795d205ab2d0d46af574fc3607f83\"},\"headline\":\"Dan\u00e7ar reduz o risco de incapacidade e melhora a condi\u00e7\u00e3o f\u00edsica\",\"datePublished\":\"2019-01-02T11:58:03+00:00\",\"dateModified\":\"2018-12-31T10:38:34+00:00\",\"mainEntityOfPage\":{\"@id\":\"https:\/\/blogs.funiber.org\/pt\/gerontologia\/2019\/01\/02\/funiber-dancar-reduz-risco-incapacidade-melhora-condicao-fisica\"},\"wordCount\":446,\"publisher\":{\"@id\":\"https:\/\/blogs.funiber.org\/pt\/#organization\"},\"keywords\":[\"Bolsas\",\"Doutorado\",\"Educa\u00e7\u00e3o\",\"Educa\u00e7\u00e3o a Dist\u00e2ncia\",\"Estudos\",\"Funiber\",\"FUNIBER Opini\u00f5es\",\"gerontologia\",\"Idosos\",\"mestrado\",\"Opini\u00e3o FUNIBER\",\"Opini\u00f5es Funiber\",\"Terceira idade\"],\"articleSection\":[\"Gerontologia\"],\"inLanguage\":\"pt-BR\"},{\"@type\":\"WebPage\",\"@id\":\"https:\/\/blogs.funiber.org\/pt\/gerontologia\/2019\/01\/02\/funiber-dancar-reduz-risco-incapacidade-melhora-condicao-fisica\",\"url\":\"https:\/\/blogs.funiber.org\/pt\/gerontologia\/2019\/01\/02\/funiber-dancar-reduz-risco-incapacidade-melhora-condicao-fisica\",\"name\":\"Dan\u00e7ar reduz o risco de incapacidade e melhora a condi\u00e7\u00e3o f\u00edsica\",\"isPartOf\":{\"@id\":\"https:\/\/blogs.funiber.org\/pt\/#website\"},\"datePublished\":\"2019-01-02T11:58:03+00:00\",\"dateModified\":\"2018-12-31T10:38:34+00:00\",\"description\":\"Idosos que dan\u00e7am t\u00eam menor risco de desenvolver uma incapacidade. Ao mesmo tempo, essa atividade melhora significativamente a pot\u00eancia aer\u00f3bica, a resist\u00eancia muscular da parte inferior do corpo, a for\u00e7a e a flexibilidade\",\"breadcrumb\":{\"@id\":\"https:\/\/blogs.funiber.org\/pt\/gerontologia\/2019\/01\/02\/funiber-dancar-reduz-risco-incapacidade-melhora-condicao-fisica#breadcrumb\"},\"inLanguage\":\"pt-BR\",\"potentialAction\":[{\"@type\":\"ReadAction\",\"target\":[\"https:\/\/blogs.funiber.org\/pt\/gerontologia\/2019\/01\/02\/funiber-dancar-reduz-risco-incapacidade-melhora-condicao-fisica\"]}]},{\"@type\":\"BreadcrumbList\",\"@id\":\"https:\/\/blogs.funiber.org\/pt\/gerontologia\/2019\/01\/02\/funiber-dancar-reduz-risco-incapacidade-melhora-condicao-fisica#breadcrumb\",\"itemListElement\":[{\"@type\":\"ListItem\",\"position\":1,\"name\":\"In\u00edcio\",\"item\":\"https:\/\/blogs.funiber.org\/pt\"},{\"@type\":\"ListItem\",\"position\":2,\"name\":\"Dan\u00e7ar reduz o risco de incapacidade e melhora a condi\u00e7\u00e3o f\u00edsica\"}]},{\"@type\":\"WebSite\",\"@id\":\"https:\/\/blogs.funiber.org\/pt\/#website\",\"url\":\"https:\/\/blogs.funiber.org\/pt\/\",\"name\":\"FuniBlogs - FUNIBER\",\"description\":\"\",\"publisher\":{\"@id\":\"https:\/\/blogs.funiber.org\/pt\/#organization\"},\"potentialAction\":[{\"@type\":\"SearchAction\",\"target\":{\"@type\":\"EntryPoint\",\"urlTemplate\":\"https:\/\/blogs.funiber.org\/pt\/?s={search_term_string}\"},\"query-input\":\"required name=search_term_string\"}],\"inLanguage\":\"pt-BR\"},{\"@type\":\"Organization\",\"@id\":\"https:\/\/blogs.funiber.org\/pt\/#organization\",\"name\":\"FuniBlogs - FUNIBER\",\"url\":\"https:\/\/blogs.funiber.org\/pt\/\",\"logo\":{\"@type\":\"ImageObject\",\"inLanguage\":\"pt-BR\",\"@id\":\"https:\/\/blogs.funiber.org\/pt\/#\/schema\/logo\/image\/\",\"url\":\"https:\/\/www.funiber.blog\/pt\/wp-content\/uploads\/2022\/02\/logo-funiber-pt-br-v-dos.svg\",\"contentUrl\":\"https:\/\/www.funiber.blog\/pt\/wp-content\/uploads\/2022\/02\/logo-funiber-pt-br-v-dos.svg\",\"width\":1,\"height\":1,\"caption\":\"FuniBlogs - FUNIBER\"},\"image\":{\"@id\":\"https:\/\/blogs.funiber.org\/pt\/#\/schema\/logo\/image\/\"},\"sameAs\":[\"https:\/\/www.facebook.com\/funiber\",\"https:\/\/twitter.com\/FUNIBER\",\"https:\/\/www.instagram.com\/funiber_becas\",\"https:\/\/www.youtube.com\/user\/funiber\",\"https:\/\/www.linkedin.com\/company\/funiber\"]},{\"@type\":\"Person\",\"@id\":\"https:\/\/blogs.funiber.org\/pt\/#\/schema\/person\/94d795d205ab2d0d46af574fc3607f83\",\"name\":\"Meritxell Bayarri\",\"image\":{\"@type\":\"ImageObject\",\"inLanguage\":\"pt-BR\",\"@id\":\"https:\/\/blogs.funiber.org\/pt\/#\/schema\/person\/image\/\",\"url\":\"https:\/\/secure.gravatar.com\/avatar\/4f90217c5b8287de49f16fabd7246866?s=96&d=mm&r=g\",\"contentUrl\":\"https:\/\/secure.gravatar.com\/avatar\/4f90217c5b8287de49f16fabd7246866?s=96&d=mm&r=g\",\"caption\":\"Meritxell Bayarri\"},\"url\":\"https:\/\/www.funiber.blog\/pt\/author\/meritxellbayarri\"}]}<\/script>\n<!-- \/ Yoast SEO plugin. -->","yoast_head_json":{"title":"Dan\u00e7ar reduz o risco de incapacidade e melhora a condi\u00e7\u00e3o f\u00edsica","description":"Idosos que dan\u00e7am t\u00eam menor risco de desenvolver uma incapacidade. Ao mesmo tempo, essa atividade melhora significativamente a pot\u00eancia aer\u00f3bica, a resist\u00eancia muscular da parte inferior do corpo, a for\u00e7a e a flexibilidade","robots":{"index":"noindex","follow":"nofollow"},"og_locale":"pt_BR","og_type":"article","og_title":"Dan\u00e7ar reduz o risco de incapacidade e melhora a condi\u00e7\u00e3o f\u00edsica","og_description":"Idosos que dan\u00e7am t\u00eam menor risco de desenvolver uma incapacidade. Ao mesmo tempo, essa atividade melhora significativamente a pot\u00eancia aer\u00f3bica, a resist\u00eancia muscular da parte inferior do corpo, a for\u00e7a e a flexibilidade","og_url":"https:\/\/blogs.funiber.org\/pt\/gerontologia\/2019\/01\/02\/funiber-dancar-reduz-risco-incapacidade-melhora-condicao-fisica","og_site_name":"FuniBlogs - FUNIBER","article_publisher":"https:\/\/www.facebook.com\/funiber","article_published_time":"2019-01-02T11:58:03+00:00","article_modified_time":"2018-12-31T10:38:34+00:00","og_image":[{"width":768,"height":576,"url":"https:\/\/blogs.funiber.org\/pt\/wp-content\/uploads\/2019\/01\/funiber-baile-adultos-mayores.jpg","type":"image\/jpeg"}],"author":"Meritxell Bayarri","twitter_card":"summary_large_image","twitter_creator":"@FUNIBER","twitter_site":"@FUNIBER","twitter_misc":{"Escrito por":"Meritxell Bayarri","Est. tempo de leitura":"2 minutos"},"schema":{"@context":"https:\/\/schema.org","@graph":[{"@type":"Article","@id":"https:\/\/blogs.funiber.org\/pt\/gerontologia\/2019\/01\/02\/funiber-dancar-reduz-risco-incapacidade-melhora-condicao-fisica#article","isPartOf":{"@id":"https:\/\/blogs.funiber.org\/pt\/gerontologia\/2019\/01\/02\/funiber-dancar-reduz-risco-incapacidade-melhora-condicao-fisica"},"author":{"name":"Meritxell Bayarri","@id":"https:\/\/blogs.funiber.org\/pt\/#\/schema\/person\/94d795d205ab2d0d46af574fc3607f83"},"headline":"Dan\u00e7ar reduz o risco de incapacidade e melhora a condi\u00e7\u00e3o f\u00edsica","datePublished":"2019-01-02T11:58:03+00:00","dateModified":"2018-12-31T10:38:34+00:00","mainEntityOfPage":{"@id":"https:\/\/blogs.funiber.org\/pt\/gerontologia\/2019\/01\/02\/funiber-dancar-reduz-risco-incapacidade-melhora-condicao-fisica"},"wordCount":446,"publisher":{"@id":"https:\/\/blogs.funiber.org\/pt\/#organization"},"keywords":["Bolsas","Doutorado","Educa\u00e7\u00e3o","Educa\u00e7\u00e3o a Dist\u00e2ncia","Estudos","Funiber","FUNIBER Opini\u00f5es","gerontologia","Idosos","mestrado","Opini\u00e3o FUNIBER","Opini\u00f5es Funiber","Terceira idade"],"articleSection":["Gerontologia"],"inLanguage":"pt-BR"},{"@type":"WebPage","@id":"https:\/\/blogs.funiber.org\/pt\/gerontologia\/2019\/01\/02\/funiber-dancar-reduz-risco-incapacidade-melhora-condicao-fisica","url":"https:\/\/blogs.funiber.org\/pt\/gerontologia\/2019\/01\/02\/funiber-dancar-reduz-risco-incapacidade-melhora-condicao-fisica","name":"Dan\u00e7ar reduz o risco de incapacidade e melhora a condi\u00e7\u00e3o f\u00edsica","isPartOf":{"@id":"https:\/\/blogs.funiber.org\/pt\/#website"},"datePublished":"2019-01-02T11:58:03+00:00","dateModified":"2018-12-31T10:38:34+00:00","description":"Idosos que dan\u00e7am t\u00eam menor risco de desenvolver uma incapacidade. Ao mesmo tempo, essa atividade melhora significativamente a pot\u00eancia aer\u00f3bica, a resist\u00eancia muscular da parte inferior do corpo, a for\u00e7a e a flexibilidade","breadcrumb":{"@id":"https:\/\/blogs.funiber.org\/pt\/gerontologia\/2019\/01\/02\/funiber-dancar-reduz-risco-incapacidade-melhora-condicao-fisica#breadcrumb"},"inLanguage":"pt-BR","potentialAction":[{"@type":"ReadAction","target":["https:\/\/blogs.funiber.org\/pt\/gerontologia\/2019\/01\/02\/funiber-dancar-reduz-risco-incapacidade-melhora-condicao-fisica"]}]},{"@type":"BreadcrumbList","@id":"https:\/\/blogs.funiber.org\/pt\/gerontologia\/2019\/01\/02\/funiber-dancar-reduz-risco-incapacidade-melhora-condicao-fisica#breadcrumb","itemListElement":[{"@type":"ListItem","position":1,"name":"In\u00edcio","item":"https:\/\/blogs.funiber.org\/pt"},{"@type":"ListItem","position":2,"name":"Dan\u00e7ar reduz o risco de incapacidade e melhora a condi\u00e7\u00e3o f\u00edsica"}]},{"@type":"WebSite","@id":"https:\/\/blogs.funiber.org\/pt\/#website","url":"https:\/\/blogs.funiber.org\/pt\/","name":"FuniBlogs - FUNIBER","description":"","publisher":{"@id":"https:\/\/blogs.funiber.org\/pt\/#organization"},"potentialAction":[{"@type":"SearchAction","target":{"@type":"EntryPoint","urlTemplate":"https:\/\/blogs.funiber.org\/pt\/?s={search_term_string}"},"query-input":"required name=search_term_string"}],"inLanguage":"pt-BR"},{"@type":"Organization","@id":"https:\/\/blogs.funiber.org\/pt\/#organization","name":"FuniBlogs - FUNIBER","url":"https:\/\/blogs.funiber.org\/pt\/","logo":{"@type":"ImageObject","inLanguage":"pt-BR","@id":"https:\/\/blogs.funiber.org\/pt\/#\/schema\/logo\/image\/","url":"https:\/\/www.funiber.blog\/pt\/wp-content\/uploads\/2022\/02\/logo-funiber-pt-br-v-dos.svg","contentUrl":"https:\/\/www.funiber.blog\/pt\/wp-content\/uploads\/2022\/02\/logo-funiber-pt-br-v-dos.svg","width":1,"height":1,"caption":"FuniBlogs - FUNIBER"},"image":{"@id":"https:\/\/blogs.funiber.org\/pt\/#\/schema\/logo\/image\/"},"sameAs":["https:\/\/www.facebook.com\/funiber","https:\/\/twitter.com\/FUNIBER","https:\/\/www.instagram.com\/funiber_becas","https:\/\/www.youtube.com\/user\/funiber","https:\/\/www.linkedin.com\/company\/funiber"]},{"@type":"Person","@id":"https:\/\/blogs.funiber.org\/pt\/#\/schema\/person\/94d795d205ab2d0d46af574fc3607f83","name":"Meritxell Bayarri","image":{"@type":"ImageObject","inLanguage":"pt-BR","@id":"https:\/\/blogs.funiber.org\/pt\/#\/schema\/person\/image\/","url":"https:\/\/secure.gravatar.com\/avatar\/4f90217c5b8287de49f16fabd7246866?s=96&d=mm&r=g","contentUrl":"https:\/\/secure.gravatar.com\/avatar\/4f90217c5b8287de49f16fabd7246866?s=96&d=mm&r=g","caption":"Meritxell Bayarri"},"url":"https:\/\/www.funiber.blog\/pt\/author\/meritxellbayarri"}]}},"jetpack_featured_media_url":"https:\/\/www.funiber.blog\/pt\/wp-content\/uploads\/2019\/01\/funiber-baile-adultos-mayores.jpg","jetpack_shortlink":"https:\/\/wp.me\/p7ee1t-4HE","jetpack_sharing_enabled":true,"_links":{"self":[{"href":"https:\/\/www.funiber.blog\/pt\/wp-json\/wp\/v2\/posts\/18082"}],"collection":[{"href":"https:\/\/www.funiber.blog\/pt\/wp-json\/wp\/v2\/posts"}],"about":[{"href":"https:\/\/www.funiber.blog\/pt\/wp-json\/wp\/v2\/types\/post"}],"author":[{"embeddable":true,"href":"https:\/\/www.funiber.blog\/pt\/wp-json\/wp\/v2\/users\/22"}],"replies":[{"embeddable":true,"href":"https:\/\/www.funiber.blog\/pt\/wp-json\/wp\/v2\/comments?post=18082"}],"version-history":[{"count":3,"href":"https:\/\/www.funiber.blog\/pt\/wp-json\/wp\/v2\/posts\/18082\/revisions"}],"predecessor-version":[{"id":18086,"href":"https:\/\/www.funiber.blog\/pt\/wp-json\/wp\/v2\/posts\/18082\/revisions\/18086"}],"wp:featuredmedia":[{"embeddable":true,"href":"https:\/\/www.funiber.blog\/pt\/wp-json\/wp\/v2\/media\/18085"}],"wp:attachment":[{"href":"https:\/\/www.funiber.blog\/pt\/wp-json\/wp\/v2\/media?parent=18082"}],"wp:term":[{"taxonomy":"category","embeddable":true,"href":"https:\/\/www.funiber.blog\/pt\/wp-json\/wp\/v2\/categories?post=18082"},{"taxonomy":"post_tag","embeddable":true,"href":"https:\/\/www.funiber.blog\/pt\/wp-json\/wp\/v2\/tags?post=18082"}],"curies":[{"name":"wp","href":"https:\/\/api.w.org\/{rel}","templated":true}]}}