{"id":18120,"date":"2019-01-06T13:55:45","date_gmt":"2019-01-06T13:55:45","guid":{"rendered":"https:\/\/blogs.funiber.org\/pt\/?p=18120"},"modified":"2019-01-04T12:40:29","modified_gmt":"2019-01-04T12:40:29","slug":"funiber-design-inclusivo-forma-alcancar-todas-pessoas","status":"publish","type":"post","link":"https:\/\/www.funiber.blog\/pt\/empresas-e-rh\/2019\/01\/06\/funiber-design-inclusivo-forma-alcancar-todas-pessoas","title":{"rendered":"O design inclusivo, uma forma de alcan\u00e7ar todas as pessoas"},"content":{"rendered":"<h2>Este tipo de produtos se caracterizam por ser simples e intuitivos, incluindo informa\u00e7\u00e3o f\u00e1cil de se perceber<\/h2>\n<p>O packaging e o design inclusivo d\u00e3o nome \u00e0queles tipos de embalagens ou produtos que qualquer pessoa pode descodificar e utilizar, independentemente de sua idade, cultura e idioma, de suas capacidades perceptivas e\/ou cognitivas ou de seu funcionamento f\u00edsico, explica o portal <a href=\"http:\/\/tendenciascreativas.com.ar\/packaging-inclusivo\/\" target=\"_blank\" rel=\"noopener\">Tendencias Creativas<\/a>. Estes tipos de artigos s\u00e3o caracterizados por contar com uma f\u00e1cil abertura, pensada \u00e0s pessoas com mobilidade reduzida, ou conter informa\u00e7\u00e3o em Braile, para as pessoas cegas.<\/p>\n<p><!--more--><\/p>\n<p>Alguns dos princ\u00edpios do design inclusivo consideram a igualdade de uso das embalagens, ou seja, que se destinam a qualquer pessoa independentemente de suas capacidades e habilidades; incluem informa\u00e7\u00e3o f\u00e1cil de ser notada; s\u00e3o simples e intuitivos, possuem dimens\u00f5es apropriadas e s\u00e3o tolerantes a erros, o que significa que minimizam as a\u00e7\u00f5es acidentais ou fortuitas, que podem ter m\u00e1s consequ\u00eancias.<\/p>\n<p>De acordo com o especialista em publicidade <a href=\"https:\/\/www.linkedin.com\/in\/jlazkarate\/\" target=\"_blank\" rel=\"noopener\">Juan Luis Azkarate<\/a>, marcas e profissionais de marketing podem fazer muitas coisas para serem mais inclusivas: primeiro, devem perceber que os clientes n\u00e3o s\u00e3o uma m\u00e1quina padr\u00e3o e, segundo, devem fazer com que os designs inclusivos possam melhorar a vida de milh\u00f5es de pessoas enquanto a empresa fortalece a competitividade de sua marca.<\/p>\n<p>&#8220;O marketing n\u00e3o \u00e9 muito consciente da exclus\u00e3o que gera&#8221;, diz Azkarate, que acredita que a sociedade em geral deve tomar mais medidas para aproximar a defici\u00eancia \u00e0 cidadania.<\/p>\n<p>Um exemplo de design inclusivo \u00e9 <a href=\"https:\/\/www.experimenta.es\/noticias\/industrial\/glifo-herramientas-de-diseno-y-escrituras-para-ninos-con-discapacidad-motora\/\" target=\"_blank\" rel=\"noopener\">Glifo<\/a>, uma cole\u00e7\u00e3o de ferramentas de desenho e escrita pensada para crian\u00e7as com defici\u00eancia motora, que conta com tr\u00eas al\u00e7as diferentes, que se adaptam cada uma a uma postura distinta das m\u00e3os e dedos.<\/p>\n<p>Todas as pessoas interessadas no design de produtos podem cursar o <a href=\"https:\/\/www.funiber.org.br\/mestrado-em-desenvolvimento-de-projetos-de-inovacao-e-produto\" target=\"_blank\" rel=\"noopener\">Mestrado em desenvolvimento de Projetos de Inova\u00e7\u00e3o e Produto<\/a>, patrocinado pela <a href=\"https:\/\/www.funiber.org.br\/\" target=\"_blank\" rel=\"noopener\">FUNIBER<\/a>. Este programa de localiza em um posto estrategicamente m\u00e9dio, entre profissionais de Design e profissionais das \u00e1reas chave do management, aportando aos primeiros novos temas de gest\u00e3o e aos segundos processos criativos, por\u00e9m metodol\u00f3gicos.<\/p>\n<p>Fonte:\u00a0<a href=\"https:\/\/www.marketingdirecto.com\/marketing-general\/marketing\/accesibilidad-y-packaging-el-diseno-inclusivo\" target=\"_blank\" rel=\"noopener\">Accesibilidad y packaging: el dise\u00f1o inclusivo<\/a><\/p>\n<p>Foto: Creative Commons\u00a0<a href=\"https:\/\/www.pexels.com\/photo\/person-holding-blue-clip-board-1327214\/\" target=\"_blank\" rel=\"noopener\">Pexels<\/a><\/p>\n","protected":false},"excerpt":{"rendered":"<p>Este tipo de produtos se caracterizam por ser simples e intuitivos, incluindo informa\u00e7\u00e3o f\u00e1cil de se perceber O packaging e o design inclusivo d\u00e3o nome \u00e0queles tipos de embalagens ou produtos que qualquer pessoa pode descodificar e utilizar, independentemente de sua idade, cultura e idioma, de suas capacidades perceptivas e\/ou cognitivas ou de seu funcionamento [&hellip;]<\/p>\n","protected":false},"author":22,"featured_media":18121,"comment_status":"closed","ping_status":"closed","sticky":false,"template":"","format":"standard","meta":{"jetpack_post_was_ever_published":false,"_jetpack_newsletter_access":"","_jetpack_newsletter_tier_id":0,"footnotes":"","jetpack_publicize_message":"","jetpack_is_tweetstorm":false,"jetpack_publicize_feature_enabled":true,"jetpack_social_post_already_shared":true,"jetpack_social_options":{"image_generator_settings":{"template":"highway","enabled":false}}},"categories":[8,7],"tags":[1242,855,285,408,119,248,911,671,641,255,112],"jetpack_publicize_connections":[],"yoast_head":"<!-- This site is optimized with the Yoast SEO plugin v21.7 - https:\/\/yoast.com\/wordpress\/plugins\/seo\/ -->\n<title>O design inclusivo, uma forma de alcan\u00e7ar todas as pessoas<\/title>\n<meta name=\"description\" content=\"Este tipo de produtos se caracterizam por ser simples e intuitivos, incluindo informa\u00e7\u00e3o f\u00e1cil de se perceber\" \/>\n<meta name=\"robots\" content=\"noindex, nofollow\" \/>\n<meta property=\"og:locale\" content=\"pt_BR\" \/>\n<meta property=\"og:type\" content=\"article\" \/>\n<meta property=\"og:title\" content=\"O design inclusivo, uma forma de alcan\u00e7ar todas as pessoas\" \/>\n<meta property=\"og:description\" content=\"Este tipo de produtos se caracterizam por ser simples e intuitivos, incluindo informa\u00e7\u00e3o f\u00e1cil de se perceber\" \/>\n<meta property=\"og:url\" content=\"https:\/\/blogs.funiber.org\/pt\/arquitetura-e-desenho\/2019\/01\/06\/funiber-design-inclusivo-forma-alcancar-todas-pessoas\" \/>\n<meta property=\"og:site_name\" content=\"FuniBlogs - FUNIBER\" \/>\n<meta property=\"article:publisher\" content=\"https:\/\/www.facebook.com\/funiber\" \/>\n<meta property=\"article:published_time\" content=\"2019-01-06T13:55:45+00:00\" \/>\n<meta property=\"article:modified_time\" content=\"2019-01-04T12:40:29+00:00\" \/>\n<meta property=\"og:image\" content=\"https:\/\/blogs.funiber.org\/pt\/wp-content\/uploads\/2019\/01\/funiber-diseno-inclusivo.jpg\" \/>\n\t<meta property=\"og:image:width\" content=\"768\" \/>\n\t<meta property=\"og:image:height\" content=\"576\" \/>\n\t<meta property=\"og:image:type\" content=\"image\/jpeg\" \/>\n<meta name=\"author\" content=\"Meritxell Bayarri\" \/>\n<meta name=\"twitter:card\" content=\"summary_large_image\" \/>\n<meta name=\"twitter:creator\" content=\"@FUNIBER\" \/>\n<meta name=\"twitter:site\" content=\"@FUNIBER\" \/>\n<meta name=\"twitter:label1\" content=\"Escrito por\" \/>\n\t<meta name=\"twitter:data1\" content=\"Meritxell Bayarri\" \/>\n\t<meta name=\"twitter:label2\" content=\"Est. tempo de leitura\" \/>\n\t<meta name=\"twitter:data2\" content=\"2 minutos\" \/>\n<script type=\"application\/ld+json\" class=\"yoast-schema-graph\">{\"@context\":\"https:\/\/schema.org\",\"@graph\":[{\"@type\":\"Article\",\"@id\":\"https:\/\/blogs.funiber.org\/pt\/arquitetura-e-desenho\/2019\/01\/06\/funiber-design-inclusivo-forma-alcancar-todas-pessoas#article\",\"isPartOf\":{\"@id\":\"https:\/\/blogs.funiber.org\/pt\/arquitetura-e-desenho\/2019\/01\/06\/funiber-design-inclusivo-forma-alcancar-todas-pessoas\"},\"author\":{\"name\":\"Meritxell Bayarri\",\"@id\":\"https:\/\/blogs.funiber.org\/pt\/#\/schema\/person\/94d795d205ab2d0d46af574fc3607f83\"},\"headline\":\"O design inclusivo, uma forma de alcan\u00e7ar todas as pessoas\",\"datePublished\":\"2019-01-06T13:55:45+00:00\",\"dateModified\":\"2019-01-04T12:40:29+00:00\",\"mainEntityOfPage\":{\"@id\":\"https:\/\/blogs.funiber.org\/pt\/arquitetura-e-desenho\/2019\/01\/06\/funiber-design-inclusivo-forma-alcancar-todas-pessoas\"},\"wordCount\":390,\"publisher\":{\"@id\":\"https:\/\/blogs.funiber.org\/pt\/#organization\"},\"keywords\":[\"Bolsas\",\"Doutorado\",\"Educa\u00e7\u00e3o\",\"Educa\u00e7\u00e3o a Dist\u00e2ncia\",\"Estudos\",\"Funiber\",\"FUNIBER Opini\u00f5es\",\"mestrado\",\"Opini\u00e3o FUNIBER\",\"Opini\u00f5es Funiber\",\"Projetos\"],\"articleSection\":[\"Empresas, Dire\u00e7\u00e3o e RH\",\"Projetos\"],\"inLanguage\":\"pt-BR\"},{\"@type\":\"WebPage\",\"@id\":\"https:\/\/blogs.funiber.org\/pt\/arquitetura-e-desenho\/2019\/01\/06\/funiber-design-inclusivo-forma-alcancar-todas-pessoas\",\"url\":\"https:\/\/blogs.funiber.org\/pt\/arquitetura-e-desenho\/2019\/01\/06\/funiber-design-inclusivo-forma-alcancar-todas-pessoas\",\"name\":\"O design inclusivo, uma forma de alcan\u00e7ar todas as pessoas\",\"isPartOf\":{\"@id\":\"https:\/\/blogs.funiber.org\/pt\/#website\"},\"datePublished\":\"2019-01-06T13:55:45+00:00\",\"dateModified\":\"2019-01-04T12:40:29+00:00\",\"description\":\"Este tipo de produtos se caracterizam por ser simples e intuitivos, incluindo informa\u00e7\u00e3o f\u00e1cil de se perceber\",\"breadcrumb\":{\"@id\":\"https:\/\/blogs.funiber.org\/pt\/arquitetura-e-desenho\/2019\/01\/06\/funiber-design-inclusivo-forma-alcancar-todas-pessoas#breadcrumb\"},\"inLanguage\":\"pt-BR\",\"potentialAction\":[{\"@type\":\"ReadAction\",\"target\":[\"https:\/\/blogs.funiber.org\/pt\/arquitetura-e-desenho\/2019\/01\/06\/funiber-design-inclusivo-forma-alcancar-todas-pessoas\"]}]},{\"@type\":\"BreadcrumbList\",\"@id\":\"https:\/\/blogs.funiber.org\/pt\/arquitetura-e-desenho\/2019\/01\/06\/funiber-design-inclusivo-forma-alcancar-todas-pessoas#breadcrumb\",\"itemListElement\":[{\"@type\":\"ListItem\",\"position\":1,\"name\":\"In\u00edcio\",\"item\":\"https:\/\/blogs.funiber.org\/pt\"},{\"@type\":\"ListItem\",\"position\":2,\"name\":\"O design inclusivo, uma forma de alcan\u00e7ar todas as pessoas\"}]},{\"@type\":\"WebSite\",\"@id\":\"https:\/\/blogs.funiber.org\/pt\/#website\",\"url\":\"https:\/\/blogs.funiber.org\/pt\/\",\"name\":\"FuniBlogs - FUNIBER\",\"description\":\"\",\"publisher\":{\"@id\":\"https:\/\/blogs.funiber.org\/pt\/#organization\"},\"potentialAction\":[{\"@type\":\"SearchAction\",\"target\":{\"@type\":\"EntryPoint\",\"urlTemplate\":\"https:\/\/blogs.funiber.org\/pt\/?s={search_term_string}\"},\"query-input\":\"required name=search_term_string\"}],\"inLanguage\":\"pt-BR\"},{\"@type\":\"Organization\",\"@id\":\"https:\/\/blogs.funiber.org\/pt\/#organization\",\"name\":\"FuniBlogs - FUNIBER\",\"url\":\"https:\/\/blogs.funiber.org\/pt\/\",\"logo\":{\"@type\":\"ImageObject\",\"inLanguage\":\"pt-BR\",\"@id\":\"https:\/\/blogs.funiber.org\/pt\/#\/schema\/logo\/image\/\",\"url\":\"https:\/\/www.funiber.blog\/pt\/wp-content\/uploads\/2022\/02\/logo-funiber-pt-br-v-dos.svg\",\"contentUrl\":\"https:\/\/www.funiber.blog\/pt\/wp-content\/uploads\/2022\/02\/logo-funiber-pt-br-v-dos.svg\",\"width\":1,\"height\":1,\"caption\":\"FuniBlogs - FUNIBER\"},\"image\":{\"@id\":\"https:\/\/blogs.funiber.org\/pt\/#\/schema\/logo\/image\/\"},\"sameAs\":[\"https:\/\/www.facebook.com\/funiber\",\"https:\/\/twitter.com\/FUNIBER\",\"https:\/\/www.instagram.com\/funiber_becas\",\"https:\/\/www.youtube.com\/user\/funiber\",\"https:\/\/www.linkedin.com\/company\/funiber\"]},{\"@type\":\"Person\",\"@id\":\"https:\/\/blogs.funiber.org\/pt\/#\/schema\/person\/94d795d205ab2d0d46af574fc3607f83\",\"name\":\"Meritxell Bayarri\",\"image\":{\"@type\":\"ImageObject\",\"inLanguage\":\"pt-BR\",\"@id\":\"https:\/\/blogs.funiber.org\/pt\/#\/schema\/person\/image\/\",\"url\":\"https:\/\/secure.gravatar.com\/avatar\/4f90217c5b8287de49f16fabd7246866?s=96&d=mm&r=g\",\"contentUrl\":\"https:\/\/secure.gravatar.com\/avatar\/4f90217c5b8287de49f16fabd7246866?s=96&d=mm&r=g\",\"caption\":\"Meritxell Bayarri\"},\"url\":\"https:\/\/www.funiber.blog\/pt\/author\/meritxellbayarri\"}]}<\/script>\n<!-- \/ Yoast SEO plugin. -->","yoast_head_json":{"title":"O design inclusivo, uma forma de alcan\u00e7ar todas as pessoas","description":"Este tipo de produtos se caracterizam por ser simples e intuitivos, incluindo informa\u00e7\u00e3o f\u00e1cil de se perceber","robots":{"index":"noindex","follow":"nofollow"},"og_locale":"pt_BR","og_type":"article","og_title":"O design inclusivo, uma forma de alcan\u00e7ar todas as pessoas","og_description":"Este tipo de produtos se caracterizam por ser simples e intuitivos, incluindo informa\u00e7\u00e3o f\u00e1cil de se perceber","og_url":"https:\/\/blogs.funiber.org\/pt\/arquitetura-e-desenho\/2019\/01\/06\/funiber-design-inclusivo-forma-alcancar-todas-pessoas","og_site_name":"FuniBlogs - FUNIBER","article_publisher":"https:\/\/www.facebook.com\/funiber","article_published_time":"2019-01-06T13:55:45+00:00","article_modified_time":"2019-01-04T12:40:29+00:00","og_image":[{"width":768,"height":576,"url":"https:\/\/blogs.funiber.org\/pt\/wp-content\/uploads\/2019\/01\/funiber-diseno-inclusivo.jpg","type":"image\/jpeg"}],"author":"Meritxell Bayarri","twitter_card":"summary_large_image","twitter_creator":"@FUNIBER","twitter_site":"@FUNIBER","twitter_misc":{"Escrito por":"Meritxell Bayarri","Est. tempo de leitura":"2 minutos"},"schema":{"@context":"https:\/\/schema.org","@graph":[{"@type":"Article","@id":"https:\/\/blogs.funiber.org\/pt\/arquitetura-e-desenho\/2019\/01\/06\/funiber-design-inclusivo-forma-alcancar-todas-pessoas#article","isPartOf":{"@id":"https:\/\/blogs.funiber.org\/pt\/arquitetura-e-desenho\/2019\/01\/06\/funiber-design-inclusivo-forma-alcancar-todas-pessoas"},"author":{"name":"Meritxell Bayarri","@id":"https:\/\/blogs.funiber.org\/pt\/#\/schema\/person\/94d795d205ab2d0d46af574fc3607f83"},"headline":"O design inclusivo, uma forma de alcan\u00e7ar todas as pessoas","datePublished":"2019-01-06T13:55:45+00:00","dateModified":"2019-01-04T12:40:29+00:00","mainEntityOfPage":{"@id":"https:\/\/blogs.funiber.org\/pt\/arquitetura-e-desenho\/2019\/01\/06\/funiber-design-inclusivo-forma-alcancar-todas-pessoas"},"wordCount":390,"publisher":{"@id":"https:\/\/blogs.funiber.org\/pt\/#organization"},"keywords":["Bolsas","Doutorado","Educa\u00e7\u00e3o","Educa\u00e7\u00e3o a Dist\u00e2ncia","Estudos","Funiber","FUNIBER Opini\u00f5es","mestrado","Opini\u00e3o FUNIBER","Opini\u00f5es Funiber","Projetos"],"articleSection":["Empresas, Dire\u00e7\u00e3o e RH","Projetos"],"inLanguage":"pt-BR"},{"@type":"WebPage","@id":"https:\/\/blogs.funiber.org\/pt\/arquitetura-e-desenho\/2019\/01\/06\/funiber-design-inclusivo-forma-alcancar-todas-pessoas","url":"https:\/\/blogs.funiber.org\/pt\/arquitetura-e-desenho\/2019\/01\/06\/funiber-design-inclusivo-forma-alcancar-todas-pessoas","name":"O design inclusivo, uma forma de alcan\u00e7ar todas as pessoas","isPartOf":{"@id":"https:\/\/blogs.funiber.org\/pt\/#website"},"datePublished":"2019-01-06T13:55:45+00:00","dateModified":"2019-01-04T12:40:29+00:00","description":"Este tipo de produtos se caracterizam por ser simples e intuitivos, incluindo informa\u00e7\u00e3o f\u00e1cil de se perceber","breadcrumb":{"@id":"https:\/\/blogs.funiber.org\/pt\/arquitetura-e-desenho\/2019\/01\/06\/funiber-design-inclusivo-forma-alcancar-todas-pessoas#breadcrumb"},"inLanguage":"pt-BR","potentialAction":[{"@type":"ReadAction","target":["https:\/\/blogs.funiber.org\/pt\/arquitetura-e-desenho\/2019\/01\/06\/funiber-design-inclusivo-forma-alcancar-todas-pessoas"]}]},{"@type":"BreadcrumbList","@id":"https:\/\/blogs.funiber.org\/pt\/arquitetura-e-desenho\/2019\/01\/06\/funiber-design-inclusivo-forma-alcancar-todas-pessoas#breadcrumb","itemListElement":[{"@type":"ListItem","position":1,"name":"In\u00edcio","item":"https:\/\/blogs.funiber.org\/pt"},{"@type":"ListItem","position":2,"name":"O design inclusivo, uma forma de alcan\u00e7ar todas as pessoas"}]},{"@type":"WebSite","@id":"https:\/\/blogs.funiber.org\/pt\/#website","url":"https:\/\/blogs.funiber.org\/pt\/","name":"FuniBlogs - FUNIBER","description":"","publisher":{"@id":"https:\/\/blogs.funiber.org\/pt\/#organization"},"potentialAction":[{"@type":"SearchAction","target":{"@type":"EntryPoint","urlTemplate":"https:\/\/blogs.funiber.org\/pt\/?s={search_term_string}"},"query-input":"required name=search_term_string"}],"inLanguage":"pt-BR"},{"@type":"Organization","@id":"https:\/\/blogs.funiber.org\/pt\/#organization","name":"FuniBlogs - FUNIBER","url":"https:\/\/blogs.funiber.org\/pt\/","logo":{"@type":"ImageObject","inLanguage":"pt-BR","@id":"https:\/\/blogs.funiber.org\/pt\/#\/schema\/logo\/image\/","url":"https:\/\/www.funiber.blog\/pt\/wp-content\/uploads\/2022\/02\/logo-funiber-pt-br-v-dos.svg","contentUrl":"https:\/\/www.funiber.blog\/pt\/wp-content\/uploads\/2022\/02\/logo-funiber-pt-br-v-dos.svg","width":1,"height":1,"caption":"FuniBlogs - FUNIBER"},"image":{"@id":"https:\/\/blogs.funiber.org\/pt\/#\/schema\/logo\/image\/"},"sameAs":["https:\/\/www.facebook.com\/funiber","https:\/\/twitter.com\/FUNIBER","https:\/\/www.instagram.com\/funiber_becas","https:\/\/www.youtube.com\/user\/funiber","https:\/\/www.linkedin.com\/company\/funiber"]},{"@type":"Person","@id":"https:\/\/blogs.funiber.org\/pt\/#\/schema\/person\/94d795d205ab2d0d46af574fc3607f83","name":"Meritxell Bayarri","image":{"@type":"ImageObject","inLanguage":"pt-BR","@id":"https:\/\/blogs.funiber.org\/pt\/#\/schema\/person\/image\/","url":"https:\/\/secure.gravatar.com\/avatar\/4f90217c5b8287de49f16fabd7246866?s=96&d=mm&r=g","contentUrl":"https:\/\/secure.gravatar.com\/avatar\/4f90217c5b8287de49f16fabd7246866?s=96&d=mm&r=g","caption":"Meritxell Bayarri"},"url":"https:\/\/www.funiber.blog\/pt\/author\/meritxellbayarri"}]}},"jetpack_featured_media_url":"https:\/\/www.funiber.blog\/pt\/wp-content\/uploads\/2019\/01\/funiber-diseno-inclusivo.jpg","jetpack_shortlink":"https:\/\/wp.me\/p7ee1t-4Ig","jetpack_sharing_enabled":true,"_links":{"self":[{"href":"https:\/\/www.funiber.blog\/pt\/wp-json\/wp\/v2\/posts\/18120"}],"collection":[{"href":"https:\/\/www.funiber.blog\/pt\/wp-json\/wp\/v2\/posts"}],"about":[{"href":"https:\/\/www.funiber.blog\/pt\/wp-json\/wp\/v2\/types\/post"}],"author":[{"embeddable":true,"href":"https:\/\/www.funiber.blog\/pt\/wp-json\/wp\/v2\/users\/22"}],"replies":[{"embeddable":true,"href":"https:\/\/www.funiber.blog\/pt\/wp-json\/wp\/v2\/comments?post=18120"}],"version-history":[{"count":1,"href":"https:\/\/www.funiber.blog\/pt\/wp-json\/wp\/v2\/posts\/18120\/revisions"}],"predecessor-version":[{"id":18122,"href":"https:\/\/www.funiber.blog\/pt\/wp-json\/wp\/v2\/posts\/18120\/revisions\/18122"}],"wp:featuredmedia":[{"embeddable":true,"href":"https:\/\/www.funiber.blog\/pt\/wp-json\/wp\/v2\/media\/18121"}],"wp:attachment":[{"href":"https:\/\/www.funiber.blog\/pt\/wp-json\/wp\/v2\/media?parent=18120"}],"wp:term":[{"taxonomy":"category","embeddable":true,"href":"https:\/\/www.funiber.blog\/pt\/wp-json\/wp\/v2\/categories?post=18120"},{"taxonomy":"post_tag","embeddable":true,"href":"https:\/\/www.funiber.blog\/pt\/wp-json\/wp\/v2\/tags?post=18120"}],"curies":[{"name":"wp","href":"https:\/\/api.w.org\/{rel}","templated":true}]}}