{"id":18142,"date":"2019-01-07T13:05:06","date_gmt":"2019-01-07T13:05:06","guid":{"rendered":"https:\/\/blogs.funiber.org\/pt\/?p=18142"},"modified":"2019-01-07T12:22:08","modified_gmt":"2019-01-07T12:22:08","slug":"funiber-idosos-mais-sofrem-abusos-dificultades-economicas","status":"publish","type":"post","link":"https:\/\/www.funiber.blog\/pt\/gerontologia\/2019\/01\/07\/funiber-idosos-mais-sofrem-abusos-dificultades-economicas","title":{"rendered":"Os idosos que mais sofrem abusos s\u00e3o aqueles com dificuldades econ\u00f4micas"},"content":{"rendered":"<h2>Uma pesquisa realizada com idosos da cidade do Porto (Portugal) aponta que o abuso psicol\u00f3gico \u00e9 o que mais predomina entre est\u00e1 popula\u00e7\u00e3o e que em geral afeta mais a mulheres entre 70 e 79 anos que n\u00e3o vivem de forma conjugal e possuem um alto n\u00edvel de escolaridade<\/h2>\n<p>Segundo um estudo da <a href=\"https:\/\/sigarra.up.pt\/up\/pt\/web_base.gera_pagina?p_pagina=home\" target=\"_blank\" rel=\"noopener\">Universidade do Porto<\/a>, o tipo de abuso prevalente entre a popula\u00e7\u00e3o da terceira idade \u00e9 o abuso psicol\u00f3gico, seguido do financeiro.<\/p>\n<p><!--more--><\/p>\n<p>A pesquisa, intitulada <a href=\"http:\/\/web4.letras.up.pt\/isociologia\/?q=en\/node\/9743\" target=\"_blank\" rel=\"noopener\"><em>HARMED: el abuso de ancianos: determinantes sociales, econ\u00f3micos y de salud<\/em><\/a><em>, <\/em>foi realizada a partir das respostas de 677 pessoas maiores de 60 anos residentes na cidade do Porto, que responderam a um extenso question\u00e1rio, assim como dos resultados de uma entrevista em profundidade realizada com mais 45 pessoas.<\/p>\n<p>Segundo a pesquisadora respons\u00e1vel, a soci\u00f3loga <a href=\"https:\/\/sigarra.up.pt\/flup\/pt\/func_geral.formview?p_codigo=216213\" target=\"_blank\" rel=\"noopener\">Isabel Dias<\/a>, o projeto come\u00e7ou a ser realizado em julho de 2016 e \u201cexaminou a rela\u00e7\u00e3o entre os abusos infligidos aos idosos e o contexto da crise socioecon\u00f4mica que se viveu no \u00e2mbito europeu e particularmente em Portugal nos \u00faltimos anos\u201d.<\/p>\n<p>Primeiramente, os resultados indicaram que 19.9% dos entrevistados afirmaram ter sofrido abusos psicol\u00f3gicos. Neste sentido, Dias considera que teria que se melhorar a detec\u00e7\u00e3o deste tipo de abusos, \u201ct\u00e3o incapacitantes como a viol\u00eancia f\u00edsica\u201d. A professora explica que este abuso se traduz em insultos, maus tratos verbais, humilha\u00e7\u00f5es, situa\u00e7\u00f5es de isolamentos for\u00e7ado e priva\u00e7\u00e3o de direitos de gest\u00e3o da pr\u00f3pria vida.<\/p>\n<p>As pessoas que durante a entrevista responderam ter sofrido algum tipo de abuso psicol\u00f3gico s\u00e3o principalmente mulheres entre 70 e 79 anos, que n\u00e3o s\u00e3o casadas e possuem um alto n\u00edvel de escolaridade.<\/p>\n<p>Por outro lado, o estudo tamb\u00e9m indica que 5,8% dos entrevistados declararam ser v\u00edtimas de abusos financeiros, 2,5% manifestou ter sofrido abuso f\u00edsico e 1,9% abuso sexual.<\/p>\n<p>As conclus\u00f5es da pesquisa indicam que os abusos contra idosos tendem a ser mais frequentes entre aqueles que afirmam ter mais dificuldades econ\u00f4micas, tendo ainda um n\u00edvel muito baixo de seguran\u00e7a alimentar, menor apoio social e maiores sintomas depressivos.<\/p>\n<p>Al\u00e9m disso, as v\u00edtimas t\u00eam uma percep\u00e7\u00e3o pior de seu estado geral de sa\u00fade e &#8220;parecem abdicar mais frequentemente dos servi\u00e7os de sa\u00fade, mesmo quando precisam deles&#8221;, explica o portal <a href=\"https:\/\/www.vitalhealth.pt\/saude\/6779-estudo-nacional-revela-que-um-em-cada-cinco-idosos-portugueses-%C3%A9-vitima-de-abuso-psicol%C3%B3gico.html\" target=\"_blank\" rel=\"noopener\">Vital Hearth<\/a> em refer\u00eancia \u00e0 pesquisa.<\/p>\n<p>Para todas as pessoas interessadas no estudo de temas vinculados aos idosos, a <a href=\"https:\/\/www.funiber.org.br\/\" target=\"_blank\" rel=\"noopener\">FUNIBER<\/a> patrocina o <a href=\"https:\/\/www.funiber.org\/maestria-en-gerontologia\" target=\"_blank\" rel=\"noopener\">Mestrado em Gerontologia<\/a>. Este mestrado se foca no estudo dos processos de envelhecimento dos indiv\u00edduos e considera desde as mudan\u00e7as f\u00edsicas, sociais e mentais, at\u00e9 a pesquisa das mudan\u00e7as na sociedade que resultam do envelhecimento, cada vez maior, da popula\u00e7\u00e3o.<\/p>\n<p>Fontes: <a href=\"https:\/\/www.vitalhealth.pt\/saude\/6779-estudo-nacional-revela-que-um-em-cada-cinco-idosos-portugueses-%C3%A9-vitima-de-abuso-psicol%C3%B3gico.html\" target=\"_blank\" rel=\"noopener\">Estudio nacional revela que um em cada cinco idosos portugueses \u00e9 vitima de abuso psicol\u00f3gico<\/a><\/p>\n<p><a href=\"https:\/\/www.publico.pt\/2019\/01\/04\/sociedade\/noticia\/abuso-psicologico-afectar-quinto-idosos-pobres-sos-doentes-1856586\" target=\"_blank\" rel=\"noopener\">Abuso psicol\u00f3gico pode afectar um quinto dos idosos. Os mais pobres, s\u00f3s, doentes<\/a><\/p>\n<p>Foto: Todos os direitos reservados<\/p>\n","protected":false},"excerpt":{"rendered":"<p>Uma pesquisa realizada com idosos da cidade do Porto (Portugal) aponta que o abuso psicol\u00f3gico \u00e9 o que mais predomina entre est\u00e1 popula\u00e7\u00e3o e que em geral afeta mais a mulheres entre 70 e 79 anos que n\u00e3o vivem de forma conjugal e possuem um alto n\u00edvel de escolaridade Segundo um estudo da Universidade do [&hellip;]<\/p>\n","protected":false},"author":22,"featured_media":18143,"comment_status":"closed","ping_status":"closed","sticky":false,"template":"","format":"standard","meta":{"jetpack_post_was_ever_published":false,"_jetpack_newsletter_access":"","_jetpack_newsletter_tier_id":0,"footnotes":"","jetpack_publicize_message":"","jetpack_is_tweetstorm":false,"jetpack_publicize_feature_enabled":true,"jetpack_social_post_already_shared":true,"jetpack_social_options":{"image_generator_settings":{"template":"highway","enabled":false}}},"categories":[1],"tags":[1242,855,285,408,119,911,739,267,671,641,255,217],"jetpack_publicize_connections":[],"yoast_head":"<!-- This site is optimized with the Yoast SEO plugin v21.7 - https:\/\/yoast.com\/wordpress\/plugins\/seo\/ -->\n<title>Os idosos que mais sofrem abusos s\u00e3o aqueles com dificuldades econ\u00f4micas<\/title>\n<meta name=\"description\" content=\"Uma pesquisa realizada com idosos da cidade do Porto (Portugal) aponta que o abuso psicol\u00f3gico \u00e9 o que mais predomina entre est\u00e1 popula\u00e7\u00e3o e que em geral afeta mais a mulheres entre 70 e 79 anos que n\u00e3o vivem de forma conjugal e possuem um alto n\u00edvel de escolaridade\" \/>\n<meta name=\"robots\" content=\"noindex, nofollow\" \/>\n<meta property=\"og:locale\" content=\"pt_BR\" \/>\n<meta property=\"og:type\" content=\"article\" \/>\n<meta property=\"og:title\" content=\"Os idosos que mais sofrem abusos s\u00e3o aqueles com dificuldades econ\u00f4micas\" \/>\n<meta property=\"og:description\" content=\"Uma pesquisa realizada com idosos da cidade do Porto (Portugal) aponta que o abuso psicol\u00f3gico \u00e9 o que mais predomina entre est\u00e1 popula\u00e7\u00e3o e que em geral afeta mais a mulheres entre 70 e 79 anos que n\u00e3o vivem de forma conjugal e possuem um alto n\u00edvel de escolaridade\" \/>\n<meta property=\"og:url\" content=\"https:\/\/blogs.funiber.org\/pt\/gerontologia\/2019\/01\/07\/funiber-idosos-mais-sofrem-abusos-dificultades-economicas\" \/>\n<meta property=\"og:site_name\" content=\"FuniBlogs - FUNIBER\" \/>\n<meta property=\"article:publisher\" content=\"https:\/\/www.facebook.com\/funiber\" \/>\n<meta property=\"article:published_time\" content=\"2019-01-07T13:05:06+00:00\" \/>\n<meta property=\"article:modified_time\" content=\"2019-01-07T12:22:08+00:00\" \/>\n<meta property=\"og:image\" content=\"https:\/\/blogs.funiber.org\/pt\/wp-content\/uploads\/2019\/01\/funiber-mayores-economia.jpg\" \/>\n\t<meta property=\"og:image:width\" content=\"768\" \/>\n\t<meta property=\"og:image:height\" content=\"576\" \/>\n\t<meta property=\"og:image:type\" content=\"image\/jpeg\" \/>\n<meta name=\"author\" content=\"Meritxell Bayarri\" \/>\n<meta name=\"twitter:card\" content=\"summary_large_image\" \/>\n<meta name=\"twitter:creator\" content=\"@FUNIBER\" \/>\n<meta name=\"twitter:site\" content=\"@FUNIBER\" \/>\n<meta name=\"twitter:label1\" content=\"Escrito por\" \/>\n\t<meta name=\"twitter:data1\" content=\"Meritxell Bayarri\" \/>\n\t<meta name=\"twitter:label2\" content=\"Est. tempo de leitura\" \/>\n\t<meta name=\"twitter:data2\" content=\"2 minutos\" \/>\n<script type=\"application\/ld+json\" class=\"yoast-schema-graph\">{\"@context\":\"https:\/\/schema.org\",\"@graph\":[{\"@type\":\"Article\",\"@id\":\"https:\/\/blogs.funiber.org\/pt\/gerontologia\/2019\/01\/07\/funiber-idosos-mais-sofrem-abusos-dificultades-economicas#article\",\"isPartOf\":{\"@id\":\"https:\/\/blogs.funiber.org\/pt\/gerontologia\/2019\/01\/07\/funiber-idosos-mais-sofrem-abusos-dificultades-economicas\"},\"author\":{\"name\":\"Meritxell Bayarri\",\"@id\":\"https:\/\/blogs.funiber.org\/pt\/#\/schema\/person\/94d795d205ab2d0d46af574fc3607f83\"},\"headline\":\"Os idosos que mais sofrem abusos s\u00e3o aqueles com dificuldades econ\u00f4micas\",\"datePublished\":\"2019-01-07T13:05:06+00:00\",\"dateModified\":\"2019-01-07T12:22:08+00:00\",\"mainEntityOfPage\":{\"@id\":\"https:\/\/blogs.funiber.org\/pt\/gerontologia\/2019\/01\/07\/funiber-idosos-mais-sofrem-abusos-dificultades-economicas\"},\"wordCount\":508,\"publisher\":{\"@id\":\"https:\/\/blogs.funiber.org\/pt\/#organization\"},\"keywords\":[\"Bolsas\",\"Doutorado\",\"Educa\u00e7\u00e3o\",\"Educa\u00e7\u00e3o a Dist\u00e2ncia\",\"Estudos\",\"FUNIBER Opini\u00f5es\",\"gerontologia\",\"Idosos\",\"mestrado\",\"Opini\u00e3o FUNIBER\",\"Opini\u00f5es Funiber\",\"Terceira idade\"],\"articleSection\":[\"Gerontologia\"],\"inLanguage\":\"pt-BR\"},{\"@type\":\"WebPage\",\"@id\":\"https:\/\/blogs.funiber.org\/pt\/gerontologia\/2019\/01\/07\/funiber-idosos-mais-sofrem-abusos-dificultades-economicas\",\"url\":\"https:\/\/blogs.funiber.org\/pt\/gerontologia\/2019\/01\/07\/funiber-idosos-mais-sofrem-abusos-dificultades-economicas\",\"name\":\"Os idosos que mais sofrem abusos s\u00e3o aqueles com dificuldades econ\u00f4micas\",\"isPartOf\":{\"@id\":\"https:\/\/blogs.funiber.org\/pt\/#website\"},\"datePublished\":\"2019-01-07T13:05:06+00:00\",\"dateModified\":\"2019-01-07T12:22:08+00:00\",\"description\":\"Uma pesquisa realizada com idosos da cidade do Porto (Portugal) aponta que o abuso psicol\u00f3gico \u00e9 o que mais predomina entre est\u00e1 popula\u00e7\u00e3o e que em geral afeta mais a mulheres entre 70 e 79 anos que n\u00e3o vivem de forma conjugal e possuem um alto n\u00edvel de escolaridade\",\"breadcrumb\":{\"@id\":\"https:\/\/blogs.funiber.org\/pt\/gerontologia\/2019\/01\/07\/funiber-idosos-mais-sofrem-abusos-dificultades-economicas#breadcrumb\"},\"inLanguage\":\"pt-BR\",\"potentialAction\":[{\"@type\":\"ReadAction\",\"target\":[\"https:\/\/blogs.funiber.org\/pt\/gerontologia\/2019\/01\/07\/funiber-idosos-mais-sofrem-abusos-dificultades-economicas\"]}]},{\"@type\":\"BreadcrumbList\",\"@id\":\"https:\/\/blogs.funiber.org\/pt\/gerontologia\/2019\/01\/07\/funiber-idosos-mais-sofrem-abusos-dificultades-economicas#breadcrumb\",\"itemListElement\":[{\"@type\":\"ListItem\",\"position\":1,\"name\":\"In\u00edcio\",\"item\":\"https:\/\/blogs.funiber.org\/pt\"},{\"@type\":\"ListItem\",\"position\":2,\"name\":\"Os idosos que mais sofrem abusos s\u00e3o aqueles com dificuldades econ\u00f4micas\"}]},{\"@type\":\"WebSite\",\"@id\":\"https:\/\/blogs.funiber.org\/pt\/#website\",\"url\":\"https:\/\/blogs.funiber.org\/pt\/\",\"name\":\"FuniBlogs - FUNIBER\",\"description\":\"\",\"publisher\":{\"@id\":\"https:\/\/blogs.funiber.org\/pt\/#organization\"},\"potentialAction\":[{\"@type\":\"SearchAction\",\"target\":{\"@type\":\"EntryPoint\",\"urlTemplate\":\"https:\/\/blogs.funiber.org\/pt\/?s={search_term_string}\"},\"query-input\":\"required name=search_term_string\"}],\"inLanguage\":\"pt-BR\"},{\"@type\":\"Organization\",\"@id\":\"https:\/\/blogs.funiber.org\/pt\/#organization\",\"name\":\"FuniBlogs - FUNIBER\",\"url\":\"https:\/\/blogs.funiber.org\/pt\/\",\"logo\":{\"@type\":\"ImageObject\",\"inLanguage\":\"pt-BR\",\"@id\":\"https:\/\/blogs.funiber.org\/pt\/#\/schema\/logo\/image\/\",\"url\":\"https:\/\/www.funiber.blog\/pt\/wp-content\/uploads\/2022\/02\/logo-funiber-pt-br-v-dos.svg\",\"contentUrl\":\"https:\/\/www.funiber.blog\/pt\/wp-content\/uploads\/2022\/02\/logo-funiber-pt-br-v-dos.svg\",\"width\":1,\"height\":1,\"caption\":\"FuniBlogs - FUNIBER\"},\"image\":{\"@id\":\"https:\/\/blogs.funiber.org\/pt\/#\/schema\/logo\/image\/\"},\"sameAs\":[\"https:\/\/www.facebook.com\/funiber\",\"https:\/\/twitter.com\/FUNIBER\",\"https:\/\/www.instagram.com\/funiber_becas\",\"https:\/\/www.youtube.com\/user\/funiber\",\"https:\/\/www.linkedin.com\/company\/funiber\"]},{\"@type\":\"Person\",\"@id\":\"https:\/\/blogs.funiber.org\/pt\/#\/schema\/person\/94d795d205ab2d0d46af574fc3607f83\",\"name\":\"Meritxell Bayarri\",\"image\":{\"@type\":\"ImageObject\",\"inLanguage\":\"pt-BR\",\"@id\":\"https:\/\/blogs.funiber.org\/pt\/#\/schema\/person\/image\/\",\"url\":\"https:\/\/secure.gravatar.com\/avatar\/4f90217c5b8287de49f16fabd7246866?s=96&d=mm&r=g\",\"contentUrl\":\"https:\/\/secure.gravatar.com\/avatar\/4f90217c5b8287de49f16fabd7246866?s=96&d=mm&r=g\",\"caption\":\"Meritxell Bayarri\"},\"url\":\"https:\/\/www.funiber.blog\/pt\/author\/meritxellbayarri\"}]}<\/script>\n<!-- \/ Yoast SEO plugin. -->","yoast_head_json":{"title":"Os idosos que mais sofrem abusos s\u00e3o aqueles com dificuldades econ\u00f4micas","description":"Uma pesquisa realizada com idosos da cidade do Porto (Portugal) aponta que o abuso psicol\u00f3gico \u00e9 o que mais predomina entre est\u00e1 popula\u00e7\u00e3o e que em geral afeta mais a mulheres entre 70 e 79 anos que n\u00e3o vivem de forma conjugal e possuem um alto n\u00edvel de escolaridade","robots":{"index":"noindex","follow":"nofollow"},"og_locale":"pt_BR","og_type":"article","og_title":"Os idosos que mais sofrem abusos s\u00e3o aqueles com dificuldades econ\u00f4micas","og_description":"Uma pesquisa realizada com idosos da cidade do Porto (Portugal) aponta que o abuso psicol\u00f3gico \u00e9 o que mais predomina entre est\u00e1 popula\u00e7\u00e3o e que em geral afeta mais a mulheres entre 70 e 79 anos que n\u00e3o vivem de forma conjugal e possuem um alto n\u00edvel de escolaridade","og_url":"https:\/\/blogs.funiber.org\/pt\/gerontologia\/2019\/01\/07\/funiber-idosos-mais-sofrem-abusos-dificultades-economicas","og_site_name":"FuniBlogs - FUNIBER","article_publisher":"https:\/\/www.facebook.com\/funiber","article_published_time":"2019-01-07T13:05:06+00:00","article_modified_time":"2019-01-07T12:22:08+00:00","og_image":[{"width":768,"height":576,"url":"https:\/\/blogs.funiber.org\/pt\/wp-content\/uploads\/2019\/01\/funiber-mayores-economia.jpg","type":"image\/jpeg"}],"author":"Meritxell Bayarri","twitter_card":"summary_large_image","twitter_creator":"@FUNIBER","twitter_site":"@FUNIBER","twitter_misc":{"Escrito por":"Meritxell Bayarri","Est. tempo de leitura":"2 minutos"},"schema":{"@context":"https:\/\/schema.org","@graph":[{"@type":"Article","@id":"https:\/\/blogs.funiber.org\/pt\/gerontologia\/2019\/01\/07\/funiber-idosos-mais-sofrem-abusos-dificultades-economicas#article","isPartOf":{"@id":"https:\/\/blogs.funiber.org\/pt\/gerontologia\/2019\/01\/07\/funiber-idosos-mais-sofrem-abusos-dificultades-economicas"},"author":{"name":"Meritxell Bayarri","@id":"https:\/\/blogs.funiber.org\/pt\/#\/schema\/person\/94d795d205ab2d0d46af574fc3607f83"},"headline":"Os idosos que mais sofrem abusos s\u00e3o aqueles com dificuldades econ\u00f4micas","datePublished":"2019-01-07T13:05:06+00:00","dateModified":"2019-01-07T12:22:08+00:00","mainEntityOfPage":{"@id":"https:\/\/blogs.funiber.org\/pt\/gerontologia\/2019\/01\/07\/funiber-idosos-mais-sofrem-abusos-dificultades-economicas"},"wordCount":508,"publisher":{"@id":"https:\/\/blogs.funiber.org\/pt\/#organization"},"keywords":["Bolsas","Doutorado","Educa\u00e7\u00e3o","Educa\u00e7\u00e3o a Dist\u00e2ncia","Estudos","FUNIBER Opini\u00f5es","gerontologia","Idosos","mestrado","Opini\u00e3o FUNIBER","Opini\u00f5es Funiber","Terceira idade"],"articleSection":["Gerontologia"],"inLanguage":"pt-BR"},{"@type":"WebPage","@id":"https:\/\/blogs.funiber.org\/pt\/gerontologia\/2019\/01\/07\/funiber-idosos-mais-sofrem-abusos-dificultades-economicas","url":"https:\/\/blogs.funiber.org\/pt\/gerontologia\/2019\/01\/07\/funiber-idosos-mais-sofrem-abusos-dificultades-economicas","name":"Os idosos que mais sofrem abusos s\u00e3o aqueles com dificuldades econ\u00f4micas","isPartOf":{"@id":"https:\/\/blogs.funiber.org\/pt\/#website"},"datePublished":"2019-01-07T13:05:06+00:00","dateModified":"2019-01-07T12:22:08+00:00","description":"Uma pesquisa realizada com idosos da cidade do Porto (Portugal) aponta que o abuso psicol\u00f3gico \u00e9 o que mais predomina entre est\u00e1 popula\u00e7\u00e3o e que em geral afeta mais a mulheres entre 70 e 79 anos que n\u00e3o vivem de forma conjugal e possuem um alto n\u00edvel de escolaridade","breadcrumb":{"@id":"https:\/\/blogs.funiber.org\/pt\/gerontologia\/2019\/01\/07\/funiber-idosos-mais-sofrem-abusos-dificultades-economicas#breadcrumb"},"inLanguage":"pt-BR","potentialAction":[{"@type":"ReadAction","target":["https:\/\/blogs.funiber.org\/pt\/gerontologia\/2019\/01\/07\/funiber-idosos-mais-sofrem-abusos-dificultades-economicas"]}]},{"@type":"BreadcrumbList","@id":"https:\/\/blogs.funiber.org\/pt\/gerontologia\/2019\/01\/07\/funiber-idosos-mais-sofrem-abusos-dificultades-economicas#breadcrumb","itemListElement":[{"@type":"ListItem","position":1,"name":"In\u00edcio","item":"https:\/\/blogs.funiber.org\/pt"},{"@type":"ListItem","position":2,"name":"Os idosos que mais sofrem abusos s\u00e3o aqueles com dificuldades econ\u00f4micas"}]},{"@type":"WebSite","@id":"https:\/\/blogs.funiber.org\/pt\/#website","url":"https:\/\/blogs.funiber.org\/pt\/","name":"FuniBlogs - FUNIBER","description":"","publisher":{"@id":"https:\/\/blogs.funiber.org\/pt\/#organization"},"potentialAction":[{"@type":"SearchAction","target":{"@type":"EntryPoint","urlTemplate":"https:\/\/blogs.funiber.org\/pt\/?s={search_term_string}"},"query-input":"required name=search_term_string"}],"inLanguage":"pt-BR"},{"@type":"Organization","@id":"https:\/\/blogs.funiber.org\/pt\/#organization","name":"FuniBlogs - FUNIBER","url":"https:\/\/blogs.funiber.org\/pt\/","logo":{"@type":"ImageObject","inLanguage":"pt-BR","@id":"https:\/\/blogs.funiber.org\/pt\/#\/schema\/logo\/image\/","url":"https:\/\/www.funiber.blog\/pt\/wp-content\/uploads\/2022\/02\/logo-funiber-pt-br-v-dos.svg","contentUrl":"https:\/\/www.funiber.blog\/pt\/wp-content\/uploads\/2022\/02\/logo-funiber-pt-br-v-dos.svg","width":1,"height":1,"caption":"FuniBlogs - FUNIBER"},"image":{"@id":"https:\/\/blogs.funiber.org\/pt\/#\/schema\/logo\/image\/"},"sameAs":["https:\/\/www.facebook.com\/funiber","https:\/\/twitter.com\/FUNIBER","https:\/\/www.instagram.com\/funiber_becas","https:\/\/www.youtube.com\/user\/funiber","https:\/\/www.linkedin.com\/company\/funiber"]},{"@type":"Person","@id":"https:\/\/blogs.funiber.org\/pt\/#\/schema\/person\/94d795d205ab2d0d46af574fc3607f83","name":"Meritxell Bayarri","image":{"@type":"ImageObject","inLanguage":"pt-BR","@id":"https:\/\/blogs.funiber.org\/pt\/#\/schema\/person\/image\/","url":"https:\/\/secure.gravatar.com\/avatar\/4f90217c5b8287de49f16fabd7246866?s=96&d=mm&r=g","contentUrl":"https:\/\/secure.gravatar.com\/avatar\/4f90217c5b8287de49f16fabd7246866?s=96&d=mm&r=g","caption":"Meritxell Bayarri"},"url":"https:\/\/www.funiber.blog\/pt\/author\/meritxellbayarri"}]}},"jetpack_featured_media_url":"https:\/\/www.funiber.blog\/pt\/wp-content\/uploads\/2019\/01\/funiber-mayores-economia.jpg","jetpack_shortlink":"https:\/\/wp.me\/p7ee1t-4IC","jetpack_sharing_enabled":true,"_links":{"self":[{"href":"https:\/\/www.funiber.blog\/pt\/wp-json\/wp\/v2\/posts\/18142"}],"collection":[{"href":"https:\/\/www.funiber.blog\/pt\/wp-json\/wp\/v2\/posts"}],"about":[{"href":"https:\/\/www.funiber.blog\/pt\/wp-json\/wp\/v2\/types\/post"}],"author":[{"embeddable":true,"href":"https:\/\/www.funiber.blog\/pt\/wp-json\/wp\/v2\/users\/22"}],"replies":[{"embeddable":true,"href":"https:\/\/www.funiber.blog\/pt\/wp-json\/wp\/v2\/comments?post=18142"}],"version-history":[{"count":2,"href":"https:\/\/www.funiber.blog\/pt\/wp-json\/wp\/v2\/posts\/18142\/revisions"}],"predecessor-version":[{"id":18145,"href":"https:\/\/www.funiber.blog\/pt\/wp-json\/wp\/v2\/posts\/18142\/revisions\/18145"}],"wp:featuredmedia":[{"embeddable":true,"href":"https:\/\/www.funiber.blog\/pt\/wp-json\/wp\/v2\/media\/18143"}],"wp:attachment":[{"href":"https:\/\/www.funiber.blog\/pt\/wp-json\/wp\/v2\/media?parent=18142"}],"wp:term":[{"taxonomy":"category","embeddable":true,"href":"https:\/\/www.funiber.blog\/pt\/wp-json\/wp\/v2\/categories?post=18142"},{"taxonomy":"post_tag","embeddable":true,"href":"https:\/\/www.funiber.blog\/pt\/wp-json\/wp\/v2\/tags?post=18142"}],"curies":[{"name":"wp","href":"https:\/\/api.w.org\/{rel}","templated":true}]}}