{"id":18146,"date":"2019-01-07T13:45:25","date_gmt":"2019-01-07T13:45:25","guid":{"rendered":"https:\/\/blogs.funiber.org\/pt\/?p=18146"},"modified":"2019-01-07T12:31:15","modified_gmt":"2019-01-07T12:31:15","slug":"funiber-trabalho-projetos-aumenta-habilidades-estudantes","status":"publish","type":"post","link":"https:\/\/www.funiber.blog\/pt\/arquitetura-e-desenho\/2019\/01\/07\/funiber-trabalho-projetos-aumenta-habilidades-estudantes","title":{"rendered":"O trabalho por projetos aumenta as habilidades dos estudantes"},"content":{"rendered":"<h2>J\u00e1 faz alguns anos que as escolas est\u00e3o come\u00e7ando a substituir as classes comuns pelos trabalhos por projetos. Esta forma de aprender permite que as crian\u00e7as e os jovens desenvolvam sua autonomia e responsabilidade no momento de planejar tarefas e trabalhar de forma estruturada<\/h2>\n<p>Para um jovem, saber como um projeto \u00e9 gerenciado pode ser muito \u00fatil. De acordo com a especialista em planejamento e estrat\u00e9gia da empresa de redes Cisco, <a href=\"https:\/\/www.linkedin.com\/in\/tamara-samman-81b24a77\/\" target=\"_blank\" rel=\"noopener\">Tamara Samman<\/a>, os alunos podem aprender a priorizar tarefas e programar v\u00e1rios trabalhos e inter-relacion\u00e1-los. &#8220;O gerenciamento de projetos \u00e9 uma habilidade do s\u00e9culo 21, e n\u00e3o \u00e9 apenas uma habilidade profissional, mas um bem para a vida&#8221;, afirma.<\/p>\n<p><!--more--><\/p>\n<p>Samman acredita que aprender sobre gerenciamento de projetos oferece aos jovens um conjunto de habilidades que est\u00e3o fora das \u00e1reas que normalmente aprendem em sala de aula, como matem\u00e1tica, hist\u00f3ria ou ci\u00eancias. Nesse caso, permite que desenvolvam habilidades de comunica\u00e7\u00e3o, colabora\u00e7\u00e3o, criatividade, resolu\u00e7\u00e3o de conflitos, lideran\u00e7a e pensamento cr\u00edtico, habilidades que, de acordo com Samman, servir\u00e3o para prepara-los para as oportunidades futuras.<\/p>\n<p>H\u00e1 alguns anos que a Aprendizagem Baseada em Projetos (Project Based Learning &#8211; PBL) vem substituindo gradualmente o modelo tradicional da classe comum. O aluno n\u00e3o \u00e9 mais um receptor passivo de informa\u00e7\u00e3o, mas \u00e9 uma parte mais ativa que participa do processo de aprendizagem. Como apontado pela <a href=\"http:\/\/www.fundaciocreativacio.org\/es\/blog\/el-blog-creativador\/los-beneficios-de-aprender-por-proyectos\/\" target=\"_blank\" rel=\"noopener\">Funda\u00e7\u00e3o Privada para a Creativaci\u00f3n<\/a>, o objetivo dos projetos \u00e9 fornecer \u00e0s crian\u00e7as toda uma s\u00e9rie de estrat\u00e9gias e ferramentas para resolver problemas.<\/p>\n<p>De acordo com a funda\u00e7\u00e3o, a ABP \u00e9 uma f\u00f3rmula que permite aos alunos desenvolverem sua autonomia e responsabilidade, uma vez que s\u00e3o respons\u00e1veis pelo pr\u00f3prio aprendizado. Com este sistema, crian\u00e7as e jovens aprendem a planejar tarefas, elaborar um produto e\u00a0 trabalhar de forma estruturada e com um determinado per\u00edodo de tempo. Al\u00e9m disso, tamb\u00e9m desenvolvem sua capacidade de inovar e aprender a trabalhar em equipe.<\/p>\n<p>Para todas as pessoas interessadas em aprender a gerir um projeto, a <a href=\"https:\/\/www.funiber.org.br\/\" target=\"_blank\" rel=\"noopener\">FUNIBER<\/a> promove o <a href=\"https:\/\/www.funiber.org.br\/mestrado-em-desenho-gestao-e-direcao-de-projetos\" target=\"_blank\" rel=\"noopener\">Mestrado em Desenho, Gest\u00e3o e Dire\u00e7\u00e3o de Projetos<\/a>. Este programa integra conceitos vinculados ao desenho, gest\u00e3o e dire\u00e7\u00e3o de projetos desde a formula\u00e7\u00e3o e administra\u00e7\u00e3o de seus recursos at\u00e9 a an\u00e1lise post-mortem de qualquer que seja sua origem e inten\u00e7\u00e3o.<\/p>\n<p>Fonte:\u00a0<a href=\"https:\/\/www.linkedin.com\/pulse\/gesti%C3%B3n-de-proyectos-empoderar-los-j%C3%B3venes-l%C3%ADderes-samman-capm-\/\" target=\"_blank\" rel=\"noopener\">Gesti\u00f3n de proyectos: Empoderar a los J\u00f3venes, los L\u00edderes de Ma\u00f1ana<\/a><\/p>\n<p>Foto: Todos os direitos reservados<\/p>\n","protected":false},"excerpt":{"rendered":"<p>J\u00e1 faz alguns anos que as escolas est\u00e3o come\u00e7ando a substituir as classes comuns pelos trabalhos por projetos. Esta forma de aprender permite que as crian\u00e7as e os jovens desenvolvam sua autonomia e responsabilidade no momento de planejar tarefas e trabalhar de forma estruturada Para um jovem, saber como um projeto \u00e9 gerenciado pode ser [&hellip;]<\/p>\n","protected":false},"author":22,"featured_media":18147,"comment_status":"closed","ping_status":"closed","sticky":false,"template":"","format":"standard","meta":{"jetpack_post_was_ever_published":false,"_jetpack_newsletter_access":"","_jetpack_newsletter_tier_id":0,"footnotes":"","jetpack_publicize_message":"","jetpack_is_tweetstorm":false,"jetpack_publicize_feature_enabled":true,"jetpack_social_post_already_shared":true,"jetpack_social_options":{"image_generator_settings":{"template":"highway","enabled":false}}},"categories":[7],"tags":[1242,855,285,408,119,248,911,671,641,255,112],"jetpack_publicize_connections":[],"yoast_head":"<!-- This site is optimized with the Yoast SEO plugin v21.7 - https:\/\/yoast.com\/wordpress\/plugins\/seo\/ -->\n<title>O trabalho por projetos aumenta as habilidades dos estudantes<\/title>\n<meta name=\"description\" content=\"J\u00e1 faz alguns anos que as escolas est\u00e3o come\u00e7ando a substituir as classes comuns pelos trabalhos por projetos. Esta forma de aprender permite que as crian\u00e7as e os jovens desenvolvam sua autonomia e responsabilidade no momento de planejar tarefas e trabalhar de forma estruturada\" \/>\n<meta name=\"robots\" content=\"index, follow, max-snippet:-1, max-image-preview:large, max-video-preview:-1\" \/>\n<link rel=\"canonical\" href=\"https:\/\/blogs.funiber.org\/pt\/arquitetura-e-desenho\/2019\/01\/07\/funiber-trabalho-projetos-aumenta-habilidades-estudantes\" \/>\n<meta property=\"og:locale\" content=\"pt_BR\" \/>\n<meta property=\"og:type\" content=\"article\" \/>\n<meta property=\"og:title\" content=\"O trabalho por projetos aumenta as habilidades dos estudantes\" \/>\n<meta property=\"og:description\" content=\"J\u00e1 faz alguns anos que as escolas est\u00e3o come\u00e7ando a substituir as classes comuns pelos trabalhos por projetos. Esta forma de aprender permite que as crian\u00e7as e os jovens desenvolvam sua autonomia e responsabilidade no momento de planejar tarefas e trabalhar de forma estruturada\" \/>\n<meta property=\"og:url\" content=\"https:\/\/blogs.funiber.org\/pt\/arquitetura-e-desenho\/2019\/01\/07\/funiber-trabalho-projetos-aumenta-habilidades-estudantes\" \/>\n<meta property=\"og:site_name\" content=\"FuniBlogs - FUNIBER\" \/>\n<meta property=\"article:publisher\" content=\"https:\/\/www.facebook.com\/funiber\" \/>\n<meta property=\"article:published_time\" content=\"2019-01-07T13:45:25+00:00\" \/>\n<meta property=\"article:modified_time\" content=\"2019-01-07T12:31:15+00:00\" \/>\n<meta property=\"og:image\" content=\"https:\/\/blogs.funiber.org\/pt\/wp-content\/uploads\/2019\/01\/funiber-proyectos-jovenes.jpg\" \/>\n\t<meta property=\"og:image:width\" content=\"768\" \/>\n\t<meta property=\"og:image:height\" content=\"576\" \/>\n\t<meta property=\"og:image:type\" content=\"image\/jpeg\" \/>\n<meta name=\"author\" content=\"Meritxell Bayarri\" \/>\n<meta name=\"twitter:card\" content=\"summary_large_image\" \/>\n<meta name=\"twitter:creator\" content=\"@FUNIBER\" \/>\n<meta name=\"twitter:site\" content=\"@FUNIBER\" \/>\n<meta name=\"twitter:label1\" content=\"Escrito por\" \/>\n\t<meta name=\"twitter:data1\" content=\"Meritxell Bayarri\" \/>\n\t<meta name=\"twitter:label2\" content=\"Est. tempo de leitura\" \/>\n\t<meta name=\"twitter:data2\" content=\"2 minutos\" \/>\n<script type=\"application\/ld+json\" class=\"yoast-schema-graph\">{\"@context\":\"https:\/\/schema.org\",\"@graph\":[{\"@type\":\"Article\",\"@id\":\"https:\/\/blogs.funiber.org\/pt\/arquitetura-e-desenho\/2019\/01\/07\/funiber-trabalho-projetos-aumenta-habilidades-estudantes#article\",\"isPartOf\":{\"@id\":\"https:\/\/blogs.funiber.org\/pt\/arquitetura-e-desenho\/2019\/01\/07\/funiber-trabalho-projetos-aumenta-habilidades-estudantes\"},\"author\":{\"name\":\"Meritxell Bayarri\",\"@id\":\"https:\/\/blogs.funiber.org\/pt\/#\/schema\/person\/94d795d205ab2d0d46af574fc3607f83\"},\"headline\":\"O trabalho por projetos aumenta as habilidades dos estudantes\",\"datePublished\":\"2019-01-07T13:45:25+00:00\",\"dateModified\":\"2019-01-07T12:31:15+00:00\",\"mainEntityOfPage\":{\"@id\":\"https:\/\/blogs.funiber.org\/pt\/arquitetura-e-desenho\/2019\/01\/07\/funiber-trabalho-projetos-aumenta-habilidades-estudantes\"},\"wordCount\":428,\"publisher\":{\"@id\":\"https:\/\/blogs.funiber.org\/pt\/#organization\"},\"keywords\":[\"Bolsas\",\"Doutorado\",\"Educa\u00e7\u00e3o\",\"Educa\u00e7\u00e3o a Dist\u00e2ncia\",\"Estudos\",\"Funiber\",\"FUNIBER Opini\u00f5es\",\"mestrado\",\"Opini\u00e3o FUNIBER\",\"Opini\u00f5es Funiber\",\"Projetos\"],\"articleSection\":[\"Projetos\"],\"inLanguage\":\"pt-BR\"},{\"@type\":\"WebPage\",\"@id\":\"https:\/\/blogs.funiber.org\/pt\/arquitetura-e-desenho\/2019\/01\/07\/funiber-trabalho-projetos-aumenta-habilidades-estudantes\",\"url\":\"https:\/\/blogs.funiber.org\/pt\/arquitetura-e-desenho\/2019\/01\/07\/funiber-trabalho-projetos-aumenta-habilidades-estudantes\",\"name\":\"O trabalho por projetos aumenta as habilidades dos estudantes\",\"isPartOf\":{\"@id\":\"https:\/\/blogs.funiber.org\/pt\/#website\"},\"datePublished\":\"2019-01-07T13:45:25+00:00\",\"dateModified\":\"2019-01-07T12:31:15+00:00\",\"description\":\"J\u00e1 faz alguns anos que as escolas est\u00e3o come\u00e7ando a substituir as classes comuns pelos trabalhos por projetos. Esta forma de aprender permite que as crian\u00e7as e os jovens desenvolvam sua autonomia e responsabilidade no momento de planejar tarefas e trabalhar de forma estruturada\",\"breadcrumb\":{\"@id\":\"https:\/\/blogs.funiber.org\/pt\/arquitetura-e-desenho\/2019\/01\/07\/funiber-trabalho-projetos-aumenta-habilidades-estudantes#breadcrumb\"},\"inLanguage\":\"pt-BR\",\"potentialAction\":[{\"@type\":\"ReadAction\",\"target\":[\"https:\/\/blogs.funiber.org\/pt\/arquitetura-e-desenho\/2019\/01\/07\/funiber-trabalho-projetos-aumenta-habilidades-estudantes\"]}]},{\"@type\":\"BreadcrumbList\",\"@id\":\"https:\/\/blogs.funiber.org\/pt\/arquitetura-e-desenho\/2019\/01\/07\/funiber-trabalho-projetos-aumenta-habilidades-estudantes#breadcrumb\",\"itemListElement\":[{\"@type\":\"ListItem\",\"position\":1,\"name\":\"In\u00edcio\",\"item\":\"https:\/\/blogs.funiber.org\/pt\"},{\"@type\":\"ListItem\",\"position\":2,\"name\":\"O trabalho por projetos aumenta as habilidades dos estudantes\"}]},{\"@type\":\"WebSite\",\"@id\":\"https:\/\/blogs.funiber.org\/pt\/#website\",\"url\":\"https:\/\/blogs.funiber.org\/pt\/\",\"name\":\"FuniBlogs - FUNIBER\",\"description\":\"\",\"publisher\":{\"@id\":\"https:\/\/blogs.funiber.org\/pt\/#organization\"},\"potentialAction\":[{\"@type\":\"SearchAction\",\"target\":{\"@type\":\"EntryPoint\",\"urlTemplate\":\"https:\/\/blogs.funiber.org\/pt\/?s={search_term_string}\"},\"query-input\":\"required name=search_term_string\"}],\"inLanguage\":\"pt-BR\"},{\"@type\":\"Organization\",\"@id\":\"https:\/\/blogs.funiber.org\/pt\/#organization\",\"name\":\"FuniBlogs - FUNIBER\",\"url\":\"https:\/\/blogs.funiber.org\/pt\/\",\"logo\":{\"@type\":\"ImageObject\",\"inLanguage\":\"pt-BR\",\"@id\":\"https:\/\/blogs.funiber.org\/pt\/#\/schema\/logo\/image\/\",\"url\":\"https:\/\/www.funiber.blog\/pt\/wp-content\/uploads\/2022\/02\/logo-funiber-pt-br-v-dos.svg\",\"contentUrl\":\"https:\/\/www.funiber.blog\/pt\/wp-content\/uploads\/2022\/02\/logo-funiber-pt-br-v-dos.svg\",\"width\":1,\"height\":1,\"caption\":\"FuniBlogs - FUNIBER\"},\"image\":{\"@id\":\"https:\/\/blogs.funiber.org\/pt\/#\/schema\/logo\/image\/\"},\"sameAs\":[\"https:\/\/www.facebook.com\/funiber\",\"https:\/\/twitter.com\/FUNIBER\",\"https:\/\/www.instagram.com\/funiber_becas\",\"https:\/\/www.youtube.com\/user\/funiber\",\"https:\/\/www.linkedin.com\/company\/funiber\"]},{\"@type\":\"Person\",\"@id\":\"https:\/\/blogs.funiber.org\/pt\/#\/schema\/person\/94d795d205ab2d0d46af574fc3607f83\",\"name\":\"Meritxell Bayarri\",\"image\":{\"@type\":\"ImageObject\",\"inLanguage\":\"pt-BR\",\"@id\":\"https:\/\/blogs.funiber.org\/pt\/#\/schema\/person\/image\/\",\"url\":\"https:\/\/secure.gravatar.com\/avatar\/4f90217c5b8287de49f16fabd7246866?s=96&d=mm&r=g\",\"contentUrl\":\"https:\/\/secure.gravatar.com\/avatar\/4f90217c5b8287de49f16fabd7246866?s=96&d=mm&r=g\",\"caption\":\"Meritxell Bayarri\"},\"url\":\"https:\/\/www.funiber.blog\/pt\/author\/meritxellbayarri\"}]}<\/script>\n<!-- \/ Yoast SEO plugin. -->","yoast_head_json":{"title":"O trabalho por projetos aumenta as habilidades dos estudantes","description":"J\u00e1 faz alguns anos que as escolas est\u00e3o come\u00e7ando a substituir as classes comuns pelos trabalhos por projetos. Esta forma de aprender permite que as crian\u00e7as e os jovens desenvolvam sua autonomia e responsabilidade no momento de planejar tarefas e trabalhar de forma estruturada","robots":{"index":"index","follow":"follow","max-snippet":"max-snippet:-1","max-image-preview":"max-image-preview:large","max-video-preview":"max-video-preview:-1"},"canonical":"https:\/\/blogs.funiber.org\/pt\/arquitetura-e-desenho\/2019\/01\/07\/funiber-trabalho-projetos-aumenta-habilidades-estudantes","og_locale":"pt_BR","og_type":"article","og_title":"O trabalho por projetos aumenta as habilidades dos estudantes","og_description":"J\u00e1 faz alguns anos que as escolas est\u00e3o come\u00e7ando a substituir as classes comuns pelos trabalhos por projetos. Esta forma de aprender permite que as crian\u00e7as e os jovens desenvolvam sua autonomia e responsabilidade no momento de planejar tarefas e trabalhar de forma estruturada","og_url":"https:\/\/blogs.funiber.org\/pt\/arquitetura-e-desenho\/2019\/01\/07\/funiber-trabalho-projetos-aumenta-habilidades-estudantes","og_site_name":"FuniBlogs - FUNIBER","article_publisher":"https:\/\/www.facebook.com\/funiber","article_published_time":"2019-01-07T13:45:25+00:00","article_modified_time":"2019-01-07T12:31:15+00:00","og_image":[{"width":768,"height":576,"url":"https:\/\/blogs.funiber.org\/pt\/wp-content\/uploads\/2019\/01\/funiber-proyectos-jovenes.jpg","type":"image\/jpeg"}],"author":"Meritxell Bayarri","twitter_card":"summary_large_image","twitter_creator":"@FUNIBER","twitter_site":"@FUNIBER","twitter_misc":{"Escrito por":"Meritxell Bayarri","Est. tempo de leitura":"2 minutos"},"schema":{"@context":"https:\/\/schema.org","@graph":[{"@type":"Article","@id":"https:\/\/blogs.funiber.org\/pt\/arquitetura-e-desenho\/2019\/01\/07\/funiber-trabalho-projetos-aumenta-habilidades-estudantes#article","isPartOf":{"@id":"https:\/\/blogs.funiber.org\/pt\/arquitetura-e-desenho\/2019\/01\/07\/funiber-trabalho-projetos-aumenta-habilidades-estudantes"},"author":{"name":"Meritxell Bayarri","@id":"https:\/\/blogs.funiber.org\/pt\/#\/schema\/person\/94d795d205ab2d0d46af574fc3607f83"},"headline":"O trabalho por projetos aumenta as habilidades dos estudantes","datePublished":"2019-01-07T13:45:25+00:00","dateModified":"2019-01-07T12:31:15+00:00","mainEntityOfPage":{"@id":"https:\/\/blogs.funiber.org\/pt\/arquitetura-e-desenho\/2019\/01\/07\/funiber-trabalho-projetos-aumenta-habilidades-estudantes"},"wordCount":428,"publisher":{"@id":"https:\/\/blogs.funiber.org\/pt\/#organization"},"keywords":["Bolsas","Doutorado","Educa\u00e7\u00e3o","Educa\u00e7\u00e3o a Dist\u00e2ncia","Estudos","Funiber","FUNIBER Opini\u00f5es","mestrado","Opini\u00e3o FUNIBER","Opini\u00f5es Funiber","Projetos"],"articleSection":["Projetos"],"inLanguage":"pt-BR"},{"@type":"WebPage","@id":"https:\/\/blogs.funiber.org\/pt\/arquitetura-e-desenho\/2019\/01\/07\/funiber-trabalho-projetos-aumenta-habilidades-estudantes","url":"https:\/\/blogs.funiber.org\/pt\/arquitetura-e-desenho\/2019\/01\/07\/funiber-trabalho-projetos-aumenta-habilidades-estudantes","name":"O trabalho por projetos aumenta as habilidades dos estudantes","isPartOf":{"@id":"https:\/\/blogs.funiber.org\/pt\/#website"},"datePublished":"2019-01-07T13:45:25+00:00","dateModified":"2019-01-07T12:31:15+00:00","description":"J\u00e1 faz alguns anos que as escolas est\u00e3o come\u00e7ando a substituir as classes comuns pelos trabalhos por projetos. Esta forma de aprender permite que as crian\u00e7as e os jovens desenvolvam sua autonomia e responsabilidade no momento de planejar tarefas e trabalhar de forma estruturada","breadcrumb":{"@id":"https:\/\/blogs.funiber.org\/pt\/arquitetura-e-desenho\/2019\/01\/07\/funiber-trabalho-projetos-aumenta-habilidades-estudantes#breadcrumb"},"inLanguage":"pt-BR","potentialAction":[{"@type":"ReadAction","target":["https:\/\/blogs.funiber.org\/pt\/arquitetura-e-desenho\/2019\/01\/07\/funiber-trabalho-projetos-aumenta-habilidades-estudantes"]}]},{"@type":"BreadcrumbList","@id":"https:\/\/blogs.funiber.org\/pt\/arquitetura-e-desenho\/2019\/01\/07\/funiber-trabalho-projetos-aumenta-habilidades-estudantes#breadcrumb","itemListElement":[{"@type":"ListItem","position":1,"name":"In\u00edcio","item":"https:\/\/blogs.funiber.org\/pt"},{"@type":"ListItem","position":2,"name":"O trabalho por projetos aumenta as habilidades dos estudantes"}]},{"@type":"WebSite","@id":"https:\/\/blogs.funiber.org\/pt\/#website","url":"https:\/\/blogs.funiber.org\/pt\/","name":"FuniBlogs - FUNIBER","description":"","publisher":{"@id":"https:\/\/blogs.funiber.org\/pt\/#organization"},"potentialAction":[{"@type":"SearchAction","target":{"@type":"EntryPoint","urlTemplate":"https:\/\/blogs.funiber.org\/pt\/?s={search_term_string}"},"query-input":"required name=search_term_string"}],"inLanguage":"pt-BR"},{"@type":"Organization","@id":"https:\/\/blogs.funiber.org\/pt\/#organization","name":"FuniBlogs - FUNIBER","url":"https:\/\/blogs.funiber.org\/pt\/","logo":{"@type":"ImageObject","inLanguage":"pt-BR","@id":"https:\/\/blogs.funiber.org\/pt\/#\/schema\/logo\/image\/","url":"https:\/\/www.funiber.blog\/pt\/wp-content\/uploads\/2022\/02\/logo-funiber-pt-br-v-dos.svg","contentUrl":"https:\/\/www.funiber.blog\/pt\/wp-content\/uploads\/2022\/02\/logo-funiber-pt-br-v-dos.svg","width":1,"height":1,"caption":"FuniBlogs - FUNIBER"},"image":{"@id":"https:\/\/blogs.funiber.org\/pt\/#\/schema\/logo\/image\/"},"sameAs":["https:\/\/www.facebook.com\/funiber","https:\/\/twitter.com\/FUNIBER","https:\/\/www.instagram.com\/funiber_becas","https:\/\/www.youtube.com\/user\/funiber","https:\/\/www.linkedin.com\/company\/funiber"]},{"@type":"Person","@id":"https:\/\/blogs.funiber.org\/pt\/#\/schema\/person\/94d795d205ab2d0d46af574fc3607f83","name":"Meritxell Bayarri","image":{"@type":"ImageObject","inLanguage":"pt-BR","@id":"https:\/\/blogs.funiber.org\/pt\/#\/schema\/person\/image\/","url":"https:\/\/secure.gravatar.com\/avatar\/4f90217c5b8287de49f16fabd7246866?s=96&d=mm&r=g","contentUrl":"https:\/\/secure.gravatar.com\/avatar\/4f90217c5b8287de49f16fabd7246866?s=96&d=mm&r=g","caption":"Meritxell Bayarri"},"url":"https:\/\/www.funiber.blog\/pt\/author\/meritxellbayarri"}]}},"jetpack_featured_media_url":"https:\/\/www.funiber.blog\/pt\/wp-content\/uploads\/2019\/01\/funiber-proyectos-jovenes.jpg","jetpack_shortlink":"https:\/\/wp.me\/p7ee1t-4IG","jetpack_sharing_enabled":true,"_links":{"self":[{"href":"https:\/\/www.funiber.blog\/pt\/wp-json\/wp\/v2\/posts\/18146"}],"collection":[{"href":"https:\/\/www.funiber.blog\/pt\/wp-json\/wp\/v2\/posts"}],"about":[{"href":"https:\/\/www.funiber.blog\/pt\/wp-json\/wp\/v2\/types\/post"}],"author":[{"embeddable":true,"href":"https:\/\/www.funiber.blog\/pt\/wp-json\/wp\/v2\/users\/22"}],"replies":[{"embeddable":true,"href":"https:\/\/www.funiber.blog\/pt\/wp-json\/wp\/v2\/comments?post=18146"}],"version-history":[{"count":2,"href":"https:\/\/www.funiber.blog\/pt\/wp-json\/wp\/v2\/posts\/18146\/revisions"}],"predecessor-version":[{"id":18149,"href":"https:\/\/www.funiber.blog\/pt\/wp-json\/wp\/v2\/posts\/18146\/revisions\/18149"}],"wp:featuredmedia":[{"embeddable":true,"href":"https:\/\/www.funiber.blog\/pt\/wp-json\/wp\/v2\/media\/18147"}],"wp:attachment":[{"href":"https:\/\/www.funiber.blog\/pt\/wp-json\/wp\/v2\/media?parent=18146"}],"wp:term":[{"taxonomy":"category","embeddable":true,"href":"https:\/\/www.funiber.blog\/pt\/wp-json\/wp\/v2\/categories?post=18146"},{"taxonomy":"post_tag","embeddable":true,"href":"https:\/\/www.funiber.blog\/pt\/wp-json\/wp\/v2\/tags?post=18146"}],"curies":[{"name":"wp","href":"https:\/\/api.w.org\/{rel}","templated":true}]}}