{"id":18252,"date":"2019-01-18T13:48:06","date_gmt":"2019-01-18T13:48:06","guid":{"rendered":"https:\/\/blogs.funiber.org\/pt\/?p=18252"},"modified":"2019-01-21T13:28:11","modified_gmt":"2019-01-21T13:28:11","slug":"funiber-matematica-materia-formar-cidadaos-criticos","status":"publish","type":"post","link":"https:\/\/www.funiber.blog\/pt\/formacao-professores\/2019\/01\/18\/funiber-matematica-materia-formar-cidadaos-criticos","title":{"rendered":"Matem\u00e1tica, uma mat\u00e9ria para formar cidad\u00e3os cr\u00edticos"},"content":{"rendered":"<h2>Para o disseminador matem\u00e1tico Eduardo S\u00e1enz de Cabez\u00f3n, os n\u00fameros possibilitam analisar as situa\u00e7\u00f5es com mais rigor e ter um papel importante na constru\u00e7\u00e3o da pessoa<\/h2>\n<p>&#8220;Todos os dias algu\u00e9m disfar\u00e7as os dados para nos manipular&#8221;, explica o doutor em matem\u00e1tica <a href=\"https:\/\/twitter.com\/edusadeci?lang=es\" target=\"_blank\" rel=\"noopener\">Eduardo S\u00e1enz de Cabez\u00f3n<\/a> que assinala que se algu\u00e9m tem o rigor dos n\u00fameros e a capacidade de entender o que est\u00e1 dizendo, ser\u00e1 mais dif\u00edcil de manipular.<\/p>\n<p><!--more--><\/p>\n<p>O fundador do grupo de pesquisadores <a href=\"http:\/\/www.bigvanciencia.com\/\" target=\"_blank\" rel=\"noopener\">Big Van Cient\u00edficos sobre Ruedas<\/a> explica em <a href=\"https:\/\/aprendemosjuntos.elpais.com\/especial\/para-que-sirven-las-matematicas-eduardo-saenz-de-cabezon\/\" target=\"_blank\" rel=\"noopener\">uma entrevista<\/a> que considera que a matem\u00e1tica \u00e9 uma &#8220;ferramenta poderosa&#8221; para exercer a cidadania de maneira cr\u00edtica, pois proporciona a capacidade de analisar situa\u00e7\u00f5es com rigor. &#8220;As matem\u00e1ticas servem para formar cidad\u00e3os livres&#8221;, acrescenta.<\/p>\n<p>Outra fun\u00e7\u00e3o dos n\u00fameros \u00e9 que eles permitem uma abordagem cient\u00edfica para qualquer disciplina. &#8220;Qualquer pessoa que for estudar algo com um m\u00e9todo cient\u00edfico precisar\u00e1 de estat\u00edsticas ou modelagem&#8221;, diz S\u00e1enz de Cabez\u00f3n.<\/p>\n<p>O professor do secund\u00e1rio <a href=\"https:\/\/soymatematicas.com\/\" target=\"_blank\" rel=\"noopener\">Justo Fern\u00e1ndez<\/a> concorda com este doutor em matem\u00e1tica no qual os n\u00fameros est\u00e3o presentes em v\u00e1rios campos e servem para dominar outras especialidades. &#8220;Sem elas, as pontes n\u00e3o existiriam, nem os computadores ou a Internet existiriam. N\u00e3o haveria telefones celulares ou o tempo poderia ser previsto &#8220;, explica ele no portal <a href=\"https:\/\/soymatematicas.com\/sirven-las-matematicas\/\" target=\"_blank\" rel=\"noopener\">Soy Matem\u00e1ticas.<\/a><\/p>\n<p><strong>Al\u00e9m do que \u00e9 &#8220;\u00fatil&#8221;<\/strong><\/p>\n<p>Eduardo S\u00e1enz de Cabez\u00f3n considera que existe uma &#8220;armadilha&#8221; em estudar apenas as coisas que mais tarde ser\u00e3o aplicadas a uma profiss\u00e3o. &#8220;Perder\u00edamos quase tudo&#8221;, diz ele. Esse matem\u00e1tico ressalta que quase tudo que \u00e9 aprendido na escola n\u00e3o ser\u00e1 usado materialmente no dia-a-dia. No entanto, ela explica que o processo de ter aprendido tudo o que molda a pessoa, lhe permite conhecer o mundo e \u00e9 \u00fatil para si mesma.<\/p>\n<p>&#8220;A educa\u00e7\u00e3o, especialmente nos n\u00edveis prim\u00e1rios, \u00e9 uma constru\u00e7\u00e3o da pessoa e a matem\u00e1tica tamb\u00e9m \u00e9 \u00fatil para isso&#8221;, diz S\u00e1enz de Cabez\u00f3n, acrescentando que os n\u00fameros tamb\u00e9m servem para tornar as pessoas mais felizes e mais completas, para que eles entendam melhor o mundo e se entendam melhor.<\/p>\n<p><span class=\"embed-youtube\" style=\"text-align:center; display: block;\"><iframe loading=\"lazy\" class=\"youtube-player\" width=\"640\" height=\"360\" src=\"https:\/\/www.youtube.com\/embed\/Cwq4dRBWcr8?version=3&#038;rel=1&#038;showsearch=0&#038;showinfo=1&#038;iv_load_policy=1&#038;fs=1&#038;hl=pt-BR&#038;autohide=2&#038;wmode=transparent\" allowfullscreen=\"true\" style=\"border:0;\" sandbox=\"allow-scripts allow-same-origin allow-popups allow-presentation allow-popups-to-escape-sandbox\"><\/iframe><\/span><\/p>\n<p>Para todas as pessoas interessadas em uma forma\u00e7\u00e3o de qualidade sobre o comportamento humano em situa\u00e7\u00f5es de evolu\u00e7\u00e3o, a <a href=\"https:\/\/www.funiber.org\/\" target=\"_blank\" rel=\"noopener\">FUNIBER<\/a> patrocina o <a href=\"https:\/\/www.funiber.org\/maestria-en-intervencion-psicologica-en-el-desarrollo-y-la-educacion\" target=\"_blank\" rel=\"noopener\">Mestrado em Interven\u00e7\u00e3o Psicol\u00f3gica em Desenvolvimento e em Educa\u00e7\u00e3o.\u00a0<\/a><\/p>\n<p>Fonte:\u00a0<a href=\"https:\/\/aprendemosjuntos.elpais.com\/especial\/para-que-sirven-las-matematicas-eduardo-saenz-de-cabezon\/\" target=\"_blank\" rel=\"noopener\">\u00bfPara qu\u00e9 sirven las matem\u00e1ticas? Eduardo S\u00e1enz de Cabez\u00f3n, matem\u00e1tico<\/a><\/p>\n<p>Foto: Todos os direitos reservados<\/p>\n","protected":false},"excerpt":{"rendered":"<p>Para o disseminador matem\u00e1tico Eduardo S\u00e1enz de Cabez\u00f3n, os n\u00fameros possibilitam analisar as situa\u00e7\u00f5es com mais rigor e ter um papel importante na constru\u00e7\u00e3o da pessoa &#8220;Todos os dias algu\u00e9m disfar\u00e7as os dados para nos manipular&#8221;, explica o doutor em matem\u00e1tica Eduardo S\u00e1enz de Cabez\u00f3n que assinala que se algu\u00e9m tem o rigor dos n\u00fameros [&hellip;]<\/p>\n","protected":false},"author":22,"featured_media":18253,"comment_status":"closed","ping_status":"closed","sticky":false,"template":"","format":"standard","meta":{"jetpack_post_was_ever_published":false,"_jetpack_newsletter_access":"","_jetpack_newsletter_tier_id":0,"footnotes":"","jetpack_publicize_message":"","jetpack_is_tweetstorm":false,"jetpack_publicize_feature_enabled":true,"jetpack_social_post_already_shared":true,"jetpack_social_options":{"image_generator_settings":{"template":"highway","enabled":false}}},"categories":[5],"tags":[1242,855,285,408,119,686,248,911,671,641,255],"jetpack_publicize_connections":[],"yoast_head":"<!-- This site is optimized with the Yoast SEO plugin v21.7 - https:\/\/yoast.com\/wordpress\/plugins\/seo\/ -->\n<title>Matem\u00e1tica, uma mat\u00e9ria para formar cidad\u00e3os cr\u00edticos<\/title>\n<meta name=\"description\" content=\"Para o disseminador matem\u00e1tico Eduardo S\u00e1enz de Cabez\u00f3n, os n\u00fameros possibilitam analisar as situa\u00e7\u00f5es com mais rigor e ter um papel importante na constru\u00e7\u00e3o da pessoa\" \/>\n<meta name=\"robots\" content=\"index, follow, max-snippet:-1, max-image-preview:large, max-video-preview:-1\" \/>\n<link rel=\"canonical\" href=\"https:\/\/blogs.funiber.org\/pt\/formacao-professores\/2019\/01\/18\/funiber-matematica-materia-formar-cidadaos-criticos\" \/>\n<meta property=\"og:locale\" content=\"pt_BR\" \/>\n<meta property=\"og:type\" content=\"article\" \/>\n<meta property=\"og:title\" content=\"Matem\u00e1tica, uma mat\u00e9ria para formar cidad\u00e3os cr\u00edticos\" \/>\n<meta property=\"og:description\" content=\"Para o disseminador matem\u00e1tico Eduardo S\u00e1enz de Cabez\u00f3n, os n\u00fameros possibilitam analisar as situa\u00e7\u00f5es com mais rigor e ter um papel importante na constru\u00e7\u00e3o da pessoa\" \/>\n<meta property=\"og:url\" content=\"https:\/\/blogs.funiber.org\/pt\/formacao-professores\/2019\/01\/18\/funiber-matematica-materia-formar-cidadaos-criticos\" \/>\n<meta property=\"og:site_name\" content=\"FuniBlogs - FUNIBER\" \/>\n<meta property=\"article:publisher\" content=\"https:\/\/www.facebook.com\/funiber\" \/>\n<meta property=\"article:published_time\" content=\"2019-01-18T13:48:06+00:00\" \/>\n<meta property=\"article:modified_time\" content=\"2019-01-21T13:28:11+00:00\" \/>\n<meta property=\"og:image\" content=\"https:\/\/blogs.funiber.org\/pt\/wp-content\/uploads\/2019\/01\/funiber-matematicas.jpg\" \/>\n\t<meta property=\"og:image:width\" content=\"768\" \/>\n\t<meta property=\"og:image:height\" content=\"576\" \/>\n\t<meta property=\"og:image:type\" content=\"image\/jpeg\" \/>\n<meta name=\"author\" content=\"Meritxell Bayarri\" \/>\n<meta name=\"twitter:card\" content=\"summary_large_image\" \/>\n<meta name=\"twitter:creator\" content=\"@FUNIBER\" \/>\n<meta name=\"twitter:site\" content=\"@FUNIBER\" \/>\n<meta name=\"twitter:label1\" content=\"Escrito por\" \/>\n\t<meta name=\"twitter:data1\" content=\"Meritxell Bayarri\" \/>\n\t<meta name=\"twitter:label2\" content=\"Est. tempo de leitura\" \/>\n\t<meta name=\"twitter:data2\" content=\"2 minutos\" \/>\n<script type=\"application\/ld+json\" class=\"yoast-schema-graph\">{\"@context\":\"https:\/\/schema.org\",\"@graph\":[{\"@type\":\"Article\",\"@id\":\"https:\/\/blogs.funiber.org\/pt\/formacao-professores\/2019\/01\/18\/funiber-matematica-materia-formar-cidadaos-criticos#article\",\"isPartOf\":{\"@id\":\"https:\/\/blogs.funiber.org\/pt\/formacao-professores\/2019\/01\/18\/funiber-matematica-materia-formar-cidadaos-criticos\"},\"author\":{\"name\":\"Meritxell Bayarri\",\"@id\":\"https:\/\/blogs.funiber.org\/pt\/#\/schema\/person\/94d795d205ab2d0d46af574fc3607f83\"},\"headline\":\"Matem\u00e1tica, uma mat\u00e9ria para formar cidad\u00e3os cr\u00edticos\",\"datePublished\":\"2019-01-18T13:48:06+00:00\",\"dateModified\":\"2019-01-21T13:28:11+00:00\",\"mainEntityOfPage\":{\"@id\":\"https:\/\/blogs.funiber.org\/pt\/formacao-professores\/2019\/01\/18\/funiber-matematica-materia-formar-cidadaos-criticos\"},\"wordCount\":454,\"publisher\":{\"@id\":\"https:\/\/blogs.funiber.org\/pt\/#organization\"},\"keywords\":[\"Bolsas\",\"Doutorado\",\"Educa\u00e7\u00e3o\",\"Educa\u00e7\u00e3o a Dist\u00e2ncia\",\"Estudos\",\"Forma\u00e7\u00e3o de Professores\",\"Funiber\",\"FUNIBER Opini\u00f5es\",\"mestrado\",\"Opini\u00e3o FUNIBER\",\"Opini\u00f5es Funiber\"],\"articleSection\":[\"Educa\u00e7\u00e3o,\u00a0Forma\u00e7\u00e3o Professores\"],\"inLanguage\":\"pt-BR\"},{\"@type\":\"WebPage\",\"@id\":\"https:\/\/blogs.funiber.org\/pt\/formacao-professores\/2019\/01\/18\/funiber-matematica-materia-formar-cidadaos-criticos\",\"url\":\"https:\/\/blogs.funiber.org\/pt\/formacao-professores\/2019\/01\/18\/funiber-matematica-materia-formar-cidadaos-criticos\",\"name\":\"Matem\u00e1tica, uma mat\u00e9ria para formar cidad\u00e3os cr\u00edticos\",\"isPartOf\":{\"@id\":\"https:\/\/blogs.funiber.org\/pt\/#website\"},\"datePublished\":\"2019-01-18T13:48:06+00:00\",\"dateModified\":\"2019-01-21T13:28:11+00:00\",\"description\":\"Para o disseminador matem\u00e1tico Eduardo S\u00e1enz de Cabez\u00f3n, os n\u00fameros possibilitam analisar as situa\u00e7\u00f5es com mais rigor e ter um papel importante na constru\u00e7\u00e3o da pessoa\",\"breadcrumb\":{\"@id\":\"https:\/\/blogs.funiber.org\/pt\/formacao-professores\/2019\/01\/18\/funiber-matematica-materia-formar-cidadaos-criticos#breadcrumb\"},\"inLanguage\":\"pt-BR\",\"potentialAction\":[{\"@type\":\"ReadAction\",\"target\":[\"https:\/\/blogs.funiber.org\/pt\/formacao-professores\/2019\/01\/18\/funiber-matematica-materia-formar-cidadaos-criticos\"]}]},{\"@type\":\"BreadcrumbList\",\"@id\":\"https:\/\/blogs.funiber.org\/pt\/formacao-professores\/2019\/01\/18\/funiber-matematica-materia-formar-cidadaos-criticos#breadcrumb\",\"itemListElement\":[{\"@type\":\"ListItem\",\"position\":1,\"name\":\"In\u00edcio\",\"item\":\"https:\/\/blogs.funiber.org\/pt\"},{\"@type\":\"ListItem\",\"position\":2,\"name\":\"Matem\u00e1tica, uma mat\u00e9ria para formar cidad\u00e3os cr\u00edticos\"}]},{\"@type\":\"WebSite\",\"@id\":\"https:\/\/blogs.funiber.org\/pt\/#website\",\"url\":\"https:\/\/blogs.funiber.org\/pt\/\",\"name\":\"FuniBlogs - FUNIBER\",\"description\":\"\",\"publisher\":{\"@id\":\"https:\/\/blogs.funiber.org\/pt\/#organization\"},\"potentialAction\":[{\"@type\":\"SearchAction\",\"target\":{\"@type\":\"EntryPoint\",\"urlTemplate\":\"https:\/\/blogs.funiber.org\/pt\/?s={search_term_string}\"},\"query-input\":\"required name=search_term_string\"}],\"inLanguage\":\"pt-BR\"},{\"@type\":\"Organization\",\"@id\":\"https:\/\/blogs.funiber.org\/pt\/#organization\",\"name\":\"FuniBlogs - FUNIBER\",\"url\":\"https:\/\/blogs.funiber.org\/pt\/\",\"logo\":{\"@type\":\"ImageObject\",\"inLanguage\":\"pt-BR\",\"@id\":\"https:\/\/blogs.funiber.org\/pt\/#\/schema\/logo\/image\/\",\"url\":\"https:\/\/www.funiber.blog\/pt\/wp-content\/uploads\/2022\/02\/logo-funiber-pt-br-v-dos.svg\",\"contentUrl\":\"https:\/\/www.funiber.blog\/pt\/wp-content\/uploads\/2022\/02\/logo-funiber-pt-br-v-dos.svg\",\"width\":1,\"height\":1,\"caption\":\"FuniBlogs - FUNIBER\"},\"image\":{\"@id\":\"https:\/\/blogs.funiber.org\/pt\/#\/schema\/logo\/image\/\"},\"sameAs\":[\"https:\/\/www.facebook.com\/funiber\",\"https:\/\/twitter.com\/FUNIBER\",\"https:\/\/www.instagram.com\/funiber_becas\",\"https:\/\/www.youtube.com\/user\/funiber\",\"https:\/\/www.linkedin.com\/company\/funiber\"]},{\"@type\":\"Person\",\"@id\":\"https:\/\/blogs.funiber.org\/pt\/#\/schema\/person\/94d795d205ab2d0d46af574fc3607f83\",\"name\":\"Meritxell Bayarri\",\"image\":{\"@type\":\"ImageObject\",\"inLanguage\":\"pt-BR\",\"@id\":\"https:\/\/blogs.funiber.org\/pt\/#\/schema\/person\/image\/\",\"url\":\"https:\/\/secure.gravatar.com\/avatar\/4f90217c5b8287de49f16fabd7246866?s=96&d=mm&r=g\",\"contentUrl\":\"https:\/\/secure.gravatar.com\/avatar\/4f90217c5b8287de49f16fabd7246866?s=96&d=mm&r=g\",\"caption\":\"Meritxell Bayarri\"},\"url\":\"https:\/\/www.funiber.blog\/pt\/author\/meritxellbayarri\"}]}<\/script>\n<!-- \/ Yoast SEO plugin. -->","yoast_head_json":{"title":"Matem\u00e1tica, uma mat\u00e9ria para formar cidad\u00e3os cr\u00edticos","description":"Para o disseminador matem\u00e1tico Eduardo S\u00e1enz de Cabez\u00f3n, os n\u00fameros possibilitam analisar as situa\u00e7\u00f5es com mais rigor e ter um papel importante na constru\u00e7\u00e3o da pessoa","robots":{"index":"index","follow":"follow","max-snippet":"max-snippet:-1","max-image-preview":"max-image-preview:large","max-video-preview":"max-video-preview:-1"},"canonical":"https:\/\/blogs.funiber.org\/pt\/formacao-professores\/2019\/01\/18\/funiber-matematica-materia-formar-cidadaos-criticos","og_locale":"pt_BR","og_type":"article","og_title":"Matem\u00e1tica, uma mat\u00e9ria para formar cidad\u00e3os cr\u00edticos","og_description":"Para o disseminador matem\u00e1tico Eduardo S\u00e1enz de Cabez\u00f3n, os n\u00fameros possibilitam analisar as situa\u00e7\u00f5es com mais rigor e ter um papel importante na constru\u00e7\u00e3o da pessoa","og_url":"https:\/\/blogs.funiber.org\/pt\/formacao-professores\/2019\/01\/18\/funiber-matematica-materia-formar-cidadaos-criticos","og_site_name":"FuniBlogs - FUNIBER","article_publisher":"https:\/\/www.facebook.com\/funiber","article_published_time":"2019-01-18T13:48:06+00:00","article_modified_time":"2019-01-21T13:28:11+00:00","og_image":[{"width":768,"height":576,"url":"https:\/\/blogs.funiber.org\/pt\/wp-content\/uploads\/2019\/01\/funiber-matematicas.jpg","type":"image\/jpeg"}],"author":"Meritxell Bayarri","twitter_card":"summary_large_image","twitter_creator":"@FUNIBER","twitter_site":"@FUNIBER","twitter_misc":{"Escrito por":"Meritxell Bayarri","Est. tempo de leitura":"2 minutos"},"schema":{"@context":"https:\/\/schema.org","@graph":[{"@type":"Article","@id":"https:\/\/blogs.funiber.org\/pt\/formacao-professores\/2019\/01\/18\/funiber-matematica-materia-formar-cidadaos-criticos#article","isPartOf":{"@id":"https:\/\/blogs.funiber.org\/pt\/formacao-professores\/2019\/01\/18\/funiber-matematica-materia-formar-cidadaos-criticos"},"author":{"name":"Meritxell Bayarri","@id":"https:\/\/blogs.funiber.org\/pt\/#\/schema\/person\/94d795d205ab2d0d46af574fc3607f83"},"headline":"Matem\u00e1tica, uma mat\u00e9ria para formar cidad\u00e3os cr\u00edticos","datePublished":"2019-01-18T13:48:06+00:00","dateModified":"2019-01-21T13:28:11+00:00","mainEntityOfPage":{"@id":"https:\/\/blogs.funiber.org\/pt\/formacao-professores\/2019\/01\/18\/funiber-matematica-materia-formar-cidadaos-criticos"},"wordCount":454,"publisher":{"@id":"https:\/\/blogs.funiber.org\/pt\/#organization"},"keywords":["Bolsas","Doutorado","Educa\u00e7\u00e3o","Educa\u00e7\u00e3o a Dist\u00e2ncia","Estudos","Forma\u00e7\u00e3o de Professores","Funiber","FUNIBER Opini\u00f5es","mestrado","Opini\u00e3o FUNIBER","Opini\u00f5es Funiber"],"articleSection":["Educa\u00e7\u00e3o,\u00a0Forma\u00e7\u00e3o Professores"],"inLanguage":"pt-BR"},{"@type":"WebPage","@id":"https:\/\/blogs.funiber.org\/pt\/formacao-professores\/2019\/01\/18\/funiber-matematica-materia-formar-cidadaos-criticos","url":"https:\/\/blogs.funiber.org\/pt\/formacao-professores\/2019\/01\/18\/funiber-matematica-materia-formar-cidadaos-criticos","name":"Matem\u00e1tica, uma mat\u00e9ria para formar cidad\u00e3os cr\u00edticos","isPartOf":{"@id":"https:\/\/blogs.funiber.org\/pt\/#website"},"datePublished":"2019-01-18T13:48:06+00:00","dateModified":"2019-01-21T13:28:11+00:00","description":"Para o disseminador matem\u00e1tico Eduardo S\u00e1enz de Cabez\u00f3n, os n\u00fameros possibilitam analisar as situa\u00e7\u00f5es com mais rigor e ter um papel importante na constru\u00e7\u00e3o da pessoa","breadcrumb":{"@id":"https:\/\/blogs.funiber.org\/pt\/formacao-professores\/2019\/01\/18\/funiber-matematica-materia-formar-cidadaos-criticos#breadcrumb"},"inLanguage":"pt-BR","potentialAction":[{"@type":"ReadAction","target":["https:\/\/blogs.funiber.org\/pt\/formacao-professores\/2019\/01\/18\/funiber-matematica-materia-formar-cidadaos-criticos"]}]},{"@type":"BreadcrumbList","@id":"https:\/\/blogs.funiber.org\/pt\/formacao-professores\/2019\/01\/18\/funiber-matematica-materia-formar-cidadaos-criticos#breadcrumb","itemListElement":[{"@type":"ListItem","position":1,"name":"In\u00edcio","item":"https:\/\/blogs.funiber.org\/pt"},{"@type":"ListItem","position":2,"name":"Matem\u00e1tica, uma mat\u00e9ria para formar cidad\u00e3os cr\u00edticos"}]},{"@type":"WebSite","@id":"https:\/\/blogs.funiber.org\/pt\/#website","url":"https:\/\/blogs.funiber.org\/pt\/","name":"FuniBlogs - FUNIBER","description":"","publisher":{"@id":"https:\/\/blogs.funiber.org\/pt\/#organization"},"potentialAction":[{"@type":"SearchAction","target":{"@type":"EntryPoint","urlTemplate":"https:\/\/blogs.funiber.org\/pt\/?s={search_term_string}"},"query-input":"required name=search_term_string"}],"inLanguage":"pt-BR"},{"@type":"Organization","@id":"https:\/\/blogs.funiber.org\/pt\/#organization","name":"FuniBlogs - FUNIBER","url":"https:\/\/blogs.funiber.org\/pt\/","logo":{"@type":"ImageObject","inLanguage":"pt-BR","@id":"https:\/\/blogs.funiber.org\/pt\/#\/schema\/logo\/image\/","url":"https:\/\/www.funiber.blog\/pt\/wp-content\/uploads\/2022\/02\/logo-funiber-pt-br-v-dos.svg","contentUrl":"https:\/\/www.funiber.blog\/pt\/wp-content\/uploads\/2022\/02\/logo-funiber-pt-br-v-dos.svg","width":1,"height":1,"caption":"FuniBlogs - FUNIBER"},"image":{"@id":"https:\/\/blogs.funiber.org\/pt\/#\/schema\/logo\/image\/"},"sameAs":["https:\/\/www.facebook.com\/funiber","https:\/\/twitter.com\/FUNIBER","https:\/\/www.instagram.com\/funiber_becas","https:\/\/www.youtube.com\/user\/funiber","https:\/\/www.linkedin.com\/company\/funiber"]},{"@type":"Person","@id":"https:\/\/blogs.funiber.org\/pt\/#\/schema\/person\/94d795d205ab2d0d46af574fc3607f83","name":"Meritxell Bayarri","image":{"@type":"ImageObject","inLanguage":"pt-BR","@id":"https:\/\/blogs.funiber.org\/pt\/#\/schema\/person\/image\/","url":"https:\/\/secure.gravatar.com\/avatar\/4f90217c5b8287de49f16fabd7246866?s=96&d=mm&r=g","contentUrl":"https:\/\/secure.gravatar.com\/avatar\/4f90217c5b8287de49f16fabd7246866?s=96&d=mm&r=g","caption":"Meritxell Bayarri"},"url":"https:\/\/www.funiber.blog\/pt\/author\/meritxellbayarri"}]}},"jetpack_featured_media_url":"https:\/\/www.funiber.blog\/pt\/wp-content\/uploads\/2019\/01\/funiber-matematicas.jpg","jetpack_shortlink":"https:\/\/wp.me\/p7ee1t-4Ko","jetpack_sharing_enabled":true,"_links":{"self":[{"href":"https:\/\/www.funiber.blog\/pt\/wp-json\/wp\/v2\/posts\/18252"}],"collection":[{"href":"https:\/\/www.funiber.blog\/pt\/wp-json\/wp\/v2\/posts"}],"about":[{"href":"https:\/\/www.funiber.blog\/pt\/wp-json\/wp\/v2\/types\/post"}],"author":[{"embeddable":true,"href":"https:\/\/www.funiber.blog\/pt\/wp-json\/wp\/v2\/users\/22"}],"replies":[{"embeddable":true,"href":"https:\/\/www.funiber.blog\/pt\/wp-json\/wp\/v2\/comments?post=18252"}],"version-history":[{"count":4,"href":"https:\/\/www.funiber.blog\/pt\/wp-json\/wp\/v2\/posts\/18252\/revisions"}],"predecessor-version":[{"id":18289,"href":"https:\/\/www.funiber.blog\/pt\/wp-json\/wp\/v2\/posts\/18252\/revisions\/18289"}],"wp:featuredmedia":[{"embeddable":true,"href":"https:\/\/www.funiber.blog\/pt\/wp-json\/wp\/v2\/media\/18253"}],"wp:attachment":[{"href":"https:\/\/www.funiber.blog\/pt\/wp-json\/wp\/v2\/media?parent=18252"}],"wp:term":[{"taxonomy":"category","embeddable":true,"href":"https:\/\/www.funiber.blog\/pt\/wp-json\/wp\/v2\/categories?post=18252"},{"taxonomy":"post_tag","embeddable":true,"href":"https:\/\/www.funiber.blog\/pt\/wp-json\/wp\/v2\/tags?post=18252"}],"curies":[{"name":"wp","href":"https:\/\/api.w.org\/{rel}","templated":true}]}}