{"id":18270,"date":"2019-01-20T13:15:42","date_gmt":"2019-01-20T13:15:42","guid":{"rendered":"https:\/\/blogs.funiber.org\/pt\/?p=18270"},"modified":"2019-01-21T16:37:06","modified_gmt":"2019-01-21T16:37:06","slug":"funiber-madri-cria-plano-contra-ataques-catastrofes-radioativas","status":"publish","type":"post","link":"https:\/\/www.funiber.blog\/pt\/meio-ambiente\/2019\/01\/20\/funiber-madri-cria-plano-contra-ataques-catastrofes-radioativas","title":{"rendered":"Madri cria um plano de a\u00e7\u00e3o contra ataques e cat\u00e1strofes radioativas"},"content":{"rendered":"<h2>A capital da Espanha, assim como a regi\u00e3o que faz parte, a Comunidade de Madri, acabam de estrear um plano com medidas de seguran\u00e7as para agir em situa\u00e7\u00f5es perigosas relacionadas com materiais t\u00f3xicos<\/h2>\n<p>A Comunidade de Madri (Espanha) se preparou para enfrentar uma poss\u00edvel cat\u00e1strofe radioativa. Atrav\u00e9s de um plano de prote\u00e7\u00e3o, foi estabelecidas algumas\u00a0 pautas de atua\u00e7\u00e3o e uma s\u00e9rie de medidas de seguran\u00e7a para proteger a popula\u00e7\u00e3o em caso da explos\u00e3o de uma bomba carregada de componente t\u00f3xico.<\/p>\n<p><!--more--><\/p>\n<p>&#8220;O risco que existe, atualmente, \u00e9 o mesmo que h\u00e1 nos \u00faltimos anos. O \u00fanico que fazemos agora \u00e9 nos adaptar ao que nos obriga a norma estatal&#8221;, explica a respons\u00e1vel da mesa de trabalho que redigiu o plano, Carmen Mart\u00edn Curto.<\/p>\n<p>Como explica o jornal <a href=\"https:\/\/elpais.com\/ccaa\/2018\/12\/02\/madrid\/1543755151_264629.html\" target=\"_blank\" rel=\"noopener\">El Pa\u00eds<\/a>, em geral, o projeto aborda poss\u00edveis acidentes em instala\u00e7\u00f5es que possuem material radioativo, atentados terroristas, a queda de um sat\u00e9lite com material radioativo ou a chegada de uma nuvem t\u00f3xica e de produtos contaminados.<\/p>\n<p>No caso dos produtos perigosos, Mart\u00edn Curto destaca que o n\u00famero de movimentos por transporte destes materiais na Comunidade de Madri &#8220;n\u00e3o \u00e9 muito alto&#8221;. Em geral, os pontos quentes destes movimentos s\u00e3o o aeroporto de Barajas e as aduanas de Coslada e M\u00e9ndez \u00c1lvaro.<\/p>\n<p><strong>Como atuam diante de uma cat\u00e1strofe?<\/strong><\/p>\n<p>O plano redigido para a Comunidade de Madri contempla que no caso de situa\u00e7\u00f5es emergenciais ou de contamina\u00e7\u00e3o, sejam delimitadas \u00e1reas de interven\u00e7\u00e3o aplicando as dist\u00e2ncias de seguran\u00e7a recomendadas.<\/p>\n<p>Em segundo lugar, \u00e9 importante medir a contamina\u00e7\u00e3o para quantificar os danos, assim como proteger os cidad\u00e3os.<\/p>\n<p>Os passos a seguir contemplam identificar e deter os suspeitos e mobilizar as equipes de emerg\u00eancia e seguran\u00e7a necess\u00e1rios, ou seja, sa\u00fade, bombeiros, pol\u00edcias, guardas civis ou militares, dependendo de cada caso. E por \u00faltimo, tamb\u00e9m deve-se organizar o translado de feridos aos centros especializados.<\/p>\n<p>Na \u00e1rea ambiental, a <a href=\"https:\/\/www.funiber.org.br\/\" target=\"_blank\" rel=\"noopener\">FUNIBER<\/a> patrocina o <a href=\"https:\/\/www.funiber.org.br\/mestrado-em-gestao-e-auditorias-ambientais\" target=\"_blank\" rel=\"noopener\">Mestrado em Gest\u00e3o e Auditorias Ambientais<\/a>. Com este programa\u00a0de estudantes \u00e9 poss\u00edvel especializar na cria\u00e7\u00e3o de estrat\u00e9gias de desenvolvimento sustent\u00e1vel.<\/p>\n<p>Fonte:\u00a0<a href=\"https:\/\/elpais.com\/ccaa\/2018\/12\/02\/madrid\/1543755151_264629.html\" target=\"_blank\" rel=\"nofollow noopener\">Madrid se prepara para actuar frente a una cat\u00e1strofe radioactiva<\/a><\/p>\n<p>Foto: Todos os direitos reservados<\/p>\n","protected":false},"excerpt":{"rendered":"<p>A capital da Espanha, assim como a regi\u00e3o que faz parte, a Comunidade de Madri, acabam de estrear um plano com medidas de seguran\u00e7as para agir em situa\u00e7\u00f5es perigosas relacionadas com materiais t\u00f3xicos A Comunidade de Madri (Espanha) se preparou para enfrentar uma poss\u00edvel cat\u00e1strofe radioativa. Atrav\u00e9s de um plano de prote\u00e7\u00e3o, foi estabelecidas algumas\u00a0 [&hellip;]<\/p>\n","protected":false},"author":22,"featured_media":18271,"comment_status":"closed","ping_status":"closed","sticky":false,"template":"","format":"standard","meta":{"jetpack_post_was_ever_published":false,"_jetpack_newsletter_access":"","_jetpack_newsletter_tier_id":0,"footnotes":"","jetpack_publicize_message":"","jetpack_is_tweetstorm":false,"jetpack_publicize_feature_enabled":true,"jetpack_social_post_already_shared":true,"jetpack_social_options":{"image_generator_settings":{"template":"highway","enabled":false}}},"categories":[2],"tags":[1242,855,285,408,119,248,911,671,641,255],"jetpack_publicize_connections":[],"yoast_head":"<!-- This site is optimized with the Yoast SEO plugin v21.7 - https:\/\/yoast.com\/wordpress\/plugins\/seo\/ -->\n<title>Madri cria um plano de a\u00e7\u00e3o contra ataques e cat\u00e1strofes radioativas<\/title>\n<meta name=\"description\" content=\"A capital da Espanha, assim como a regi\u00e3o que faz parte, a Comunidade de Madri, acabam de estrear um plano com medidas de seguran\u00e7as para agir em situa\u00e7\u00f5es perigosas relacionadas com materiais t\u00f3xicos\" \/>\n<meta name=\"robots\" content=\"index, follow, max-snippet:-1, max-image-preview:large, max-video-preview:-1\" \/>\n<link rel=\"canonical\" href=\"https:\/\/blogs.funiber.org\/pt\/meio-ambiente\/2019\/01\/20\/funiber-madri-cria-plano-contra-ataques-catastrofes-radioativas\" \/>\n<meta property=\"og:locale\" content=\"pt_BR\" \/>\n<meta property=\"og:type\" content=\"article\" \/>\n<meta property=\"og:title\" content=\"Madri cria um plano de a\u00e7\u00e3o contra ataques e cat\u00e1strofes radioativas\" \/>\n<meta property=\"og:description\" content=\"A capital da Espanha, assim como a regi\u00e3o que faz parte, a Comunidade de Madri, acabam de estrear um plano com medidas de seguran\u00e7as para agir em situa\u00e7\u00f5es perigosas relacionadas com materiais t\u00f3xicos\" \/>\n<meta property=\"og:url\" content=\"https:\/\/blogs.funiber.org\/pt\/meio-ambiente\/2019\/01\/20\/funiber-madri-cria-plano-contra-ataques-catastrofes-radioativas\" \/>\n<meta property=\"og:site_name\" content=\"FuniBlogs - FUNIBER\" \/>\n<meta property=\"article:publisher\" content=\"https:\/\/www.facebook.com\/funiber\" \/>\n<meta property=\"article:published_time\" content=\"2019-01-20T13:15:42+00:00\" \/>\n<meta property=\"article:modified_time\" content=\"2019-01-21T16:37:06+00:00\" \/>\n<meta property=\"og:image\" content=\"https:\/\/blogs.funiber.org\/pt\/wp-content\/uploads\/2019\/01\/funiber-ciudad-madrid.jpg\" \/>\n\t<meta property=\"og:image:width\" content=\"768\" \/>\n\t<meta property=\"og:image:height\" content=\"576\" \/>\n\t<meta property=\"og:image:type\" content=\"image\/jpeg\" \/>\n<meta name=\"author\" content=\"Meritxell Bayarri\" \/>\n<meta name=\"twitter:card\" content=\"summary_large_image\" \/>\n<meta name=\"twitter:creator\" content=\"@FUNIBER\" \/>\n<meta name=\"twitter:site\" content=\"@FUNIBER\" \/>\n<meta name=\"twitter:label1\" content=\"Escrito por\" \/>\n\t<meta name=\"twitter:data1\" content=\"Meritxell Bayarri\" \/>\n\t<meta name=\"twitter:label2\" content=\"Est. tempo de leitura\" \/>\n\t<meta name=\"twitter:data2\" content=\"2 minutos\" \/>\n<script type=\"application\/ld+json\" class=\"yoast-schema-graph\">{\"@context\":\"https:\/\/schema.org\",\"@graph\":[{\"@type\":\"Article\",\"@id\":\"https:\/\/blogs.funiber.org\/pt\/meio-ambiente\/2019\/01\/20\/funiber-madri-cria-plano-contra-ataques-catastrofes-radioativas#article\",\"isPartOf\":{\"@id\":\"https:\/\/blogs.funiber.org\/pt\/meio-ambiente\/2019\/01\/20\/funiber-madri-cria-plano-contra-ataques-catastrofes-radioativas\"},\"author\":{\"name\":\"Meritxell Bayarri\",\"@id\":\"https:\/\/blogs.funiber.org\/pt\/#\/schema\/person\/94d795d205ab2d0d46af574fc3607f83\"},\"headline\":\"Madri cria um plano de a\u00e7\u00e3o contra ataques e cat\u00e1strofes radioativas\",\"datePublished\":\"2019-01-20T13:15:42+00:00\",\"dateModified\":\"2019-01-21T16:37:06+00:00\",\"mainEntityOfPage\":{\"@id\":\"https:\/\/blogs.funiber.org\/pt\/meio-ambiente\/2019\/01\/20\/funiber-madri-cria-plano-contra-ataques-catastrofes-radioativas\"},\"wordCount\":402,\"publisher\":{\"@id\":\"https:\/\/blogs.funiber.org\/pt\/#organization\"},\"keywords\":[\"Bolsas\",\"Doutorado\",\"Educa\u00e7\u00e3o\",\"Educa\u00e7\u00e3o a Dist\u00e2ncia\",\"Estudos\",\"Funiber\",\"FUNIBER Opini\u00f5es\",\"mestrado\",\"Opini\u00e3o FUNIBER\",\"Opini\u00f5es Funiber\"],\"articleSection\":[\"Meio Ambiente\"],\"inLanguage\":\"pt-BR\"},{\"@type\":\"WebPage\",\"@id\":\"https:\/\/blogs.funiber.org\/pt\/meio-ambiente\/2019\/01\/20\/funiber-madri-cria-plano-contra-ataques-catastrofes-radioativas\",\"url\":\"https:\/\/blogs.funiber.org\/pt\/meio-ambiente\/2019\/01\/20\/funiber-madri-cria-plano-contra-ataques-catastrofes-radioativas\",\"name\":\"Madri cria um plano de a\u00e7\u00e3o contra ataques e cat\u00e1strofes radioativas\",\"isPartOf\":{\"@id\":\"https:\/\/blogs.funiber.org\/pt\/#website\"},\"datePublished\":\"2019-01-20T13:15:42+00:00\",\"dateModified\":\"2019-01-21T16:37:06+00:00\",\"description\":\"A capital da Espanha, assim como a regi\u00e3o que faz parte, a Comunidade de Madri, acabam de estrear um plano com medidas de seguran\u00e7as para agir em situa\u00e7\u00f5es perigosas relacionadas com materiais t\u00f3xicos\",\"breadcrumb\":{\"@id\":\"https:\/\/blogs.funiber.org\/pt\/meio-ambiente\/2019\/01\/20\/funiber-madri-cria-plano-contra-ataques-catastrofes-radioativas#breadcrumb\"},\"inLanguage\":\"pt-BR\",\"potentialAction\":[{\"@type\":\"ReadAction\",\"target\":[\"https:\/\/blogs.funiber.org\/pt\/meio-ambiente\/2019\/01\/20\/funiber-madri-cria-plano-contra-ataques-catastrofes-radioativas\"]}]},{\"@type\":\"BreadcrumbList\",\"@id\":\"https:\/\/blogs.funiber.org\/pt\/meio-ambiente\/2019\/01\/20\/funiber-madri-cria-plano-contra-ataques-catastrofes-radioativas#breadcrumb\",\"itemListElement\":[{\"@type\":\"ListItem\",\"position\":1,\"name\":\"In\u00edcio\",\"item\":\"https:\/\/blogs.funiber.org\/pt\"},{\"@type\":\"ListItem\",\"position\":2,\"name\":\"Madri cria um plano de a\u00e7\u00e3o contra ataques e cat\u00e1strofes radioativas\"}]},{\"@type\":\"WebSite\",\"@id\":\"https:\/\/blogs.funiber.org\/pt\/#website\",\"url\":\"https:\/\/blogs.funiber.org\/pt\/\",\"name\":\"FuniBlogs - FUNIBER\",\"description\":\"\",\"publisher\":{\"@id\":\"https:\/\/blogs.funiber.org\/pt\/#organization\"},\"potentialAction\":[{\"@type\":\"SearchAction\",\"target\":{\"@type\":\"EntryPoint\",\"urlTemplate\":\"https:\/\/blogs.funiber.org\/pt\/?s={search_term_string}\"},\"query-input\":\"required name=search_term_string\"}],\"inLanguage\":\"pt-BR\"},{\"@type\":\"Organization\",\"@id\":\"https:\/\/blogs.funiber.org\/pt\/#organization\",\"name\":\"FuniBlogs - FUNIBER\",\"url\":\"https:\/\/blogs.funiber.org\/pt\/\",\"logo\":{\"@type\":\"ImageObject\",\"inLanguage\":\"pt-BR\",\"@id\":\"https:\/\/blogs.funiber.org\/pt\/#\/schema\/logo\/image\/\",\"url\":\"https:\/\/www.funiber.blog\/pt\/wp-content\/uploads\/2022\/02\/logo-funiber-pt-br-v-dos.svg\",\"contentUrl\":\"https:\/\/www.funiber.blog\/pt\/wp-content\/uploads\/2022\/02\/logo-funiber-pt-br-v-dos.svg\",\"width\":1,\"height\":1,\"caption\":\"FuniBlogs - FUNIBER\"},\"image\":{\"@id\":\"https:\/\/blogs.funiber.org\/pt\/#\/schema\/logo\/image\/\"},\"sameAs\":[\"https:\/\/www.facebook.com\/funiber\",\"https:\/\/twitter.com\/FUNIBER\",\"https:\/\/www.instagram.com\/funiber_becas\",\"https:\/\/www.youtube.com\/user\/funiber\",\"https:\/\/www.linkedin.com\/company\/funiber\"]},{\"@type\":\"Person\",\"@id\":\"https:\/\/blogs.funiber.org\/pt\/#\/schema\/person\/94d795d205ab2d0d46af574fc3607f83\",\"name\":\"Meritxell Bayarri\",\"image\":{\"@type\":\"ImageObject\",\"inLanguage\":\"pt-BR\",\"@id\":\"https:\/\/blogs.funiber.org\/pt\/#\/schema\/person\/image\/\",\"url\":\"https:\/\/secure.gravatar.com\/avatar\/4f90217c5b8287de49f16fabd7246866?s=96&d=mm&r=g\",\"contentUrl\":\"https:\/\/secure.gravatar.com\/avatar\/4f90217c5b8287de49f16fabd7246866?s=96&d=mm&r=g\",\"caption\":\"Meritxell Bayarri\"},\"url\":\"https:\/\/www.funiber.blog\/pt\/author\/meritxellbayarri\"}]}<\/script>\n<!-- \/ Yoast SEO plugin. -->","yoast_head_json":{"title":"Madri cria um plano de a\u00e7\u00e3o contra ataques e cat\u00e1strofes radioativas","description":"A capital da Espanha, assim como a regi\u00e3o que faz parte, a Comunidade de Madri, acabam de estrear um plano com medidas de seguran\u00e7as para agir em situa\u00e7\u00f5es perigosas relacionadas com materiais t\u00f3xicos","robots":{"index":"index","follow":"follow","max-snippet":"max-snippet:-1","max-image-preview":"max-image-preview:large","max-video-preview":"max-video-preview:-1"},"canonical":"https:\/\/blogs.funiber.org\/pt\/meio-ambiente\/2019\/01\/20\/funiber-madri-cria-plano-contra-ataques-catastrofes-radioativas","og_locale":"pt_BR","og_type":"article","og_title":"Madri cria um plano de a\u00e7\u00e3o contra ataques e cat\u00e1strofes radioativas","og_description":"A capital da Espanha, assim como a regi\u00e3o que faz parte, a Comunidade de Madri, acabam de estrear um plano com medidas de seguran\u00e7as para agir em situa\u00e7\u00f5es perigosas relacionadas com materiais t\u00f3xicos","og_url":"https:\/\/blogs.funiber.org\/pt\/meio-ambiente\/2019\/01\/20\/funiber-madri-cria-plano-contra-ataques-catastrofes-radioativas","og_site_name":"FuniBlogs - FUNIBER","article_publisher":"https:\/\/www.facebook.com\/funiber","article_published_time":"2019-01-20T13:15:42+00:00","article_modified_time":"2019-01-21T16:37:06+00:00","og_image":[{"width":768,"height":576,"url":"https:\/\/blogs.funiber.org\/pt\/wp-content\/uploads\/2019\/01\/funiber-ciudad-madrid.jpg","type":"image\/jpeg"}],"author":"Meritxell Bayarri","twitter_card":"summary_large_image","twitter_creator":"@FUNIBER","twitter_site":"@FUNIBER","twitter_misc":{"Escrito por":"Meritxell Bayarri","Est. tempo de leitura":"2 minutos"},"schema":{"@context":"https:\/\/schema.org","@graph":[{"@type":"Article","@id":"https:\/\/blogs.funiber.org\/pt\/meio-ambiente\/2019\/01\/20\/funiber-madri-cria-plano-contra-ataques-catastrofes-radioativas#article","isPartOf":{"@id":"https:\/\/blogs.funiber.org\/pt\/meio-ambiente\/2019\/01\/20\/funiber-madri-cria-plano-contra-ataques-catastrofes-radioativas"},"author":{"name":"Meritxell Bayarri","@id":"https:\/\/blogs.funiber.org\/pt\/#\/schema\/person\/94d795d205ab2d0d46af574fc3607f83"},"headline":"Madri cria um plano de a\u00e7\u00e3o contra ataques e cat\u00e1strofes radioativas","datePublished":"2019-01-20T13:15:42+00:00","dateModified":"2019-01-21T16:37:06+00:00","mainEntityOfPage":{"@id":"https:\/\/blogs.funiber.org\/pt\/meio-ambiente\/2019\/01\/20\/funiber-madri-cria-plano-contra-ataques-catastrofes-radioativas"},"wordCount":402,"publisher":{"@id":"https:\/\/blogs.funiber.org\/pt\/#organization"},"keywords":["Bolsas","Doutorado","Educa\u00e7\u00e3o","Educa\u00e7\u00e3o a Dist\u00e2ncia","Estudos","Funiber","FUNIBER Opini\u00f5es","mestrado","Opini\u00e3o FUNIBER","Opini\u00f5es Funiber"],"articleSection":["Meio Ambiente"],"inLanguage":"pt-BR"},{"@type":"WebPage","@id":"https:\/\/blogs.funiber.org\/pt\/meio-ambiente\/2019\/01\/20\/funiber-madri-cria-plano-contra-ataques-catastrofes-radioativas","url":"https:\/\/blogs.funiber.org\/pt\/meio-ambiente\/2019\/01\/20\/funiber-madri-cria-plano-contra-ataques-catastrofes-radioativas","name":"Madri cria um plano de a\u00e7\u00e3o contra ataques e cat\u00e1strofes radioativas","isPartOf":{"@id":"https:\/\/blogs.funiber.org\/pt\/#website"},"datePublished":"2019-01-20T13:15:42+00:00","dateModified":"2019-01-21T16:37:06+00:00","description":"A capital da Espanha, assim como a regi\u00e3o que faz parte, a Comunidade de Madri, acabam de estrear um plano com medidas de seguran\u00e7as para agir em situa\u00e7\u00f5es perigosas relacionadas com materiais t\u00f3xicos","breadcrumb":{"@id":"https:\/\/blogs.funiber.org\/pt\/meio-ambiente\/2019\/01\/20\/funiber-madri-cria-plano-contra-ataques-catastrofes-radioativas#breadcrumb"},"inLanguage":"pt-BR","potentialAction":[{"@type":"ReadAction","target":["https:\/\/blogs.funiber.org\/pt\/meio-ambiente\/2019\/01\/20\/funiber-madri-cria-plano-contra-ataques-catastrofes-radioativas"]}]},{"@type":"BreadcrumbList","@id":"https:\/\/blogs.funiber.org\/pt\/meio-ambiente\/2019\/01\/20\/funiber-madri-cria-plano-contra-ataques-catastrofes-radioativas#breadcrumb","itemListElement":[{"@type":"ListItem","position":1,"name":"In\u00edcio","item":"https:\/\/blogs.funiber.org\/pt"},{"@type":"ListItem","position":2,"name":"Madri cria um plano de a\u00e7\u00e3o contra ataques e cat\u00e1strofes radioativas"}]},{"@type":"WebSite","@id":"https:\/\/blogs.funiber.org\/pt\/#website","url":"https:\/\/blogs.funiber.org\/pt\/","name":"FuniBlogs - FUNIBER","description":"","publisher":{"@id":"https:\/\/blogs.funiber.org\/pt\/#organization"},"potentialAction":[{"@type":"SearchAction","target":{"@type":"EntryPoint","urlTemplate":"https:\/\/blogs.funiber.org\/pt\/?s={search_term_string}"},"query-input":"required name=search_term_string"}],"inLanguage":"pt-BR"},{"@type":"Organization","@id":"https:\/\/blogs.funiber.org\/pt\/#organization","name":"FuniBlogs - FUNIBER","url":"https:\/\/blogs.funiber.org\/pt\/","logo":{"@type":"ImageObject","inLanguage":"pt-BR","@id":"https:\/\/blogs.funiber.org\/pt\/#\/schema\/logo\/image\/","url":"https:\/\/www.funiber.blog\/pt\/wp-content\/uploads\/2022\/02\/logo-funiber-pt-br-v-dos.svg","contentUrl":"https:\/\/www.funiber.blog\/pt\/wp-content\/uploads\/2022\/02\/logo-funiber-pt-br-v-dos.svg","width":1,"height":1,"caption":"FuniBlogs - FUNIBER"},"image":{"@id":"https:\/\/blogs.funiber.org\/pt\/#\/schema\/logo\/image\/"},"sameAs":["https:\/\/www.facebook.com\/funiber","https:\/\/twitter.com\/FUNIBER","https:\/\/www.instagram.com\/funiber_becas","https:\/\/www.youtube.com\/user\/funiber","https:\/\/www.linkedin.com\/company\/funiber"]},{"@type":"Person","@id":"https:\/\/blogs.funiber.org\/pt\/#\/schema\/person\/94d795d205ab2d0d46af574fc3607f83","name":"Meritxell Bayarri","image":{"@type":"ImageObject","inLanguage":"pt-BR","@id":"https:\/\/blogs.funiber.org\/pt\/#\/schema\/person\/image\/","url":"https:\/\/secure.gravatar.com\/avatar\/4f90217c5b8287de49f16fabd7246866?s=96&d=mm&r=g","contentUrl":"https:\/\/secure.gravatar.com\/avatar\/4f90217c5b8287de49f16fabd7246866?s=96&d=mm&r=g","caption":"Meritxell Bayarri"},"url":"https:\/\/www.funiber.blog\/pt\/author\/meritxellbayarri"}]}},"jetpack_featured_media_url":"https:\/\/www.funiber.blog\/pt\/wp-content\/uploads\/2019\/01\/funiber-ciudad-madrid.jpg","jetpack_shortlink":"https:\/\/wp.me\/p7ee1t-4KG","jetpack_sharing_enabled":true,"_links":{"self":[{"href":"https:\/\/www.funiber.blog\/pt\/wp-json\/wp\/v2\/posts\/18270"}],"collection":[{"href":"https:\/\/www.funiber.blog\/pt\/wp-json\/wp\/v2\/posts"}],"about":[{"href":"https:\/\/www.funiber.blog\/pt\/wp-json\/wp\/v2\/types\/post"}],"author":[{"embeddable":true,"href":"https:\/\/www.funiber.blog\/pt\/wp-json\/wp\/v2\/users\/22"}],"replies":[{"embeddable":true,"href":"https:\/\/www.funiber.blog\/pt\/wp-json\/wp\/v2\/comments?post=18270"}],"version-history":[{"count":6,"href":"https:\/\/www.funiber.blog\/pt\/wp-json\/wp\/v2\/posts\/18270\/revisions"}],"predecessor-version":[{"id":18293,"href":"https:\/\/www.funiber.blog\/pt\/wp-json\/wp\/v2\/posts\/18270\/revisions\/18293"}],"wp:featuredmedia":[{"embeddable":true,"href":"https:\/\/www.funiber.blog\/pt\/wp-json\/wp\/v2\/media\/18271"}],"wp:attachment":[{"href":"https:\/\/www.funiber.blog\/pt\/wp-json\/wp\/v2\/media?parent=18270"}],"wp:term":[{"taxonomy":"category","embeddable":true,"href":"https:\/\/www.funiber.blog\/pt\/wp-json\/wp\/v2\/categories?post=18270"},{"taxonomy":"post_tag","embeddable":true,"href":"https:\/\/www.funiber.blog\/pt\/wp-json\/wp\/v2\/tags?post=18270"}],"curies":[{"name":"wp","href":"https:\/\/api.w.org\/{rel}","templated":true}]}}