{"id":18685,"date":"2019-03-05T10:26:51","date_gmt":"2019-03-05T10:26:51","guid":{"rendered":"https:\/\/blogs.funiber.org\/pt\/?p=18685"},"modified":"2019-03-04T10:30:44","modified_gmt":"2019-03-04T10:30:44","slug":"funiber-empreededorismo-idosos","status":"publish","type":"post","link":"https:\/\/www.funiber.blog\/pt\/gerontologia\/2019\/03\/05\/funiber-empreededorismo-idosos","title":{"rendered":"Empreendedorismo em idosos"},"content":{"rendered":"<h2>Empreendedorismo na terceira idade pode ser uma oportunidade para aplicar em um neg\u00f3cio a experi\u00eancia de trabalho adquirida ao longo da vida<\/h2>\n<p>H\u00e1 pessoas que quando atingem uma certa idade n\u00e3o querem parar de trabalhar. Pode ser que estejam desempregadas, que n\u00e3o obtenham benef\u00edcios sociais ou que tenham pens\u00f5es ou sal\u00e1rios baixos. Voc\u00ea tamb\u00e9m pode descobrir que existem poucas ofertas de emprego no mercado de trabalho ou que as op\u00e7\u00f5es oferecidas a elas n\u00e3o atendem \u00e0s suas necessidades. Diante dessa situa\u00e7\u00e3o, muitos idosos optam por <strong>empreender<\/strong> e usar toda a sua experi\u00eancia profissional para iniciar um novo desafio.<!--more--><\/p>\n<p>Como explica o analista Antonio R\u00edos Ram\u00edrez, do jornal <a href=\"https:\/\/www.elheraldodechihuahua.com.mx\/analisis\/emprendimiento-en-la-tercera-edad-757564.html\" target=\"_blank\" rel=\"noopener\">El Heraldo de Chihuahua<\/a>, os empres\u00e1rios da terceira idade s\u00e3o os que t\u00eam <strong>50 anos ou mais<\/strong> e est\u00e3o no processo de abrir um neg\u00f3cio ou j\u00e1 come\u00e7aram um. Neste caso, a sua predisposi\u00e7\u00e3o para empreender &#8220;depende da <strong>experi\u00eancia<\/strong> e carreira desenvolvida&#8221;.<\/p>\n<p>Segundo I\u00f1aki Ortega e Antonio Huertas, autores do livro <a href=\"https:\/\/www.planetadelibros.com\/libro-la-revolucion-de-las-canas\/280587\" target=\"_blank\" rel=\"noopener\"><em>La revoluci\u00f3n de las canas<\/em><\/a>, hoje em dia as pessoas vivem mais e com mais qualidade de vida e esta situa\u00e7\u00e3o favorece que haja mais oportunidades. &#8220;Se voc\u00ea tem mais qualidade de vida, <strong>voc\u00ea pode trabalhar mais<\/strong> e se h\u00e1 mais pessoas que trabalham no crescimento da economia&#8221;, Ortega explica no portal <a href=\"https:\/\/www.emprendedores.es\/ideas-de-negocio\/a25568535\/sociedad-mayores-crecimiento-economico-emprender-oportunidades\/\" target=\"_blank\" rel=\"noopener\">Emprendedores<\/a>, acrescentando que, se mais pessoas est\u00e3o trabalhando, a popula\u00e7\u00e3o est\u00e1 cada vez mais produtiva e h\u00e1 novos nichos atividade econ\u00f4mica.<\/p>\n<p>Alguns desses nichos, segundo Ortega, s\u00e3o empresas voltadas para atender \u00e0s necessidades dos idosos e pertencem a \u00e1reas como sa\u00fade, educa\u00e7\u00e3o, tecnologia, habita\u00e7\u00e3o, lazer ou finan\u00e7as.<\/p>\n<p><strong>Uma atividade flex\u00edvel que potencializa o envelhecimento ativo<\/strong><\/p>\n<p>Muitos especialistas concordam que, embora seja poss\u00edvel come\u00e7ar na terceira idade, talvez a melhor maneira de o realizar seja por meio de novas f\u00f3rmulas. Um exemplo seria que os idosos trabalhassem em jornadas mais reduzidas ou se especializassem em profiss\u00f5es com hor\u00e1rios e tarefas flex\u00edveis.<\/p>\n<p>Segundo o estudo <a href=\"https:\/\/www.redalyc.org\/html\/3498\/349851778007\/\" target=\"_blank\" rel=\"noopener\">Idosos: inova\u00e7\u00e3o e empreendedorismo<\/a>, o empreendedorismo no idoso proporciona benef\u00edcios pessoais, social e econ\u00f4mico, e potencializa de forma bastante significativa, o <a href=\"https:\/\/blogs.funiber.org\/gerontologia\/2017\/09\/12\/funiber-estudio-envejecimiento-activo\">envelhecimento ativo.<\/a><\/p>\n<p>Para todos os interessados \u200b\u200bno estudo de temas relacionados aos idosos, a <a href=\"https:\/\/www.funiber.org.br\" target=\"_blank\" rel=\"noopener\">FUNIBER<\/a> patrocina o <a href=\"https:\/\/www.funiber.org.br\/mestrado-em-gerontologia\" target=\"_blank\" rel=\"noopener\">Mestrado em Gerontologia<\/a>. Este mestrado centra-se no estudo dos processos de envelhecimento dos indiv\u00edduos e leva em considera\u00e7\u00e3o desde as mudan\u00e7as f\u00edsicas, sociais e mentais, at\u00e9 a investiga\u00e7\u00e3o das mudan\u00e7as na sociedade decorrentes do crescente envelhecimento da popula\u00e7\u00e3o.<\/p>\n<p>Fontes:\u00a0<a href=\"https:\/\/www.emprendedores.es\/ideas-de-negocio\/a25568535\/sociedad-mayores-crecimiento-economico-emprender-oportunidades\/\" target=\"_blank\" rel=\"noopener\">\u00bfY si una sociedad de mayores estimulase el crecimiento econ\u00f3mico en lugar de ser un lastre?<\/a><\/p>\n<p>Foto: Todos os direitos reservados<\/p>\n","protected":false},"excerpt":{"rendered":"<p>Empreendedorismo na terceira idade pode ser uma oportunidade para aplicar em um neg\u00f3cio a experi\u00eancia de trabalho adquirida ao longo da vida H\u00e1 pessoas que quando atingem uma certa idade n\u00e3o querem parar de trabalhar. Pode ser que estejam desempregadas, que n\u00e3o obtenham benef\u00edcios sociais ou que tenham pens\u00f5es ou sal\u00e1rios baixos. Voc\u00ea tamb\u00e9m pode [&hellip;]<\/p>\n","protected":false},"author":10,"featured_media":18686,"comment_status":"closed","ping_status":"closed","sticky":false,"template":"","format":"standard","meta":{"jetpack_post_was_ever_published":false,"_jetpack_newsletter_access":"","_jetpack_newsletter_tier_id":0,"footnotes":"","jetpack_publicize_message":"","jetpack_is_tweetstorm":false,"jetpack_publicize_feature_enabled":true,"jetpack_social_post_already_shared":true,"jetpack_social_options":{"image_generator_settings":{"template":"highway","enabled":false}}},"categories":[1],"tags":[1242,2939,855,285,262,172,119,248,911,739,267,671,79,641,255,132,113,217],"jetpack_publicize_connections":[],"yoast_head":"<!-- This site is optimized with the Yoast SEO plugin v21.7 - https:\/\/yoast.com\/wordpress\/plugins\/seo\/ -->\n<title>Empreendedorismo em idosos<\/title>\n<meta name=\"description\" content=\"Empreendedorismo na terceira idade pode ser uma oportunidade para aplicar em um neg\u00f3cio a experi\u00eancia de trabalho adquirida ao longo da vida\" \/>\n<meta name=\"robots\" content=\"index, follow, max-snippet:-1, max-image-preview:large, max-video-preview:-1\" \/>\n<link rel=\"canonical\" href=\"https:\/\/blogs.funiber.org\/pt\/gerontologia\/2019\/03\/05\/funiber-empreededorismo-idosos\" \/>\n<meta property=\"og:locale\" content=\"pt_BR\" \/>\n<meta property=\"og:type\" content=\"article\" \/>\n<meta property=\"og:title\" content=\"Empreendedorismo em idosos\" \/>\n<meta property=\"og:description\" content=\"Empreendedorismo na terceira idade pode ser uma oportunidade para aplicar em um neg\u00f3cio a experi\u00eancia de trabalho adquirida ao longo da vida\" \/>\n<meta property=\"og:url\" content=\"https:\/\/blogs.funiber.org\/pt\/gerontologia\/2019\/03\/05\/funiber-empreededorismo-idosos\" \/>\n<meta property=\"og:site_name\" content=\"FuniBlogs - FUNIBER\" \/>\n<meta property=\"article:publisher\" content=\"https:\/\/www.facebook.com\/funiber\" \/>\n<meta property=\"article:published_time\" content=\"2019-03-05T10:26:51+00:00\" \/>\n<meta property=\"article:modified_time\" content=\"2019-03-04T10:30:44+00:00\" \/>\n<meta property=\"og:image\" content=\"https:\/\/blogs.funiber.org\/pt\/wp-content\/uploads\/2019\/03\/funiber-idosos-empreendedorismo.jpg\" \/>\n\t<meta property=\"og:image:width\" content=\"768\" \/>\n\t<meta property=\"og:image:height\" content=\"576\" \/>\n\t<meta property=\"og:image:type\" content=\"image\/jpeg\" \/>\n<meta name=\"author\" content=\"Michelle\" \/>\n<meta name=\"twitter:card\" content=\"summary_large_image\" \/>\n<meta name=\"twitter:creator\" content=\"@FUNIBER\" \/>\n<meta name=\"twitter:site\" content=\"@FUNIBER\" \/>\n<meta name=\"twitter:label1\" content=\"Escrito por\" \/>\n\t<meta name=\"twitter:data1\" content=\"Michelle\" \/>\n\t<meta name=\"twitter:label2\" content=\"Est. tempo de leitura\" \/>\n\t<meta name=\"twitter:data2\" content=\"2 minutos\" \/>\n<script type=\"application\/ld+json\" class=\"yoast-schema-graph\">{\"@context\":\"https:\/\/schema.org\",\"@graph\":[{\"@type\":\"Article\",\"@id\":\"https:\/\/blogs.funiber.org\/pt\/gerontologia\/2019\/03\/05\/funiber-empreededorismo-idosos#article\",\"isPartOf\":{\"@id\":\"https:\/\/blogs.funiber.org\/pt\/gerontologia\/2019\/03\/05\/funiber-empreededorismo-idosos\"},\"author\":{\"name\":\"Michelle\",\"@id\":\"https:\/\/blogs.funiber.org\/pt\/#\/schema\/person\/a1eaaa5e57eac866a8c5946946bcf80d\"},\"headline\":\"Empreendedorismo em idosos\",\"datePublished\":\"2019-03-05T10:26:51+00:00\",\"dateModified\":\"2019-03-04T10:30:44+00:00\",\"mainEntityOfPage\":{\"@id\":\"https:\/\/blogs.funiber.org\/pt\/gerontologia\/2019\/03\/05\/funiber-empreededorismo-idosos\"},\"wordCount\":464,\"publisher\":{\"@id\":\"https:\/\/blogs.funiber.org\/pt\/#organization\"},\"keywords\":[\"Bolsas\",\"Crescimento econ\u00f4mico\",\"Doutorado\",\"Educa\u00e7\u00e3o\",\"Empreendedorismo\",\"Empresas\",\"Estudos\",\"Funiber\",\"FUNIBER Opini\u00f5es\",\"gerontologia\",\"Idosos\",\"mestrado\",\"Negocios\",\"Opini\u00e3o FUNIBER\",\"Opini\u00f5es Funiber\",\"Preven\u00e7\u00e3o\",\"Sa\u00fade\",\"Terceira idade\"],\"articleSection\":[\"Gerontologia\"],\"inLanguage\":\"pt-BR\"},{\"@type\":\"WebPage\",\"@id\":\"https:\/\/blogs.funiber.org\/pt\/gerontologia\/2019\/03\/05\/funiber-empreededorismo-idosos\",\"url\":\"https:\/\/blogs.funiber.org\/pt\/gerontologia\/2019\/03\/05\/funiber-empreededorismo-idosos\",\"name\":\"Empreendedorismo em idosos\",\"isPartOf\":{\"@id\":\"https:\/\/blogs.funiber.org\/pt\/#website\"},\"datePublished\":\"2019-03-05T10:26:51+00:00\",\"dateModified\":\"2019-03-04T10:30:44+00:00\",\"description\":\"Empreendedorismo na terceira idade pode ser uma oportunidade para aplicar em um neg\u00f3cio a experi\u00eancia de trabalho adquirida ao longo da vida\",\"breadcrumb\":{\"@id\":\"https:\/\/blogs.funiber.org\/pt\/gerontologia\/2019\/03\/05\/funiber-empreededorismo-idosos#breadcrumb\"},\"inLanguage\":\"pt-BR\",\"potentialAction\":[{\"@type\":\"ReadAction\",\"target\":[\"https:\/\/blogs.funiber.org\/pt\/gerontologia\/2019\/03\/05\/funiber-empreededorismo-idosos\"]}]},{\"@type\":\"BreadcrumbList\",\"@id\":\"https:\/\/blogs.funiber.org\/pt\/gerontologia\/2019\/03\/05\/funiber-empreededorismo-idosos#breadcrumb\",\"itemListElement\":[{\"@type\":\"ListItem\",\"position\":1,\"name\":\"In\u00edcio\",\"item\":\"https:\/\/blogs.funiber.org\/pt\"},{\"@type\":\"ListItem\",\"position\":2,\"name\":\"Empreendedorismo em idosos\"}]},{\"@type\":\"WebSite\",\"@id\":\"https:\/\/blogs.funiber.org\/pt\/#website\",\"url\":\"https:\/\/blogs.funiber.org\/pt\/\",\"name\":\"FuniBlogs - FUNIBER\",\"description\":\"\",\"publisher\":{\"@id\":\"https:\/\/blogs.funiber.org\/pt\/#organization\"},\"potentialAction\":[{\"@type\":\"SearchAction\",\"target\":{\"@type\":\"EntryPoint\",\"urlTemplate\":\"https:\/\/blogs.funiber.org\/pt\/?s={search_term_string}\"},\"query-input\":\"required name=search_term_string\"}],\"inLanguage\":\"pt-BR\"},{\"@type\":\"Organization\",\"@id\":\"https:\/\/blogs.funiber.org\/pt\/#organization\",\"name\":\"FuniBlogs - FUNIBER\",\"url\":\"https:\/\/blogs.funiber.org\/pt\/\",\"logo\":{\"@type\":\"ImageObject\",\"inLanguage\":\"pt-BR\",\"@id\":\"https:\/\/blogs.funiber.org\/pt\/#\/schema\/logo\/image\/\",\"url\":\"https:\/\/www.funiber.blog\/pt\/wp-content\/uploads\/2022\/02\/logo-funiber-pt-br-v-dos.svg\",\"contentUrl\":\"https:\/\/www.funiber.blog\/pt\/wp-content\/uploads\/2022\/02\/logo-funiber-pt-br-v-dos.svg\",\"width\":1,\"height\":1,\"caption\":\"FuniBlogs - FUNIBER\"},\"image\":{\"@id\":\"https:\/\/blogs.funiber.org\/pt\/#\/schema\/logo\/image\/\"},\"sameAs\":[\"https:\/\/www.facebook.com\/funiber\",\"https:\/\/twitter.com\/FUNIBER\",\"https:\/\/www.instagram.com\/funiber_becas\",\"https:\/\/www.youtube.com\/user\/funiber\",\"https:\/\/www.linkedin.com\/company\/funiber\"]},{\"@type\":\"Person\",\"@id\":\"https:\/\/blogs.funiber.org\/pt\/#\/schema\/person\/a1eaaa5e57eac866a8c5946946bcf80d\",\"name\":\"Michelle\",\"image\":{\"@type\":\"ImageObject\",\"inLanguage\":\"pt-BR\",\"@id\":\"https:\/\/blogs.funiber.org\/pt\/#\/schema\/person\/image\/\",\"url\":\"https:\/\/secure.gravatar.com\/avatar\/5e87041f7609dc50493cf216754fece1?s=96&d=mm&r=g\",\"contentUrl\":\"https:\/\/secure.gravatar.com\/avatar\/5e87041f7609dc50493cf216754fece1?s=96&d=mm&r=g\",\"caption\":\"Michelle\"},\"url\":\"https:\/\/www.funiber.blog\/pt\/author\/michelle-moreira\"}]}<\/script>\n<!-- \/ Yoast SEO plugin. -->","yoast_head_json":{"title":"Empreendedorismo em idosos","description":"Empreendedorismo na terceira idade pode ser uma oportunidade para aplicar em um neg\u00f3cio a experi\u00eancia de trabalho adquirida ao longo da vida","robots":{"index":"index","follow":"follow","max-snippet":"max-snippet:-1","max-image-preview":"max-image-preview:large","max-video-preview":"max-video-preview:-1"},"canonical":"https:\/\/blogs.funiber.org\/pt\/gerontologia\/2019\/03\/05\/funiber-empreededorismo-idosos","og_locale":"pt_BR","og_type":"article","og_title":"Empreendedorismo em idosos","og_description":"Empreendedorismo na terceira idade pode ser uma oportunidade para aplicar em um neg\u00f3cio a experi\u00eancia de trabalho adquirida ao longo da vida","og_url":"https:\/\/blogs.funiber.org\/pt\/gerontologia\/2019\/03\/05\/funiber-empreededorismo-idosos","og_site_name":"FuniBlogs - FUNIBER","article_publisher":"https:\/\/www.facebook.com\/funiber","article_published_time":"2019-03-05T10:26:51+00:00","article_modified_time":"2019-03-04T10:30:44+00:00","og_image":[{"width":768,"height":576,"url":"https:\/\/blogs.funiber.org\/pt\/wp-content\/uploads\/2019\/03\/funiber-idosos-empreendedorismo.jpg","type":"image\/jpeg"}],"author":"Michelle","twitter_card":"summary_large_image","twitter_creator":"@FUNIBER","twitter_site":"@FUNIBER","twitter_misc":{"Escrito por":"Michelle","Est. tempo de leitura":"2 minutos"},"schema":{"@context":"https:\/\/schema.org","@graph":[{"@type":"Article","@id":"https:\/\/blogs.funiber.org\/pt\/gerontologia\/2019\/03\/05\/funiber-empreededorismo-idosos#article","isPartOf":{"@id":"https:\/\/blogs.funiber.org\/pt\/gerontologia\/2019\/03\/05\/funiber-empreededorismo-idosos"},"author":{"name":"Michelle","@id":"https:\/\/blogs.funiber.org\/pt\/#\/schema\/person\/a1eaaa5e57eac866a8c5946946bcf80d"},"headline":"Empreendedorismo em idosos","datePublished":"2019-03-05T10:26:51+00:00","dateModified":"2019-03-04T10:30:44+00:00","mainEntityOfPage":{"@id":"https:\/\/blogs.funiber.org\/pt\/gerontologia\/2019\/03\/05\/funiber-empreededorismo-idosos"},"wordCount":464,"publisher":{"@id":"https:\/\/blogs.funiber.org\/pt\/#organization"},"keywords":["Bolsas","Crescimento econ\u00f4mico","Doutorado","Educa\u00e7\u00e3o","Empreendedorismo","Empresas","Estudos","Funiber","FUNIBER Opini\u00f5es","gerontologia","Idosos","mestrado","Negocios","Opini\u00e3o FUNIBER","Opini\u00f5es Funiber","Preven\u00e7\u00e3o","Sa\u00fade","Terceira idade"],"articleSection":["Gerontologia"],"inLanguage":"pt-BR"},{"@type":"WebPage","@id":"https:\/\/blogs.funiber.org\/pt\/gerontologia\/2019\/03\/05\/funiber-empreededorismo-idosos","url":"https:\/\/blogs.funiber.org\/pt\/gerontologia\/2019\/03\/05\/funiber-empreededorismo-idosos","name":"Empreendedorismo em idosos","isPartOf":{"@id":"https:\/\/blogs.funiber.org\/pt\/#website"},"datePublished":"2019-03-05T10:26:51+00:00","dateModified":"2019-03-04T10:30:44+00:00","description":"Empreendedorismo na terceira idade pode ser uma oportunidade para aplicar em um neg\u00f3cio a experi\u00eancia de trabalho adquirida ao longo da vida","breadcrumb":{"@id":"https:\/\/blogs.funiber.org\/pt\/gerontologia\/2019\/03\/05\/funiber-empreededorismo-idosos#breadcrumb"},"inLanguage":"pt-BR","potentialAction":[{"@type":"ReadAction","target":["https:\/\/blogs.funiber.org\/pt\/gerontologia\/2019\/03\/05\/funiber-empreededorismo-idosos"]}]},{"@type":"BreadcrumbList","@id":"https:\/\/blogs.funiber.org\/pt\/gerontologia\/2019\/03\/05\/funiber-empreededorismo-idosos#breadcrumb","itemListElement":[{"@type":"ListItem","position":1,"name":"In\u00edcio","item":"https:\/\/blogs.funiber.org\/pt"},{"@type":"ListItem","position":2,"name":"Empreendedorismo em idosos"}]},{"@type":"WebSite","@id":"https:\/\/blogs.funiber.org\/pt\/#website","url":"https:\/\/blogs.funiber.org\/pt\/","name":"FuniBlogs - FUNIBER","description":"","publisher":{"@id":"https:\/\/blogs.funiber.org\/pt\/#organization"},"potentialAction":[{"@type":"SearchAction","target":{"@type":"EntryPoint","urlTemplate":"https:\/\/blogs.funiber.org\/pt\/?s={search_term_string}"},"query-input":"required name=search_term_string"}],"inLanguage":"pt-BR"},{"@type":"Organization","@id":"https:\/\/blogs.funiber.org\/pt\/#organization","name":"FuniBlogs - FUNIBER","url":"https:\/\/blogs.funiber.org\/pt\/","logo":{"@type":"ImageObject","inLanguage":"pt-BR","@id":"https:\/\/blogs.funiber.org\/pt\/#\/schema\/logo\/image\/","url":"https:\/\/www.funiber.blog\/pt\/wp-content\/uploads\/2022\/02\/logo-funiber-pt-br-v-dos.svg","contentUrl":"https:\/\/www.funiber.blog\/pt\/wp-content\/uploads\/2022\/02\/logo-funiber-pt-br-v-dos.svg","width":1,"height":1,"caption":"FuniBlogs - FUNIBER"},"image":{"@id":"https:\/\/blogs.funiber.org\/pt\/#\/schema\/logo\/image\/"},"sameAs":["https:\/\/www.facebook.com\/funiber","https:\/\/twitter.com\/FUNIBER","https:\/\/www.instagram.com\/funiber_becas","https:\/\/www.youtube.com\/user\/funiber","https:\/\/www.linkedin.com\/company\/funiber"]},{"@type":"Person","@id":"https:\/\/blogs.funiber.org\/pt\/#\/schema\/person\/a1eaaa5e57eac866a8c5946946bcf80d","name":"Michelle","image":{"@type":"ImageObject","inLanguage":"pt-BR","@id":"https:\/\/blogs.funiber.org\/pt\/#\/schema\/person\/image\/","url":"https:\/\/secure.gravatar.com\/avatar\/5e87041f7609dc50493cf216754fece1?s=96&d=mm&r=g","contentUrl":"https:\/\/secure.gravatar.com\/avatar\/5e87041f7609dc50493cf216754fece1?s=96&d=mm&r=g","caption":"Michelle"},"url":"https:\/\/www.funiber.blog\/pt\/author\/michelle-moreira"}]}},"jetpack_featured_media_url":"https:\/\/www.funiber.blog\/pt\/wp-content\/uploads\/2019\/03\/funiber-idosos-empreendedorismo.jpg","jetpack_shortlink":"https:\/\/wp.me\/p7ee1t-4Rn","jetpack_sharing_enabled":true,"_links":{"self":[{"href":"https:\/\/www.funiber.blog\/pt\/wp-json\/wp\/v2\/posts\/18685"}],"collection":[{"href":"https:\/\/www.funiber.blog\/pt\/wp-json\/wp\/v2\/posts"}],"about":[{"href":"https:\/\/www.funiber.blog\/pt\/wp-json\/wp\/v2\/types\/post"}],"author":[{"embeddable":true,"href":"https:\/\/www.funiber.blog\/pt\/wp-json\/wp\/v2\/users\/10"}],"replies":[{"embeddable":true,"href":"https:\/\/www.funiber.blog\/pt\/wp-json\/wp\/v2\/comments?post=18685"}],"version-history":[{"count":1,"href":"https:\/\/www.funiber.blog\/pt\/wp-json\/wp\/v2\/posts\/18685\/revisions"}],"predecessor-version":[{"id":18687,"href":"https:\/\/www.funiber.blog\/pt\/wp-json\/wp\/v2\/posts\/18685\/revisions\/18687"}],"wp:featuredmedia":[{"embeddable":true,"href":"https:\/\/www.funiber.blog\/pt\/wp-json\/wp\/v2\/media\/18686"}],"wp:attachment":[{"href":"https:\/\/www.funiber.blog\/pt\/wp-json\/wp\/v2\/media?parent=18685"}],"wp:term":[{"taxonomy":"category","embeddable":true,"href":"https:\/\/www.funiber.blog\/pt\/wp-json\/wp\/v2\/categories?post=18685"},{"taxonomy":"post_tag","embeddable":true,"href":"https:\/\/www.funiber.blog\/pt\/wp-json\/wp\/v2\/tags?post=18685"}],"curies":[{"name":"wp","href":"https:\/\/api.w.org\/{rel}","templated":true}]}}