{"id":19081,"date":"2019-04-19T09:41:26","date_gmt":"2019-04-19T09:41:26","guid":{"rendered":"https:\/\/blogs.funiber.org\/pt\/?p=19081"},"modified":"2019-04-17T10:04:36","modified_gmt":"2019-04-17T10:04:36","slug":"funiber-alimentacao-mortalidade","status":"publish","type":"post","link":"https:\/\/www.funiber.blog\/pt\/saude-e-nutricao\/2019\/04\/19\/funiber-alimentacao-mortalidade","title":{"rendered":"Estudo internacional relaciona alimenta\u00e7\u00e3o com mortalidade"},"content":{"rendered":"<h2>A car\u00eancia e o excesso de alguns nutrientes na alimenta\u00e7\u00e3o em todo o mundo foram associados com casos de mortalidade em adultos; uma em cada cinco pessoas morrem devido \u00e0 dieta inadequada<\/h2>\n<p>De cada cinco mortes, uma est\u00e1 associada a uma alimenta\u00e7\u00e3o inadequada, segundo o <a href=\"https:\/\/www.thelancet.com\/journals\/lancet\/article\/PIIS0140-6736(19)30041-8\/fulltext\" target=\"_blank\" rel=\"noopener\">Estudio Global Burden of Disease<\/a>, publicado pela revista cient\u00edfica <em><a href=\"https:\/\/www.thelancet.com\/journals\/lancet\/home\" target=\"_blank\" rel=\"noopener\">The Lancet<\/a>. <\/em>Esta associa\u00e7\u00e3o se deve em grande parte \u00e0s doen\u00e7as mais comuns que contribuem para a mortalidade, e a rela\u00e7\u00e3o destas com a alimenta\u00e7\u00e3o.<!--more--><\/p>\n<p>Para chegar a estas conclus\u00f5es, os autores do estudo analisaram as tend\u00eancias de consumo de 15 fatores diet\u00e9ticos entre os anos 1990 e 2017, em 195 pa\u00edses. Com estes dados, conseguiram avaliar o consumo dos principais alimentos e nutrientes nestes pa\u00edses, e relacionar o impacto do tipo de alimenta\u00e7\u00e3o para as taxas de mortalidade vinculada a doen\u00e7as n\u00e3o-transmiss\u00edveis.<\/p>\n<p>Os pesquisadores calcularam a propor\u00e7\u00e3o de doen\u00e7as espec\u00edficas atribu\u00eddas a alguns dos \u00a0fatores de risco de cada dieta, entre adultos com mais de 25 anos. O c\u00e1lculo possui margens de erro, o que gera estimativas menos seguras. Por\u00e9m, o estudo \u00e9 indicativo.<\/p>\n<p>Num panorama geral, estima-se que 11 milh\u00f5es de pessoas morreram devido a doen\u00e7as associadas a dietas alimentares. Entre estas, o consumo de sal foi o que mais provocou mortes, seguido de baixo consumo de gr\u00e3os inteiros e baixo consumo de frutas.<\/p>\n<p>Segundo os resultados, pode-se visualizar como um panorama geral como se alimentam em diferentes pa\u00edses, e poss\u00edveis consequ\u00eancias para a sa\u00fade p\u00fablica, a partir das seguintes dietas:<\/p>\n<ul>\n<li>Dietas baixas em <a href=\"https:\/\/www.funiber.blog\/pt\/gerontologia\/2019\/01\/27\/funiber-beneficios-frutas\" target=\"_blank\" rel=\"noopener\">frutas, vegetais<\/a>, <a href=\"https:\/\/www.funiber.blog\/pt\/saude-e-nutricao\/2019\/02\/08\/funiber-dia-leguminosas\" target=\"_blank\" rel=\"noopener\">legumes<\/a>, gr\u00e3os, frutos secos, sementes, leite, fibra, c\u00e1lcio, \u00e1cidos graxos \u00f4mega-3 procedente dos frutos do mar, gorduras poli-insaturadas<\/li>\n<li>Dietas altas em carne vermelha, carne processada, <a href=\"https:\/\/www.funiber.blog\/pt\/saude-e-nutricao\/2019\/04\/10\/funiber-frutose-saude\" target=\"_blank\" rel=\"noopener\">bebidas com a\u00e7\u00facar<\/a> adicionado, gorduras trans e s\u00f3dio.<\/li>\n<\/ul>\n<p>Segundo os autores, nenhuma regi\u00e3o do mundo conseguiu cumprir com a quantidade recomendada dos 15 fatores e nenhuma consumia de forma correta nenhum fator. Por\u00e9m, algumas regi\u00f5es consomem, conforme a pesquisa, quantidades adequadas de determinados elementos.<\/p>\n<p>Por exemplo, na \u00c1sia Central, a ingest\u00e3o de vegetais est\u00e1 dentro da quantidade recomendada, assim como os \u00e1cidos graxos \u00f4mega-3 na \u00c1sia-Pac\u00edfico, os legumes no Caribe e na zona tropical da Am\u00e9rica Latina, sul da \u00c1sia e na \u00c1frica Subsaariana.<\/p>\n<p>Como defici\u00eancias comuns, os pesquisadores revelam que na maioria, o consumo de leite, de gr\u00e3os inteiros e de frutos secos \u00e9 inferior ao recomendado.<\/p>\n<p>J\u00e1 em rela\u00e7\u00e3o ao excesso, perceberam que as bebidas com adi\u00e7\u00e3o de a\u00e7\u00facar s\u00e3o um mal geral, assim como alimentos com s\u00f3dio, ou seja, muito sal, e carne processada.<\/p>\n<figure id=\"attachment_19084\" aria-describedby=\"caption-attachment-19084\" style=\"width: 1140px\" class=\"wp-caption aligncenter\"><a href=\"https:\/\/www.funiber.blog\/pt\/wp-content\/uploads\/2019\/04\/funiber-consumo-alimentos.jpg\"><img loading=\"lazy\" decoding=\"async\" data-attachment-id=\"19084\" data-permalink=\"https:\/\/www.funiber.blog\/pt\/saude-e-nutricao\/2019\/04\/19\/funiber-alimentacao-mortalidade\/attachment\/funiber-consumo-alimentos\" data-orig-file=\"https:\/\/www.funiber.blog\/pt\/wp-content\/uploads\/2019\/04\/funiber-consumo-alimentos.jpg\" data-orig-size=\"1140,1295\" data-comments-opened=\"0\" data-image-meta=\"{&quot;aperture&quot;:&quot;0&quot;,&quot;credit&quot;:&quot;&quot;,&quot;camera&quot;:&quot;&quot;,&quot;caption&quot;:&quot;&quot;,&quot;created_timestamp&quot;:&quot;0&quot;,&quot;copyright&quot;:&quot;&quot;,&quot;focal_length&quot;:&quot;0&quot;,&quot;iso&quot;:&quot;0&quot;,&quot;shutter_speed&quot;:&quot;0&quot;,&quot;title&quot;:&quot;&quot;,&quot;orientation&quot;:&quot;1&quot;}\" data-image-title=\"funiber-consumo-alimentos\" data-image-description=\"&lt;p&gt;funiber-consumo-alimentos&lt;\/p&gt;\n\" data-image-caption=\"&lt;p&gt;funiber-consumo-alimentos&lt;\/p&gt;\n\" data-medium-file=\"https:\/\/www.funiber.blog\/pt\/wp-content\/uploads\/2019\/04\/funiber-consumo-alimentos-264x300.jpg\" data-large-file=\"https:\/\/www.funiber.blog\/pt\/wp-content\/uploads\/2019\/04\/funiber-consumo-alimentos-264x300.jpg\" class=\"wp-image-19084 size-full\" src=\"https:\/\/www.funiber.blog\/pt\/wp-content\/uploads\/2019\/04\/funiber-consumo-alimentos.jpg\" alt=\"funiber-consumo-alimentos\" width=\"1140\" height=\"1295\" srcset=\"https:\/\/www.funiber.blog\/pt\/wp-content\/uploads\/2019\/04\/funiber-consumo-alimentos.jpg 1140w, https:\/\/www.funiber.blog\/pt\/wp-content\/uploads\/2019\/04\/funiber-consumo-alimentos-264x300.jpg 264w, https:\/\/www.funiber.blog\/pt\/wp-content\/uploads\/2019\/04\/funiber-consumo-alimentos-768x872.jpg 768w\" sizes=\"(max-width: 1140px) 100vw, 1140px\" \/><\/a><figcaption id=\"caption-attachment-19084\" class=\"wp-caption-text\"><span class=\"figure__title__text\">Taxa de mortalidade por idade por 100\u2008000 hab (A) e morbidade por 100\u2008000 hab (B) atribu\u00eddos a alimenta\u00e7\u00e3o em 2017. Fonte: The Lancet<\/span><\/figcaption><\/figure>\n<p>Por generalizar o estudo, faltam detalhes importantes sobre o consumo dos alimentos e nutrientes que podem afetar o resultado e a an\u00e1lise dos estudos. A aus\u00eancia de informa\u00e7\u00e3o por parte de alguns pa\u00edses tamb\u00e9m contribui para ver os resultados do estudo com cautela. Por\u00e9m, h\u00e1 indicativos que podem ser investigados com mais especificidade para conhecer as caracter\u00edsticas das alimenta\u00e7\u00f5es regionais, suas car\u00eancias e potencialidades.<\/p>\n<p>Os profissionais da \u00e1rea de Sa\u00fade e Nutri\u00e7\u00e3o, interessados em ampliar os estudos e realizar pesquisas neste setor, podem optar pelo programa de <a href=\"https:\/\/www.funiber.org.br\/doutorado-em-nutricao\" target=\"_blank\" rel=\"noopener\">Doutorado em Nutri\u00e7\u00e3o<\/a>, patrocinado pela <a href=\"https:\/\/www.funiber.org.br\" target=\"_blank\" rel=\"noopener\">FUNIBER<\/a>.<\/p>\n<p>Fonte:\u00a0<a href=\"https:\/\/www.nutrinfo.com\/noticias-nutricion\/asocian-una-de-cada-cinco-muertes-con-una-alimentacion-inadecuada-3744\" target=\"_blank\" rel=\"noopener\">Asocian una de cada cinco muertes con una alimentaci\u00f3n inadecuada<\/a><\/p>\n<p><a href=\"https:\/\/www.thelancet.com\/journals\/lancet\/article\/PIIS0140-6736(19)30041-8\/fulltext\" target=\"_blank\" rel=\"noopener\">Health effects of dietary risks in 195 countries, 1990\u20132017: a systematic analysis for the Global Burden of Disease Study 2017<\/a><\/p>\n<p>Foto: Todos os direitos reservados<\/p>\n","protected":false},"excerpt":{"rendered":"<p>A car\u00eancia e o excesso de alguns nutrientes na alimenta\u00e7\u00e3o em todo o mundo foram associados com casos de mortalidade em adultos; uma em cada cinco pessoas morrem devido \u00e0 dieta inadequada De cada cinco mortes, uma est\u00e1 associada a uma alimenta\u00e7\u00e3o inadequada, segundo o Estudio Global Burden of Disease, publicado pela revista cient\u00edfica The [&hellip;]<\/p>\n","protected":false},"author":10,"featured_media":19087,"comment_status":"closed","ping_status":"closed","sticky":false,"template":"","format":"standard","meta":{"jetpack_post_was_ever_published":false,"_jetpack_newsletter_access":"","_jetpack_newsletter_tier_id":0,"footnotes":"","jetpack_publicize_message":"","jetpack_is_tweetstorm":false,"jetpack_publicize_feature_enabled":true,"jetpack_social_post_already_shared":true,"jetpack_social_options":{"image_generator_settings":{"template":"highway","enabled":false}}},"categories":[3],"tags":[67,1242,144,122,855,285,408,119,248,911,104,671,1100,125,641,255,113],"jetpack_publicize_connections":[],"yoast_head":"<!-- This site is optimized with the Yoast SEO plugin v21.7 - https:\/\/yoast.com\/wordpress\/plugins\/seo\/ -->\n<title>Estudo internacional relaciona alimenta\u00e7\u00e3o com mortalidade<\/title>\n<meta name=\"description\" content=\"A car\u00eancia e o excesso de alguns nutrientes na alimenta\u00e7\u00e3o em todo o mundo foram associados com casos de mortalidade em adultos; uma em cada cinco pessoas morrem devido \u00e0 dieta inadequada\" \/>\n<meta name=\"robots\" content=\"noindex, nofollow\" \/>\n<meta property=\"og:locale\" content=\"pt_BR\" \/>\n<meta property=\"og:type\" content=\"article\" \/>\n<meta property=\"og:title\" content=\"Estudo internacional relaciona alimenta\u00e7\u00e3o com mortalidade\" \/>\n<meta property=\"og:description\" content=\"A car\u00eancia e o excesso de alguns nutrientes na alimenta\u00e7\u00e3o em todo o mundo foram associados com casos de mortalidade em adultos; uma em cada cinco pessoas morrem devido \u00e0 dieta inadequada\" \/>\n<meta property=\"og:url\" content=\"https:\/\/blogs.funiber.org\/pt\/saude-e-nutricao\/2019\/04\/19\/funiber-alimentacao-mortalidade\" \/>\n<meta property=\"og:site_name\" content=\"FuniBlogs - FUNIBER\" \/>\n<meta property=\"article:publisher\" content=\"https:\/\/www.facebook.com\/funiber\" \/>\n<meta property=\"article:published_time\" content=\"2019-04-19T09:41:26+00:00\" \/>\n<meta property=\"article:modified_time\" content=\"2019-04-17T10:04:36+00:00\" \/>\n<meta property=\"og:image\" content=\"https:\/\/blogs.funiber.org\/pt\/wp-content\/uploads\/2019\/04\/funiber-alimentacao-mortalidade.jpg\" \/>\n\t<meta property=\"og:image:width\" content=\"800\" \/>\n\t<meta property=\"og:image:height\" content=\"533\" \/>\n\t<meta property=\"og:image:type\" content=\"image\/jpeg\" \/>\n<meta name=\"author\" content=\"Michelle\" \/>\n<meta name=\"twitter:card\" content=\"summary_large_image\" \/>\n<meta name=\"twitter:creator\" content=\"@FUNIBER\" \/>\n<meta name=\"twitter:site\" content=\"@FUNIBER\" \/>\n<meta name=\"twitter:label1\" content=\"Escrito por\" \/>\n\t<meta name=\"twitter:data1\" content=\"Michelle\" \/>\n\t<meta name=\"twitter:label2\" content=\"Est. tempo de leitura\" \/>\n\t<meta name=\"twitter:data2\" content=\"3 minutos\" \/>\n<script type=\"application\/ld+json\" class=\"yoast-schema-graph\">{\"@context\":\"https:\/\/schema.org\",\"@graph\":[{\"@type\":\"Article\",\"@id\":\"https:\/\/blogs.funiber.org\/pt\/saude-e-nutricao\/2019\/04\/19\/funiber-alimentacao-mortalidade#article\",\"isPartOf\":{\"@id\":\"https:\/\/blogs.funiber.org\/pt\/saude-e-nutricao\/2019\/04\/19\/funiber-alimentacao-mortalidade\"},\"author\":{\"name\":\"Michelle\",\"@id\":\"https:\/\/blogs.funiber.org\/pt\/#\/schema\/person\/a1eaaa5e57eac866a8c5946946bcf80d\"},\"headline\":\"Estudo internacional relaciona alimenta\u00e7\u00e3o com mortalidade\",\"datePublished\":\"2019-04-19T09:41:26+00:00\",\"dateModified\":\"2019-04-17T10:04:36+00:00\",\"mainEntityOfPage\":{\"@id\":\"https:\/\/blogs.funiber.org\/pt\/saude-e-nutricao\/2019\/04\/19\/funiber-alimentacao-mortalidade\"},\"wordCount\":627,\"publisher\":{\"@id\":\"https:\/\/blogs.funiber.org\/pt\/#organization\"},\"keywords\":[\"Alimenta\u00e7\u00e3o\",\"Bolsas\",\"Dieta\",\"Doen\u00e7as\",\"Doutorado\",\"Educa\u00e7\u00e3o\",\"Educa\u00e7\u00e3o a Dist\u00e2ncia\",\"Estudos\",\"Funiber\",\"FUNIBER Opini\u00f5es\",\"Longevidade\",\"mestrado\",\"mortalidade\",\"Nutri\u00e7\u00e3o\",\"Opini\u00e3o FUNIBER\",\"Opini\u00f5es Funiber\",\"Sa\u00fade\"],\"articleSection\":[\"Sa\u00fade e Nutri\u00e7\u00e3o\"],\"inLanguage\":\"pt-BR\"},{\"@type\":\"WebPage\",\"@id\":\"https:\/\/blogs.funiber.org\/pt\/saude-e-nutricao\/2019\/04\/19\/funiber-alimentacao-mortalidade\",\"url\":\"https:\/\/blogs.funiber.org\/pt\/saude-e-nutricao\/2019\/04\/19\/funiber-alimentacao-mortalidade\",\"name\":\"Estudo internacional relaciona alimenta\u00e7\u00e3o com mortalidade\",\"isPartOf\":{\"@id\":\"https:\/\/blogs.funiber.org\/pt\/#website\"},\"datePublished\":\"2019-04-19T09:41:26+00:00\",\"dateModified\":\"2019-04-17T10:04:36+00:00\",\"description\":\"A car\u00eancia e o excesso de alguns nutrientes na alimenta\u00e7\u00e3o em todo o mundo foram associados com casos de mortalidade em adultos; uma em cada cinco pessoas morrem devido \u00e0 dieta inadequada\",\"breadcrumb\":{\"@id\":\"https:\/\/blogs.funiber.org\/pt\/saude-e-nutricao\/2019\/04\/19\/funiber-alimentacao-mortalidade#breadcrumb\"},\"inLanguage\":\"pt-BR\",\"potentialAction\":[{\"@type\":\"ReadAction\",\"target\":[\"https:\/\/blogs.funiber.org\/pt\/saude-e-nutricao\/2019\/04\/19\/funiber-alimentacao-mortalidade\"]}]},{\"@type\":\"BreadcrumbList\",\"@id\":\"https:\/\/blogs.funiber.org\/pt\/saude-e-nutricao\/2019\/04\/19\/funiber-alimentacao-mortalidade#breadcrumb\",\"itemListElement\":[{\"@type\":\"ListItem\",\"position\":1,\"name\":\"In\u00edcio\",\"item\":\"https:\/\/blogs.funiber.org\/pt\"},{\"@type\":\"ListItem\",\"position\":2,\"name\":\"Estudo internacional relaciona alimenta\u00e7\u00e3o com mortalidade\"}]},{\"@type\":\"WebSite\",\"@id\":\"https:\/\/blogs.funiber.org\/pt\/#website\",\"url\":\"https:\/\/blogs.funiber.org\/pt\/\",\"name\":\"FuniBlogs - FUNIBER\",\"description\":\"\",\"publisher\":{\"@id\":\"https:\/\/blogs.funiber.org\/pt\/#organization\"},\"potentialAction\":[{\"@type\":\"SearchAction\",\"target\":{\"@type\":\"EntryPoint\",\"urlTemplate\":\"https:\/\/blogs.funiber.org\/pt\/?s={search_term_string}\"},\"query-input\":\"required name=search_term_string\"}],\"inLanguage\":\"pt-BR\"},{\"@type\":\"Organization\",\"@id\":\"https:\/\/blogs.funiber.org\/pt\/#organization\",\"name\":\"FuniBlogs - FUNIBER\",\"url\":\"https:\/\/blogs.funiber.org\/pt\/\",\"logo\":{\"@type\":\"ImageObject\",\"inLanguage\":\"pt-BR\",\"@id\":\"https:\/\/blogs.funiber.org\/pt\/#\/schema\/logo\/image\/\",\"url\":\"https:\/\/www.funiber.blog\/pt\/wp-content\/uploads\/2022\/02\/logo-funiber-pt-br-v-dos.svg\",\"contentUrl\":\"https:\/\/www.funiber.blog\/pt\/wp-content\/uploads\/2022\/02\/logo-funiber-pt-br-v-dos.svg\",\"width\":1,\"height\":1,\"caption\":\"FuniBlogs - FUNIBER\"},\"image\":{\"@id\":\"https:\/\/blogs.funiber.org\/pt\/#\/schema\/logo\/image\/\"},\"sameAs\":[\"https:\/\/www.facebook.com\/funiber\",\"https:\/\/twitter.com\/FUNIBER\",\"https:\/\/www.instagram.com\/funiber_becas\",\"https:\/\/www.youtube.com\/user\/funiber\",\"https:\/\/www.linkedin.com\/company\/funiber\"]},{\"@type\":\"Person\",\"@id\":\"https:\/\/blogs.funiber.org\/pt\/#\/schema\/person\/a1eaaa5e57eac866a8c5946946bcf80d\",\"name\":\"Michelle\",\"image\":{\"@type\":\"ImageObject\",\"inLanguage\":\"pt-BR\",\"@id\":\"https:\/\/blogs.funiber.org\/pt\/#\/schema\/person\/image\/\",\"url\":\"https:\/\/secure.gravatar.com\/avatar\/5e87041f7609dc50493cf216754fece1?s=96&d=mm&r=g\",\"contentUrl\":\"https:\/\/secure.gravatar.com\/avatar\/5e87041f7609dc50493cf216754fece1?s=96&d=mm&r=g\",\"caption\":\"Michelle\"},\"url\":\"https:\/\/www.funiber.blog\/pt\/author\/michelle-moreira\"}]}<\/script>\n<!-- \/ Yoast SEO plugin. -->","yoast_head_json":{"title":"Estudo internacional relaciona alimenta\u00e7\u00e3o com mortalidade","description":"A car\u00eancia e o excesso de alguns nutrientes na alimenta\u00e7\u00e3o em todo o mundo foram associados com casos de mortalidade em adultos; uma em cada cinco pessoas morrem devido \u00e0 dieta inadequada","robots":{"index":"noindex","follow":"nofollow"},"og_locale":"pt_BR","og_type":"article","og_title":"Estudo internacional relaciona alimenta\u00e7\u00e3o com mortalidade","og_description":"A car\u00eancia e o excesso de alguns nutrientes na alimenta\u00e7\u00e3o em todo o mundo foram associados com casos de mortalidade em adultos; uma em cada cinco pessoas morrem devido \u00e0 dieta inadequada","og_url":"https:\/\/blogs.funiber.org\/pt\/saude-e-nutricao\/2019\/04\/19\/funiber-alimentacao-mortalidade","og_site_name":"FuniBlogs - FUNIBER","article_publisher":"https:\/\/www.facebook.com\/funiber","article_published_time":"2019-04-19T09:41:26+00:00","article_modified_time":"2019-04-17T10:04:36+00:00","og_image":[{"width":800,"height":533,"url":"https:\/\/blogs.funiber.org\/pt\/wp-content\/uploads\/2019\/04\/funiber-alimentacao-mortalidade.jpg","type":"image\/jpeg"}],"author":"Michelle","twitter_card":"summary_large_image","twitter_creator":"@FUNIBER","twitter_site":"@FUNIBER","twitter_misc":{"Escrito por":"Michelle","Est. tempo de leitura":"3 minutos"},"schema":{"@context":"https:\/\/schema.org","@graph":[{"@type":"Article","@id":"https:\/\/blogs.funiber.org\/pt\/saude-e-nutricao\/2019\/04\/19\/funiber-alimentacao-mortalidade#article","isPartOf":{"@id":"https:\/\/blogs.funiber.org\/pt\/saude-e-nutricao\/2019\/04\/19\/funiber-alimentacao-mortalidade"},"author":{"name":"Michelle","@id":"https:\/\/blogs.funiber.org\/pt\/#\/schema\/person\/a1eaaa5e57eac866a8c5946946bcf80d"},"headline":"Estudo internacional relaciona alimenta\u00e7\u00e3o com mortalidade","datePublished":"2019-04-19T09:41:26+00:00","dateModified":"2019-04-17T10:04:36+00:00","mainEntityOfPage":{"@id":"https:\/\/blogs.funiber.org\/pt\/saude-e-nutricao\/2019\/04\/19\/funiber-alimentacao-mortalidade"},"wordCount":627,"publisher":{"@id":"https:\/\/blogs.funiber.org\/pt\/#organization"},"keywords":["Alimenta\u00e7\u00e3o","Bolsas","Dieta","Doen\u00e7as","Doutorado","Educa\u00e7\u00e3o","Educa\u00e7\u00e3o a Dist\u00e2ncia","Estudos","Funiber","FUNIBER Opini\u00f5es","Longevidade","mestrado","mortalidade","Nutri\u00e7\u00e3o","Opini\u00e3o FUNIBER","Opini\u00f5es Funiber","Sa\u00fade"],"articleSection":["Sa\u00fade e Nutri\u00e7\u00e3o"],"inLanguage":"pt-BR"},{"@type":"WebPage","@id":"https:\/\/blogs.funiber.org\/pt\/saude-e-nutricao\/2019\/04\/19\/funiber-alimentacao-mortalidade","url":"https:\/\/blogs.funiber.org\/pt\/saude-e-nutricao\/2019\/04\/19\/funiber-alimentacao-mortalidade","name":"Estudo internacional relaciona alimenta\u00e7\u00e3o com mortalidade","isPartOf":{"@id":"https:\/\/blogs.funiber.org\/pt\/#website"},"datePublished":"2019-04-19T09:41:26+00:00","dateModified":"2019-04-17T10:04:36+00:00","description":"A car\u00eancia e o excesso de alguns nutrientes na alimenta\u00e7\u00e3o em todo o mundo foram associados com casos de mortalidade em adultos; uma em cada cinco pessoas morrem devido \u00e0 dieta inadequada","breadcrumb":{"@id":"https:\/\/blogs.funiber.org\/pt\/saude-e-nutricao\/2019\/04\/19\/funiber-alimentacao-mortalidade#breadcrumb"},"inLanguage":"pt-BR","potentialAction":[{"@type":"ReadAction","target":["https:\/\/blogs.funiber.org\/pt\/saude-e-nutricao\/2019\/04\/19\/funiber-alimentacao-mortalidade"]}]},{"@type":"BreadcrumbList","@id":"https:\/\/blogs.funiber.org\/pt\/saude-e-nutricao\/2019\/04\/19\/funiber-alimentacao-mortalidade#breadcrumb","itemListElement":[{"@type":"ListItem","position":1,"name":"In\u00edcio","item":"https:\/\/blogs.funiber.org\/pt"},{"@type":"ListItem","position":2,"name":"Estudo internacional relaciona alimenta\u00e7\u00e3o com mortalidade"}]},{"@type":"WebSite","@id":"https:\/\/blogs.funiber.org\/pt\/#website","url":"https:\/\/blogs.funiber.org\/pt\/","name":"FuniBlogs - FUNIBER","description":"","publisher":{"@id":"https:\/\/blogs.funiber.org\/pt\/#organization"},"potentialAction":[{"@type":"SearchAction","target":{"@type":"EntryPoint","urlTemplate":"https:\/\/blogs.funiber.org\/pt\/?s={search_term_string}"},"query-input":"required name=search_term_string"}],"inLanguage":"pt-BR"},{"@type":"Organization","@id":"https:\/\/blogs.funiber.org\/pt\/#organization","name":"FuniBlogs - FUNIBER","url":"https:\/\/blogs.funiber.org\/pt\/","logo":{"@type":"ImageObject","inLanguage":"pt-BR","@id":"https:\/\/blogs.funiber.org\/pt\/#\/schema\/logo\/image\/","url":"https:\/\/www.funiber.blog\/pt\/wp-content\/uploads\/2022\/02\/logo-funiber-pt-br-v-dos.svg","contentUrl":"https:\/\/www.funiber.blog\/pt\/wp-content\/uploads\/2022\/02\/logo-funiber-pt-br-v-dos.svg","width":1,"height":1,"caption":"FuniBlogs - FUNIBER"},"image":{"@id":"https:\/\/blogs.funiber.org\/pt\/#\/schema\/logo\/image\/"},"sameAs":["https:\/\/www.facebook.com\/funiber","https:\/\/twitter.com\/FUNIBER","https:\/\/www.instagram.com\/funiber_becas","https:\/\/www.youtube.com\/user\/funiber","https:\/\/www.linkedin.com\/company\/funiber"]},{"@type":"Person","@id":"https:\/\/blogs.funiber.org\/pt\/#\/schema\/person\/a1eaaa5e57eac866a8c5946946bcf80d","name":"Michelle","image":{"@type":"ImageObject","inLanguage":"pt-BR","@id":"https:\/\/blogs.funiber.org\/pt\/#\/schema\/person\/image\/","url":"https:\/\/secure.gravatar.com\/avatar\/5e87041f7609dc50493cf216754fece1?s=96&d=mm&r=g","contentUrl":"https:\/\/secure.gravatar.com\/avatar\/5e87041f7609dc50493cf216754fece1?s=96&d=mm&r=g","caption":"Michelle"},"url":"https:\/\/www.funiber.blog\/pt\/author\/michelle-moreira"}]}},"jetpack_featured_media_url":"https:\/\/www.funiber.blog\/pt\/wp-content\/uploads\/2019\/04\/funiber-alimentacao-mortalidade.jpg","jetpack_shortlink":"https:\/\/wp.me\/p7ee1t-4XL","jetpack_sharing_enabled":true,"_links":{"self":[{"href":"https:\/\/www.funiber.blog\/pt\/wp-json\/wp\/v2\/posts\/19081"}],"collection":[{"href":"https:\/\/www.funiber.blog\/pt\/wp-json\/wp\/v2\/posts"}],"about":[{"href":"https:\/\/www.funiber.blog\/pt\/wp-json\/wp\/v2\/types\/post"}],"author":[{"embeddable":true,"href":"https:\/\/www.funiber.blog\/pt\/wp-json\/wp\/v2\/users\/10"}],"replies":[{"embeddable":true,"href":"https:\/\/www.funiber.blog\/pt\/wp-json\/wp\/v2\/comments?post=19081"}],"version-history":[{"count":4,"href":"https:\/\/www.funiber.blog\/pt\/wp-json\/wp\/v2\/posts\/19081\/revisions"}],"predecessor-version":[{"id":19088,"href":"https:\/\/www.funiber.blog\/pt\/wp-json\/wp\/v2\/posts\/19081\/revisions\/19088"}],"wp:featuredmedia":[{"embeddable":true,"href":"https:\/\/www.funiber.blog\/pt\/wp-json\/wp\/v2\/media\/19087"}],"wp:attachment":[{"href":"https:\/\/www.funiber.blog\/pt\/wp-json\/wp\/v2\/media?parent=19081"}],"wp:term":[{"taxonomy":"category","embeddable":true,"href":"https:\/\/www.funiber.blog\/pt\/wp-json\/wp\/v2\/categories?post=19081"},{"taxonomy":"post_tag","embeddable":true,"href":"https:\/\/www.funiber.blog\/pt\/wp-json\/wp\/v2\/tags?post=19081"}],"curies":[{"name":"wp","href":"https:\/\/api.w.org\/{rel}","templated":true}]}}