{"id":19116,"date":"2019-04-23T13:50:09","date_gmt":"2019-04-23T13:50:09","guid":{"rendered":"https:\/\/blogs.funiber.org\/pt\/?p=19116"},"modified":"2019-04-24T13:37:08","modified_gmt":"2019-04-24T13:37:08","slug":"funiber-dia-livro","status":"publish","type":"post","link":"https:\/\/www.funiber.blog\/pt\/formacao-professores\/2019\/04\/23\/funiber-dia-livro","title":{"rendered":"23 de abril: Qual livro nos recomendaria hoje?"},"content":{"rendered":"<h2>Todos os anos, no dia 23 de abril, celebra-se o Dia Internacional do Livro. A data comemorativa surgiu na Catalunha (Espanha) e foi adotada pela Organiza\u00e7\u00e3o das Na\u00e7\u00f5es Unidas para a Educa\u00e7\u00e3o, a Ci\u00eancia e a Cultura (UNESCO), em 1955, quando foi institu\u00edda oficialmente<\/h2>\n<p>A data celebra o dia de falecimento dos escritores Miguel de Cervantes e William Shakespeare, cujas obras s\u00e3o refer\u00eancias liter\u00e1rias em todo o mundo.<!--more--><\/p>\n<p>A Diretora Geral da UNESCO, <a href=\"https:\/\/en.unesco.org\/director-general\/\" target=\"_blank\" rel=\"noopener\">Audrey Azoulay<\/a>, <a href=\"https:\/\/unesdoc.unesco.org\/ark:\/48223\/pf0000367728_spa\" target=\"_blank\" rel=\"noopener\">publicou uma mensagem<\/a>, em ocasi\u00e3o desta data, para incentivar a leitura como instrumento a favor da conviv\u00eancia humana: \u201cOs livros s\u00e3o janelas para a nossa vida interior e abrem a porta para o respeito m\u00fatuo e o entendimento entre os povos, al\u00e9m das fronteiras e as diferen\u00e7as\u201d, escreveu.<\/p>\n<p>Para este ano, proclamado pela UNESCO como o<a href=\"https:\/\/es.iyil2019.org\/\" target=\"_blank\" rel=\"noopener\"> Ano Internacional das L\u00ednguas Ind\u00edgenas<\/a>, a literatura pode colaborar para valorizar a diversidade cultural que cria e transmite conhecimentos e cultura.<\/p>\n<p>Al\u00e9m de melhorar o conhecimento sobre o mundo e sua diversidade, oferecendo pontes de entendimento, a leitura de livros tamb\u00e9m favorece ao funcionamento do c\u00e9rebro. In\u00fameras pesquisas comprovaram que ler aumenta as conex\u00f5es neurais. Por outro lado, al\u00e9m de mais inteligente, com uma leitura habitual, provavelmente tamb\u00e9m ter\u00e1 mais criatividade, j\u00e1 que a leitura explora a capacidade de imaginar.<\/p>\n<p>As raz\u00f5es para ler s\u00e3o muitas, ent\u00e3o. E as obras tamb\u00e9m. Nas livrarias e bibliotecas, uma infinidade de livros est\u00e3o \u00e0 disposi\u00e7\u00e3o dos leitores que poder\u00e3o conhecer e imaginar como se viviam em outras \u00e9pocas ou em situa\u00e7\u00f5es fict\u00edcias. Mas se o que quer \u00e9 realidade e atualidade, livros n\u00e3o faltam: obras t\u00e9cnicas, de autoajuda, ensaios e de an\u00e1lise.<\/p>\n<p>E quem nunca ouviu a express\u00e3o: \u201cuma imagem vale mais que mil palavras\u201d? No campo das artes, livros visuais tamb\u00e9m contam muitas e variadas hist\u00f3rias. No marco do concurso fotogr\u00e1fico <a href=\"https:\/\/www.photofuniber.com\/\" target=\"_blank\" rel=\"noopener\">PHotoFUNIBER\u201919<\/a>\u00a0(<a href=\"https:\/\/www.photofuniber.com\/galeria-de-fotos\/\" target=\"_blank\" rel=\"noopener\">vote na sua preferida!<\/a>), recomendamos diversos livros sobre a fotografia<a href=\"https:\/\/www.estudarnafuniber.com\/funi-concursos\/photofuniber19\/2019\/04\/23\/10-livros-aprender-entender-fotografia\" target=\"_blank\" rel=\"noopener\"> aqui<\/a>.<\/p>\n<p><strong>E voc\u00eas, qual leitura recomendaria para o Dia Mundial do Livro?<\/strong><\/p>\n<p>Foto: Todos os direitos reservados<\/p>\n","protected":false},"excerpt":{"rendered":"<p>Todos os anos, no dia 23 de abril, celebra-se o Dia Internacional do Livro. A data comemorativa surgiu na Catalunha (Espanha) e foi adotada pela Organiza\u00e7\u00e3o das Na\u00e7\u00f5es Unidas para a Educa\u00e7\u00e3o, a Ci\u00eancia e a Cultura (UNESCO), em 1955, quando foi institu\u00edda oficialmente A data celebra o dia de falecimento dos escritores Miguel de [&hellip;]<\/p>\n","protected":false},"author":10,"featured_media":19117,"comment_status":"closed","ping_status":"closed","sticky":false,"template":"","format":"standard","meta":{"jetpack_post_was_ever_published":false,"_jetpack_newsletter_access":"","_jetpack_newsletter_tier_id":0,"footnotes":"","jetpack_publicize_message":"","jetpack_is_tweetstorm":false,"jetpack_publicize_feature_enabled":true,"jetpack_social_post_already_shared":true,"jetpack_social_options":{"image_generator_settings":{"template":"highway","enabled":false}}},"categories":[5],"tags":[1242,1345,285,408,131,119,504,686,248,911,1131,671,641,255,1727,642],"jetpack_publicize_connections":[],"yoast_head":"<!-- This site is optimized with the Yoast SEO plugin v21.7 - https:\/\/yoast.com\/wordpress\/plugins\/seo\/ -->\n<title>23 de abril: Qual livro nos recomendaria hoje?<\/title>\n<meta name=\"description\" content=\"Todos os anos, no dia 23 de abril, celebra-se o Dia Internacional do Livro. A data comemorativa surgiu na Catalunha (Espanha) e foi adotada pela Organiza\u00e7\u00e3o das Na\u00e7\u00f5es Unidas para a Educa\u00e7\u00e3o, a Ci\u00eancia e a Cultura (UNESCO), em 1955, quando foi institu\u00edda oficialmente\" \/>\n<meta name=\"robots\" content=\"index, follow, max-snippet:-1, max-image-preview:large, max-video-preview:-1\" \/>\n<link rel=\"canonical\" href=\"https:\/\/blogs.funiber.org\/pt\/formacao-professores\/2019\/04\/23\/funiber-dia-livro\" \/>\n<meta property=\"og:locale\" content=\"pt_BR\" \/>\n<meta property=\"og:type\" content=\"article\" \/>\n<meta property=\"og:title\" content=\"23 de abril: Qual livro nos recomendaria hoje?\" \/>\n<meta property=\"og:description\" content=\"Todos os anos, no dia 23 de abril, celebra-se o Dia Internacional do Livro. A data comemorativa surgiu na Catalunha (Espanha) e foi adotada pela Organiza\u00e7\u00e3o das Na\u00e7\u00f5es Unidas para a Educa\u00e7\u00e3o, a Ci\u00eancia e a Cultura (UNESCO), em 1955, quando foi institu\u00edda oficialmente\" \/>\n<meta property=\"og:url\" content=\"https:\/\/blogs.funiber.org\/pt\/formacao-professores\/2019\/04\/23\/funiber-dia-livro\" \/>\n<meta property=\"og:site_name\" content=\"FuniBlogs - FUNIBER\" \/>\n<meta property=\"article:publisher\" content=\"https:\/\/www.facebook.com\/funiber\" \/>\n<meta property=\"article:published_time\" content=\"2019-04-23T13:50:09+00:00\" \/>\n<meta property=\"article:modified_time\" content=\"2019-04-24T13:37:08+00:00\" \/>\n<meta property=\"og:image\" content=\"https:\/\/blogs.funiber.org\/pt\/wp-content\/uploads\/2019\/04\/funiber-dia-livro.jpg\" \/>\n\t<meta property=\"og:image:width\" content=\"800\" \/>\n\t<meta property=\"og:image:height\" content=\"533\" \/>\n\t<meta property=\"og:image:type\" content=\"image\/jpeg\" \/>\n<meta name=\"author\" content=\"Michelle\" \/>\n<meta name=\"twitter:card\" content=\"summary_large_image\" \/>\n<meta name=\"twitter:creator\" content=\"@FUNIBER\" \/>\n<meta name=\"twitter:site\" content=\"@FUNIBER\" \/>\n<meta name=\"twitter:label1\" content=\"Escrito por\" \/>\n\t<meta name=\"twitter:data1\" content=\"Michelle\" \/>\n\t<meta name=\"twitter:label2\" content=\"Est. tempo de leitura\" \/>\n\t<meta name=\"twitter:data2\" content=\"2 minutos\" \/>\n<script type=\"application\/ld+json\" class=\"yoast-schema-graph\">{\"@context\":\"https:\/\/schema.org\",\"@graph\":[{\"@type\":\"Article\",\"@id\":\"https:\/\/blogs.funiber.org\/pt\/formacao-professores\/2019\/04\/23\/funiber-dia-livro#article\",\"isPartOf\":{\"@id\":\"https:\/\/blogs.funiber.org\/pt\/formacao-professores\/2019\/04\/23\/funiber-dia-livro\"},\"author\":{\"name\":\"Michelle\",\"@id\":\"https:\/\/blogs.funiber.org\/pt\/#\/schema\/person\/a1eaaa5e57eac866a8c5946946bcf80d\"},\"headline\":\"23 de abril: Qual livro nos recomendaria hoje?\",\"datePublished\":\"2019-04-23T13:50:09+00:00\",\"dateModified\":\"2019-04-24T13:37:08+00:00\",\"mainEntityOfPage\":{\"@id\":\"https:\/\/blogs.funiber.org\/pt\/formacao-professores\/2019\/04\/23\/funiber-dia-livro\"},\"wordCount\":371,\"publisher\":{\"@id\":\"https:\/\/blogs.funiber.org\/pt\/#organization\"},\"keywords\":[\"Bolsas\",\"Dia Mundial do Livro\",\"Educa\u00e7\u00e3o\",\"Educa\u00e7\u00e3o a Dist\u00e2ncia\",\"Ensino\",\"Estudos\",\"Forma\u00e7\u00e3o\",\"Forma\u00e7\u00e3o de Professores\",\"Funiber\",\"FUNIBER Opini\u00f5es\",\"Livro\",\"mestrado\",\"Opini\u00e3o FUNIBER\",\"Opini\u00f5es Funiber\",\"Professorado\",\"Professores\"],\"articleSection\":[\"Educa\u00e7\u00e3o,\u00a0Forma\u00e7\u00e3o Professores\"],\"inLanguage\":\"pt-BR\"},{\"@type\":\"WebPage\",\"@id\":\"https:\/\/blogs.funiber.org\/pt\/formacao-professores\/2019\/04\/23\/funiber-dia-livro\",\"url\":\"https:\/\/blogs.funiber.org\/pt\/formacao-professores\/2019\/04\/23\/funiber-dia-livro\",\"name\":\"23 de abril: Qual livro nos recomendaria hoje?\",\"isPartOf\":{\"@id\":\"https:\/\/blogs.funiber.org\/pt\/#website\"},\"datePublished\":\"2019-04-23T13:50:09+00:00\",\"dateModified\":\"2019-04-24T13:37:08+00:00\",\"description\":\"Todos os anos, no dia 23 de abril, celebra-se o Dia Internacional do Livro. A data comemorativa surgiu na Catalunha (Espanha) e foi adotada pela Organiza\u00e7\u00e3o das Na\u00e7\u00f5es Unidas para a Educa\u00e7\u00e3o, a Ci\u00eancia e a Cultura (UNESCO), em 1955, quando foi institu\u00edda oficialmente\",\"breadcrumb\":{\"@id\":\"https:\/\/blogs.funiber.org\/pt\/formacao-professores\/2019\/04\/23\/funiber-dia-livro#breadcrumb\"},\"inLanguage\":\"pt-BR\",\"potentialAction\":[{\"@type\":\"ReadAction\",\"target\":[\"https:\/\/blogs.funiber.org\/pt\/formacao-professores\/2019\/04\/23\/funiber-dia-livro\"]}]},{\"@type\":\"BreadcrumbList\",\"@id\":\"https:\/\/blogs.funiber.org\/pt\/formacao-professores\/2019\/04\/23\/funiber-dia-livro#breadcrumb\",\"itemListElement\":[{\"@type\":\"ListItem\",\"position\":1,\"name\":\"In\u00edcio\",\"item\":\"https:\/\/blogs.funiber.org\/pt\"},{\"@type\":\"ListItem\",\"position\":2,\"name\":\"23 de abril: Qual livro nos recomendaria hoje?\"}]},{\"@type\":\"WebSite\",\"@id\":\"https:\/\/blogs.funiber.org\/pt\/#website\",\"url\":\"https:\/\/blogs.funiber.org\/pt\/\",\"name\":\"FuniBlogs - FUNIBER\",\"description\":\"\",\"publisher\":{\"@id\":\"https:\/\/blogs.funiber.org\/pt\/#organization\"},\"potentialAction\":[{\"@type\":\"SearchAction\",\"target\":{\"@type\":\"EntryPoint\",\"urlTemplate\":\"https:\/\/blogs.funiber.org\/pt\/?s={search_term_string}\"},\"query-input\":\"required name=search_term_string\"}],\"inLanguage\":\"pt-BR\"},{\"@type\":\"Organization\",\"@id\":\"https:\/\/blogs.funiber.org\/pt\/#organization\",\"name\":\"FuniBlogs - FUNIBER\",\"url\":\"https:\/\/blogs.funiber.org\/pt\/\",\"logo\":{\"@type\":\"ImageObject\",\"inLanguage\":\"pt-BR\",\"@id\":\"https:\/\/blogs.funiber.org\/pt\/#\/schema\/logo\/image\/\",\"url\":\"https:\/\/www.funiber.blog\/pt\/wp-content\/uploads\/2022\/02\/logo-funiber-pt-br-v-dos.svg\",\"contentUrl\":\"https:\/\/www.funiber.blog\/pt\/wp-content\/uploads\/2022\/02\/logo-funiber-pt-br-v-dos.svg\",\"width\":1,\"height\":1,\"caption\":\"FuniBlogs - FUNIBER\"},\"image\":{\"@id\":\"https:\/\/blogs.funiber.org\/pt\/#\/schema\/logo\/image\/\"},\"sameAs\":[\"https:\/\/www.facebook.com\/funiber\",\"https:\/\/twitter.com\/FUNIBER\",\"https:\/\/www.instagram.com\/funiber_becas\",\"https:\/\/www.youtube.com\/user\/funiber\",\"https:\/\/www.linkedin.com\/company\/funiber\"]},{\"@type\":\"Person\",\"@id\":\"https:\/\/blogs.funiber.org\/pt\/#\/schema\/person\/a1eaaa5e57eac866a8c5946946bcf80d\",\"name\":\"Michelle\",\"image\":{\"@type\":\"ImageObject\",\"inLanguage\":\"pt-BR\",\"@id\":\"https:\/\/blogs.funiber.org\/pt\/#\/schema\/person\/image\/\",\"url\":\"https:\/\/secure.gravatar.com\/avatar\/5e87041f7609dc50493cf216754fece1?s=96&d=mm&r=g\",\"contentUrl\":\"https:\/\/secure.gravatar.com\/avatar\/5e87041f7609dc50493cf216754fece1?s=96&d=mm&r=g\",\"caption\":\"Michelle\"},\"url\":\"https:\/\/www.funiber.blog\/pt\/author\/michelle-moreira\"}]}<\/script>\n<!-- \/ Yoast SEO plugin. -->","yoast_head_json":{"title":"23 de abril: Qual livro nos recomendaria hoje?","description":"Todos os anos, no dia 23 de abril, celebra-se o Dia Internacional do Livro. A data comemorativa surgiu na Catalunha (Espanha) e foi adotada pela Organiza\u00e7\u00e3o das Na\u00e7\u00f5es Unidas para a Educa\u00e7\u00e3o, a Ci\u00eancia e a Cultura (UNESCO), em 1955, quando foi institu\u00edda oficialmente","robots":{"index":"index","follow":"follow","max-snippet":"max-snippet:-1","max-image-preview":"max-image-preview:large","max-video-preview":"max-video-preview:-1"},"canonical":"https:\/\/blogs.funiber.org\/pt\/formacao-professores\/2019\/04\/23\/funiber-dia-livro","og_locale":"pt_BR","og_type":"article","og_title":"23 de abril: Qual livro nos recomendaria hoje?","og_description":"Todos os anos, no dia 23 de abril, celebra-se o Dia Internacional do Livro. A data comemorativa surgiu na Catalunha (Espanha) e foi adotada pela Organiza\u00e7\u00e3o das Na\u00e7\u00f5es Unidas para a Educa\u00e7\u00e3o, a Ci\u00eancia e a Cultura (UNESCO), em 1955, quando foi institu\u00edda oficialmente","og_url":"https:\/\/blogs.funiber.org\/pt\/formacao-professores\/2019\/04\/23\/funiber-dia-livro","og_site_name":"FuniBlogs - FUNIBER","article_publisher":"https:\/\/www.facebook.com\/funiber","article_published_time":"2019-04-23T13:50:09+00:00","article_modified_time":"2019-04-24T13:37:08+00:00","og_image":[{"width":800,"height":533,"url":"https:\/\/blogs.funiber.org\/pt\/wp-content\/uploads\/2019\/04\/funiber-dia-livro.jpg","type":"image\/jpeg"}],"author":"Michelle","twitter_card":"summary_large_image","twitter_creator":"@FUNIBER","twitter_site":"@FUNIBER","twitter_misc":{"Escrito por":"Michelle","Est. tempo de leitura":"2 minutos"},"schema":{"@context":"https:\/\/schema.org","@graph":[{"@type":"Article","@id":"https:\/\/blogs.funiber.org\/pt\/formacao-professores\/2019\/04\/23\/funiber-dia-livro#article","isPartOf":{"@id":"https:\/\/blogs.funiber.org\/pt\/formacao-professores\/2019\/04\/23\/funiber-dia-livro"},"author":{"name":"Michelle","@id":"https:\/\/blogs.funiber.org\/pt\/#\/schema\/person\/a1eaaa5e57eac866a8c5946946bcf80d"},"headline":"23 de abril: Qual livro nos recomendaria hoje?","datePublished":"2019-04-23T13:50:09+00:00","dateModified":"2019-04-24T13:37:08+00:00","mainEntityOfPage":{"@id":"https:\/\/blogs.funiber.org\/pt\/formacao-professores\/2019\/04\/23\/funiber-dia-livro"},"wordCount":371,"publisher":{"@id":"https:\/\/blogs.funiber.org\/pt\/#organization"},"keywords":["Bolsas","Dia Mundial do Livro","Educa\u00e7\u00e3o","Educa\u00e7\u00e3o a Dist\u00e2ncia","Ensino","Estudos","Forma\u00e7\u00e3o","Forma\u00e7\u00e3o de Professores","Funiber","FUNIBER Opini\u00f5es","Livro","mestrado","Opini\u00e3o FUNIBER","Opini\u00f5es Funiber","Professorado","Professores"],"articleSection":["Educa\u00e7\u00e3o,\u00a0Forma\u00e7\u00e3o Professores"],"inLanguage":"pt-BR"},{"@type":"WebPage","@id":"https:\/\/blogs.funiber.org\/pt\/formacao-professores\/2019\/04\/23\/funiber-dia-livro","url":"https:\/\/blogs.funiber.org\/pt\/formacao-professores\/2019\/04\/23\/funiber-dia-livro","name":"23 de abril: Qual livro nos recomendaria hoje?","isPartOf":{"@id":"https:\/\/blogs.funiber.org\/pt\/#website"},"datePublished":"2019-04-23T13:50:09+00:00","dateModified":"2019-04-24T13:37:08+00:00","description":"Todos os anos, no dia 23 de abril, celebra-se o Dia Internacional do Livro. A data comemorativa surgiu na Catalunha (Espanha) e foi adotada pela Organiza\u00e7\u00e3o das Na\u00e7\u00f5es Unidas para a Educa\u00e7\u00e3o, a Ci\u00eancia e a Cultura (UNESCO), em 1955, quando foi institu\u00edda oficialmente","breadcrumb":{"@id":"https:\/\/blogs.funiber.org\/pt\/formacao-professores\/2019\/04\/23\/funiber-dia-livro#breadcrumb"},"inLanguage":"pt-BR","potentialAction":[{"@type":"ReadAction","target":["https:\/\/blogs.funiber.org\/pt\/formacao-professores\/2019\/04\/23\/funiber-dia-livro"]}]},{"@type":"BreadcrumbList","@id":"https:\/\/blogs.funiber.org\/pt\/formacao-professores\/2019\/04\/23\/funiber-dia-livro#breadcrumb","itemListElement":[{"@type":"ListItem","position":1,"name":"In\u00edcio","item":"https:\/\/blogs.funiber.org\/pt"},{"@type":"ListItem","position":2,"name":"23 de abril: Qual livro nos recomendaria hoje?"}]},{"@type":"WebSite","@id":"https:\/\/blogs.funiber.org\/pt\/#website","url":"https:\/\/blogs.funiber.org\/pt\/","name":"FuniBlogs - FUNIBER","description":"","publisher":{"@id":"https:\/\/blogs.funiber.org\/pt\/#organization"},"potentialAction":[{"@type":"SearchAction","target":{"@type":"EntryPoint","urlTemplate":"https:\/\/blogs.funiber.org\/pt\/?s={search_term_string}"},"query-input":"required name=search_term_string"}],"inLanguage":"pt-BR"},{"@type":"Organization","@id":"https:\/\/blogs.funiber.org\/pt\/#organization","name":"FuniBlogs - FUNIBER","url":"https:\/\/blogs.funiber.org\/pt\/","logo":{"@type":"ImageObject","inLanguage":"pt-BR","@id":"https:\/\/blogs.funiber.org\/pt\/#\/schema\/logo\/image\/","url":"https:\/\/www.funiber.blog\/pt\/wp-content\/uploads\/2022\/02\/logo-funiber-pt-br-v-dos.svg","contentUrl":"https:\/\/www.funiber.blog\/pt\/wp-content\/uploads\/2022\/02\/logo-funiber-pt-br-v-dos.svg","width":1,"height":1,"caption":"FuniBlogs - FUNIBER"},"image":{"@id":"https:\/\/blogs.funiber.org\/pt\/#\/schema\/logo\/image\/"},"sameAs":["https:\/\/www.facebook.com\/funiber","https:\/\/twitter.com\/FUNIBER","https:\/\/www.instagram.com\/funiber_becas","https:\/\/www.youtube.com\/user\/funiber","https:\/\/www.linkedin.com\/company\/funiber"]},{"@type":"Person","@id":"https:\/\/blogs.funiber.org\/pt\/#\/schema\/person\/a1eaaa5e57eac866a8c5946946bcf80d","name":"Michelle","image":{"@type":"ImageObject","inLanguage":"pt-BR","@id":"https:\/\/blogs.funiber.org\/pt\/#\/schema\/person\/image\/","url":"https:\/\/secure.gravatar.com\/avatar\/5e87041f7609dc50493cf216754fece1?s=96&d=mm&r=g","contentUrl":"https:\/\/secure.gravatar.com\/avatar\/5e87041f7609dc50493cf216754fece1?s=96&d=mm&r=g","caption":"Michelle"},"url":"https:\/\/www.funiber.blog\/pt\/author\/michelle-moreira"}]}},"jetpack_featured_media_url":"https:\/\/www.funiber.blog\/pt\/wp-content\/uploads\/2019\/04\/funiber-dia-livro.jpg","jetpack_shortlink":"https:\/\/wp.me\/p7ee1t-4Yk","jetpack_sharing_enabled":true,"_links":{"self":[{"href":"https:\/\/www.funiber.blog\/pt\/wp-json\/wp\/v2\/posts\/19116"}],"collection":[{"href":"https:\/\/www.funiber.blog\/pt\/wp-json\/wp\/v2\/posts"}],"about":[{"href":"https:\/\/www.funiber.blog\/pt\/wp-json\/wp\/v2\/types\/post"}],"author":[{"embeddable":true,"href":"https:\/\/www.funiber.blog\/pt\/wp-json\/wp\/v2\/users\/10"}],"replies":[{"embeddable":true,"href":"https:\/\/www.funiber.blog\/pt\/wp-json\/wp\/v2\/comments?post=19116"}],"version-history":[{"count":2,"href":"https:\/\/www.funiber.blog\/pt\/wp-json\/wp\/v2\/posts\/19116\/revisions"}],"predecessor-version":[{"id":19131,"href":"https:\/\/www.funiber.blog\/pt\/wp-json\/wp\/v2\/posts\/19116\/revisions\/19131"}],"wp:featuredmedia":[{"embeddable":true,"href":"https:\/\/www.funiber.blog\/pt\/wp-json\/wp\/v2\/media\/19117"}],"wp:attachment":[{"href":"https:\/\/www.funiber.blog\/pt\/wp-json\/wp\/v2\/media?parent=19116"}],"wp:term":[{"taxonomy":"category","embeddable":true,"href":"https:\/\/www.funiber.blog\/pt\/wp-json\/wp\/v2\/categories?post=19116"},{"taxonomy":"post_tag","embeddable":true,"href":"https:\/\/www.funiber.blog\/pt\/wp-json\/wp\/v2\/tags?post=19116"}],"curies":[{"name":"wp","href":"https:\/\/api.w.org\/{rel}","templated":true}]}}