{"id":19397,"date":"2019-05-25T11:12:37","date_gmt":"2019-05-25T11:12:37","guid":{"rendered":"https:\/\/blogs.funiber.org\/pt\/?p=19397"},"modified":"2019-05-24T11:13:59","modified_gmt":"2019-05-24T11:13:59","slug":"funiber-morada-social","status":"publish","type":"post","link":"https:\/\/www.funiber.blog\/pt\/arquitetura-e-desenho\/2019\/05\/25\/funiber-morada-social","title":{"rendered":"Princ\u00edpio de participa\u00e7\u00e3o na morada social de Christopher Alexander"},"content":{"rendered":"<h2>Uma s\u00e9rie de propostas sobre <a href=\"https:\/\/www.funiber.blog\/pt\/arquitetura-e-desenho\/2018\/12\/12\/funiber-projetos-moradias\" target=\"_blank\" rel=\"noopener noreferrer\">morada social<\/a> na Am\u00e9rica Latina reflete o princ\u00edpio de participa\u00e7\u00e3o do arquiteto e urbanista Christopher Alexander, que argumenta que &#8220;todas as decis\u00f5es sobre o que construir e como fazer devem estar nas m\u00e3os dos usu\u00e1rios.&#8221;<\/h2>\n<p>A <a href=\"https:\/\/www.plataformaarquitectura.cl\/cl\/author\/nikos-a-salingaros-david-brain-andres-m-duany-michael-w-mehaffy-ernesto-philibert-petit\" target=\"_blank\" rel=\"noopener noreferrer\">s\u00e9rie de artigos<\/a> desenvolvido por Nikos A. Salingaros, David Brain, Andrew M. Duany, Michael W. Mehaffy e Ernesto Philibert-Petit enfatiza o <a href=\"http:\/\/parquesalegres.org\/biblioteca\/blog\/principios-la-participacion-ciudadana\/\" target=\"_blank\" rel=\"noopener noreferrer\">princ\u00edpio da participa\u00e7\u00e3o<\/a> como um elemento-chave no planejamento de estrat\u00e9gias para a concep\u00e7\u00e3o e constru\u00e7\u00e3o de habita\u00e7\u00f5es sociais nos pa\u00edses da Am\u00e9rica Latina.<!--more--><\/p>\n<p>Este conceito surgiu a partir do arquiteto e urbanista Christopher Alexander e parte austr\u00edaca da premissa de que <strong>os usu\u00e1rios de espa\u00e7os arquitet\u00f4nicos fornecem um valor mais profundo que os pr\u00f3prios arquitetos.<\/strong> Seu trabalho utiliza um m\u00e9todo estruturado colocando o usu\u00e1rio n\u00e3o especializado no campo como o principal protagonista da idea\u00e7\u00e3o e envolvendo-o no processo.<\/p>\n<p>Durante sua carreira profissional, o arquiteto foi contratado em diferentes ocasi\u00f5es para desenvolver projetos de habita\u00e7\u00e3o social para os quais ele sempre defendeu o princ\u00edpio da participa\u00e7\u00e3o do usu\u00e1rio. O conceito coloca o foco do projeto no envolvimento das pessoas durante o processo, uma vez que considera que elas devem ser o eixo central.<\/p>\n<p>No entanto, essa determina\u00e7\u00e3o custou-lhe mais de uma vez a retirada de subs\u00eddios do governo para desenvolver seus projetos.<\/p>\n<p>Mesmo assim, o especialista em planejamento urbano sempre sustentou que <strong>todos esses projetos habitacionais carecem de elementos essenciais se as pessoas diretamente afetadas n\u00e3o estiverem envolvidas.<\/strong> Seu trabalho elogia a import\u00e2ncia do <strong>apego pessoal e emocional<\/strong> para obter um senso restrito de pertencer ao projeto final.<\/p>\n<p>Em seu trabalho mais recente (Alexander, 2001-2005), Alexander designa uma ordem temporal espec\u00edfica no processo de projeto e constru\u00e7\u00e3o da habita\u00e7\u00e3o social. Isso se refere \u00e0 necessidade de estabelecer um processo que deve ser seguido desde o planejamento e projeto at\u00e9 a obten\u00e7\u00e3o do produto final para salvaguardar sua sustentabilidade.<\/p>\n<p>Com uma ordem estrita estabelecida pelo arquiteto, o que ele chamou de &#8220;<strong>malha urbana saud\u00e1vel<\/strong>&#8221; seria conformado. O n\u00e3o cumprimento das orienta\u00e7\u00f5es de sua sequ\u00eancia resultaria em uma malha urbana morta. Essas diretrizes delinear alguns dos elementos urbanos seguintes e devem ser levados em conta durante a concep\u00e7\u00e3o de um projeto para a constru\u00e7\u00e3o de habita\u00e7\u00e3o social principais vias de circula\u00e7\u00e3o, espa\u00e7os p\u00fablicos, ruas laterais e \u00e1reas de pedestres, entre outros.<\/p>\n<p>Apesar de ter defensores fortes e boa aceita\u00e7\u00e3o da premissa nos setores de arquitetura e urbanismo, a aplica\u00e7\u00e3o desta sequ\u00eancia ordenada por vezes, requer um esfor\u00e7o de convic\u00e7\u00e3o \u00e0s autoridades competentes.<\/p>\n<p>Com base nesses princ\u00edpios, alguns de seus projetos mais reconhecidos que permitem observar essa determina\u00e7\u00e3o por meio da participa\u00e7\u00e3o em projetos de habita\u00e7\u00e3o social s\u00e3o Santa Rosa de Cabal, Col\u00f4mbia; e o Guasare New Town, na Venezuela, embora este ainda n\u00e3o tenha sido constru\u00eddo.<\/p>\n<p>No entanto, existem alguns contratempos que impedem a aplica\u00e7\u00e3o desse pedido e, consequentemente, sua premissa de participa\u00e7\u00e3o. Um dos obst\u00e1culos na aplica\u00e7\u00e3o do conceito de projeto decorre de industrializa\u00e7\u00e3o, a <a href=\"https:\/\/www.funiber.blog\/pt\/arquitetura-e-desenho\/2014\/05\/08\/aberto-concurso-de-casas-sustentaveis-para-estudantes-latino-americanos\">massifica\u00e7\u00e3o urbana<\/a> e implementa\u00e7\u00e3o, uma vez que \u00e9 dada prioridade a outras zonas desfavorecidas e sua integra\u00e7\u00e3o no campo. Consequentemente, na era da industrializa\u00e7\u00e3o, vemos esses princ\u00edpios afetados, resultando em constru\u00e7\u00f5es contr\u00e1rias aos princ\u00edpios de Alexander.<\/p>\n<p>No entanto, especialistas na \u00e1rea defendem e apoiam o princ\u00edpio de Alexander\u00a0 Christopher nos projetos de constru\u00e7\u00e3o e destacam a import\u00e2ncia de sua aplica\u00e7\u00e3o na habita\u00e7\u00e3o social na Am\u00e9rica Latina hoje.<\/p>\n<p>Para os interessados \u200b\u200bem desenvolver projetos relacionados \u00e0 constru\u00e7\u00e3o civil, a <a href=\"https:\/\/www.funiber.org.br\" target=\"_blank\" rel=\"noopener noreferrer\">FUNIBER<\/a> promove o <a href=\"https:\/\/www.funiber.org.br\/mestrado-em-projetos-de-arquitetura-e-urbanismo\" target=\"_blank\" rel=\"noopener noreferrer\">Mestrado em Projetos de Arquitetura e Urbanismo<\/a>. Seu programa visa incorporar conhecimento e ferramentas atuais de <em>management<\/em>, bem como conhecimentos conceituais sobre como desenvolver projetos de arquitetura urbana.<\/p>\n<p>Fonte: <a href=\"https:\/\/www.plataformaarquitectura.cl\/cl\/914191\/la-participacion-como-principio-basico-en-la-vivienda-social-como-utilizar-el-trabajo-de-christopher-alexander?utm_medium=email&amp;utm_source=Plataforma%20Arquitectura&amp;kth=49,812\" target=\"_blank\" rel=\"noopener noreferrer\">La participaci\u00f3n como principio b\u00e1sico en la vivienda social: c\u00f3mo utilizar el trabajo de Christopher Alexander<\/a><\/p>\n<p>Imagem: Todos os direitos reservados<\/p>\n","protected":false},"excerpt":{"rendered":"<p>Uma s\u00e9rie de propostas sobre morada social na Am\u00e9rica Latina reflete o princ\u00edpio de participa\u00e7\u00e3o do arquiteto e urbanista Christopher Alexander, que argumenta que &#8220;todas as decis\u00f5es sobre o que construir e como fazer devem estar nas m\u00e3os dos usu\u00e1rios.&#8221; A s\u00e9rie de artigos desenvolvido por Nikos A. Salingaros, David Brain, Andrew M. Duany, Michael [&hellip;]<\/p>\n","protected":false},"author":10,"featured_media":19396,"comment_status":"closed","ping_status":"closed","sticky":false,"template":"","format":"standard","meta":{"jetpack_post_was_ever_published":false,"_jetpack_newsletter_access":"","_jetpack_newsletter_tier_id":0,"footnotes":"","jetpack_publicize_message":"","jetpack_is_tweetstorm":false,"jetpack_publicize_feature_enabled":true,"jetpack_social_post_already_shared":true,"jetpack_social_options":{"image_generator_settings":{"template":"highway","enabled":false}}},"categories":[7],"tags":[44,1242,5134,280,855,285,408,119,248,911,3755,671,5133,339,641,255,112,66],"jetpack_publicize_connections":[],"yoast_head":"<!-- This site is optimized with the Yoast SEO plugin v21.7 - https:\/\/yoast.com\/wordpress\/plugins\/seo\/ -->\n<title>Princ\u00edpio de participa\u00e7\u00e3o na morada social de Christopher Alexander<\/title>\n<meta name=\"description\" content=\"Uma s\u00e9rie de propostas sobre morada social na Am\u00e9rica Latina reflete o princ\u00edpio de participa\u00e7\u00e3o do arquiteto e urbanista Christopher Alexander, que argumenta que &quot;todas as decis\u00f5es sobre o que construir e como fazer devem estar nas m\u00e3os dos usu\u00e1rios.&quot;\" \/>\n<meta name=\"robots\" content=\"index, follow, max-snippet:-1, max-image-preview:large, max-video-preview:-1\" \/>\n<link rel=\"canonical\" href=\"https:\/\/blogs.funiber.org\/pt\/arquitetura-e-desenho\/2019\/05\/25\/funiber-morada-social\" \/>\n<meta property=\"og:locale\" content=\"pt_BR\" \/>\n<meta property=\"og:type\" content=\"article\" \/>\n<meta property=\"og:title\" content=\"Princ\u00edpio de participa\u00e7\u00e3o na morada social de Christopher Alexander\" \/>\n<meta property=\"og:description\" content=\"Uma s\u00e9rie de propostas sobre morada social na Am\u00e9rica Latina reflete o princ\u00edpio de participa\u00e7\u00e3o do arquiteto e urbanista Christopher Alexander, que argumenta que &quot;todas as decis\u00f5es sobre o que construir e como fazer devem estar nas m\u00e3os dos usu\u00e1rios.&quot;\" \/>\n<meta property=\"og:url\" content=\"https:\/\/blogs.funiber.org\/pt\/arquitetura-e-desenho\/2019\/05\/25\/funiber-morada-social\" \/>\n<meta property=\"og:site_name\" content=\"FuniBlogs - FUNIBER\" \/>\n<meta property=\"article:publisher\" content=\"https:\/\/www.facebook.com\/funiber\" \/>\n<meta property=\"article:published_time\" content=\"2019-05-25T11:12:37+00:00\" \/>\n<meta property=\"article:modified_time\" content=\"2019-05-24T11:13:59+00:00\" \/>\n<meta property=\"og:image\" content=\"https:\/\/blogs.funiber.org\/pt\/wp-content\/uploads\/2019\/05\/funiber-moradia-social.jpg\" \/>\n\t<meta property=\"og:image:width\" content=\"800\" \/>\n\t<meta property=\"og:image:height\" content=\"363\" \/>\n\t<meta property=\"og:image:type\" content=\"image\/jpeg\" \/>\n<meta name=\"author\" content=\"Michelle\" \/>\n<meta name=\"twitter:card\" content=\"summary_large_image\" \/>\n<meta name=\"twitter:creator\" content=\"@FUNIBER\" \/>\n<meta name=\"twitter:site\" content=\"@FUNIBER\" \/>\n<meta name=\"twitter:label1\" content=\"Escrito por\" \/>\n\t<meta name=\"twitter:data1\" content=\"Michelle\" \/>\n\t<meta name=\"twitter:label2\" content=\"Est. tempo de leitura\" \/>\n\t<meta name=\"twitter:data2\" content=\"3 minutos\" \/>\n<script type=\"application\/ld+json\" class=\"yoast-schema-graph\">{\"@context\":\"https:\/\/schema.org\",\"@graph\":[{\"@type\":\"Article\",\"@id\":\"https:\/\/blogs.funiber.org\/pt\/arquitetura-e-desenho\/2019\/05\/25\/funiber-morada-social#article\",\"isPartOf\":{\"@id\":\"https:\/\/blogs.funiber.org\/pt\/arquitetura-e-desenho\/2019\/05\/25\/funiber-morada-social\"},\"author\":{\"name\":\"Michelle\",\"@id\":\"https:\/\/blogs.funiber.org\/pt\/#\/schema\/person\/a1eaaa5e57eac866a8c5946946bcf80d\"},\"headline\":\"Princ\u00edpio de participa\u00e7\u00e3o na morada social de Christopher Alexander\",\"datePublished\":\"2019-05-25T11:12:37+00:00\",\"dateModified\":\"2019-05-24T11:13:59+00:00\",\"mainEntityOfPage\":{\"@id\":\"https:\/\/blogs.funiber.org\/pt\/arquitetura-e-desenho\/2019\/05\/25\/funiber-morada-social\"},\"wordCount\":708,\"publisher\":{\"@id\":\"https:\/\/blogs.funiber.org\/pt\/#organization\"},\"keywords\":[\"arquitetura\",\"Bolsas\",\"casas populares\",\"Cidades\",\"Doutorado\",\"Educa\u00e7\u00e3o\",\"Educa\u00e7\u00e3o a Dist\u00e2ncia\",\"Estudos\",\"Funiber\",\"FUNIBER Opini\u00f5es\",\"habita\u00e7\u00e3o\",\"mestrado\",\"morada social\",\"Moradia\",\"Opini\u00e3o FUNIBER\",\"Opini\u00f5es Funiber\",\"Projetos\",\"Urbanismo\"],\"articleSection\":[\"Projetos\"],\"inLanguage\":\"pt-BR\"},{\"@type\":\"WebPage\",\"@id\":\"https:\/\/blogs.funiber.org\/pt\/arquitetura-e-desenho\/2019\/05\/25\/funiber-morada-social\",\"url\":\"https:\/\/blogs.funiber.org\/pt\/arquitetura-e-desenho\/2019\/05\/25\/funiber-morada-social\",\"name\":\"Princ\u00edpio de participa\u00e7\u00e3o na morada social de Christopher Alexander\",\"isPartOf\":{\"@id\":\"https:\/\/blogs.funiber.org\/pt\/#website\"},\"datePublished\":\"2019-05-25T11:12:37+00:00\",\"dateModified\":\"2019-05-24T11:13:59+00:00\",\"description\":\"Uma s\u00e9rie de propostas sobre morada social na Am\u00e9rica Latina reflete o princ\u00edpio de participa\u00e7\u00e3o do arquiteto e urbanista Christopher Alexander, que argumenta que \\\"todas as decis\u00f5es sobre o que construir e como fazer devem estar nas m\u00e3os dos usu\u00e1rios.\\\"\",\"breadcrumb\":{\"@id\":\"https:\/\/blogs.funiber.org\/pt\/arquitetura-e-desenho\/2019\/05\/25\/funiber-morada-social#breadcrumb\"},\"inLanguage\":\"pt-BR\",\"potentialAction\":[{\"@type\":\"ReadAction\",\"target\":[\"https:\/\/blogs.funiber.org\/pt\/arquitetura-e-desenho\/2019\/05\/25\/funiber-morada-social\"]}]},{\"@type\":\"BreadcrumbList\",\"@id\":\"https:\/\/blogs.funiber.org\/pt\/arquitetura-e-desenho\/2019\/05\/25\/funiber-morada-social#breadcrumb\",\"itemListElement\":[{\"@type\":\"ListItem\",\"position\":1,\"name\":\"In\u00edcio\",\"item\":\"https:\/\/blogs.funiber.org\/pt\"},{\"@type\":\"ListItem\",\"position\":2,\"name\":\"Princ\u00edpio de participa\u00e7\u00e3o na morada social de Christopher Alexander\"}]},{\"@type\":\"WebSite\",\"@id\":\"https:\/\/blogs.funiber.org\/pt\/#website\",\"url\":\"https:\/\/blogs.funiber.org\/pt\/\",\"name\":\"FuniBlogs - FUNIBER\",\"description\":\"\",\"publisher\":{\"@id\":\"https:\/\/blogs.funiber.org\/pt\/#organization\"},\"potentialAction\":[{\"@type\":\"SearchAction\",\"target\":{\"@type\":\"EntryPoint\",\"urlTemplate\":\"https:\/\/blogs.funiber.org\/pt\/?s={search_term_string}\"},\"query-input\":\"required name=search_term_string\"}],\"inLanguage\":\"pt-BR\"},{\"@type\":\"Organization\",\"@id\":\"https:\/\/blogs.funiber.org\/pt\/#organization\",\"name\":\"FuniBlogs - FUNIBER\",\"url\":\"https:\/\/blogs.funiber.org\/pt\/\",\"logo\":{\"@type\":\"ImageObject\",\"inLanguage\":\"pt-BR\",\"@id\":\"https:\/\/blogs.funiber.org\/pt\/#\/schema\/logo\/image\/\",\"url\":\"https:\/\/www.funiber.blog\/pt\/wp-content\/uploads\/2022\/02\/logo-funiber-pt-br-v-dos.svg\",\"contentUrl\":\"https:\/\/www.funiber.blog\/pt\/wp-content\/uploads\/2022\/02\/logo-funiber-pt-br-v-dos.svg\",\"width\":1,\"height\":1,\"caption\":\"FuniBlogs - FUNIBER\"},\"image\":{\"@id\":\"https:\/\/blogs.funiber.org\/pt\/#\/schema\/logo\/image\/\"},\"sameAs\":[\"https:\/\/www.facebook.com\/funiber\",\"https:\/\/twitter.com\/FUNIBER\",\"https:\/\/www.instagram.com\/funiber_becas\",\"https:\/\/www.youtube.com\/user\/funiber\",\"https:\/\/www.linkedin.com\/company\/funiber\"]},{\"@type\":\"Person\",\"@id\":\"https:\/\/blogs.funiber.org\/pt\/#\/schema\/person\/a1eaaa5e57eac866a8c5946946bcf80d\",\"name\":\"Michelle\",\"image\":{\"@type\":\"ImageObject\",\"inLanguage\":\"pt-BR\",\"@id\":\"https:\/\/blogs.funiber.org\/pt\/#\/schema\/person\/image\/\",\"url\":\"https:\/\/secure.gravatar.com\/avatar\/5e87041f7609dc50493cf216754fece1?s=96&d=mm&r=g\",\"contentUrl\":\"https:\/\/secure.gravatar.com\/avatar\/5e87041f7609dc50493cf216754fece1?s=96&d=mm&r=g\",\"caption\":\"Michelle\"},\"url\":\"https:\/\/www.funiber.blog\/pt\/author\/michelle-moreira\"}]}<\/script>\n<!-- \/ Yoast SEO plugin. -->","yoast_head_json":{"title":"Princ\u00edpio de participa\u00e7\u00e3o na morada social de Christopher Alexander","description":"Uma s\u00e9rie de propostas sobre morada social na Am\u00e9rica Latina reflete o princ\u00edpio de participa\u00e7\u00e3o do arquiteto e urbanista Christopher Alexander, que argumenta que \"todas as decis\u00f5es sobre o que construir e como fazer devem estar nas m\u00e3os dos usu\u00e1rios.\"","robots":{"index":"index","follow":"follow","max-snippet":"max-snippet:-1","max-image-preview":"max-image-preview:large","max-video-preview":"max-video-preview:-1"},"canonical":"https:\/\/blogs.funiber.org\/pt\/arquitetura-e-desenho\/2019\/05\/25\/funiber-morada-social","og_locale":"pt_BR","og_type":"article","og_title":"Princ\u00edpio de participa\u00e7\u00e3o na morada social de Christopher Alexander","og_description":"Uma s\u00e9rie de propostas sobre morada social na Am\u00e9rica Latina reflete o princ\u00edpio de participa\u00e7\u00e3o do arquiteto e urbanista Christopher Alexander, que argumenta que \"todas as decis\u00f5es sobre o que construir e como fazer devem estar nas m\u00e3os dos usu\u00e1rios.\"","og_url":"https:\/\/blogs.funiber.org\/pt\/arquitetura-e-desenho\/2019\/05\/25\/funiber-morada-social","og_site_name":"FuniBlogs - FUNIBER","article_publisher":"https:\/\/www.facebook.com\/funiber","article_published_time":"2019-05-25T11:12:37+00:00","article_modified_time":"2019-05-24T11:13:59+00:00","og_image":[{"width":800,"height":363,"url":"https:\/\/blogs.funiber.org\/pt\/wp-content\/uploads\/2019\/05\/funiber-moradia-social.jpg","type":"image\/jpeg"}],"author":"Michelle","twitter_card":"summary_large_image","twitter_creator":"@FUNIBER","twitter_site":"@FUNIBER","twitter_misc":{"Escrito por":"Michelle","Est. tempo de leitura":"3 minutos"},"schema":{"@context":"https:\/\/schema.org","@graph":[{"@type":"Article","@id":"https:\/\/blogs.funiber.org\/pt\/arquitetura-e-desenho\/2019\/05\/25\/funiber-morada-social#article","isPartOf":{"@id":"https:\/\/blogs.funiber.org\/pt\/arquitetura-e-desenho\/2019\/05\/25\/funiber-morada-social"},"author":{"name":"Michelle","@id":"https:\/\/blogs.funiber.org\/pt\/#\/schema\/person\/a1eaaa5e57eac866a8c5946946bcf80d"},"headline":"Princ\u00edpio de participa\u00e7\u00e3o na morada social de Christopher Alexander","datePublished":"2019-05-25T11:12:37+00:00","dateModified":"2019-05-24T11:13:59+00:00","mainEntityOfPage":{"@id":"https:\/\/blogs.funiber.org\/pt\/arquitetura-e-desenho\/2019\/05\/25\/funiber-morada-social"},"wordCount":708,"publisher":{"@id":"https:\/\/blogs.funiber.org\/pt\/#organization"},"keywords":["arquitetura","Bolsas","casas populares","Cidades","Doutorado","Educa\u00e7\u00e3o","Educa\u00e7\u00e3o a Dist\u00e2ncia","Estudos","Funiber","FUNIBER Opini\u00f5es","habita\u00e7\u00e3o","mestrado","morada social","Moradia","Opini\u00e3o FUNIBER","Opini\u00f5es Funiber","Projetos","Urbanismo"],"articleSection":["Projetos"],"inLanguage":"pt-BR"},{"@type":"WebPage","@id":"https:\/\/blogs.funiber.org\/pt\/arquitetura-e-desenho\/2019\/05\/25\/funiber-morada-social","url":"https:\/\/blogs.funiber.org\/pt\/arquitetura-e-desenho\/2019\/05\/25\/funiber-morada-social","name":"Princ\u00edpio de participa\u00e7\u00e3o na morada social de Christopher Alexander","isPartOf":{"@id":"https:\/\/blogs.funiber.org\/pt\/#website"},"datePublished":"2019-05-25T11:12:37+00:00","dateModified":"2019-05-24T11:13:59+00:00","description":"Uma s\u00e9rie de propostas sobre morada social na Am\u00e9rica Latina reflete o princ\u00edpio de participa\u00e7\u00e3o do arquiteto e urbanista Christopher Alexander, que argumenta que \"todas as decis\u00f5es sobre o que construir e como fazer devem estar nas m\u00e3os dos usu\u00e1rios.\"","breadcrumb":{"@id":"https:\/\/blogs.funiber.org\/pt\/arquitetura-e-desenho\/2019\/05\/25\/funiber-morada-social#breadcrumb"},"inLanguage":"pt-BR","potentialAction":[{"@type":"ReadAction","target":["https:\/\/blogs.funiber.org\/pt\/arquitetura-e-desenho\/2019\/05\/25\/funiber-morada-social"]}]},{"@type":"BreadcrumbList","@id":"https:\/\/blogs.funiber.org\/pt\/arquitetura-e-desenho\/2019\/05\/25\/funiber-morada-social#breadcrumb","itemListElement":[{"@type":"ListItem","position":1,"name":"In\u00edcio","item":"https:\/\/blogs.funiber.org\/pt"},{"@type":"ListItem","position":2,"name":"Princ\u00edpio de participa\u00e7\u00e3o na morada social de Christopher Alexander"}]},{"@type":"WebSite","@id":"https:\/\/blogs.funiber.org\/pt\/#website","url":"https:\/\/blogs.funiber.org\/pt\/","name":"FuniBlogs - FUNIBER","description":"","publisher":{"@id":"https:\/\/blogs.funiber.org\/pt\/#organization"},"potentialAction":[{"@type":"SearchAction","target":{"@type":"EntryPoint","urlTemplate":"https:\/\/blogs.funiber.org\/pt\/?s={search_term_string}"},"query-input":"required name=search_term_string"}],"inLanguage":"pt-BR"},{"@type":"Organization","@id":"https:\/\/blogs.funiber.org\/pt\/#organization","name":"FuniBlogs - FUNIBER","url":"https:\/\/blogs.funiber.org\/pt\/","logo":{"@type":"ImageObject","inLanguage":"pt-BR","@id":"https:\/\/blogs.funiber.org\/pt\/#\/schema\/logo\/image\/","url":"https:\/\/www.funiber.blog\/pt\/wp-content\/uploads\/2022\/02\/logo-funiber-pt-br-v-dos.svg","contentUrl":"https:\/\/www.funiber.blog\/pt\/wp-content\/uploads\/2022\/02\/logo-funiber-pt-br-v-dos.svg","width":1,"height":1,"caption":"FuniBlogs - FUNIBER"},"image":{"@id":"https:\/\/blogs.funiber.org\/pt\/#\/schema\/logo\/image\/"},"sameAs":["https:\/\/www.facebook.com\/funiber","https:\/\/twitter.com\/FUNIBER","https:\/\/www.instagram.com\/funiber_becas","https:\/\/www.youtube.com\/user\/funiber","https:\/\/www.linkedin.com\/company\/funiber"]},{"@type":"Person","@id":"https:\/\/blogs.funiber.org\/pt\/#\/schema\/person\/a1eaaa5e57eac866a8c5946946bcf80d","name":"Michelle","image":{"@type":"ImageObject","inLanguage":"pt-BR","@id":"https:\/\/blogs.funiber.org\/pt\/#\/schema\/person\/image\/","url":"https:\/\/secure.gravatar.com\/avatar\/5e87041f7609dc50493cf216754fece1?s=96&d=mm&r=g","contentUrl":"https:\/\/secure.gravatar.com\/avatar\/5e87041f7609dc50493cf216754fece1?s=96&d=mm&r=g","caption":"Michelle"},"url":"https:\/\/www.funiber.blog\/pt\/author\/michelle-moreira"}]}},"jetpack_featured_media_url":"https:\/\/www.funiber.blog\/pt\/wp-content\/uploads\/2019\/05\/funiber-moradia-social.jpg","jetpack_shortlink":"https:\/\/wp.me\/p7ee1t-52R","jetpack_sharing_enabled":true,"_links":{"self":[{"href":"https:\/\/www.funiber.blog\/pt\/wp-json\/wp\/v2\/posts\/19397"}],"collection":[{"href":"https:\/\/www.funiber.blog\/pt\/wp-json\/wp\/v2\/posts"}],"about":[{"href":"https:\/\/www.funiber.blog\/pt\/wp-json\/wp\/v2\/types\/post"}],"author":[{"embeddable":true,"href":"https:\/\/www.funiber.blog\/pt\/wp-json\/wp\/v2\/users\/10"}],"replies":[{"embeddable":true,"href":"https:\/\/www.funiber.blog\/pt\/wp-json\/wp\/v2\/comments?post=19397"}],"version-history":[{"count":2,"href":"https:\/\/www.funiber.blog\/pt\/wp-json\/wp\/v2\/posts\/19397\/revisions"}],"predecessor-version":[{"id":19399,"href":"https:\/\/www.funiber.blog\/pt\/wp-json\/wp\/v2\/posts\/19397\/revisions\/19399"}],"wp:featuredmedia":[{"embeddable":true,"href":"https:\/\/www.funiber.blog\/pt\/wp-json\/wp\/v2\/media\/19396"}],"wp:attachment":[{"href":"https:\/\/www.funiber.blog\/pt\/wp-json\/wp\/v2\/media?parent=19397"}],"wp:term":[{"taxonomy":"category","embeddable":true,"href":"https:\/\/www.funiber.blog\/pt\/wp-json\/wp\/v2\/categories?post=19397"},{"taxonomy":"post_tag","embeddable":true,"href":"https:\/\/www.funiber.blog\/pt\/wp-json\/wp\/v2\/tags?post=19397"}],"curies":[{"name":"wp","href":"https:\/\/api.w.org\/{rel}","templated":true}]}}