{"id":19553,"date":"2019-06-14T10:29:50","date_gmt":"2019-06-14T10:29:50","guid":{"rendered":"https:\/\/blogs.funiber.org\/pt\/?p=19553"},"modified":"2019-06-14T10:29:50","modified_gmt":"2019-06-14T10:29:50","slug":"funiber-professores-educacao","status":"publish","type":"post","link":"https:\/\/www.funiber.blog\/pt\/formacao-professores\/2019\/06\/14\/funiber-professores-educacao","title":{"rendered":"Os professores, ponto de partida para melhorar a educa\u00e7\u00e3o"},"content":{"rendered":"<h2>Pesquisa aponta que \u00e9 necess\u00e1rio melhorar as rela\u00e7\u00f5es no universo escolar, entre professores e outros professores, professores e escola, e principalmente, professores e alunos<\/h2>\n<p>\u00c9 necess\u00e1rio dar mais sentido ao trabalho desenvolvido pelos <a href=\"https:\/\/www.funiber.blog\/pt\/formacao-professores\/2018\/03\/29\/funiber-formacao-professores-2\" target=\"_blank\" rel=\"noopener noreferrer\">professores<\/a> para que possam realizar um trabalho mais humanizado. Esta \u00e9 a conclus\u00e3o de um estudo desenvolvido pelo<a href=\"http:\/\/www.institutopeninsula.org.br\/observatoriodoprofessor\/reflexoes\/\" target=\"_blank\" rel=\"noopener noreferrer\"> Instituto Pen\u00ednsula<\/a> no Brasil. A pesquisa mapeou uma s\u00e9rie de dificuldades e desafios vividos pelos professores das redes p\u00fablicas no pa\u00eds.<!--more--><\/p>\n<p>Foram feitas entrevistas com 30 docentes de diferentes lugares do Brasil, todas publicadas <a href=\"http:\/\/www.institutopeninsula.org.br\/observatoriodoprofessor\" target=\"_blank\" rel=\"noopener noreferrer\">no site<\/a>, num total de 60 horas de filmagem.<\/p>\n<p>Como conclus\u00e3o do estudo, perceberam que o choque cultural na rela\u00e7\u00e3o entre o professor e o aluno, o que prejudica os processos de ensino-aprendizagem. Para contornar este problema, alguns professores conseguiram criar pontes a partir das hist\u00f3rias de vida individuais, inclu\u00eddas nas pr\u00e1ticas pedag\u00f3gicas.<\/p>\n<p>Esta capacidade de resgatar elementos do pr\u00f3prio repert\u00f3rio pessoal ajudou a desenvolver melhores habilidades de relacionamento e facilitar a aprendizagem dos estudantes.<\/p>\n<p>De acordo com os resultados da pesquisa, pode-se encontrar seis elementos comuns nas experi\u00eancias destes professores:<\/p>\n<ul>\n<li><strong>Identidade<\/strong> \u2013 Como falamos, as quest\u00f5es pessoais podem ser elementos determinantes para as pr\u00e1ticas docentes. O autoconhecimento e as experi\u00eancias de vida s\u00e3o transportados para a sala de aula atrav\u00e9s dos professores.<\/li>\n<li><strong>Reciprocidade<\/strong> \u2013 Segundo o estudo, as experi\u00eancias que vivemos, sejam positivas ou negativas, foram importantes para o pr\u00f3prio desenvolvimento da educa\u00e7\u00e3o, j\u00e1 que motivaram o desejo de se tornar professor, seja para reparar alguma viv\u00eancia negativa ou como gratid\u00e3o.<\/li>\n<li><strong>Afeto<\/strong> \u2013 Nas respostas dos professores, percebem-se que a rela\u00e7\u00e3o entre o professor e os alunos \u00e9 muito importante para as rela\u00e7\u00f5es de aprendizagem; mais, talvez, que os conhecimentos t\u00e9cnicos.<\/li>\n<li><strong>Ambiente<\/strong> \u2013 Outro fator fundamental \u00e9 a quest\u00e3o da <a href=\"https:\/\/www.funiber.blog\/pt\/formacao-professores\/2019\/05\/31\/funiber-comunicacao-professores\" target=\"_blank\" rel=\"noopener noreferrer\">organiza\u00e7\u00e3o do espa\u00e7o<\/a> e a cria\u00e7\u00e3o de um ambiente prop\u00edcio para catalisar rela\u00e7\u00f5es mais positivas na escola.<\/li>\n<li><strong>Coletividade<\/strong> \u2013 Os professores tamb\u00e9m percebem que o esp\u00edrito coletivo melhora as rela\u00e7\u00f5es. Infelizmente, nas entrevistas, a maior partes dos professores n\u00e3o se sentiram part\u00edcipes de um projeto maior na escola.<\/li>\n<li><strong>Reputa\u00e7\u00e3o<\/strong> \u2013 A m\u00e1 reputa\u00e7\u00e3o que tem as escolas p\u00fablicas no Brasil promove uma s\u00e9rie de preconceitos e simbolismos que marcam a educa\u00e7\u00e3o p\u00fablica e os professores.<\/li>\n<\/ul>\n<p>O Instituto Pen\u00ednsula comenta os resultados do estudo, ressaltando a import\u00e2ncia de uma mudan\u00e7a n\u00e3o s\u00f3 coletiva, mas de cada professor por buscar em si pr\u00f3prio o ponto de partida para lidar com os desafios do processo ensino-aprendizagem.<\/p>\n<p>Para que isso ocorra, entretanto, \u00e9 importante que se fortale\u00e7a o papel do professor no entorno educativo, recebendo mais apoio tanto do sistema como da sociedade.<\/p>\n<p>A<a href=\"https:\/\/www.funiber.org.br\/\" target=\"_blank\" rel=\"noopener noreferrer\"> FUNIBER<\/a> patrocina estudos na \u00e1rea de <a href=\"https:\/\/www.funiber.org.br\/mestrados-formacao-professores\" target=\"_blank\" rel=\"noopener noreferrer\">Forma\u00e7\u00e3o de Professores<\/a>, com uma metodologia \u00e0 dist\u00e2ncia que facilita a atualiza\u00e7\u00e3o dos conhecimentos e das pr\u00e1ticas pedag\u00f3gicas.<\/p>\n<p>Fontes: <a href=\"https:\/\/www.revistaeducacao.com.br\/professores-precisam-ser-ouvidos\/?fbclid=IwAR2PsUOM3sVfUTI0OBafWSlzfwP7aJemLx5TNXQEKb2X6yp_DKFihJAfjwA\" target=\"_blank\" rel=\"noopener noreferrer\">Professores precisam ser ouvidos<\/a><\/p>\n<p><a href=\"http:\/\/www.institutopeninsula.org.br\/observatoriodoprofessor\/reflexoes\/\" target=\"_blank\" rel=\"noopener noreferrer\">Reflex\u00f5es<\/a><\/p>\n<p>Foto: Todos os direitos reservados<\/p>\n","protected":false},"excerpt":{"rendered":"<p>Pesquisa aponta que \u00e9 necess\u00e1rio melhorar as rela\u00e7\u00f5es no universo escolar, entre professores e outros professores, professores e escola, e principalmente, professores e alunos \u00c9 necess\u00e1rio dar mais sentido ao trabalho desenvolvido pelos professores para que possam realizar um trabalho mais humanizado. Esta \u00e9 a conclus\u00e3o de um estudo desenvolvido pelo Instituto Pen\u00ednsula no Brasil. [&hellip;]<\/p>\n","protected":false},"author":10,"featured_media":19554,"comment_status":"closed","ping_status":"closed","sticky":false,"template":"","format":"standard","meta":{"jetpack_post_was_ever_published":false,"_jetpack_newsletter_access":"","_jetpack_newsletter_tier_id":0,"footnotes":"","jetpack_publicize_message":"","jetpack_is_tweetstorm":false,"jetpack_publicize_feature_enabled":true,"jetpack_social_post_already_shared":true,"jetpack_social_options":{"image_generator_settings":{"template":"highway","enabled":false}}},"categories":[5],"tags":[5201,5202,1242,2227,260,855,285,408,145,119,686,248,911,5203,5200,5199,671,641,255,642,1352],"jetpack_publicize_connections":[],"yoast_head":"<!-- This site is optimized with the Yoast SEO plugin v21.7 - https:\/\/yoast.com\/wordpress\/plugins\/seo\/ -->\n<title>Os professores, ponto de partida para melhorar a educa\u00e7\u00e3o<\/title>\n<meta name=\"description\" content=\"Pesquisa aponta que se deve melhorar as rela\u00e7\u00f5es na educa\u00e7\u00e3o p\u00fablica, entre professores e outros professores, professores e escola, e principalmente, professores e alunos\" \/>\n<meta name=\"robots\" content=\"index, follow, max-snippet:-1, max-image-preview:large, max-video-preview:-1\" \/>\n<link rel=\"canonical\" href=\"https:\/\/blogs.funiber.org\/pt\/formacao-professores\/2019\/06\/14\/funiber-professores-educacao\" \/>\n<meta property=\"og:locale\" content=\"pt_BR\" \/>\n<meta property=\"og:type\" content=\"article\" \/>\n<meta property=\"og:title\" content=\"Os professores, ponto de partida para melhorar a educa\u00e7\u00e3o\" \/>\n<meta property=\"og:description\" content=\"Pesquisa aponta que se deve melhorar as rela\u00e7\u00f5es na educa\u00e7\u00e3o p\u00fablica, entre professores e outros professores, professores e escola, e principalmente, professores e alunos\" \/>\n<meta property=\"og:url\" content=\"https:\/\/blogs.funiber.org\/pt\/formacao-professores\/2019\/06\/14\/funiber-professores-educacao\" \/>\n<meta property=\"og:site_name\" content=\"FuniBlogs - FUNIBER\" \/>\n<meta property=\"article:publisher\" content=\"https:\/\/www.facebook.com\/funiber\" \/>\n<meta property=\"article:published_time\" content=\"2019-06-14T10:29:50+00:00\" \/>\n<meta property=\"og:image\" content=\"https:\/\/blogs.funiber.org\/pt\/wp-content\/uploads\/2019\/06\/funiber-professores-educacao.jpg\" \/>\n\t<meta property=\"og:image:width\" content=\"800\" \/>\n\t<meta property=\"og:image:height\" content=\"533\" \/>\n\t<meta property=\"og:image:type\" content=\"image\/jpeg\" \/>\n<meta name=\"author\" content=\"Michelle\" \/>\n<meta name=\"twitter:card\" content=\"summary_large_image\" \/>\n<meta name=\"twitter:creator\" content=\"@FUNIBER\" \/>\n<meta name=\"twitter:site\" content=\"@FUNIBER\" \/>\n<meta name=\"twitter:label1\" content=\"Escrito por\" \/>\n\t<meta name=\"twitter:data1\" content=\"Michelle\" \/>\n\t<meta name=\"twitter:label2\" content=\"Est. tempo de leitura\" \/>\n\t<meta name=\"twitter:data2\" content=\"3 minutos\" \/>\n<script type=\"application\/ld+json\" class=\"yoast-schema-graph\">{\"@context\":\"https:\/\/schema.org\",\"@graph\":[{\"@type\":\"Article\",\"@id\":\"https:\/\/blogs.funiber.org\/pt\/formacao-professores\/2019\/06\/14\/funiber-professores-educacao#article\",\"isPartOf\":{\"@id\":\"https:\/\/blogs.funiber.org\/pt\/formacao-professores\/2019\/06\/14\/funiber-professores-educacao\"},\"author\":{\"name\":\"Michelle\",\"@id\":\"https:\/\/blogs.funiber.org\/pt\/#\/schema\/person\/a1eaaa5e57eac866a8c5946946bcf80d\"},\"headline\":\"Os professores, ponto de partida para melhorar a educa\u00e7\u00e3o\",\"datePublished\":\"2019-06-14T10:29:50+00:00\",\"dateModified\":\"2019-06-14T10:29:50+00:00\",\"mainEntityOfPage\":{\"@id\":\"https:\/\/blogs.funiber.org\/pt\/formacao-professores\/2019\/06\/14\/funiber-professores-educacao\"},\"wordCount\":515,\"publisher\":{\"@id\":\"https:\/\/blogs.funiber.org\/pt\/#organization\"},\"keywords\":[\"afetivo\",\"aluno-professor\",\"Bolsas\",\"colaborativo\",\"Coopera\u00e7\u00e3o\",\"Doutorado\",\"Educa\u00e7\u00e3o\",\"Educa\u00e7\u00e3o a Dist\u00e2ncia\",\"Escola\",\"Estudos\",\"Forma\u00e7\u00e3o de Professores\",\"Funiber\",\"FUNIBER Opini\u00f5es\",\"hist\u00f3rias de vida\",\"humanizar\",\"melhorar\",\"mestrado\",\"Opini\u00e3o FUNIBER\",\"Opini\u00f5es Funiber\",\"Professores\",\"Rela\u00e7\u00f5es\"],\"articleSection\":[\"Educa\u00e7\u00e3o,\u00a0Forma\u00e7\u00e3o Professores\"],\"inLanguage\":\"pt-BR\"},{\"@type\":\"WebPage\",\"@id\":\"https:\/\/blogs.funiber.org\/pt\/formacao-professores\/2019\/06\/14\/funiber-professores-educacao\",\"url\":\"https:\/\/blogs.funiber.org\/pt\/formacao-professores\/2019\/06\/14\/funiber-professores-educacao\",\"name\":\"Os professores, ponto de partida para melhorar a educa\u00e7\u00e3o\",\"isPartOf\":{\"@id\":\"https:\/\/blogs.funiber.org\/pt\/#website\"},\"datePublished\":\"2019-06-14T10:29:50+00:00\",\"dateModified\":\"2019-06-14T10:29:50+00:00\",\"description\":\"Pesquisa aponta que se deve melhorar as rela\u00e7\u00f5es na educa\u00e7\u00e3o p\u00fablica, entre professores e outros professores, professores e escola, e principalmente, professores e alunos\",\"breadcrumb\":{\"@id\":\"https:\/\/blogs.funiber.org\/pt\/formacao-professores\/2019\/06\/14\/funiber-professores-educacao#breadcrumb\"},\"inLanguage\":\"pt-BR\",\"potentialAction\":[{\"@type\":\"ReadAction\",\"target\":[\"https:\/\/blogs.funiber.org\/pt\/formacao-professores\/2019\/06\/14\/funiber-professores-educacao\"]}]},{\"@type\":\"BreadcrumbList\",\"@id\":\"https:\/\/blogs.funiber.org\/pt\/formacao-professores\/2019\/06\/14\/funiber-professores-educacao#breadcrumb\",\"itemListElement\":[{\"@type\":\"ListItem\",\"position\":1,\"name\":\"In\u00edcio\",\"item\":\"https:\/\/blogs.funiber.org\/pt\"},{\"@type\":\"ListItem\",\"position\":2,\"name\":\"Os professores, ponto de partida para melhorar a educa\u00e7\u00e3o\"}]},{\"@type\":\"WebSite\",\"@id\":\"https:\/\/blogs.funiber.org\/pt\/#website\",\"url\":\"https:\/\/blogs.funiber.org\/pt\/\",\"name\":\"FuniBlogs - FUNIBER\",\"description\":\"\",\"publisher\":{\"@id\":\"https:\/\/blogs.funiber.org\/pt\/#organization\"},\"potentialAction\":[{\"@type\":\"SearchAction\",\"target\":{\"@type\":\"EntryPoint\",\"urlTemplate\":\"https:\/\/blogs.funiber.org\/pt\/?s={search_term_string}\"},\"query-input\":\"required name=search_term_string\"}],\"inLanguage\":\"pt-BR\"},{\"@type\":\"Organization\",\"@id\":\"https:\/\/blogs.funiber.org\/pt\/#organization\",\"name\":\"FuniBlogs - FUNIBER\",\"url\":\"https:\/\/blogs.funiber.org\/pt\/\",\"logo\":{\"@type\":\"ImageObject\",\"inLanguage\":\"pt-BR\",\"@id\":\"https:\/\/blogs.funiber.org\/pt\/#\/schema\/logo\/image\/\",\"url\":\"https:\/\/www.funiber.blog\/pt\/wp-content\/uploads\/2022\/02\/logo-funiber-pt-br-v-dos.svg\",\"contentUrl\":\"https:\/\/www.funiber.blog\/pt\/wp-content\/uploads\/2022\/02\/logo-funiber-pt-br-v-dos.svg\",\"width\":1,\"height\":1,\"caption\":\"FuniBlogs - FUNIBER\"},\"image\":{\"@id\":\"https:\/\/blogs.funiber.org\/pt\/#\/schema\/logo\/image\/\"},\"sameAs\":[\"https:\/\/www.facebook.com\/funiber\",\"https:\/\/twitter.com\/FUNIBER\",\"https:\/\/www.instagram.com\/funiber_becas\",\"https:\/\/www.youtube.com\/user\/funiber\",\"https:\/\/www.linkedin.com\/company\/funiber\"]},{\"@type\":\"Person\",\"@id\":\"https:\/\/blogs.funiber.org\/pt\/#\/schema\/person\/a1eaaa5e57eac866a8c5946946bcf80d\",\"name\":\"Michelle\",\"image\":{\"@type\":\"ImageObject\",\"inLanguage\":\"pt-BR\",\"@id\":\"https:\/\/blogs.funiber.org\/pt\/#\/schema\/person\/image\/\",\"url\":\"https:\/\/secure.gravatar.com\/avatar\/5e87041f7609dc50493cf216754fece1?s=96&d=mm&r=g\",\"contentUrl\":\"https:\/\/secure.gravatar.com\/avatar\/5e87041f7609dc50493cf216754fece1?s=96&d=mm&r=g\",\"caption\":\"Michelle\"},\"url\":\"https:\/\/www.funiber.blog\/pt\/author\/michelle-moreira\"}]}<\/script>\n<!-- \/ Yoast SEO plugin. -->","yoast_head_json":{"title":"Os professores, ponto de partida para melhorar a educa\u00e7\u00e3o","description":"Pesquisa aponta que se deve melhorar as rela\u00e7\u00f5es na educa\u00e7\u00e3o p\u00fablica, entre professores e outros professores, professores e escola, e principalmente, professores e alunos","robots":{"index":"index","follow":"follow","max-snippet":"max-snippet:-1","max-image-preview":"max-image-preview:large","max-video-preview":"max-video-preview:-1"},"canonical":"https:\/\/blogs.funiber.org\/pt\/formacao-professores\/2019\/06\/14\/funiber-professores-educacao","og_locale":"pt_BR","og_type":"article","og_title":"Os professores, ponto de partida para melhorar a educa\u00e7\u00e3o","og_description":"Pesquisa aponta que se deve melhorar as rela\u00e7\u00f5es na educa\u00e7\u00e3o p\u00fablica, entre professores e outros professores, professores e escola, e principalmente, professores e alunos","og_url":"https:\/\/blogs.funiber.org\/pt\/formacao-professores\/2019\/06\/14\/funiber-professores-educacao","og_site_name":"FuniBlogs - FUNIBER","article_publisher":"https:\/\/www.facebook.com\/funiber","article_published_time":"2019-06-14T10:29:50+00:00","og_image":[{"width":800,"height":533,"url":"https:\/\/blogs.funiber.org\/pt\/wp-content\/uploads\/2019\/06\/funiber-professores-educacao.jpg","type":"image\/jpeg"}],"author":"Michelle","twitter_card":"summary_large_image","twitter_creator":"@FUNIBER","twitter_site":"@FUNIBER","twitter_misc":{"Escrito por":"Michelle","Est. tempo de leitura":"3 minutos"},"schema":{"@context":"https:\/\/schema.org","@graph":[{"@type":"Article","@id":"https:\/\/blogs.funiber.org\/pt\/formacao-professores\/2019\/06\/14\/funiber-professores-educacao#article","isPartOf":{"@id":"https:\/\/blogs.funiber.org\/pt\/formacao-professores\/2019\/06\/14\/funiber-professores-educacao"},"author":{"name":"Michelle","@id":"https:\/\/blogs.funiber.org\/pt\/#\/schema\/person\/a1eaaa5e57eac866a8c5946946bcf80d"},"headline":"Os professores, ponto de partida para melhorar a educa\u00e7\u00e3o","datePublished":"2019-06-14T10:29:50+00:00","dateModified":"2019-06-14T10:29:50+00:00","mainEntityOfPage":{"@id":"https:\/\/blogs.funiber.org\/pt\/formacao-professores\/2019\/06\/14\/funiber-professores-educacao"},"wordCount":515,"publisher":{"@id":"https:\/\/blogs.funiber.org\/pt\/#organization"},"keywords":["afetivo","aluno-professor","Bolsas","colaborativo","Coopera\u00e7\u00e3o","Doutorado","Educa\u00e7\u00e3o","Educa\u00e7\u00e3o a Dist\u00e2ncia","Escola","Estudos","Forma\u00e7\u00e3o de Professores","Funiber","FUNIBER Opini\u00f5es","hist\u00f3rias de vida","humanizar","melhorar","mestrado","Opini\u00e3o FUNIBER","Opini\u00f5es Funiber","Professores","Rela\u00e7\u00f5es"],"articleSection":["Educa\u00e7\u00e3o,\u00a0Forma\u00e7\u00e3o Professores"],"inLanguage":"pt-BR"},{"@type":"WebPage","@id":"https:\/\/blogs.funiber.org\/pt\/formacao-professores\/2019\/06\/14\/funiber-professores-educacao","url":"https:\/\/blogs.funiber.org\/pt\/formacao-professores\/2019\/06\/14\/funiber-professores-educacao","name":"Os professores, ponto de partida para melhorar a educa\u00e7\u00e3o","isPartOf":{"@id":"https:\/\/blogs.funiber.org\/pt\/#website"},"datePublished":"2019-06-14T10:29:50+00:00","dateModified":"2019-06-14T10:29:50+00:00","description":"Pesquisa aponta que se deve melhorar as rela\u00e7\u00f5es na educa\u00e7\u00e3o p\u00fablica, entre professores e outros professores, professores e escola, e principalmente, professores e alunos","breadcrumb":{"@id":"https:\/\/blogs.funiber.org\/pt\/formacao-professores\/2019\/06\/14\/funiber-professores-educacao#breadcrumb"},"inLanguage":"pt-BR","potentialAction":[{"@type":"ReadAction","target":["https:\/\/blogs.funiber.org\/pt\/formacao-professores\/2019\/06\/14\/funiber-professores-educacao"]}]},{"@type":"BreadcrumbList","@id":"https:\/\/blogs.funiber.org\/pt\/formacao-professores\/2019\/06\/14\/funiber-professores-educacao#breadcrumb","itemListElement":[{"@type":"ListItem","position":1,"name":"In\u00edcio","item":"https:\/\/blogs.funiber.org\/pt"},{"@type":"ListItem","position":2,"name":"Os professores, ponto de partida para melhorar a educa\u00e7\u00e3o"}]},{"@type":"WebSite","@id":"https:\/\/blogs.funiber.org\/pt\/#website","url":"https:\/\/blogs.funiber.org\/pt\/","name":"FuniBlogs - FUNIBER","description":"","publisher":{"@id":"https:\/\/blogs.funiber.org\/pt\/#organization"},"potentialAction":[{"@type":"SearchAction","target":{"@type":"EntryPoint","urlTemplate":"https:\/\/blogs.funiber.org\/pt\/?s={search_term_string}"},"query-input":"required name=search_term_string"}],"inLanguage":"pt-BR"},{"@type":"Organization","@id":"https:\/\/blogs.funiber.org\/pt\/#organization","name":"FuniBlogs - FUNIBER","url":"https:\/\/blogs.funiber.org\/pt\/","logo":{"@type":"ImageObject","inLanguage":"pt-BR","@id":"https:\/\/blogs.funiber.org\/pt\/#\/schema\/logo\/image\/","url":"https:\/\/www.funiber.blog\/pt\/wp-content\/uploads\/2022\/02\/logo-funiber-pt-br-v-dos.svg","contentUrl":"https:\/\/www.funiber.blog\/pt\/wp-content\/uploads\/2022\/02\/logo-funiber-pt-br-v-dos.svg","width":1,"height":1,"caption":"FuniBlogs - FUNIBER"},"image":{"@id":"https:\/\/blogs.funiber.org\/pt\/#\/schema\/logo\/image\/"},"sameAs":["https:\/\/www.facebook.com\/funiber","https:\/\/twitter.com\/FUNIBER","https:\/\/www.instagram.com\/funiber_becas","https:\/\/www.youtube.com\/user\/funiber","https:\/\/www.linkedin.com\/company\/funiber"]},{"@type":"Person","@id":"https:\/\/blogs.funiber.org\/pt\/#\/schema\/person\/a1eaaa5e57eac866a8c5946946bcf80d","name":"Michelle","image":{"@type":"ImageObject","inLanguage":"pt-BR","@id":"https:\/\/blogs.funiber.org\/pt\/#\/schema\/person\/image\/","url":"https:\/\/secure.gravatar.com\/avatar\/5e87041f7609dc50493cf216754fece1?s=96&d=mm&r=g","contentUrl":"https:\/\/secure.gravatar.com\/avatar\/5e87041f7609dc50493cf216754fece1?s=96&d=mm&r=g","caption":"Michelle"},"url":"https:\/\/www.funiber.blog\/pt\/author\/michelle-moreira"}]}},"jetpack_featured_media_url":"https:\/\/www.funiber.blog\/pt\/wp-content\/uploads\/2019\/06\/funiber-professores-educacao.jpg","jetpack_shortlink":"https:\/\/wp.me\/p7ee1t-55n","jetpack_sharing_enabled":true,"_links":{"self":[{"href":"https:\/\/www.funiber.blog\/pt\/wp-json\/wp\/v2\/posts\/19553"}],"collection":[{"href":"https:\/\/www.funiber.blog\/pt\/wp-json\/wp\/v2\/posts"}],"about":[{"href":"https:\/\/www.funiber.blog\/pt\/wp-json\/wp\/v2\/types\/post"}],"author":[{"embeddable":true,"href":"https:\/\/www.funiber.blog\/pt\/wp-json\/wp\/v2\/users\/10"}],"replies":[{"embeddable":true,"href":"https:\/\/www.funiber.blog\/pt\/wp-json\/wp\/v2\/comments?post=19553"}],"version-history":[{"count":2,"href":"https:\/\/www.funiber.blog\/pt\/wp-json\/wp\/v2\/posts\/19553\/revisions"}],"predecessor-version":[{"id":19556,"href":"https:\/\/www.funiber.blog\/pt\/wp-json\/wp\/v2\/posts\/19553\/revisions\/19556"}],"wp:featuredmedia":[{"embeddable":true,"href":"https:\/\/www.funiber.blog\/pt\/wp-json\/wp\/v2\/media\/19554"}],"wp:attachment":[{"href":"https:\/\/www.funiber.blog\/pt\/wp-json\/wp\/v2\/media?parent=19553"}],"wp:term":[{"taxonomy":"category","embeddable":true,"href":"https:\/\/www.funiber.blog\/pt\/wp-json\/wp\/v2\/categories?post=19553"},{"taxonomy":"post_tag","embeddable":true,"href":"https:\/\/www.funiber.blog\/pt\/wp-json\/wp\/v2\/tags?post=19553"}],"curies":[{"name":"wp","href":"https:\/\/api.w.org\/{rel}","templated":true}]}}