{"id":19700,"date":"2019-07-03T12:27:06","date_gmt":"2019-07-03T12:27:06","guid":{"rendered":"https:\/\/blogs.funiber.org\/pt\/?p=19700"},"modified":"2019-07-01T12:36:16","modified_gmt":"2019-07-01T12:36:16","slug":"funiber-atividades-presenciais","status":"publish","type":"post","link":"https:\/\/www.funiber.blog\/pt\/arquitetura-e-desenho\/2019\/07\/03\/funiber-atividades-presenciais","title":{"rendered":"Oficinas presenciais na \u00e1rea de projeto durante o m\u00eas de julho"},"content":{"rendered":"<h2>O Departamento de Projetos Acad\u00eamicos promovido pela <a href=\"https:\/\/www.funiber.org.br\" target=\"_blank\" rel=\"noopener noreferrer\">FUNIBER<\/a>\u00a0organiza a 3\u00aa Agenda Internacional de Atividades Presenciais de 18 a 26 de julho. As sess\u00f5es presenciais ser\u00e3o realizadas nos escrit\u00f3rios da FUNIBER localizados na <a href=\"https:\/\/www.funiber.org.ar\/\">Argentina<\/a>, <a href=\"https:\/\/www.funiber.org.bo\/\">Bol\u00edvia<\/a>, <a href=\"https:\/\/www.funiber.org.pe\/\">Peru<\/a> e <a href=\"https:\/\/www.funiber.org.uy\/\">Uruguai,\u00a0<\/a>assim como no Mercure Hotel em Quito (Equador) durante o m\u00eas de julho, e ser\u00e3o destinadas a estudantes com bolsas da FUNIBER<\/h2>\n<p>Como nas edi\u00e7\u00f5es anteriores realizadas em v\u00e1rios pa\u00edses da Am\u00e9rica Latina, o ciclo de forma\u00e7\u00e3o ser\u00e1 composto pelas oficinas &#8220;<strong>Uma abordagem \u00e0 metodologia<\/strong>&#8221; <strong>Aprender fazendo &#8220;<\/strong>e<strong>&#8221; Metodologia para a elabora\u00e7\u00e3o de um projeto final &#8220;.<\/strong><!--more--><\/p>\n<p>A forma\u00e7\u00e3o, por professores membros do Departamento Acad\u00eamico de Projetos especializados em <em>Project Management<\/em>\u00a0e a metodologia de pesquisa, tem como objetivo oferecer aos alunos recursos did\u00e1ticos interdisciplinares e multiculturais no campo da gest\u00e3o de projetos.<\/p>\n<p>Abaixo est\u00e3o as datas e informa\u00e7\u00f5es adicionais sobre as oficinas programadas:<\/p>\n<table width=\"580\">\n<thead>\n<tr>\n<td>SEDE<\/td>\n<td>Data<\/td>\n<td>HOR\u00e1RIO<\/td>\n<td>OFICINA<\/td>\n<td>TUTOR<\/td>\n<td>LUGAR<\/td>\n<\/tr>\n<\/thead>\n<tbody>\n<tr>\n<td rowspan=\"2\" width=\"95\">Peru<\/td>\n<td rowspan=\"2\" width=\"76\">18 de julho<\/td>\n<td width=\"104\">14:00-16:00<\/td>\n<td width=\"217\"><strong>Uma abordagem \u00e0 metodologia &#8220;Aprender fazendo&#8221;<\/strong><\/td>\n<td width=\"104\">Dr. Alberto Vera<\/td>\n<td rowspan=\"2\" width=\"123\">Sede FUNIBER Peru \u2013 Chimu C\u00e1pac 163, Lima<\/td>\n<\/tr>\n<tr>\n<td width=\"104\">16:30-18:30<\/td>\n<td width=\"217\"><strong>Metodologia para a elabora\u00e7\u00e3o de um projeto final<\/strong><\/td>\n<td width=\"104\">Dr. Alberto Vera<\/td>\n<\/tr>\n<tr>\n<td rowspan=\"2\" width=\"95\">Argentina<\/td>\n<td rowspan=\"2\" width=\"76\">19 de julho<\/td>\n<td width=\"104\">15:00-17:00<\/td>\n<td width=\"217\"><strong>Uma abordagem \u00e0 metodologia &#8220;Aprender fazendo&#8221;<\/strong><\/td>\n<td width=\"104\">Dr. (c) Santiago Brie<\/td>\n<td rowspan=\"2\" width=\"123\">Sede FUNIBER Argentina \u2013 Bulnes 1142, 4\u00b0 piso, Ciudad Aut\u00f4noma de Buenos Aires<\/td>\n<\/tr>\n<tr>\n<td width=\"104\">15:00-17:00<\/td>\n<td width=\"217\"><strong>Metodologia para a elabora\u00e7\u00e3o de um projeto final<\/strong><\/td>\n<td width=\"104\">Mg. (c) Pablo Olinik<\/td>\n<\/tr>\n<tr>\n<td rowspan=\"2\" width=\"95\">Bol\u00edvia<\/td>\n<td rowspan=\"2\" width=\"76\">19 de julho<\/td>\n<td width=\"104\">15:00-17:00<\/td>\n<td width=\"217\"><strong>Uma abordagem \u00e0 metodologia &#8220;Aprender fazendo&#8221;<\/strong><\/td>\n<td width=\"104\">Dr. (c) Gonzalo Prudencio<\/td>\n<td rowspan=\"2\" width=\"123\">Sede da FUNIBER Bol\u00edvia \u2013 Calle Majo No. 58, Santa Cruz de la Sierra<\/td>\n<\/tr>\n<tr>\n<td width=\"104\">17:30-19:30<\/td>\n<td width=\"217\"><strong>Metodologia para a elabora\u00e7\u00e3o de um projeto final<\/strong><\/td>\n<td width=\"104\">Dr. (c) Gonzalo Prudencio<\/td>\n<\/tr>\n<tr>\n<td rowspan=\"2\" width=\"95\">Equador<\/td>\n<td rowspan=\"2\" width=\"76\">20 de julho<\/td>\n<td width=\"104\">9:00-11:00<\/td>\n<td width=\"217\"><strong>Uma abordagem \u00e0 metodologia &#8220;Aprender fazendo&#8221;<\/strong><\/td>\n<td width=\"104\">Dr. Alberto Vera<\/td>\n<td rowspan=\"2\" width=\"123\">Hotel Mercure Alameda Quito, Sal\u00f3n Los Robles<\/p>\n<p>Dire\u00e7\u00e3o: Ram\u00f3n Roca E4-122 y Av Amazonas (Quito)<\/td>\n<\/tr>\n<tr>\n<td width=\"104\">11:30-13:30<\/td>\n<td width=\"217\"><strong>Metodologia para a elabora\u00e7\u00e3o de um projeto final<\/strong><\/td>\n<td width=\"104\">Dr. Alberto Vera<\/td>\n<\/tr>\n<tr>\n<td rowspan=\"2\" width=\"95\">Uruguai<\/td>\n<td rowspan=\"2\" width=\"76\">26 de julho<\/td>\n<td width=\"104\">15:00-17:00<\/td>\n<td width=\"217\"><strong>Uma abordagem \u00e0 metodologia &#8220;Aprender fazendo&#8221;<\/strong><\/td>\n<td width=\"104\">Dra. (c) Mar\u00eda Magdalena Pe\u00f1a<\/td>\n<td rowspan=\"2\" width=\"123\">Sede de FUNIBER Uruguai \u2013 Coronel Brandzen 1956, Montevideo<\/td>\n<\/tr>\n<tr>\n<td width=\"104\">17:30-19:30<\/td>\n<td width=\"217\"><strong>Metodologia para a elabora\u00e7\u00e3o de um projeto final<\/strong><\/td>\n<td width=\"104\">Dr. (c) Pablo Urquiz\u00f3<\/td>\n<\/tr>\n<\/tbody>\n<\/table>\n<p>&nbsp;<\/p>\n<p>As oficinas &#8220;Uma abordagem \u00e0 metodologia&#8221; Aprender fazendo &#8220;e&#8221; Metodologia para a elabora\u00e7\u00e3o de um projeto final &#8220;ser\u00e3o ministradas no Peru e no Equador, respectivamente, por Alberto Vera, Doutor em Integra\u00e7\u00e3o e Desenvolvimento Econ\u00f4mico e Territorial. A Dra. Vera tamb\u00e9m \u00e9 arquiteta, consultora e pesquisadora de temas de planejamento estrat\u00e9gico para projetos urbanos.<\/p>\n<p>A forma\u00e7\u00e3o &#8220;Uma abordagem \u00e0 metodologia&#8221; Aprender fazendo&#8221; tamb\u00e9m ser\u00e1 ministrado na Argentina, desta vez pelo <a href=\"https:\/\/www.funiber.blog\/pt\/arquitetura-e-desenho\/2015\/12\/02\/opinioes-funiber-santiago-brie-indica-como-desenvolver-bom-projeto\" target=\"_blank\" rel=\"noopener noreferrer\">professor Santiago Brie<\/a>, doutorando em Projetos e Mestrado em Desenho, Gest\u00e3o e Dire\u00e7\u00e3o de Projetos. Al\u00e9m disso, Santiago Brie \u00e9 certificado pela <a href=\"https:\/\/www.ipma.world\/\" target=\"_blank\" rel=\"noopener noreferrer\"><em>International\u00a0Project Management Association<\/em><\/a>\u00a0como T\u00e9cnico de Projetos e membro da equipe de consultores internos da FUNIBER.<\/p>\n<p>A arquiteta e Mestrado em Desenho, Gest\u00e3o e Dire\u00e7\u00e3o de Projetos, a Dra. Mar\u00eda Magdalena Pe\u00f1a, ministrar\u00e1 as sess\u00f5es formativas desta mesma oficina na sede do Uruguai. Tamb\u00e9m trabalha como Professor de Projeto e Representa\u00e7\u00e3o na Faculdade de Arquitetura da Universidade da Rep\u00fablica Oriental do Uruguai.<\/p>\n<p>As duas oficinas que ser\u00e3o realizadas na Bol\u00edvia vir\u00e3o das m\u00e3os de <a href=\"https:\/\/www.funiber.blog\/pt\/arquitetura-e-desenho\/2017\/06\/14\/funiber-colaborativos\" target=\"_blank\" rel=\"noopener noreferrer\">Gonzalo Prudencio<\/a>, Mestrado em Desenho, Gest\u00e3o e Dire\u00e7\u00e3o de Projetos e Bacharel em Administra\u00e7\u00e3o de Empresas. Membro ativo do <em>Project Management Institute<\/em>\u00a0(PMI), ele tamb\u00e9m possui um conhecimento superior em gest\u00e3o de neg\u00f3cios e finan\u00e7as.<\/p>\n<p>No Uruguai, o Dr. (c) <a href=\"https:\/\/www.funiber.blog\/pt\/arquitetura-e-desenho\/2015\/12\/07\/funiber-pablo-urquizo-tutor-projetos-funiber-participa-congresso-panama\" target=\"_blank\" rel=\"noopener noreferrer\">Pablo Urquiz\u00f3<\/a> liderar\u00e1 a forma\u00e7\u00e3o de &#8220;Metodologia para a elabora\u00e7\u00e3o de um projeto final&#8221;. Engenheiro de Computa\u00e7\u00e3o, Mestrado em Dire\u00e7\u00e3o Estrat\u00e9gica de TICs e em Dire\u00e7\u00e3o, Gest\u00e3o de Desenho de Projetos. Ele tamb\u00e9m preside a Associa\u00e7\u00e3o de Gest\u00e3o de Projetos do Uruguai e atua como consultor para projetos de TIC.<\/p>\n<p>Como os professores acima mencionados, Pablo Olinik \u00e9 professor na \u00e1rea de projetos da Rede Universit\u00e1ria com a qual o FUNIBER colabora. O professor \u00e9 credenciado pela Associa\u00e7\u00e3o Peruana de Gest\u00e3o de Projetos e o Professor Fava pela Associa\u00e7\u00e3o Argentina de Gerenciamento de Projetos, e conduzir\u00e1 o workshop presencial sobre &#8220;Metodologia para a elabora\u00e7\u00e3o de um projeto final&#8221; na Argentina.<\/p>\n<p>Devido ao n\u00famero limitado de vagas, recomenda-se que as partes interessadas se <strong>inscrevam previamente<\/strong> para participar das oficinas presenciais que devem ser realizadas por meio de contato direto com a respectiva <a href=\"https:\/\/www.funiber.org.br\/quem-somos\/nossas-sedes\" target=\"_blank\" rel=\"noopener noreferrer\">sedes da FUNIBER<\/a>\u00a0 dos pa\u00edses participantes.<\/p>\n<p>Imagem: Todos os direitos reservados<\/p>\n","protected":false},"excerpt":{"rendered":"<p>O Departamento de Projetos Acad\u00eamicos promovido pela FUNIBER\u00a0organiza a 3\u00aa Agenda Internacional de Atividades Presenciais de 18 a 26 de julho. As sess\u00f5es presenciais ser\u00e3o realizadas nos escrit\u00f3rios da FUNIBER localizados na Argentina, Bol\u00edvia, Peru e Uruguai,\u00a0assim como no Mercure Hotel em Quito (Equador) durante o m\u00eas de julho, e ser\u00e3o destinadas a estudantes com [&hellip;]<\/p>\n","protected":false},"author":10,"featured_media":19701,"comment_status":"closed","ping_status":"closed","sticky":false,"template":"","format":"standard","meta":{"jetpack_post_was_ever_published":false,"_jetpack_newsletter_access":"","_jetpack_newsletter_tier_id":0,"footnotes":"","jetpack_publicize_message":"","jetpack_is_tweetstorm":false,"jetpack_publicize_feature_enabled":true,"jetpack_social_post_already_shared":true,"jetpack_social_options":{"image_generator_settings":{"template":"highway","enabled":false}}},"categories":[7],"tags":[5290,1242,5291,445,119,248,911,3133,106,671,4056,641,255,112],"jetpack_publicize_connections":[],"yoast_head":"<!-- This site is optimized with the Yoast SEO plugin v21.7 - https:\/\/yoast.com\/wordpress\/plugins\/seo\/ -->\n<title>Atividades presenciais na \u00e1rea de projeto durante o m\u00eas de julho<\/title>\n<meta name=\"description\" content=\"O Departamento de Projetos Acad\u00eamicos promovido pela FUNIBER\u00a0organiza a 3\u00aa Agenda Internacional de Atividades Presenciais de 18 a 26 de julho. As sess\u00f5es presenciais ser\u00e3o realizadas nos escrit\u00f3rios da FUNIBER localizados na Argentina, Bol\u00edvia, Peru e Uruguai,\u00a0assim como no Mercure Hotel em Quito (Equador) durante o m\u00eas de julho, e ser\u00e3o destinadas a estudantes com bolsas da FUNIBER\" \/>\n<meta name=\"robots\" content=\"index, follow, max-snippet:-1, max-image-preview:large, max-video-preview:-1\" \/>\n<link rel=\"canonical\" href=\"https:\/\/blogs.funiber.org\/pt\/arquitetura-e-desenho\/2019\/07\/03\/funiber-atividades-presenciais\" \/>\n<meta property=\"og:locale\" content=\"pt_BR\" \/>\n<meta property=\"og:type\" content=\"article\" \/>\n<meta property=\"og:title\" content=\"Atividades presenciais na \u00e1rea de projeto durante o m\u00eas de julho\" \/>\n<meta property=\"og:description\" content=\"O Departamento de Projetos Acad\u00eamicos promovido pela FUNIBER\u00a0organiza a 3\u00aa Agenda Internacional de Atividades Presenciais de 18 a 26 de julho. As sess\u00f5es presenciais ser\u00e3o realizadas nos escrit\u00f3rios da FUNIBER localizados na Argentina, Bol\u00edvia, Peru e Uruguai,\u00a0assim como no Mercure Hotel em Quito (Equador) durante o m\u00eas de julho, e ser\u00e3o destinadas a estudantes com bolsas da FUNIBER\" \/>\n<meta property=\"og:url\" content=\"https:\/\/blogs.funiber.org\/pt\/arquitetura-e-desenho\/2019\/07\/03\/funiber-atividades-presenciais\" \/>\n<meta property=\"og:site_name\" content=\"FuniBlogs - FUNIBER\" \/>\n<meta property=\"article:publisher\" content=\"https:\/\/www.facebook.com\/funiber\" \/>\n<meta property=\"article:published_time\" content=\"2019-07-03T12:27:06+00:00\" \/>\n<meta property=\"article:modified_time\" content=\"2019-07-01T12:36:16+00:00\" \/>\n<meta property=\"og:image\" content=\"https:\/\/blogs.funiber.org\/pt\/wp-content\/uploads\/2019\/07\/funiber-atividades-presenciais.jpg\" \/>\n\t<meta property=\"og:image:width\" content=\"800\" \/>\n\t<meta property=\"og:image:height\" content=\"533\" \/>\n\t<meta property=\"og:image:type\" content=\"image\/jpeg\" \/>\n<meta name=\"author\" content=\"Michelle\" \/>\n<meta name=\"twitter:card\" content=\"summary_large_image\" \/>\n<meta name=\"twitter:creator\" content=\"@FUNIBER\" \/>\n<meta name=\"twitter:site\" content=\"@FUNIBER\" \/>\n<meta name=\"twitter:label1\" content=\"Escrito por\" \/>\n\t<meta name=\"twitter:data1\" content=\"Michelle\" \/>\n\t<meta name=\"twitter:label2\" content=\"Est. tempo de leitura\" \/>\n\t<meta name=\"twitter:data2\" content=\"4 minutos\" \/>\n<script type=\"application\/ld+json\" class=\"yoast-schema-graph\">{\"@context\":\"https:\/\/schema.org\",\"@graph\":[{\"@type\":\"Article\",\"@id\":\"https:\/\/blogs.funiber.org\/pt\/arquitetura-e-desenho\/2019\/07\/03\/funiber-atividades-presenciais#article\",\"isPartOf\":{\"@id\":\"https:\/\/blogs.funiber.org\/pt\/arquitetura-e-desenho\/2019\/07\/03\/funiber-atividades-presenciais\"},\"author\":{\"name\":\"Michelle\",\"@id\":\"https:\/\/blogs.funiber.org\/pt\/#\/schema\/person\/a1eaaa5e57eac866a8c5946946bcf80d\"},\"headline\":\"Oficinas presenciais na \u00e1rea de projeto durante o m\u00eas de julho\",\"datePublished\":\"2019-07-03T12:27:06+00:00\",\"dateModified\":\"2019-07-01T12:36:16+00:00\",\"mainEntityOfPage\":{\"@id\":\"https:\/\/blogs.funiber.org\/pt\/arquitetura-e-desenho\/2019\/07\/03\/funiber-atividades-presenciais\"},\"wordCount\":768,\"publisher\":{\"@id\":\"https:\/\/blogs.funiber.org\/pt\/#organization\"},\"keywords\":[\"atividades presenciais\",\"Bolsas\",\"departamento acad\u00eamico\",\"Dire\u00e7\u00e3o de Projetos\",\"Estudos\",\"Funiber\",\"FUNIBER Opini\u00f5es\",\"gerenciamento\",\"Gest\u00e3o\",\"mestrado\",\"oficinas\",\"Opini\u00e3o FUNIBER\",\"Opini\u00f5es Funiber\",\"Projetos\"],\"articleSection\":[\"Projetos\"],\"inLanguage\":\"pt-BR\"},{\"@type\":\"WebPage\",\"@id\":\"https:\/\/blogs.funiber.org\/pt\/arquitetura-e-desenho\/2019\/07\/03\/funiber-atividades-presenciais\",\"url\":\"https:\/\/blogs.funiber.org\/pt\/arquitetura-e-desenho\/2019\/07\/03\/funiber-atividades-presenciais\",\"name\":\"Atividades presenciais na \u00e1rea de projeto durante o m\u00eas de julho\",\"isPartOf\":{\"@id\":\"https:\/\/blogs.funiber.org\/pt\/#website\"},\"datePublished\":\"2019-07-03T12:27:06+00:00\",\"dateModified\":\"2019-07-01T12:36:16+00:00\",\"description\":\"O Departamento de Projetos Acad\u00eamicos promovido pela FUNIBER\u00a0organiza a 3\u00aa Agenda Internacional de Atividades Presenciais de 18 a 26 de julho. As sess\u00f5es presenciais ser\u00e3o realizadas nos escrit\u00f3rios da FUNIBER localizados na Argentina, Bol\u00edvia, Peru e Uruguai,\u00a0assim como no Mercure Hotel em Quito (Equador) durante o m\u00eas de julho, e ser\u00e3o destinadas a estudantes com bolsas da FUNIBER\",\"breadcrumb\":{\"@id\":\"https:\/\/blogs.funiber.org\/pt\/arquitetura-e-desenho\/2019\/07\/03\/funiber-atividades-presenciais#breadcrumb\"},\"inLanguage\":\"pt-BR\",\"potentialAction\":[{\"@type\":\"ReadAction\",\"target\":[\"https:\/\/blogs.funiber.org\/pt\/arquitetura-e-desenho\/2019\/07\/03\/funiber-atividades-presenciais\"]}]},{\"@type\":\"BreadcrumbList\",\"@id\":\"https:\/\/blogs.funiber.org\/pt\/arquitetura-e-desenho\/2019\/07\/03\/funiber-atividades-presenciais#breadcrumb\",\"itemListElement\":[{\"@type\":\"ListItem\",\"position\":1,\"name\":\"In\u00edcio\",\"item\":\"https:\/\/blogs.funiber.org\/pt\"},{\"@type\":\"ListItem\",\"position\":2,\"name\":\"Oficinas presenciais na \u00e1rea de projeto durante o m\u00eas de julho\"}]},{\"@type\":\"WebSite\",\"@id\":\"https:\/\/blogs.funiber.org\/pt\/#website\",\"url\":\"https:\/\/blogs.funiber.org\/pt\/\",\"name\":\"FuniBlogs - FUNIBER\",\"description\":\"\",\"publisher\":{\"@id\":\"https:\/\/blogs.funiber.org\/pt\/#organization\"},\"potentialAction\":[{\"@type\":\"SearchAction\",\"target\":{\"@type\":\"EntryPoint\",\"urlTemplate\":\"https:\/\/blogs.funiber.org\/pt\/?s={search_term_string}\"},\"query-input\":\"required name=search_term_string\"}],\"inLanguage\":\"pt-BR\"},{\"@type\":\"Organization\",\"@id\":\"https:\/\/blogs.funiber.org\/pt\/#organization\",\"name\":\"FuniBlogs - FUNIBER\",\"url\":\"https:\/\/blogs.funiber.org\/pt\/\",\"logo\":{\"@type\":\"ImageObject\",\"inLanguage\":\"pt-BR\",\"@id\":\"https:\/\/blogs.funiber.org\/pt\/#\/schema\/logo\/image\/\",\"url\":\"https:\/\/www.funiber.blog\/pt\/wp-content\/uploads\/2022\/02\/logo-funiber-pt-br-v-dos.svg\",\"contentUrl\":\"https:\/\/www.funiber.blog\/pt\/wp-content\/uploads\/2022\/02\/logo-funiber-pt-br-v-dos.svg\",\"width\":1,\"height\":1,\"caption\":\"FuniBlogs - FUNIBER\"},\"image\":{\"@id\":\"https:\/\/blogs.funiber.org\/pt\/#\/schema\/logo\/image\/\"},\"sameAs\":[\"https:\/\/www.facebook.com\/funiber\",\"https:\/\/twitter.com\/FUNIBER\",\"https:\/\/www.instagram.com\/funiber_becas\",\"https:\/\/www.youtube.com\/user\/funiber\",\"https:\/\/www.linkedin.com\/company\/funiber\"]},{\"@type\":\"Person\",\"@id\":\"https:\/\/blogs.funiber.org\/pt\/#\/schema\/person\/a1eaaa5e57eac866a8c5946946bcf80d\",\"name\":\"Michelle\",\"image\":{\"@type\":\"ImageObject\",\"inLanguage\":\"pt-BR\",\"@id\":\"https:\/\/blogs.funiber.org\/pt\/#\/schema\/person\/image\/\",\"url\":\"https:\/\/secure.gravatar.com\/avatar\/5e87041f7609dc50493cf216754fece1?s=96&d=mm&r=g\",\"contentUrl\":\"https:\/\/secure.gravatar.com\/avatar\/5e87041f7609dc50493cf216754fece1?s=96&d=mm&r=g\",\"caption\":\"Michelle\"},\"url\":\"https:\/\/www.funiber.blog\/pt\/author\/michelle-moreira\"}]}<\/script>\n<!-- \/ Yoast SEO plugin. -->","yoast_head_json":{"title":"Atividades presenciais na \u00e1rea de projeto durante o m\u00eas de julho","description":"O Departamento de Projetos Acad\u00eamicos promovido pela FUNIBER\u00a0organiza a 3\u00aa Agenda Internacional de Atividades Presenciais de 18 a 26 de julho. As sess\u00f5es presenciais ser\u00e3o realizadas nos escrit\u00f3rios da FUNIBER localizados na Argentina, Bol\u00edvia, Peru e Uruguai,\u00a0assim como no Mercure Hotel em Quito (Equador) durante o m\u00eas de julho, e ser\u00e3o destinadas a estudantes com bolsas da FUNIBER","robots":{"index":"index","follow":"follow","max-snippet":"max-snippet:-1","max-image-preview":"max-image-preview:large","max-video-preview":"max-video-preview:-1"},"canonical":"https:\/\/blogs.funiber.org\/pt\/arquitetura-e-desenho\/2019\/07\/03\/funiber-atividades-presenciais","og_locale":"pt_BR","og_type":"article","og_title":"Atividades presenciais na \u00e1rea de projeto durante o m\u00eas de julho","og_description":"O Departamento de Projetos Acad\u00eamicos promovido pela FUNIBER\u00a0organiza a 3\u00aa Agenda Internacional de Atividades Presenciais de 18 a 26 de julho. As sess\u00f5es presenciais ser\u00e3o realizadas nos escrit\u00f3rios da FUNIBER localizados na Argentina, Bol\u00edvia, Peru e Uruguai,\u00a0assim como no Mercure Hotel em Quito (Equador) durante o m\u00eas de julho, e ser\u00e3o destinadas a estudantes com bolsas da FUNIBER","og_url":"https:\/\/blogs.funiber.org\/pt\/arquitetura-e-desenho\/2019\/07\/03\/funiber-atividades-presenciais","og_site_name":"FuniBlogs - FUNIBER","article_publisher":"https:\/\/www.facebook.com\/funiber","article_published_time":"2019-07-03T12:27:06+00:00","article_modified_time":"2019-07-01T12:36:16+00:00","og_image":[{"width":800,"height":533,"url":"https:\/\/blogs.funiber.org\/pt\/wp-content\/uploads\/2019\/07\/funiber-atividades-presenciais.jpg","type":"image\/jpeg"}],"author":"Michelle","twitter_card":"summary_large_image","twitter_creator":"@FUNIBER","twitter_site":"@FUNIBER","twitter_misc":{"Escrito por":"Michelle","Est. tempo de leitura":"4 minutos"},"schema":{"@context":"https:\/\/schema.org","@graph":[{"@type":"Article","@id":"https:\/\/blogs.funiber.org\/pt\/arquitetura-e-desenho\/2019\/07\/03\/funiber-atividades-presenciais#article","isPartOf":{"@id":"https:\/\/blogs.funiber.org\/pt\/arquitetura-e-desenho\/2019\/07\/03\/funiber-atividades-presenciais"},"author":{"name":"Michelle","@id":"https:\/\/blogs.funiber.org\/pt\/#\/schema\/person\/a1eaaa5e57eac866a8c5946946bcf80d"},"headline":"Oficinas presenciais na \u00e1rea de projeto durante o m\u00eas de julho","datePublished":"2019-07-03T12:27:06+00:00","dateModified":"2019-07-01T12:36:16+00:00","mainEntityOfPage":{"@id":"https:\/\/blogs.funiber.org\/pt\/arquitetura-e-desenho\/2019\/07\/03\/funiber-atividades-presenciais"},"wordCount":768,"publisher":{"@id":"https:\/\/blogs.funiber.org\/pt\/#organization"},"keywords":["atividades presenciais","Bolsas","departamento acad\u00eamico","Dire\u00e7\u00e3o de Projetos","Estudos","Funiber","FUNIBER Opini\u00f5es","gerenciamento","Gest\u00e3o","mestrado","oficinas","Opini\u00e3o FUNIBER","Opini\u00f5es Funiber","Projetos"],"articleSection":["Projetos"],"inLanguage":"pt-BR"},{"@type":"WebPage","@id":"https:\/\/blogs.funiber.org\/pt\/arquitetura-e-desenho\/2019\/07\/03\/funiber-atividades-presenciais","url":"https:\/\/blogs.funiber.org\/pt\/arquitetura-e-desenho\/2019\/07\/03\/funiber-atividades-presenciais","name":"Atividades presenciais na \u00e1rea de projeto durante o m\u00eas de julho","isPartOf":{"@id":"https:\/\/blogs.funiber.org\/pt\/#website"},"datePublished":"2019-07-03T12:27:06+00:00","dateModified":"2019-07-01T12:36:16+00:00","description":"O Departamento de Projetos Acad\u00eamicos promovido pela FUNIBER\u00a0organiza a 3\u00aa Agenda Internacional de Atividades Presenciais de 18 a 26 de julho. As sess\u00f5es presenciais ser\u00e3o realizadas nos escrit\u00f3rios da FUNIBER localizados na Argentina, Bol\u00edvia, Peru e Uruguai,\u00a0assim como no Mercure Hotel em Quito (Equador) durante o m\u00eas de julho, e ser\u00e3o destinadas a estudantes com bolsas da FUNIBER","breadcrumb":{"@id":"https:\/\/blogs.funiber.org\/pt\/arquitetura-e-desenho\/2019\/07\/03\/funiber-atividades-presenciais#breadcrumb"},"inLanguage":"pt-BR","potentialAction":[{"@type":"ReadAction","target":["https:\/\/blogs.funiber.org\/pt\/arquitetura-e-desenho\/2019\/07\/03\/funiber-atividades-presenciais"]}]},{"@type":"BreadcrumbList","@id":"https:\/\/blogs.funiber.org\/pt\/arquitetura-e-desenho\/2019\/07\/03\/funiber-atividades-presenciais#breadcrumb","itemListElement":[{"@type":"ListItem","position":1,"name":"In\u00edcio","item":"https:\/\/blogs.funiber.org\/pt"},{"@type":"ListItem","position":2,"name":"Oficinas presenciais na \u00e1rea de projeto durante o m\u00eas de julho"}]},{"@type":"WebSite","@id":"https:\/\/blogs.funiber.org\/pt\/#website","url":"https:\/\/blogs.funiber.org\/pt\/","name":"FuniBlogs - FUNIBER","description":"","publisher":{"@id":"https:\/\/blogs.funiber.org\/pt\/#organization"},"potentialAction":[{"@type":"SearchAction","target":{"@type":"EntryPoint","urlTemplate":"https:\/\/blogs.funiber.org\/pt\/?s={search_term_string}"},"query-input":"required name=search_term_string"}],"inLanguage":"pt-BR"},{"@type":"Organization","@id":"https:\/\/blogs.funiber.org\/pt\/#organization","name":"FuniBlogs - FUNIBER","url":"https:\/\/blogs.funiber.org\/pt\/","logo":{"@type":"ImageObject","inLanguage":"pt-BR","@id":"https:\/\/blogs.funiber.org\/pt\/#\/schema\/logo\/image\/","url":"https:\/\/www.funiber.blog\/pt\/wp-content\/uploads\/2022\/02\/logo-funiber-pt-br-v-dos.svg","contentUrl":"https:\/\/www.funiber.blog\/pt\/wp-content\/uploads\/2022\/02\/logo-funiber-pt-br-v-dos.svg","width":1,"height":1,"caption":"FuniBlogs - FUNIBER"},"image":{"@id":"https:\/\/blogs.funiber.org\/pt\/#\/schema\/logo\/image\/"},"sameAs":["https:\/\/www.facebook.com\/funiber","https:\/\/twitter.com\/FUNIBER","https:\/\/www.instagram.com\/funiber_becas","https:\/\/www.youtube.com\/user\/funiber","https:\/\/www.linkedin.com\/company\/funiber"]},{"@type":"Person","@id":"https:\/\/blogs.funiber.org\/pt\/#\/schema\/person\/a1eaaa5e57eac866a8c5946946bcf80d","name":"Michelle","image":{"@type":"ImageObject","inLanguage":"pt-BR","@id":"https:\/\/blogs.funiber.org\/pt\/#\/schema\/person\/image\/","url":"https:\/\/secure.gravatar.com\/avatar\/5e87041f7609dc50493cf216754fece1?s=96&d=mm&r=g","contentUrl":"https:\/\/secure.gravatar.com\/avatar\/5e87041f7609dc50493cf216754fece1?s=96&d=mm&r=g","caption":"Michelle"},"url":"https:\/\/www.funiber.blog\/pt\/author\/michelle-moreira"}]}},"jetpack_featured_media_url":"https:\/\/www.funiber.blog\/pt\/wp-content\/uploads\/2019\/07\/funiber-atividades-presenciais.jpg","jetpack_shortlink":"https:\/\/wp.me\/p7ee1t-57K","jetpack_sharing_enabled":true,"_links":{"self":[{"href":"https:\/\/www.funiber.blog\/pt\/wp-json\/wp\/v2\/posts\/19700"}],"collection":[{"href":"https:\/\/www.funiber.blog\/pt\/wp-json\/wp\/v2\/posts"}],"about":[{"href":"https:\/\/www.funiber.blog\/pt\/wp-json\/wp\/v2\/types\/post"}],"author":[{"embeddable":true,"href":"https:\/\/www.funiber.blog\/pt\/wp-json\/wp\/v2\/users\/10"}],"replies":[{"embeddable":true,"href":"https:\/\/www.funiber.blog\/pt\/wp-json\/wp\/v2\/comments?post=19700"}],"version-history":[{"count":1,"href":"https:\/\/www.funiber.blog\/pt\/wp-json\/wp\/v2\/posts\/19700\/revisions"}],"predecessor-version":[{"id":19702,"href":"https:\/\/www.funiber.blog\/pt\/wp-json\/wp\/v2\/posts\/19700\/revisions\/19702"}],"wp:featuredmedia":[{"embeddable":true,"href":"https:\/\/www.funiber.blog\/pt\/wp-json\/wp\/v2\/media\/19701"}],"wp:attachment":[{"href":"https:\/\/www.funiber.blog\/pt\/wp-json\/wp\/v2\/media?parent=19700"}],"wp:term":[{"taxonomy":"category","embeddable":true,"href":"https:\/\/www.funiber.blog\/pt\/wp-json\/wp\/v2\/categories?post=19700"},{"taxonomy":"post_tag","embeddable":true,"href":"https:\/\/www.funiber.blog\/pt\/wp-json\/wp\/v2\/tags?post=19700"}],"curies":[{"name":"wp","href":"https:\/\/api.w.org\/{rel}","templated":true}]}}