{"id":19840,"date":"2019-07-24T12:32:14","date_gmt":"2019-07-24T12:32:14","guid":{"rendered":"https:\/\/blogs.funiber.org\/pt\/?p=19840"},"modified":"2019-07-23T12:33:55","modified_gmt":"2019-07-23T12:33:55","slug":"funiber-cha-verde","status":"publish","type":"post","link":"https:\/\/www.funiber.blog\/pt\/saude-e-nutricao\/2019\/07\/24\/funiber-cha-verde","title":{"rendered":"Ch\u00e1 verde poderia melhorar o funcionamento cognitivo"},"content":{"rendered":"<h2>Um estudo experimental mostrou que o consumo de ch\u00e1 verde poderia melhorar o funcionamento cognitivo de pessoas com defici\u00eancia intelectual<\/h2>\n<p>Durante um experimento, os pesquisadores, vinculados ao <a href=\"https:\/\/www.ciberisciii.es\/\" target=\"_blank\" rel=\"noopener noreferrer\">Centro de Pesquisa Biom\u00e9ida em Rede (CIBER)<\/a>, institui\u00e7\u00e3o de pesquisa espanhola, observaram que a subst\u00e2ncia epigalocatequina galoto 3, presente no ch\u00e1 verde, foi segura e eficaz para pessoas com S\u00edndrome X Fr\u00e1gil.<!--more--><\/p>\n<p>Esta s\u00edndrome est\u00e1 caracterizada por um baixo funcionamento cognitivo, que compromete a capacidade de aprender e ter autonomia. A S\u00edndrome X Fr\u00e1gil \u00e9 uma das mais comuns entre quem tem defici\u00eancia mental.<\/p>\n<p>No estudo, 27 pessoas com esta s\u00edndrome, em idades vari\u00e1veis entre os 18 e os 55 anos, consumiram uma dose de 5 a 7mg\/kg\/dia, junto com um treino cognitivo, durante 3 meses de tratamento.<\/p>\n<p>Ap\u00f3s a interrup\u00e7\u00e3o do tratamento, estes participantes do estudo foram observados durante mais 3 meses. Os pesquisadores observaram uma melhora significativa no funcionamento cognitivo entre os participantes do grupo experimental que tomou o extrato de ch\u00e1 verde. Esta melhora ocorreu durante o tratamento e nos tr\u00eas meses ap\u00f3s a interrup\u00e7\u00e3o do experimento.<\/p>\n<p>Os pesquisadores acreditam que os resultados deste estudo abrem novas perspectivas para o tratamento da defici\u00eancia intelectual. Para determinar com mais precis\u00e3o os efeitos deste tratamento, seria necess\u00e1rio realizar um estudo com mais participantes.<\/p>\n<p>A <a href=\"https:\/\/www.funiber.org.br\" target=\"_blank\" rel=\"noopener noreferrer\">FUNIBER<\/a> patrocina o\u00a0<a href=\"https:\/\/www.funiber.org.br\/mestrado-em-nutricao-e-biotecnologia-alimentar\" hreflang=\"pt-br\">Mestrado em Nutri\u00e7\u00e3o e Biotecnologia Alimentar<\/a> que aborda a alimenta\u00e7\u00e3o n\u00e3o s\u00f3 como uma ferramenta de nutri\u00e7\u00e3o adequada, mas tamb\u00e9m para melhorar o estado de sa\u00fade de cada um.<\/p>\n<p>Fonte: <a href=\"https:\/\/www.ciberisciii.es\/noticias\/demuestran-que-el-te-verde-mejora-el-funcionamiento-cognitivo-de-personas-con-discapacidad-intelectual\" target=\"_blank\" rel=\"noopener noreferrer\">Demuestran que el t\u00e9 verde mejora el funcionamiento cognitivo de personas con Discapacidad Intelectual<\/a><\/p>\n<p>Estudo:<\/p>\n<p class=\"articleTitle\"><a href=\"https:\/\/www.clinicalnutritionjournal.com\/article\/S0261-5614(19)30082-2\/fulltext\" target=\"_blank\" rel=\"noopener noreferrer\">A phase 1, randomized double-blind, placebo controlled trial to evaluate safety and efficacy of epigallocatechin-3-gallate and cognitive training in adults with Fragile X syndrome<\/a><\/p>\n<p>Foto: Todos os direitos reservados<\/p>\n","protected":false},"excerpt":{"rendered":"<p>Um estudo experimental mostrou que o consumo de ch\u00e1 verde poderia melhorar o funcionamento cognitivo de pessoas com defici\u00eancia intelectual Durante um experimento, os pesquisadores, vinculados ao Centro de Pesquisa Biom\u00e9ida em Rede (CIBER), institui\u00e7\u00e3o de pesquisa espanhola, observaram que a subst\u00e2ncia epigalocatequina galoto 3, presente no ch\u00e1 verde, foi segura e eficaz para pessoas [&hellip;]<\/p>\n","protected":false},"author":10,"featured_media":19853,"comment_status":"closed","ping_status":"closed","sticky":false,"template":"","format":"standard","meta":{"jetpack_post_was_ever_published":false,"_jetpack_newsletter_access":"","_jetpack_newsletter_tier_id":0,"footnotes":"","jetpack_publicize_message":"","jetpack_is_tweetstorm":false,"jetpack_publicize_feature_enabled":true,"jetpack_social_post_already_shared":true,"jetpack_social_options":{"image_generator_settings":{"template":"highway","enabled":false}}},"categories":[3],"tags":[67,1242,5360,5362,5363,122,855,408,119,5361,248,911,671,125,641,255,132,113,5364],"jetpack_publicize_connections":[],"yoast_head":"<!-- This site is optimized with the Yoast SEO plugin v21.7 - https:\/\/yoast.com\/wordpress\/plugins\/seo\/ -->\n<title>Ch\u00e1 verde poderia melhorar o funcionamento cognitivo<\/title>\n<meta name=\"description\" content=\"Um estudo experimental mostrou que o consumo de ch\u00e1 verde poderia melhorar o funcionamento cognitivo de pessoas com defici\u00eancia intelectual\" \/>\n<meta name=\"robots\" content=\"noindex, nofollow\" \/>\n<meta property=\"og:locale\" content=\"pt_BR\" \/>\n<meta property=\"og:type\" content=\"article\" \/>\n<meta property=\"og:title\" content=\"Ch\u00e1 verde poderia melhorar o funcionamento cognitivo\" \/>\n<meta property=\"og:description\" content=\"Um estudo experimental mostrou que o consumo de ch\u00e1 verde poderia melhorar o funcionamento cognitivo de pessoas com defici\u00eancia intelectual\" \/>\n<meta property=\"og:url\" content=\"https:\/\/blogs.funiber.org\/pt\/saude-e-nutricao\/2019\/07\/24\/funiber-cha-verde\" \/>\n<meta property=\"og:site_name\" content=\"FuniBlogs - FUNIBER\" \/>\n<meta property=\"article:publisher\" content=\"https:\/\/www.facebook.com\/funiber\" \/>\n<meta property=\"article:published_time\" content=\"2019-07-24T12:32:14+00:00\" \/>\n<meta property=\"article:modified_time\" content=\"2019-07-23T12:33:55+00:00\" \/>\n<meta property=\"og:image\" content=\"https:\/\/blogs.funiber.org\/pt\/wp-content\/uploads\/2019\/07\/funiber-cha-verde.jpg\" \/>\n\t<meta property=\"og:image:width\" content=\"800\" \/>\n\t<meta property=\"og:image:height\" content=\"559\" \/>\n\t<meta property=\"og:image:type\" content=\"image\/jpeg\" \/>\n<meta name=\"author\" content=\"Michelle\" \/>\n<meta name=\"twitter:card\" content=\"summary_large_image\" \/>\n<meta name=\"twitter:creator\" content=\"@FUNIBER\" \/>\n<meta name=\"twitter:site\" content=\"@FUNIBER\" \/>\n<meta name=\"twitter:label1\" content=\"Escrito por\" \/>\n\t<meta name=\"twitter:data1\" content=\"Michelle\" \/>\n\t<meta name=\"twitter:label2\" content=\"Est. tempo de leitura\" \/>\n\t<meta name=\"twitter:data2\" content=\"2 minutos\" \/>\n<script type=\"application\/ld+json\" class=\"yoast-schema-graph\">{\"@context\":\"https:\/\/schema.org\",\"@graph\":[{\"@type\":\"Article\",\"@id\":\"https:\/\/blogs.funiber.org\/pt\/saude-e-nutricao\/2019\/07\/24\/funiber-cha-verde#article\",\"isPartOf\":{\"@id\":\"https:\/\/blogs.funiber.org\/pt\/saude-e-nutricao\/2019\/07\/24\/funiber-cha-verde\"},\"author\":{\"name\":\"Michelle\",\"@id\":\"https:\/\/blogs.funiber.org\/pt\/#\/schema\/person\/a1eaaa5e57eac866a8c5946946bcf80d\"},\"headline\":\"Ch\u00e1 verde poderia melhorar o funcionamento cognitivo\",\"datePublished\":\"2019-07-24T12:32:14+00:00\",\"dateModified\":\"2019-07-23T12:33:55+00:00\",\"mainEntityOfPage\":{\"@id\":\"https:\/\/blogs.funiber.org\/pt\/saude-e-nutricao\/2019\/07\/24\/funiber-cha-verde\"},\"wordCount\":316,\"publisher\":{\"@id\":\"https:\/\/blogs.funiber.org\/pt\/#organization\"},\"keywords\":[\"Alimenta\u00e7\u00e3o\",\"Bolsas\",\"ch\u00e1 verde\",\"defici\u00eancia intelectural\",\"defici\u00eancia mental\",\"Doen\u00e7as\",\"Doutorado\",\"Educa\u00e7\u00e3o a Dist\u00e2ncia\",\"Estudos\",\"funcionamento cognitivo\",\"Funiber\",\"FUNIBER Opini\u00f5es\",\"mestrado\",\"Nutri\u00e7\u00e3o\",\"Opini\u00e3o FUNIBER\",\"Opini\u00f5es Funiber\",\"Preven\u00e7\u00e3o\",\"Sa\u00fade\",\"S\u00edndrome X Fr\u00e1gil\"],\"articleSection\":[\"Sa\u00fade e Nutri\u00e7\u00e3o\"],\"inLanguage\":\"pt-BR\"},{\"@type\":\"WebPage\",\"@id\":\"https:\/\/blogs.funiber.org\/pt\/saude-e-nutricao\/2019\/07\/24\/funiber-cha-verde\",\"url\":\"https:\/\/blogs.funiber.org\/pt\/saude-e-nutricao\/2019\/07\/24\/funiber-cha-verde\",\"name\":\"Ch\u00e1 verde poderia melhorar o funcionamento cognitivo\",\"isPartOf\":{\"@id\":\"https:\/\/blogs.funiber.org\/pt\/#website\"},\"datePublished\":\"2019-07-24T12:32:14+00:00\",\"dateModified\":\"2019-07-23T12:33:55+00:00\",\"description\":\"Um estudo experimental mostrou que o consumo de ch\u00e1 verde poderia melhorar o funcionamento cognitivo de pessoas com defici\u00eancia intelectual\",\"breadcrumb\":{\"@id\":\"https:\/\/blogs.funiber.org\/pt\/saude-e-nutricao\/2019\/07\/24\/funiber-cha-verde#breadcrumb\"},\"inLanguage\":\"pt-BR\",\"potentialAction\":[{\"@type\":\"ReadAction\",\"target\":[\"https:\/\/blogs.funiber.org\/pt\/saude-e-nutricao\/2019\/07\/24\/funiber-cha-verde\"]}]},{\"@type\":\"BreadcrumbList\",\"@id\":\"https:\/\/blogs.funiber.org\/pt\/saude-e-nutricao\/2019\/07\/24\/funiber-cha-verde#breadcrumb\",\"itemListElement\":[{\"@type\":\"ListItem\",\"position\":1,\"name\":\"In\u00edcio\",\"item\":\"https:\/\/blogs.funiber.org\/pt\"},{\"@type\":\"ListItem\",\"position\":2,\"name\":\"Ch\u00e1 verde poderia melhorar o funcionamento cognitivo\"}]},{\"@type\":\"WebSite\",\"@id\":\"https:\/\/blogs.funiber.org\/pt\/#website\",\"url\":\"https:\/\/blogs.funiber.org\/pt\/\",\"name\":\"FuniBlogs - FUNIBER\",\"description\":\"\",\"publisher\":{\"@id\":\"https:\/\/blogs.funiber.org\/pt\/#organization\"},\"potentialAction\":[{\"@type\":\"SearchAction\",\"target\":{\"@type\":\"EntryPoint\",\"urlTemplate\":\"https:\/\/blogs.funiber.org\/pt\/?s={search_term_string}\"},\"query-input\":\"required name=search_term_string\"}],\"inLanguage\":\"pt-BR\"},{\"@type\":\"Organization\",\"@id\":\"https:\/\/blogs.funiber.org\/pt\/#organization\",\"name\":\"FuniBlogs - FUNIBER\",\"url\":\"https:\/\/blogs.funiber.org\/pt\/\",\"logo\":{\"@type\":\"ImageObject\",\"inLanguage\":\"pt-BR\",\"@id\":\"https:\/\/blogs.funiber.org\/pt\/#\/schema\/logo\/image\/\",\"url\":\"https:\/\/www.funiber.blog\/pt\/wp-content\/uploads\/2022\/02\/logo-funiber-pt-br-v-dos.svg\",\"contentUrl\":\"https:\/\/www.funiber.blog\/pt\/wp-content\/uploads\/2022\/02\/logo-funiber-pt-br-v-dos.svg\",\"width\":1,\"height\":1,\"caption\":\"FuniBlogs - FUNIBER\"},\"image\":{\"@id\":\"https:\/\/blogs.funiber.org\/pt\/#\/schema\/logo\/image\/\"},\"sameAs\":[\"https:\/\/www.facebook.com\/funiber\",\"https:\/\/twitter.com\/FUNIBER\",\"https:\/\/www.instagram.com\/funiber_becas\",\"https:\/\/www.youtube.com\/user\/funiber\",\"https:\/\/www.linkedin.com\/company\/funiber\"]},{\"@type\":\"Person\",\"@id\":\"https:\/\/blogs.funiber.org\/pt\/#\/schema\/person\/a1eaaa5e57eac866a8c5946946bcf80d\",\"name\":\"Michelle\",\"image\":{\"@type\":\"ImageObject\",\"inLanguage\":\"pt-BR\",\"@id\":\"https:\/\/blogs.funiber.org\/pt\/#\/schema\/person\/image\/\",\"url\":\"https:\/\/secure.gravatar.com\/avatar\/5e87041f7609dc50493cf216754fece1?s=96&d=mm&r=g\",\"contentUrl\":\"https:\/\/secure.gravatar.com\/avatar\/5e87041f7609dc50493cf216754fece1?s=96&d=mm&r=g\",\"caption\":\"Michelle\"},\"url\":\"https:\/\/www.funiber.blog\/pt\/author\/michelle-moreira\"}]}<\/script>\n<!-- \/ Yoast SEO plugin. -->","yoast_head_json":{"title":"Ch\u00e1 verde poderia melhorar o funcionamento cognitivo","description":"Um estudo experimental mostrou que o consumo de ch\u00e1 verde poderia melhorar o funcionamento cognitivo de pessoas com defici\u00eancia intelectual","robots":{"index":"noindex","follow":"nofollow"},"og_locale":"pt_BR","og_type":"article","og_title":"Ch\u00e1 verde poderia melhorar o funcionamento cognitivo","og_description":"Um estudo experimental mostrou que o consumo de ch\u00e1 verde poderia melhorar o funcionamento cognitivo de pessoas com defici\u00eancia intelectual","og_url":"https:\/\/blogs.funiber.org\/pt\/saude-e-nutricao\/2019\/07\/24\/funiber-cha-verde","og_site_name":"FuniBlogs - FUNIBER","article_publisher":"https:\/\/www.facebook.com\/funiber","article_published_time":"2019-07-24T12:32:14+00:00","article_modified_time":"2019-07-23T12:33:55+00:00","og_image":[{"width":800,"height":559,"url":"https:\/\/blogs.funiber.org\/pt\/wp-content\/uploads\/2019\/07\/funiber-cha-verde.jpg","type":"image\/jpeg"}],"author":"Michelle","twitter_card":"summary_large_image","twitter_creator":"@FUNIBER","twitter_site":"@FUNIBER","twitter_misc":{"Escrito por":"Michelle","Est. tempo de leitura":"2 minutos"},"schema":{"@context":"https:\/\/schema.org","@graph":[{"@type":"Article","@id":"https:\/\/blogs.funiber.org\/pt\/saude-e-nutricao\/2019\/07\/24\/funiber-cha-verde#article","isPartOf":{"@id":"https:\/\/blogs.funiber.org\/pt\/saude-e-nutricao\/2019\/07\/24\/funiber-cha-verde"},"author":{"name":"Michelle","@id":"https:\/\/blogs.funiber.org\/pt\/#\/schema\/person\/a1eaaa5e57eac866a8c5946946bcf80d"},"headline":"Ch\u00e1 verde poderia melhorar o funcionamento cognitivo","datePublished":"2019-07-24T12:32:14+00:00","dateModified":"2019-07-23T12:33:55+00:00","mainEntityOfPage":{"@id":"https:\/\/blogs.funiber.org\/pt\/saude-e-nutricao\/2019\/07\/24\/funiber-cha-verde"},"wordCount":316,"publisher":{"@id":"https:\/\/blogs.funiber.org\/pt\/#organization"},"keywords":["Alimenta\u00e7\u00e3o","Bolsas","ch\u00e1 verde","defici\u00eancia intelectural","defici\u00eancia mental","Doen\u00e7as","Doutorado","Educa\u00e7\u00e3o a Dist\u00e2ncia","Estudos","funcionamento cognitivo","Funiber","FUNIBER Opini\u00f5es","mestrado","Nutri\u00e7\u00e3o","Opini\u00e3o FUNIBER","Opini\u00f5es Funiber","Preven\u00e7\u00e3o","Sa\u00fade","S\u00edndrome X Fr\u00e1gil"],"articleSection":["Sa\u00fade e Nutri\u00e7\u00e3o"],"inLanguage":"pt-BR"},{"@type":"WebPage","@id":"https:\/\/blogs.funiber.org\/pt\/saude-e-nutricao\/2019\/07\/24\/funiber-cha-verde","url":"https:\/\/blogs.funiber.org\/pt\/saude-e-nutricao\/2019\/07\/24\/funiber-cha-verde","name":"Ch\u00e1 verde poderia melhorar o funcionamento cognitivo","isPartOf":{"@id":"https:\/\/blogs.funiber.org\/pt\/#website"},"datePublished":"2019-07-24T12:32:14+00:00","dateModified":"2019-07-23T12:33:55+00:00","description":"Um estudo experimental mostrou que o consumo de ch\u00e1 verde poderia melhorar o funcionamento cognitivo de pessoas com defici\u00eancia intelectual","breadcrumb":{"@id":"https:\/\/blogs.funiber.org\/pt\/saude-e-nutricao\/2019\/07\/24\/funiber-cha-verde#breadcrumb"},"inLanguage":"pt-BR","potentialAction":[{"@type":"ReadAction","target":["https:\/\/blogs.funiber.org\/pt\/saude-e-nutricao\/2019\/07\/24\/funiber-cha-verde"]}]},{"@type":"BreadcrumbList","@id":"https:\/\/blogs.funiber.org\/pt\/saude-e-nutricao\/2019\/07\/24\/funiber-cha-verde#breadcrumb","itemListElement":[{"@type":"ListItem","position":1,"name":"In\u00edcio","item":"https:\/\/blogs.funiber.org\/pt"},{"@type":"ListItem","position":2,"name":"Ch\u00e1 verde poderia melhorar o funcionamento cognitivo"}]},{"@type":"WebSite","@id":"https:\/\/blogs.funiber.org\/pt\/#website","url":"https:\/\/blogs.funiber.org\/pt\/","name":"FuniBlogs - FUNIBER","description":"","publisher":{"@id":"https:\/\/blogs.funiber.org\/pt\/#organization"},"potentialAction":[{"@type":"SearchAction","target":{"@type":"EntryPoint","urlTemplate":"https:\/\/blogs.funiber.org\/pt\/?s={search_term_string}"},"query-input":"required name=search_term_string"}],"inLanguage":"pt-BR"},{"@type":"Organization","@id":"https:\/\/blogs.funiber.org\/pt\/#organization","name":"FuniBlogs - FUNIBER","url":"https:\/\/blogs.funiber.org\/pt\/","logo":{"@type":"ImageObject","inLanguage":"pt-BR","@id":"https:\/\/blogs.funiber.org\/pt\/#\/schema\/logo\/image\/","url":"https:\/\/www.funiber.blog\/pt\/wp-content\/uploads\/2022\/02\/logo-funiber-pt-br-v-dos.svg","contentUrl":"https:\/\/www.funiber.blog\/pt\/wp-content\/uploads\/2022\/02\/logo-funiber-pt-br-v-dos.svg","width":1,"height":1,"caption":"FuniBlogs - FUNIBER"},"image":{"@id":"https:\/\/blogs.funiber.org\/pt\/#\/schema\/logo\/image\/"},"sameAs":["https:\/\/www.facebook.com\/funiber","https:\/\/twitter.com\/FUNIBER","https:\/\/www.instagram.com\/funiber_becas","https:\/\/www.youtube.com\/user\/funiber","https:\/\/www.linkedin.com\/company\/funiber"]},{"@type":"Person","@id":"https:\/\/blogs.funiber.org\/pt\/#\/schema\/person\/a1eaaa5e57eac866a8c5946946bcf80d","name":"Michelle","image":{"@type":"ImageObject","inLanguage":"pt-BR","@id":"https:\/\/blogs.funiber.org\/pt\/#\/schema\/person\/image\/","url":"https:\/\/secure.gravatar.com\/avatar\/5e87041f7609dc50493cf216754fece1?s=96&d=mm&r=g","contentUrl":"https:\/\/secure.gravatar.com\/avatar\/5e87041f7609dc50493cf216754fece1?s=96&d=mm&r=g","caption":"Michelle"},"url":"https:\/\/www.funiber.blog\/pt\/author\/michelle-moreira"}]}},"jetpack_featured_media_url":"https:\/\/www.funiber.blog\/pt\/wp-content\/uploads\/2019\/07\/funiber-cha-verde.jpg","jetpack_shortlink":"https:\/\/wp.me\/p7ee1t-5a0","jetpack_sharing_enabled":true,"_links":{"self":[{"href":"https:\/\/www.funiber.blog\/pt\/wp-json\/wp\/v2\/posts\/19840"}],"collection":[{"href":"https:\/\/www.funiber.blog\/pt\/wp-json\/wp\/v2\/posts"}],"about":[{"href":"https:\/\/www.funiber.blog\/pt\/wp-json\/wp\/v2\/types\/post"}],"author":[{"embeddable":true,"href":"https:\/\/www.funiber.blog\/pt\/wp-json\/wp\/v2\/users\/10"}],"replies":[{"embeddable":true,"href":"https:\/\/www.funiber.blog\/pt\/wp-json\/wp\/v2\/comments?post=19840"}],"version-history":[{"count":2,"href":"https:\/\/www.funiber.blog\/pt\/wp-json\/wp\/v2\/posts\/19840\/revisions"}],"predecessor-version":[{"id":19854,"href":"https:\/\/www.funiber.blog\/pt\/wp-json\/wp\/v2\/posts\/19840\/revisions\/19854"}],"wp:featuredmedia":[{"embeddable":true,"href":"https:\/\/www.funiber.blog\/pt\/wp-json\/wp\/v2\/media\/19853"}],"wp:attachment":[{"href":"https:\/\/www.funiber.blog\/pt\/wp-json\/wp\/v2\/media?parent=19840"}],"wp:term":[{"taxonomy":"category","embeddable":true,"href":"https:\/\/www.funiber.blog\/pt\/wp-json\/wp\/v2\/categories?post=19840"},{"taxonomy":"post_tag","embeddable":true,"href":"https:\/\/www.funiber.blog\/pt\/wp-json\/wp\/v2\/tags?post=19840"}],"curies":[{"name":"wp","href":"https:\/\/api.w.org\/{rel}","templated":true}]}}