{"id":19992,"date":"2019-08-11T11:15:57","date_gmt":"2019-08-11T11:15:57","guid":{"rendered":"https:\/\/blogs.funiber.org\/pt\/?p=19992"},"modified":"2019-08-08T11:23:07","modified_gmt":"2019-08-08T11:23:07","slug":"funiber-autodisciplina-empresa","status":"publish","type":"post","link":"https:\/\/www.funiber.blog\/pt\/empresas-e-rh\/2019\/08\/11\/funiber-autodisciplina-empresa","title":{"rendered":"Autodisciplina na empresa, mais valorizada que conhecimentos ou forma\u00e7\u00e3o"},"content":{"rendered":"<h2>Autodisciplina, autoconhecimento, autocontrole ou empatia. Esses s\u00e3o alguns dos conceitos inseridos na\u00a0<a href=\"https:\/\/www.funiber.blog\/pt\/arquitetura-e-desenho\/2019\/07\/07\/funiber-gestao-emocional\" target=\"_blank\" rel=\"noopener noreferrer\">gest\u00e3o emocional<\/a>\u00a0e que s\u00e3o t\u00e3o ou at\u00e9 mais valorizados que os conhecimentos, a experi\u00eancia e a forma\u00e7\u00e3o na \u00e1rea empresarial<\/h2>\n<p>\u00c9 cada vez mais comum ouvir o termo \u201c<a href=\"https:\/\/blogs.funiber.org\/direccion-empresarial\/2015\/01\/11\/inteligencia-emocional-para-la-gestion-de-la-empresa\">intelig\u00eancia emocional<\/a>\u201d no setor empresarial. E, desde que\u00a0<a href=\"https:\/\/books.google.es\/books\/about\/Inteligencia_emocional.html?id=YuybDwAAQBAJ&amp;source=kp_book_description&amp;redir_esc=y\">Daniel Goleman cunhou o termo e com ele intitulou sua obra<\/a>\u00a0em 1995, as empresas v\u00eam incorporando novos requisitos de contrata\u00e7\u00e3o baseados em novas compet\u00eancias cada vez mais valorizadas. Tamb\u00e9m conhecidas como<em> soft skills<\/em>\u00a0ou compet\u00eancias suaves, a empatia, o autocontrole, a autodisciplina ou a sinceridade s\u00e3o atualmente compet\u00eancias-chave para a sele\u00e7\u00e3o de pessoal.<!--more--><\/p>\n<p>Tanto \u00e9 assim que Goleman conclui sua obra afirmando que esses tipos de habilidades s\u00e3o realmente aquelas que marcam o sucesso no local de trabalho e que at\u00e9 mesmo o quociente de intelig\u00eancia \u00e9 relegado pelas compet\u00eancias de gest\u00e3o emocional.<\/p>\n<p>Em um \u00e2mbito pessoal, embora cem por cento aplic\u00e1vel ao ecossistema empresarial, Goleman estipula tr\u00eas m\u00e9todos essenciais para estimular e melhorar a gest\u00e3o emocional. Estes s\u00e3o o <strong>autoconhecimento, a autoestima e a autonomia<\/strong>. Goleman argumenta que esses s\u00e3o os tr\u00eas pilares fundamentais em torno dos quais as pessoas podem trabalhar em seu desenvolvimento pessoal e desenvolver a intelig\u00eancia emocional.<\/p>\n<p>No entanto, para alcan\u00e7ar esses m\u00e9todos, destaca o autor, \u00e9 imprescind\u00edvel seguir uma din\u00e2mica que deve ser aplicada diariamente. Esses s\u00e3o, de acordo com o especialista, a <strong>autodisciplina, a automotiva\u00e7\u00e3o e o autocontrole<\/strong>.<\/p>\n<p>Portanto, sabemos que existe uma tend\u00eancia ascendente na qual as empresas e os departamentos de recursos humanos selecionam e contratam cada vez mais profissionais com capacidades de gest\u00e3o emocional, como a autodisciplina e a automotiva\u00e7\u00e3o. Agora, o que est\u00e1 sendo feito do ponto de vista empresarial para incentivar e desenvolver essas compet\u00eancias em seus funcion\u00e1rios?<\/p>\n<p>Derivado da necessidade de ter um capital humano com essas compet\u00eancias, cada vez mais organiza\u00e7\u00f5es est\u00e3o inclinadas a oferecer <strong>programas que promovam as compet\u00eancias de intelig\u00eancia emociona<\/strong>l. Nesse tipo de programa, busca-se incluir e envolver todos os departamentos da empresa com o objetivo de melhorar o ambiente de trabalho, o trabalho em equipe e o bem-estar individual.<\/p>\n<p>A intelig\u00eancia emocional hoje \u00e9 um bem precioso nas organiza\u00e7\u00f5es e um recurso altamente valorizado nos processos de sele\u00e7\u00e3o. Seu exerc\u00edcio otimiza os canais de comunica\u00e7\u00e3o como um ve\u00edculo essencial e eficaz para alcan\u00e7ar o sucesso empresarial e a felicidade dos funcion\u00e1rios.<\/p>\n<p>Para todos os profissionais interessados \u200b\u200bem conhecer e adquirir as compet\u00eancias mais exigidas e valorizadas nas organiza\u00e7\u00f5es, a\u00a0<a href=\"https:\/\/www.funiber.org.br\" target=\"_blank\" rel=\"noopener noreferrer\">FUNIBER<\/a>\u00a0patrocina uma ampla oferta de\u00a0mestrados e especializa\u00e7\u00f5es na \u00e1rea empresarial.<\/p>\n<p>&nbsp;<\/p>\n<p>Fonte:\u00a0<a href=\"http:\/\/asesoresdepymes.com\/la-gestion-emocional-del-talento-empresa\/\" target=\"_blank\" rel=\"noopener noreferrer\">La gesti\u00f3n emocional del talento dentro de la empresa<\/a><\/p>\n<p>Imagem: Todos os direitos reservados<\/p>\n","protected":false},"excerpt":{"rendered":"<p>Autodisciplina, autoconhecimento, autocontrole ou empatia. Esses s\u00e3o alguns dos conceitos inseridos na\u00a0gest\u00e3o emocional\u00a0e que s\u00e3o t\u00e3o ou at\u00e9 mais valorizados que os conhecimentos, a experi\u00eancia e a forma\u00e7\u00e3o na \u00e1rea empresarial \u00c9 cada vez mais comum ouvir o termo \u201cintelig\u00eancia emocional\u201d no setor empresarial. E, desde que\u00a0Daniel Goleman cunhou o termo e com ele intitulou [&hellip;]<\/p>\n","protected":false},"author":10,"featured_media":19993,"comment_status":"closed","ping_status":"closed","sticky":false,"template":"","format":"standard","meta":{"jetpack_post_was_ever_published":false,"_jetpack_newsletter_access":"","_jetpack_newsletter_tier_id":0,"footnotes":"","jetpack_publicize_message":"","jetpack_is_tweetstorm":false,"jetpack_publicize_feature_enabled":true,"jetpack_social_post_already_shared":true,"jetpack_social_options":{"image_generator_settings":{"template":"highway","enabled":false}}},"categories":[8],"tags":[5410,1242,408,172,119,248,911,5312,671,79,641,255],"jetpack_publicize_connections":[],"yoast_head":"<!-- This site is optimized with the Yoast SEO plugin v21.7 - https:\/\/yoast.com\/wordpress\/plugins\/seo\/ -->\n<title>Autodisciplina na empresa, mais valorizada que conhecimentos ou forma\u00e7\u00e3o<\/title>\n<meta name=\"description\" content=\"Autodisciplina, autoconhecimento, autocontrole ou empatia. Esses s\u00e3o alguns dos conceitos inseridos na gest\u00e3o emocional e que s\u00e3o t\u00e3o ou at\u00e9 mais valorizados que os conhecimentos, a experi\u00eancia e a forma\u00e7\u00e3o na \u00e1rea empresarial\" \/>\n<meta name=\"robots\" content=\"index, follow, max-snippet:-1, max-image-preview:large, max-video-preview:-1\" \/>\n<link rel=\"canonical\" href=\"https:\/\/blogs.funiber.org\/pt\/empresas-e-rh\/2019\/08\/11\/funiber-autodisciplina-empresa\" \/>\n<meta property=\"og:locale\" content=\"pt_BR\" \/>\n<meta property=\"og:type\" content=\"article\" \/>\n<meta property=\"og:title\" content=\"Autodisciplina na empresa, mais valorizada que conhecimentos ou forma\u00e7\u00e3o\" \/>\n<meta property=\"og:description\" content=\"Autodisciplina, autoconhecimento, autocontrole ou empatia. Esses s\u00e3o alguns dos conceitos inseridos na gest\u00e3o emocional e que s\u00e3o t\u00e3o ou at\u00e9 mais valorizados que os conhecimentos, a experi\u00eancia e a forma\u00e7\u00e3o na \u00e1rea empresarial\" \/>\n<meta property=\"og:url\" content=\"https:\/\/blogs.funiber.org\/pt\/empresas-e-rh\/2019\/08\/11\/funiber-autodisciplina-empresa\" \/>\n<meta property=\"og:site_name\" content=\"FuniBlogs - FUNIBER\" \/>\n<meta property=\"article:publisher\" content=\"https:\/\/www.facebook.com\/funiber\" \/>\n<meta property=\"article:published_time\" content=\"2019-08-11T11:15:57+00:00\" \/>\n<meta property=\"article:modified_time\" content=\"2019-08-08T11:23:07+00:00\" \/>\n<meta property=\"og:image\" content=\"https:\/\/blogs.funiber.org\/pt\/wp-content\/uploads\/2019\/08\/funiber-gestao-emocional.jpg\" \/>\n\t<meta property=\"og:image:width\" content=\"800\" \/>\n\t<meta property=\"og:image:height\" content=\"534\" \/>\n\t<meta property=\"og:image:type\" content=\"image\/jpeg\" \/>\n<meta name=\"author\" content=\"Michelle\" \/>\n<meta name=\"twitter:card\" content=\"summary_large_image\" \/>\n<meta name=\"twitter:creator\" content=\"@FUNIBER\" \/>\n<meta name=\"twitter:site\" content=\"@FUNIBER\" \/>\n<meta name=\"twitter:label1\" content=\"Escrito por\" \/>\n\t<meta name=\"twitter:data1\" content=\"Michelle\" \/>\n\t<meta name=\"twitter:label2\" content=\"Est. tempo de leitura\" \/>\n\t<meta name=\"twitter:data2\" content=\"2 minutos\" \/>\n<script type=\"application\/ld+json\" class=\"yoast-schema-graph\">{\"@context\":\"https:\/\/schema.org\",\"@graph\":[{\"@type\":\"Article\",\"@id\":\"https:\/\/blogs.funiber.org\/pt\/empresas-e-rh\/2019\/08\/11\/funiber-autodisciplina-empresa#article\",\"isPartOf\":{\"@id\":\"https:\/\/blogs.funiber.org\/pt\/empresas-e-rh\/2019\/08\/11\/funiber-autodisciplina-empresa\"},\"author\":{\"name\":\"Michelle\",\"@id\":\"https:\/\/blogs.funiber.org\/pt\/#\/schema\/person\/a1eaaa5e57eac866a8c5946946bcf80d\"},\"headline\":\"Autodisciplina na empresa, mais valorizada que conhecimentos ou forma\u00e7\u00e3o\",\"datePublished\":\"2019-08-11T11:15:57+00:00\",\"dateModified\":\"2019-08-08T11:23:07+00:00\",\"mainEntityOfPage\":{\"@id\":\"https:\/\/blogs.funiber.org\/pt\/empresas-e-rh\/2019\/08\/11\/funiber-autodisciplina-empresa\"},\"wordCount\":494,\"publisher\":{\"@id\":\"https:\/\/blogs.funiber.org\/pt\/#organization\"},\"keywords\":[\"auto-disciplina\",\"Bolsas\",\"Educa\u00e7\u00e3o a Dist\u00e2ncia\",\"Empresas\",\"Estudos\",\"Funiber\",\"FUNIBER Opini\u00f5es\",\"gest\u00e3o emocional\",\"mestrado\",\"Negocios\",\"Opini\u00e3o FUNIBER\",\"Opini\u00f5es Funiber\"],\"articleSection\":[\"Empresas, Dire\u00e7\u00e3o e RH\"],\"inLanguage\":\"pt-BR\"},{\"@type\":\"WebPage\",\"@id\":\"https:\/\/blogs.funiber.org\/pt\/empresas-e-rh\/2019\/08\/11\/funiber-autodisciplina-empresa\",\"url\":\"https:\/\/blogs.funiber.org\/pt\/empresas-e-rh\/2019\/08\/11\/funiber-autodisciplina-empresa\",\"name\":\"Autodisciplina na empresa, mais valorizada que conhecimentos ou forma\u00e7\u00e3o\",\"isPartOf\":{\"@id\":\"https:\/\/blogs.funiber.org\/pt\/#website\"},\"datePublished\":\"2019-08-11T11:15:57+00:00\",\"dateModified\":\"2019-08-08T11:23:07+00:00\",\"description\":\"Autodisciplina, autoconhecimento, autocontrole ou empatia. Esses s\u00e3o alguns dos conceitos inseridos na gest\u00e3o emocional e que s\u00e3o t\u00e3o ou at\u00e9 mais valorizados que os conhecimentos, a experi\u00eancia e a forma\u00e7\u00e3o na \u00e1rea empresarial\",\"breadcrumb\":{\"@id\":\"https:\/\/blogs.funiber.org\/pt\/empresas-e-rh\/2019\/08\/11\/funiber-autodisciplina-empresa#breadcrumb\"},\"inLanguage\":\"pt-BR\",\"potentialAction\":[{\"@type\":\"ReadAction\",\"target\":[\"https:\/\/blogs.funiber.org\/pt\/empresas-e-rh\/2019\/08\/11\/funiber-autodisciplina-empresa\"]}]},{\"@type\":\"BreadcrumbList\",\"@id\":\"https:\/\/blogs.funiber.org\/pt\/empresas-e-rh\/2019\/08\/11\/funiber-autodisciplina-empresa#breadcrumb\",\"itemListElement\":[{\"@type\":\"ListItem\",\"position\":1,\"name\":\"In\u00edcio\",\"item\":\"https:\/\/blogs.funiber.org\/pt\"},{\"@type\":\"ListItem\",\"position\":2,\"name\":\"Autodisciplina na empresa, mais valorizada que conhecimentos ou forma\u00e7\u00e3o\"}]},{\"@type\":\"WebSite\",\"@id\":\"https:\/\/blogs.funiber.org\/pt\/#website\",\"url\":\"https:\/\/blogs.funiber.org\/pt\/\",\"name\":\"FuniBlogs - FUNIBER\",\"description\":\"\",\"publisher\":{\"@id\":\"https:\/\/blogs.funiber.org\/pt\/#organization\"},\"potentialAction\":[{\"@type\":\"SearchAction\",\"target\":{\"@type\":\"EntryPoint\",\"urlTemplate\":\"https:\/\/blogs.funiber.org\/pt\/?s={search_term_string}\"},\"query-input\":\"required name=search_term_string\"}],\"inLanguage\":\"pt-BR\"},{\"@type\":\"Organization\",\"@id\":\"https:\/\/blogs.funiber.org\/pt\/#organization\",\"name\":\"FuniBlogs - FUNIBER\",\"url\":\"https:\/\/blogs.funiber.org\/pt\/\",\"logo\":{\"@type\":\"ImageObject\",\"inLanguage\":\"pt-BR\",\"@id\":\"https:\/\/blogs.funiber.org\/pt\/#\/schema\/logo\/image\/\",\"url\":\"https:\/\/www.funiber.blog\/pt\/wp-content\/uploads\/2022\/02\/logo-funiber-pt-br-v-dos.svg\",\"contentUrl\":\"https:\/\/www.funiber.blog\/pt\/wp-content\/uploads\/2022\/02\/logo-funiber-pt-br-v-dos.svg\",\"width\":1,\"height\":1,\"caption\":\"FuniBlogs - FUNIBER\"},\"image\":{\"@id\":\"https:\/\/blogs.funiber.org\/pt\/#\/schema\/logo\/image\/\"},\"sameAs\":[\"https:\/\/www.facebook.com\/funiber\",\"https:\/\/twitter.com\/FUNIBER\",\"https:\/\/www.instagram.com\/funiber_becas\",\"https:\/\/www.youtube.com\/user\/funiber\",\"https:\/\/www.linkedin.com\/company\/funiber\"]},{\"@type\":\"Person\",\"@id\":\"https:\/\/blogs.funiber.org\/pt\/#\/schema\/person\/a1eaaa5e57eac866a8c5946946bcf80d\",\"name\":\"Michelle\",\"image\":{\"@type\":\"ImageObject\",\"inLanguage\":\"pt-BR\",\"@id\":\"https:\/\/blogs.funiber.org\/pt\/#\/schema\/person\/image\/\",\"url\":\"https:\/\/secure.gravatar.com\/avatar\/5e87041f7609dc50493cf216754fece1?s=96&d=mm&r=g\",\"contentUrl\":\"https:\/\/secure.gravatar.com\/avatar\/5e87041f7609dc50493cf216754fece1?s=96&d=mm&r=g\",\"caption\":\"Michelle\"},\"url\":\"https:\/\/www.funiber.blog\/pt\/author\/michelle-moreira\"}]}<\/script>\n<!-- \/ Yoast SEO plugin. -->","yoast_head_json":{"title":"Autodisciplina na empresa, mais valorizada que conhecimentos ou forma\u00e7\u00e3o","description":"Autodisciplina, autoconhecimento, autocontrole ou empatia. Esses s\u00e3o alguns dos conceitos inseridos na gest\u00e3o emocional e que s\u00e3o t\u00e3o ou at\u00e9 mais valorizados que os conhecimentos, a experi\u00eancia e a forma\u00e7\u00e3o na \u00e1rea empresarial","robots":{"index":"index","follow":"follow","max-snippet":"max-snippet:-1","max-image-preview":"max-image-preview:large","max-video-preview":"max-video-preview:-1"},"canonical":"https:\/\/blogs.funiber.org\/pt\/empresas-e-rh\/2019\/08\/11\/funiber-autodisciplina-empresa","og_locale":"pt_BR","og_type":"article","og_title":"Autodisciplina na empresa, mais valorizada que conhecimentos ou forma\u00e7\u00e3o","og_description":"Autodisciplina, autoconhecimento, autocontrole ou empatia. Esses s\u00e3o alguns dos conceitos inseridos na gest\u00e3o emocional e que s\u00e3o t\u00e3o ou at\u00e9 mais valorizados que os conhecimentos, a experi\u00eancia e a forma\u00e7\u00e3o na \u00e1rea empresarial","og_url":"https:\/\/blogs.funiber.org\/pt\/empresas-e-rh\/2019\/08\/11\/funiber-autodisciplina-empresa","og_site_name":"FuniBlogs - FUNIBER","article_publisher":"https:\/\/www.facebook.com\/funiber","article_published_time":"2019-08-11T11:15:57+00:00","article_modified_time":"2019-08-08T11:23:07+00:00","og_image":[{"width":800,"height":534,"url":"https:\/\/blogs.funiber.org\/pt\/wp-content\/uploads\/2019\/08\/funiber-gestao-emocional.jpg","type":"image\/jpeg"}],"author":"Michelle","twitter_card":"summary_large_image","twitter_creator":"@FUNIBER","twitter_site":"@FUNIBER","twitter_misc":{"Escrito por":"Michelle","Est. tempo de leitura":"2 minutos"},"schema":{"@context":"https:\/\/schema.org","@graph":[{"@type":"Article","@id":"https:\/\/blogs.funiber.org\/pt\/empresas-e-rh\/2019\/08\/11\/funiber-autodisciplina-empresa#article","isPartOf":{"@id":"https:\/\/blogs.funiber.org\/pt\/empresas-e-rh\/2019\/08\/11\/funiber-autodisciplina-empresa"},"author":{"name":"Michelle","@id":"https:\/\/blogs.funiber.org\/pt\/#\/schema\/person\/a1eaaa5e57eac866a8c5946946bcf80d"},"headline":"Autodisciplina na empresa, mais valorizada que conhecimentos ou forma\u00e7\u00e3o","datePublished":"2019-08-11T11:15:57+00:00","dateModified":"2019-08-08T11:23:07+00:00","mainEntityOfPage":{"@id":"https:\/\/blogs.funiber.org\/pt\/empresas-e-rh\/2019\/08\/11\/funiber-autodisciplina-empresa"},"wordCount":494,"publisher":{"@id":"https:\/\/blogs.funiber.org\/pt\/#organization"},"keywords":["auto-disciplina","Bolsas","Educa\u00e7\u00e3o a Dist\u00e2ncia","Empresas","Estudos","Funiber","FUNIBER Opini\u00f5es","gest\u00e3o emocional","mestrado","Negocios","Opini\u00e3o FUNIBER","Opini\u00f5es Funiber"],"articleSection":["Empresas, Dire\u00e7\u00e3o e RH"],"inLanguage":"pt-BR"},{"@type":"WebPage","@id":"https:\/\/blogs.funiber.org\/pt\/empresas-e-rh\/2019\/08\/11\/funiber-autodisciplina-empresa","url":"https:\/\/blogs.funiber.org\/pt\/empresas-e-rh\/2019\/08\/11\/funiber-autodisciplina-empresa","name":"Autodisciplina na empresa, mais valorizada que conhecimentos ou forma\u00e7\u00e3o","isPartOf":{"@id":"https:\/\/blogs.funiber.org\/pt\/#website"},"datePublished":"2019-08-11T11:15:57+00:00","dateModified":"2019-08-08T11:23:07+00:00","description":"Autodisciplina, autoconhecimento, autocontrole ou empatia. Esses s\u00e3o alguns dos conceitos inseridos na gest\u00e3o emocional e que s\u00e3o t\u00e3o ou at\u00e9 mais valorizados que os conhecimentos, a experi\u00eancia e a forma\u00e7\u00e3o na \u00e1rea empresarial","breadcrumb":{"@id":"https:\/\/blogs.funiber.org\/pt\/empresas-e-rh\/2019\/08\/11\/funiber-autodisciplina-empresa#breadcrumb"},"inLanguage":"pt-BR","potentialAction":[{"@type":"ReadAction","target":["https:\/\/blogs.funiber.org\/pt\/empresas-e-rh\/2019\/08\/11\/funiber-autodisciplina-empresa"]}]},{"@type":"BreadcrumbList","@id":"https:\/\/blogs.funiber.org\/pt\/empresas-e-rh\/2019\/08\/11\/funiber-autodisciplina-empresa#breadcrumb","itemListElement":[{"@type":"ListItem","position":1,"name":"In\u00edcio","item":"https:\/\/blogs.funiber.org\/pt"},{"@type":"ListItem","position":2,"name":"Autodisciplina na empresa, mais valorizada que conhecimentos ou forma\u00e7\u00e3o"}]},{"@type":"WebSite","@id":"https:\/\/blogs.funiber.org\/pt\/#website","url":"https:\/\/blogs.funiber.org\/pt\/","name":"FuniBlogs - FUNIBER","description":"","publisher":{"@id":"https:\/\/blogs.funiber.org\/pt\/#organization"},"potentialAction":[{"@type":"SearchAction","target":{"@type":"EntryPoint","urlTemplate":"https:\/\/blogs.funiber.org\/pt\/?s={search_term_string}"},"query-input":"required name=search_term_string"}],"inLanguage":"pt-BR"},{"@type":"Organization","@id":"https:\/\/blogs.funiber.org\/pt\/#organization","name":"FuniBlogs - FUNIBER","url":"https:\/\/blogs.funiber.org\/pt\/","logo":{"@type":"ImageObject","inLanguage":"pt-BR","@id":"https:\/\/blogs.funiber.org\/pt\/#\/schema\/logo\/image\/","url":"https:\/\/www.funiber.blog\/pt\/wp-content\/uploads\/2022\/02\/logo-funiber-pt-br-v-dos.svg","contentUrl":"https:\/\/www.funiber.blog\/pt\/wp-content\/uploads\/2022\/02\/logo-funiber-pt-br-v-dos.svg","width":1,"height":1,"caption":"FuniBlogs - FUNIBER"},"image":{"@id":"https:\/\/blogs.funiber.org\/pt\/#\/schema\/logo\/image\/"},"sameAs":["https:\/\/www.facebook.com\/funiber","https:\/\/twitter.com\/FUNIBER","https:\/\/www.instagram.com\/funiber_becas","https:\/\/www.youtube.com\/user\/funiber","https:\/\/www.linkedin.com\/company\/funiber"]},{"@type":"Person","@id":"https:\/\/blogs.funiber.org\/pt\/#\/schema\/person\/a1eaaa5e57eac866a8c5946946bcf80d","name":"Michelle","image":{"@type":"ImageObject","inLanguage":"pt-BR","@id":"https:\/\/blogs.funiber.org\/pt\/#\/schema\/person\/image\/","url":"https:\/\/secure.gravatar.com\/avatar\/5e87041f7609dc50493cf216754fece1?s=96&d=mm&r=g","contentUrl":"https:\/\/secure.gravatar.com\/avatar\/5e87041f7609dc50493cf216754fece1?s=96&d=mm&r=g","caption":"Michelle"},"url":"https:\/\/www.funiber.blog\/pt\/author\/michelle-moreira"}]}},"jetpack_featured_media_url":"https:\/\/www.funiber.blog\/pt\/wp-content\/uploads\/2019\/08\/funiber-gestao-emocional.jpg","jetpack_shortlink":"https:\/\/wp.me\/p7ee1t-5cs","jetpack_sharing_enabled":true,"_links":{"self":[{"href":"https:\/\/www.funiber.blog\/pt\/wp-json\/wp\/v2\/posts\/19992"}],"collection":[{"href":"https:\/\/www.funiber.blog\/pt\/wp-json\/wp\/v2\/posts"}],"about":[{"href":"https:\/\/www.funiber.blog\/pt\/wp-json\/wp\/v2\/types\/post"}],"author":[{"embeddable":true,"href":"https:\/\/www.funiber.blog\/pt\/wp-json\/wp\/v2\/users\/10"}],"replies":[{"embeddable":true,"href":"https:\/\/www.funiber.blog\/pt\/wp-json\/wp\/v2\/comments?post=19992"}],"version-history":[{"count":1,"href":"https:\/\/www.funiber.blog\/pt\/wp-json\/wp\/v2\/posts\/19992\/revisions"}],"predecessor-version":[{"id":19995,"href":"https:\/\/www.funiber.blog\/pt\/wp-json\/wp\/v2\/posts\/19992\/revisions\/19995"}],"wp:featuredmedia":[{"embeddable":true,"href":"https:\/\/www.funiber.blog\/pt\/wp-json\/wp\/v2\/media\/19993"}],"wp:attachment":[{"href":"https:\/\/www.funiber.blog\/pt\/wp-json\/wp\/v2\/media?parent=19992"}],"wp:term":[{"taxonomy":"category","embeddable":true,"href":"https:\/\/www.funiber.blog\/pt\/wp-json\/wp\/v2\/categories?post=19992"},{"taxonomy":"post_tag","embeddable":true,"href":"https:\/\/www.funiber.blog\/pt\/wp-json\/wp\/v2\/tags?post=19992"}],"curies":[{"name":"wp","href":"https:\/\/api.w.org\/{rel}","templated":true}]}}