{"id":20142,"date":"2019-08-30T13:48:40","date_gmt":"2019-08-30T13:48:40","guid":{"rendered":"https:\/\/blogs.funiber.org\/pt\/?p=20142"},"modified":"2019-08-29T13:52:55","modified_gmt":"2019-08-29T13:52:55","slug":"funiber-gerontologia-tratamento","status":"publish","type":"post","link":"https:\/\/www.funiber.blog\/pt\/gerontologia\/2019\/08\/30\/funiber-gerontologia-tratamento","title":{"rendered":"Gerontologia, al\u00e9m do tratamento de doen\u00e7as"},"content":{"rendered":"<h2>A gerontologia tem se concentrado por um longo per\u00edodo na institucionaliza\u00e7\u00e3o dos servi\u00e7os geri\u00e1tricos. Hoje, essa disciplina abrange os processos de envelhecimento a partir de uma perspectiva hol\u00edstica<\/h2>\n<p>A gerontologia \u00e9 caracterizada por ser um ramo da medicina dedicado ao cuidado de idosos. Embora possa ser confundida com uma disciplina puramente cl\u00ednica, a gerontologia hoje abrange muitos processos e \u00e1reas, inclusive sociais, que n\u00e3o se limitam apenas ao diagn\u00f3stico e tratamento de doen\u00e7as.<!--more--><\/p>\n<p>Miguel \u00c1ngel Acanfora, especialista em gerontologia, geriatria e reabilita\u00e7\u00e3o, diz que \u201ca gerontologia se concentrou por muito tempo na institucionaliza\u00e7\u00e3o de pessoas em lares de idosos. Portanto, os servi\u00e7os de sa\u00fade estavam muito focados na patologia e seu tratamento \u201d.<\/p>\n<p>No entanto, acrescenta que, gra\u00e7as \u00e0 aplica\u00e7\u00e3o de medidas de preven\u00e7\u00e3o e promo\u00e7\u00e3o de uma vida saud\u00e1vel, a gerontologia assume um sentido mais global no cuidado deste grupo fundamental para favorecer a qualidade de vida.<\/p>\n<p>Oferecer solu\u00e7\u00f5es que melhorem a <strong>qualidade de vida dos idosos<\/strong> deve ser uma das premissas dos profissionais da gerontologia, juntamente com os aspectos cl\u00ednicos. Acanfora destaca que deve ser considerado extremamente importante na voca\u00e7\u00e3o gerontol\u00f3gica e ser uma quest\u00e3o central. A qualidade de vida n\u00e3o \u00e9 apenas entendida como uma quest\u00e3o f\u00edsica, mas inclui todos os elementos que influenciam o bem-estar das pessoas, como a socializa\u00e7\u00e3o.<\/p>\n<p>Os interessados \u200b\u200bem aspectos fundamentais no cuidado ao idoso, assim como nos processos envolvidos no est\u00e1gio do envelhecimento, podem acessar a forma\u00e7\u00e3o especializada na <a href=\"https:\/\/www.funiber.org.br\/mestrados-saude-e-nutricao\/gerontologia\" target=\"_blank\" rel=\"noopener noreferrer\">\u00e1rea de gerontologia,<\/a> patrocinado pela <a href=\"https:\/\/www.funiber.org.br\" target=\"_blank\" rel=\"noopener noreferrer\">FUNIBER<\/a>.<\/p>\n<p>Fonte: <a href=\"https:\/\/tn.com.ar\/salud\/lo-ultimo\/la-gerontologia-mas-alla-del-geriatrico-abordar-la-tercera-edad-desde-un-aspecto-social_949673\" target=\"_blank\" rel=\"noopener noreferrer\">La gerontolog\u00eda, m\u00e1s all\u00e1 del geri\u00e1trico: abordar la tercera edad desde un aspecto social<\/a><\/p>\n<p>Imagem: Todos os direitos reservados<\/p>\n","protected":false},"excerpt":{"rendered":"<p>A gerontologia tem se concentrado por um longo per\u00edodo na institucionaliza\u00e7\u00e3o dos servi\u00e7os geri\u00e1tricos. Hoje, essa disciplina abrange os processos de envelhecimento a partir de uma perspectiva hol\u00edstica A gerontologia \u00e9 caracterizada por ser um ramo da medicina dedicado ao cuidado de idosos. Embora possa ser confundida com uma disciplina puramente cl\u00ednica, a gerontologia hoje [&hellip;]<\/p>\n","protected":false},"author":10,"featured_media":20143,"comment_status":"closed","ping_status":"closed","sticky":false,"template":"","format":"standard","meta":{"jetpack_post_was_ever_published":false,"_jetpack_newsletter_access":"","_jetpack_newsletter_tier_id":0,"footnotes":"","jetpack_publicize_message":"","jetpack_is_tweetstorm":false,"jetpack_publicize_feature_enabled":true,"jetpack_social_post_already_shared":true,"jetpack_social_options":{"image_generator_settings":{"template":"highway","enabled":false}}},"categories":[1],"tags":[1242,228,122,285,408,100,119,911,267,245,671,641,255,113,26,217,244],"jetpack_publicize_connections":[],"yoast_head":"<!-- This site is optimized with the Yoast SEO plugin v21.7 - https:\/\/yoast.com\/wordpress\/plugins\/seo\/ -->\n<title>Gerontologia, al\u00e9m do tratamento de doen\u00e7as<\/title>\n<meta name=\"description\" content=\"A gerontologia tem se concentrado por um longo per\u00edodo na institucionaliza\u00e7\u00e3o dos servi\u00e7os geri\u00e1tricos. Hoje, essa disciplina abrange os processos de envelhecimento a partir de uma perspectiva hol\u00edstica\" \/>\n<meta name=\"robots\" content=\"index, follow, max-snippet:-1, max-image-preview:large, max-video-preview:-1\" \/>\n<link rel=\"canonical\" href=\"https:\/\/blogs.funiber.org\/pt\/gerontologia\/2019\/08\/30\/funiber-gerontologia-tratamento\" \/>\n<meta property=\"og:locale\" content=\"pt_BR\" \/>\n<meta property=\"og:type\" content=\"article\" \/>\n<meta property=\"og:title\" content=\"Gerontologia, al\u00e9m do tratamento de doen\u00e7as\" \/>\n<meta property=\"og:description\" content=\"A gerontologia tem se concentrado por um longo per\u00edodo na institucionaliza\u00e7\u00e3o dos servi\u00e7os geri\u00e1tricos. Hoje, essa disciplina abrange os processos de envelhecimento a partir de uma perspectiva hol\u00edstica\" \/>\n<meta property=\"og:url\" content=\"https:\/\/blogs.funiber.org\/pt\/gerontologia\/2019\/08\/30\/funiber-gerontologia-tratamento\" \/>\n<meta property=\"og:site_name\" content=\"FuniBlogs - FUNIBER\" \/>\n<meta property=\"article:publisher\" content=\"https:\/\/www.facebook.com\/funiber\" \/>\n<meta property=\"article:published_time\" content=\"2019-08-30T13:48:40+00:00\" \/>\n<meta property=\"article:modified_time\" content=\"2019-08-29T13:52:55+00:00\" \/>\n<meta property=\"og:image\" content=\"https:\/\/blogs.funiber.org\/pt\/wp-content\/uploads\/2019\/08\/funiber-tratamento-doencas.jpg\" \/>\n\t<meta property=\"og:image:width\" content=\"800\" \/>\n\t<meta property=\"og:image:height\" content=\"533\" \/>\n\t<meta property=\"og:image:type\" content=\"image\/jpeg\" \/>\n<meta name=\"author\" content=\"Michelle\" \/>\n<meta name=\"twitter:card\" content=\"summary_large_image\" \/>\n<meta name=\"twitter:creator\" content=\"@FUNIBER\" \/>\n<meta name=\"twitter:site\" content=\"@FUNIBER\" \/>\n<meta name=\"twitter:label1\" content=\"Escrito por\" \/>\n\t<meta name=\"twitter:data1\" content=\"Michelle\" \/>\n\t<meta name=\"twitter:label2\" content=\"Est. tempo de leitura\" \/>\n\t<meta name=\"twitter:data2\" content=\"1 minuto\" \/>\n<script type=\"application\/ld+json\" class=\"yoast-schema-graph\">{\"@context\":\"https:\/\/schema.org\",\"@graph\":[{\"@type\":\"Article\",\"@id\":\"https:\/\/blogs.funiber.org\/pt\/gerontologia\/2019\/08\/30\/funiber-gerontologia-tratamento#article\",\"isPartOf\":{\"@id\":\"https:\/\/blogs.funiber.org\/pt\/gerontologia\/2019\/08\/30\/funiber-gerontologia-tratamento\"},\"author\":{\"name\":\"Michelle\",\"@id\":\"https:\/\/blogs.funiber.org\/pt\/#\/schema\/person\/a1eaaa5e57eac866a8c5946946bcf80d\"},\"headline\":\"Gerontologia, al\u00e9m do tratamento de doen\u00e7as\",\"datePublished\":\"2019-08-30T13:48:40+00:00\",\"dateModified\":\"2019-08-29T13:52:55+00:00\",\"mainEntityOfPage\":{\"@id\":\"https:\/\/blogs.funiber.org\/pt\/gerontologia\/2019\/08\/30\/funiber-gerontologia-tratamento\"},\"wordCount\":300,\"publisher\":{\"@id\":\"https:\/\/blogs.funiber.org\/pt\/#organization\"},\"keywords\":[\"Bolsas\",\"Cuidados\",\"Doen\u00e7as\",\"Educa\u00e7\u00e3o\",\"Educa\u00e7\u00e3o a Dist\u00e2ncia\",\"Envelhecimento\",\"Estudos\",\"FUNIBER Opini\u00f5es\",\"Idosos\",\"Medicina\",\"mestrado\",\"Opini\u00e3o FUNIBER\",\"Opini\u00f5es Funiber\",\"Sa\u00fade\",\"tecnologia\",\"Terceira idade\",\"Tratamento\"],\"articleSection\":[\"Gerontologia\"],\"inLanguage\":\"pt-BR\"},{\"@type\":\"WebPage\",\"@id\":\"https:\/\/blogs.funiber.org\/pt\/gerontologia\/2019\/08\/30\/funiber-gerontologia-tratamento\",\"url\":\"https:\/\/blogs.funiber.org\/pt\/gerontologia\/2019\/08\/30\/funiber-gerontologia-tratamento\",\"name\":\"Gerontologia, al\u00e9m do tratamento de doen\u00e7as\",\"isPartOf\":{\"@id\":\"https:\/\/blogs.funiber.org\/pt\/#website\"},\"datePublished\":\"2019-08-30T13:48:40+00:00\",\"dateModified\":\"2019-08-29T13:52:55+00:00\",\"description\":\"A gerontologia tem se concentrado por um longo per\u00edodo na institucionaliza\u00e7\u00e3o dos servi\u00e7os geri\u00e1tricos. Hoje, essa disciplina abrange os processos de envelhecimento a partir de uma perspectiva hol\u00edstica\",\"breadcrumb\":{\"@id\":\"https:\/\/blogs.funiber.org\/pt\/gerontologia\/2019\/08\/30\/funiber-gerontologia-tratamento#breadcrumb\"},\"inLanguage\":\"pt-BR\",\"potentialAction\":[{\"@type\":\"ReadAction\",\"target\":[\"https:\/\/blogs.funiber.org\/pt\/gerontologia\/2019\/08\/30\/funiber-gerontologia-tratamento\"]}]},{\"@type\":\"BreadcrumbList\",\"@id\":\"https:\/\/blogs.funiber.org\/pt\/gerontologia\/2019\/08\/30\/funiber-gerontologia-tratamento#breadcrumb\",\"itemListElement\":[{\"@type\":\"ListItem\",\"position\":1,\"name\":\"In\u00edcio\",\"item\":\"https:\/\/blogs.funiber.org\/pt\"},{\"@type\":\"ListItem\",\"position\":2,\"name\":\"Gerontologia, al\u00e9m do tratamento de doen\u00e7as\"}]},{\"@type\":\"WebSite\",\"@id\":\"https:\/\/blogs.funiber.org\/pt\/#website\",\"url\":\"https:\/\/blogs.funiber.org\/pt\/\",\"name\":\"FuniBlogs - FUNIBER\",\"description\":\"\",\"publisher\":{\"@id\":\"https:\/\/blogs.funiber.org\/pt\/#organization\"},\"potentialAction\":[{\"@type\":\"SearchAction\",\"target\":{\"@type\":\"EntryPoint\",\"urlTemplate\":\"https:\/\/blogs.funiber.org\/pt\/?s={search_term_string}\"},\"query-input\":\"required name=search_term_string\"}],\"inLanguage\":\"pt-BR\"},{\"@type\":\"Organization\",\"@id\":\"https:\/\/blogs.funiber.org\/pt\/#organization\",\"name\":\"FuniBlogs - FUNIBER\",\"url\":\"https:\/\/blogs.funiber.org\/pt\/\",\"logo\":{\"@type\":\"ImageObject\",\"inLanguage\":\"pt-BR\",\"@id\":\"https:\/\/blogs.funiber.org\/pt\/#\/schema\/logo\/image\/\",\"url\":\"https:\/\/www.funiber.blog\/pt\/wp-content\/uploads\/2022\/02\/logo-funiber-pt-br-v-dos.svg\",\"contentUrl\":\"https:\/\/www.funiber.blog\/pt\/wp-content\/uploads\/2022\/02\/logo-funiber-pt-br-v-dos.svg\",\"width\":1,\"height\":1,\"caption\":\"FuniBlogs - FUNIBER\"},\"image\":{\"@id\":\"https:\/\/blogs.funiber.org\/pt\/#\/schema\/logo\/image\/\"},\"sameAs\":[\"https:\/\/www.facebook.com\/funiber\",\"https:\/\/twitter.com\/FUNIBER\",\"https:\/\/www.instagram.com\/funiber_becas\",\"https:\/\/www.youtube.com\/user\/funiber\",\"https:\/\/www.linkedin.com\/company\/funiber\"]},{\"@type\":\"Person\",\"@id\":\"https:\/\/blogs.funiber.org\/pt\/#\/schema\/person\/a1eaaa5e57eac866a8c5946946bcf80d\",\"name\":\"Michelle\",\"image\":{\"@type\":\"ImageObject\",\"inLanguage\":\"pt-BR\",\"@id\":\"https:\/\/blogs.funiber.org\/pt\/#\/schema\/person\/image\/\",\"url\":\"https:\/\/secure.gravatar.com\/avatar\/5e87041f7609dc50493cf216754fece1?s=96&d=mm&r=g\",\"contentUrl\":\"https:\/\/secure.gravatar.com\/avatar\/5e87041f7609dc50493cf216754fece1?s=96&d=mm&r=g\",\"caption\":\"Michelle\"},\"url\":\"https:\/\/www.funiber.blog\/pt\/author\/michelle-moreira\"}]}<\/script>\n<!-- \/ Yoast SEO plugin. -->","yoast_head_json":{"title":"Gerontologia, al\u00e9m do tratamento de doen\u00e7as","description":"A gerontologia tem se concentrado por um longo per\u00edodo na institucionaliza\u00e7\u00e3o dos servi\u00e7os geri\u00e1tricos. Hoje, essa disciplina abrange os processos de envelhecimento a partir de uma perspectiva hol\u00edstica","robots":{"index":"index","follow":"follow","max-snippet":"max-snippet:-1","max-image-preview":"max-image-preview:large","max-video-preview":"max-video-preview:-1"},"canonical":"https:\/\/blogs.funiber.org\/pt\/gerontologia\/2019\/08\/30\/funiber-gerontologia-tratamento","og_locale":"pt_BR","og_type":"article","og_title":"Gerontologia, al\u00e9m do tratamento de doen\u00e7as","og_description":"A gerontologia tem se concentrado por um longo per\u00edodo na institucionaliza\u00e7\u00e3o dos servi\u00e7os geri\u00e1tricos. Hoje, essa disciplina abrange os processos de envelhecimento a partir de uma perspectiva hol\u00edstica","og_url":"https:\/\/blogs.funiber.org\/pt\/gerontologia\/2019\/08\/30\/funiber-gerontologia-tratamento","og_site_name":"FuniBlogs - FUNIBER","article_publisher":"https:\/\/www.facebook.com\/funiber","article_published_time":"2019-08-30T13:48:40+00:00","article_modified_time":"2019-08-29T13:52:55+00:00","og_image":[{"width":800,"height":533,"url":"https:\/\/blogs.funiber.org\/pt\/wp-content\/uploads\/2019\/08\/funiber-tratamento-doencas.jpg","type":"image\/jpeg"}],"author":"Michelle","twitter_card":"summary_large_image","twitter_creator":"@FUNIBER","twitter_site":"@FUNIBER","twitter_misc":{"Escrito por":"Michelle","Est. tempo de leitura":"1 minuto"},"schema":{"@context":"https:\/\/schema.org","@graph":[{"@type":"Article","@id":"https:\/\/blogs.funiber.org\/pt\/gerontologia\/2019\/08\/30\/funiber-gerontologia-tratamento#article","isPartOf":{"@id":"https:\/\/blogs.funiber.org\/pt\/gerontologia\/2019\/08\/30\/funiber-gerontologia-tratamento"},"author":{"name":"Michelle","@id":"https:\/\/blogs.funiber.org\/pt\/#\/schema\/person\/a1eaaa5e57eac866a8c5946946bcf80d"},"headline":"Gerontologia, al\u00e9m do tratamento de doen\u00e7as","datePublished":"2019-08-30T13:48:40+00:00","dateModified":"2019-08-29T13:52:55+00:00","mainEntityOfPage":{"@id":"https:\/\/blogs.funiber.org\/pt\/gerontologia\/2019\/08\/30\/funiber-gerontologia-tratamento"},"wordCount":300,"publisher":{"@id":"https:\/\/blogs.funiber.org\/pt\/#organization"},"keywords":["Bolsas","Cuidados","Doen\u00e7as","Educa\u00e7\u00e3o","Educa\u00e7\u00e3o a Dist\u00e2ncia","Envelhecimento","Estudos","FUNIBER Opini\u00f5es","Idosos","Medicina","mestrado","Opini\u00e3o FUNIBER","Opini\u00f5es Funiber","Sa\u00fade","tecnologia","Terceira idade","Tratamento"],"articleSection":["Gerontologia"],"inLanguage":"pt-BR"},{"@type":"WebPage","@id":"https:\/\/blogs.funiber.org\/pt\/gerontologia\/2019\/08\/30\/funiber-gerontologia-tratamento","url":"https:\/\/blogs.funiber.org\/pt\/gerontologia\/2019\/08\/30\/funiber-gerontologia-tratamento","name":"Gerontologia, al\u00e9m do tratamento de doen\u00e7as","isPartOf":{"@id":"https:\/\/blogs.funiber.org\/pt\/#website"},"datePublished":"2019-08-30T13:48:40+00:00","dateModified":"2019-08-29T13:52:55+00:00","description":"A gerontologia tem se concentrado por um longo per\u00edodo na institucionaliza\u00e7\u00e3o dos servi\u00e7os geri\u00e1tricos. Hoje, essa disciplina abrange os processos de envelhecimento a partir de uma perspectiva hol\u00edstica","breadcrumb":{"@id":"https:\/\/blogs.funiber.org\/pt\/gerontologia\/2019\/08\/30\/funiber-gerontologia-tratamento#breadcrumb"},"inLanguage":"pt-BR","potentialAction":[{"@type":"ReadAction","target":["https:\/\/blogs.funiber.org\/pt\/gerontologia\/2019\/08\/30\/funiber-gerontologia-tratamento"]}]},{"@type":"BreadcrumbList","@id":"https:\/\/blogs.funiber.org\/pt\/gerontologia\/2019\/08\/30\/funiber-gerontologia-tratamento#breadcrumb","itemListElement":[{"@type":"ListItem","position":1,"name":"In\u00edcio","item":"https:\/\/blogs.funiber.org\/pt"},{"@type":"ListItem","position":2,"name":"Gerontologia, al\u00e9m do tratamento de doen\u00e7as"}]},{"@type":"WebSite","@id":"https:\/\/blogs.funiber.org\/pt\/#website","url":"https:\/\/blogs.funiber.org\/pt\/","name":"FuniBlogs - FUNIBER","description":"","publisher":{"@id":"https:\/\/blogs.funiber.org\/pt\/#organization"},"potentialAction":[{"@type":"SearchAction","target":{"@type":"EntryPoint","urlTemplate":"https:\/\/blogs.funiber.org\/pt\/?s={search_term_string}"},"query-input":"required name=search_term_string"}],"inLanguage":"pt-BR"},{"@type":"Organization","@id":"https:\/\/blogs.funiber.org\/pt\/#organization","name":"FuniBlogs - FUNIBER","url":"https:\/\/blogs.funiber.org\/pt\/","logo":{"@type":"ImageObject","inLanguage":"pt-BR","@id":"https:\/\/blogs.funiber.org\/pt\/#\/schema\/logo\/image\/","url":"https:\/\/www.funiber.blog\/pt\/wp-content\/uploads\/2022\/02\/logo-funiber-pt-br-v-dos.svg","contentUrl":"https:\/\/www.funiber.blog\/pt\/wp-content\/uploads\/2022\/02\/logo-funiber-pt-br-v-dos.svg","width":1,"height":1,"caption":"FuniBlogs - FUNIBER"},"image":{"@id":"https:\/\/blogs.funiber.org\/pt\/#\/schema\/logo\/image\/"},"sameAs":["https:\/\/www.facebook.com\/funiber","https:\/\/twitter.com\/FUNIBER","https:\/\/www.instagram.com\/funiber_becas","https:\/\/www.youtube.com\/user\/funiber","https:\/\/www.linkedin.com\/company\/funiber"]},{"@type":"Person","@id":"https:\/\/blogs.funiber.org\/pt\/#\/schema\/person\/a1eaaa5e57eac866a8c5946946bcf80d","name":"Michelle","image":{"@type":"ImageObject","inLanguage":"pt-BR","@id":"https:\/\/blogs.funiber.org\/pt\/#\/schema\/person\/image\/","url":"https:\/\/secure.gravatar.com\/avatar\/5e87041f7609dc50493cf216754fece1?s=96&d=mm&r=g","contentUrl":"https:\/\/secure.gravatar.com\/avatar\/5e87041f7609dc50493cf216754fece1?s=96&d=mm&r=g","caption":"Michelle"},"url":"https:\/\/www.funiber.blog\/pt\/author\/michelle-moreira"}]}},"jetpack_featured_media_url":"https:\/\/www.funiber.blog\/pt\/wp-content\/uploads\/2019\/08\/funiber-tratamento-doencas.jpg","jetpack_shortlink":"https:\/\/wp.me\/p7ee1t-5eS","jetpack_sharing_enabled":true,"_links":{"self":[{"href":"https:\/\/www.funiber.blog\/pt\/wp-json\/wp\/v2\/posts\/20142"}],"collection":[{"href":"https:\/\/www.funiber.blog\/pt\/wp-json\/wp\/v2\/posts"}],"about":[{"href":"https:\/\/www.funiber.blog\/pt\/wp-json\/wp\/v2\/types\/post"}],"author":[{"embeddable":true,"href":"https:\/\/www.funiber.blog\/pt\/wp-json\/wp\/v2\/users\/10"}],"replies":[{"embeddable":true,"href":"https:\/\/www.funiber.blog\/pt\/wp-json\/wp\/v2\/comments?post=20142"}],"version-history":[{"count":1,"href":"https:\/\/www.funiber.blog\/pt\/wp-json\/wp\/v2\/posts\/20142\/revisions"}],"predecessor-version":[{"id":20144,"href":"https:\/\/www.funiber.blog\/pt\/wp-json\/wp\/v2\/posts\/20142\/revisions\/20144"}],"wp:featuredmedia":[{"embeddable":true,"href":"https:\/\/www.funiber.blog\/pt\/wp-json\/wp\/v2\/media\/20143"}],"wp:attachment":[{"href":"https:\/\/www.funiber.blog\/pt\/wp-json\/wp\/v2\/media?parent=20142"}],"wp:term":[{"taxonomy":"category","embeddable":true,"href":"https:\/\/www.funiber.blog\/pt\/wp-json\/wp\/v2\/categories?post=20142"},{"taxonomy":"post_tag","embeddable":true,"href":"https:\/\/www.funiber.blog\/pt\/wp-json\/wp\/v2\/tags?post=20142"}],"curies":[{"name":"wp","href":"https:\/\/api.w.org\/{rel}","templated":true}]}}