{"id":2062,"date":"2010-11-09T17:26:58","date_gmt":"2010-11-09T16:26:58","guid":{"rendered":"http:\/\/blogs.funiber.org\/pt\/?p=2062"},"modified":"2010-10-19T17:32:41","modified_gmt":"2010-10-19T16:32:41","slug":"a-ti-estrategica-no-servico-publico-desafios-para-o-seculo-xxi","status":"publish","type":"post","link":"https:\/\/www.funiber.blog\/pt\/empresas-e-rh\/2010\/11\/09\/a-ti-estrategica-no-servico-publico-desafios-para-o-seculo-xxi","title":{"rendered":"A TI estrat\u00e9gica no servi\u00e7o p\u00fablico: desafios para o s\u00e9culo XXI"},"content":{"rendered":"<p style=\"text-align: justify\">Planejar e administrar as atividades de TI \u00e9 um desafio na maioria das organiza\u00e7\u00f5es. Engana-se quem pensa que o uso da TI pode ser efetivo simplesmente ap\u00f3s sua ado\u00e7\u00e3o. Organiza\u00e7\u00f5es de quaisquer que sejam os seus fins necessitam ter um Planejamento de TI bem definido. Em tal planejamento, todas as quest\u00f5es referentes ao componente de TI devem ser abordadas \u2013 infra-estrutura, rela\u00e7\u00f5es, aplica\u00e7\u00e3o da TI, desempenho financeiro, pol\u00edtica e estrutura de TI. Sobretudo, tais quest\u00f5es devem estar intimamente ligadas com a estrat\u00e9gia da organiza\u00e7\u00e3o, utilizando a TI como uma plataforma de apoio ao alcance da vis\u00e3o, pois assim teremos uma gera\u00e7\u00e3o de valor atrav\u00e9s desses recursos adotados.<\/p>\n<p style=\"text-align: justify\"><!--more-->A gest\u00e3o da TI na administra\u00e7\u00e3o p\u00fablica deve vislumbrar n\u00e3o apenas o contexto interno da organiza\u00e7\u00e3o que visa obter a efic\u00e1cia organizacional, mas principalmente o ambiente externo, que diferencia a qualidade dos servi\u00e7os prestados ao cidad\u00e3o, contribuindo para uma atua\u00e7\u00e3o eficaz do poder p\u00fablico na \u00e1rea de atua\u00e7\u00e3o de sua compet\u00eancia. Al\u00e9m de melhorias no ambiente interno da organiza\u00e7\u00e3o, pelo aumento da efic\u00e1cia organizacional &#8211; agiliza\u00e7\u00e3o de processos, da estrutura, da comunica\u00e7\u00e3o e a elimina\u00e7\u00e3o da burocracia &#8211; o uso estrat\u00e9gico da TI e a administra\u00e7\u00e3o dos recursos de inform\u00e1tica pode e deve melhorar o atendimento da popula\u00e7\u00e3o e os servi\u00e7os prestados ao cidad\u00e3o.<\/p>\n<p style=\"text-align: justify\"><strong>Estrat\u00e9gia organizacional voltada para a Tecnologia da Informa\u00e7\u00e3o<\/strong><\/p>\n<p style=\"text-align: justify\">O planejamento estrat\u00e9gico de uma empresa deve em primeira inst\u00e2ncia entrar em acordo, estar coerente com a miss\u00e3o e a vis\u00e3o da empresa para n\u00e3o ocorrer desvirtuamento da ess\u00eancia da organiza\u00e7\u00e3o, do que ela representa perante a sociedade. No \u00e2mbito das empresas p\u00fablicas, o objetivo principal \u00e9 servir cada vez melhor o cidad\u00e3o no papel de cliente usu\u00e1rio. A tecnologia da informa\u00e7\u00e3o empregada com sucesso numa empresa garante maior efici\u00eancia nas opera\u00e7\u00f5es, uma organiza\u00e7\u00e3o mais efetiva, um ambiente de trabalho melhor para os empregados e uma empresa mais competitiva.<\/p>\n<p style=\"text-align: justify\">Primeiramente \u00e9 preciso entender que a TI transforma a organiza\u00e7\u00e3o, ela deve ser incorporada numa nova estrutura organizacional capaz de integrar todas as tecnologias e extrair o m\u00e1ximo potencial que elas t\u00eam a oferecer atrav\u00e9s das m\u00e3os, do trabalho do funcion\u00e1rio. A TI se apresenta como uma inova\u00e7\u00e3o, ela traz mudan\u00e7a, e uma mudan\u00e7a revolucion\u00e1ria para a empresa, que reestrutura a organiza\u00e7\u00e3o no cotidiano do trabalho, na estrutura da empresa, nas rela\u00e7\u00f5es interorganizacionais e apoia o desenvolvimento nacional melhorando a educa\u00e7\u00e3o e facilitando o com\u00e9rcio.<\/p>\n<p style=\"text-align: justify\">O planejamento de uma empresa como j\u00e1 dito anteriormente deve estar coerente com a miss\u00e3o e a vis\u00e3o da empresa, a partir dos objetivos organizacionais, das diretrizes e premissas, determinadas pela alta c\u00fapula da empresa. Assim se torna poss\u00edvel integrar a TI no planejamento dando a TI o titulo de TI estrat\u00e9gica. \u00c9 importante que a TI se torne parte integrante do planejamento da empresa, e isso s\u00f3 se torna poss\u00edvel com a integra\u00e7\u00e3o das diversas \u00e1reas que comp\u00f5em os processos da organiza\u00e7\u00e3o.<\/p>\n<h5 style=\"text-align: justify\"><span style=\"color: #888888\"><em>Por Fernando Ant\u00f4nio de Melo Pereira via Administradores.com<\/em><\/span><\/h5>\n","protected":false},"excerpt":{"rendered":"<p>Planejar e administrar as atividades de TI \u00e9 um desafio na maioria das organiza\u00e7\u00f5es. Engana-se quem pensa que o uso da TI pode ser efetivo simplesmente ap\u00f3s sua ado\u00e7\u00e3o. Organiza\u00e7\u00f5es de quaisquer que sejam os seus fins necessitam ter um Planejamento de TI bem definido. Em tal planejamento, todas as quest\u00f5es referentes ao componente de [&hellip;]<\/p>\n","protected":false},"author":13,"featured_media":0,"comment_status":"open","ping_status":"open","sticky":false,"template":"","format":"standard","meta":{"jetpack_post_was_ever_published":false,"_jetpack_newsletter_access":"","_jetpack_newsletter_tier_id":0,"footnotes":"","jetpack_publicize_message":"","jetpack_is_tweetstorm":false,"jetpack_publicize_feature_enabled":true,"jetpack_social_post_already_shared":false,"jetpack_social_options":{"image_generator_settings":{"template":"highway","enabled":false}}},"categories":[8],"tags":[],"jetpack_publicize_connections":[],"yoast_head":"<!-- This site is optimized with the Yoast SEO plugin v21.7 - https:\/\/yoast.com\/wordpress\/plugins\/seo\/ -->\n<title>A TI estrat\u00e9gica no servi\u00e7o p\u00fablico: desafios para o s\u00e9culo XXI - FuniBlogs - FUNIBER<\/title>\n<meta name=\"robots\" content=\"noindex, nofollow\" \/>\n<meta property=\"og:locale\" content=\"pt_BR\" \/>\n<meta property=\"og:type\" content=\"article\" \/>\n<meta property=\"og:title\" content=\"A TI estrat\u00e9gica no servi\u00e7o p\u00fablico: desafios para o s\u00e9culo XXI - FuniBlogs - FUNIBER\" \/>\n<meta property=\"og:description\" content=\"Planejar e administrar as atividades de TI \u00e9 um desafio na maioria das organiza\u00e7\u00f5es. Engana-se quem pensa que o uso da TI pode ser efetivo simplesmente ap\u00f3s sua ado\u00e7\u00e3o. Organiza\u00e7\u00f5es de quaisquer que sejam os seus fins necessitam ter um Planejamento de TI bem definido. Em tal planejamento, todas as quest\u00f5es referentes ao componente de [&hellip;]\" \/>\n<meta property=\"og:url\" content=\"https:\/\/blogs.funiber.org\/pt\/empresas-e-rh\/2010\/11\/09\/a-ti-estrategica-no-servico-publico-desafios-para-o-seculo-xxi\" \/>\n<meta property=\"og:site_name\" content=\"FuniBlogs - FUNIBER\" \/>\n<meta property=\"article:publisher\" content=\"https:\/\/www.facebook.com\/funiber\" \/>\n<meta property=\"article:published_time\" content=\"2010-11-09T16:26:58+00:00\" \/>\n<meta property=\"article:modified_time\" content=\"2010-10-19T16:32:41+00:00\" \/>\n<meta name=\"author\" content=\"Administrador Blogs CT\" \/>\n<meta name=\"twitter:card\" content=\"summary_large_image\" \/>\n<meta name=\"twitter:creator\" content=\"@FUNIBER\" \/>\n<meta name=\"twitter:site\" content=\"@FUNIBER\" \/>\n<meta name=\"twitter:label1\" content=\"Escrito por\" \/>\n\t<meta name=\"twitter:data1\" content=\"Administrador Blogs CT\" \/>\n\t<meta name=\"twitter:label2\" content=\"Est. tempo de leitura\" \/>\n\t<meta name=\"twitter:data2\" content=\"3 minutos\" \/>\n<script type=\"application\/ld+json\" class=\"yoast-schema-graph\">{\"@context\":\"https:\/\/schema.org\",\"@graph\":[{\"@type\":\"Article\",\"@id\":\"https:\/\/blogs.funiber.org\/pt\/empresas-e-rh\/2010\/11\/09\/a-ti-estrategica-no-servico-publico-desafios-para-o-seculo-xxi#article\",\"isPartOf\":{\"@id\":\"https:\/\/blogs.funiber.org\/pt\/empresas-e-rh\/2010\/11\/09\/a-ti-estrategica-no-servico-publico-desafios-para-o-seculo-xxi\"},\"author\":{\"name\":\"Administrador Blogs CT\",\"@id\":\"https:\/\/blogs.funiber.org\/pt\/#\/schema\/person\/0eae3cfb523a46b015366e49f7c79e8f\"},\"headline\":\"A TI estrat\u00e9gica no servi\u00e7o p\u00fablico: desafios para o s\u00e9culo XXI\",\"datePublished\":\"2010-11-09T16:26:58+00:00\",\"dateModified\":\"2010-10-19T16:32:41+00:00\",\"mainEntityOfPage\":{\"@id\":\"https:\/\/blogs.funiber.org\/pt\/empresas-e-rh\/2010\/11\/09\/a-ti-estrategica-no-servico-publico-desafios-para-o-seculo-xxi\"},\"wordCount\":573,\"commentCount\":0,\"publisher\":{\"@id\":\"https:\/\/blogs.funiber.org\/pt\/#organization\"},\"articleSection\":[\"Empresas, Dire\u00e7\u00e3o e RH\"],\"inLanguage\":\"pt-BR\"},{\"@type\":\"WebPage\",\"@id\":\"https:\/\/blogs.funiber.org\/pt\/empresas-e-rh\/2010\/11\/09\/a-ti-estrategica-no-servico-publico-desafios-para-o-seculo-xxi\",\"url\":\"https:\/\/blogs.funiber.org\/pt\/empresas-e-rh\/2010\/11\/09\/a-ti-estrategica-no-servico-publico-desafios-para-o-seculo-xxi\",\"name\":\"A TI estrat\u00e9gica no servi\u00e7o p\u00fablico: desafios para o s\u00e9culo XXI - FuniBlogs - FUNIBER\",\"isPartOf\":{\"@id\":\"https:\/\/blogs.funiber.org\/pt\/#website\"},\"datePublished\":\"2010-11-09T16:26:58+00:00\",\"dateModified\":\"2010-10-19T16:32:41+00:00\",\"breadcrumb\":{\"@id\":\"https:\/\/blogs.funiber.org\/pt\/empresas-e-rh\/2010\/11\/09\/a-ti-estrategica-no-servico-publico-desafios-para-o-seculo-xxi#breadcrumb\"},\"inLanguage\":\"pt-BR\",\"potentialAction\":[{\"@type\":\"ReadAction\",\"target\":[\"https:\/\/blogs.funiber.org\/pt\/empresas-e-rh\/2010\/11\/09\/a-ti-estrategica-no-servico-publico-desafios-para-o-seculo-xxi\"]}]},{\"@type\":\"BreadcrumbList\",\"@id\":\"https:\/\/blogs.funiber.org\/pt\/empresas-e-rh\/2010\/11\/09\/a-ti-estrategica-no-servico-publico-desafios-para-o-seculo-xxi#breadcrumb\",\"itemListElement\":[{\"@type\":\"ListItem\",\"position\":1,\"name\":\"In\u00edcio\",\"item\":\"https:\/\/blogs.funiber.org\/pt\"},{\"@type\":\"ListItem\",\"position\":2,\"name\":\"A TI estrat\u00e9gica no servi\u00e7o p\u00fablico: desafios para o s\u00e9culo XXI\"}]},{\"@type\":\"WebSite\",\"@id\":\"https:\/\/blogs.funiber.org\/pt\/#website\",\"url\":\"https:\/\/blogs.funiber.org\/pt\/\",\"name\":\"FuniBlogs - FUNIBER\",\"description\":\"\",\"publisher\":{\"@id\":\"https:\/\/blogs.funiber.org\/pt\/#organization\"},\"potentialAction\":[{\"@type\":\"SearchAction\",\"target\":{\"@type\":\"EntryPoint\",\"urlTemplate\":\"https:\/\/blogs.funiber.org\/pt\/?s={search_term_string}\"},\"query-input\":\"required name=search_term_string\"}],\"inLanguage\":\"pt-BR\"},{\"@type\":\"Organization\",\"@id\":\"https:\/\/blogs.funiber.org\/pt\/#organization\",\"name\":\"FuniBlogs - FUNIBER\",\"url\":\"https:\/\/blogs.funiber.org\/pt\/\",\"logo\":{\"@type\":\"ImageObject\",\"inLanguage\":\"pt-BR\",\"@id\":\"https:\/\/blogs.funiber.org\/pt\/#\/schema\/logo\/image\/\",\"url\":\"https:\/\/www.funiber.blog\/pt\/wp-content\/uploads\/2022\/02\/logo-funiber-pt-br-v-dos.svg\",\"contentUrl\":\"https:\/\/www.funiber.blog\/pt\/wp-content\/uploads\/2022\/02\/logo-funiber-pt-br-v-dos.svg\",\"width\":1,\"height\":1,\"caption\":\"FuniBlogs - FUNIBER\"},\"image\":{\"@id\":\"https:\/\/blogs.funiber.org\/pt\/#\/schema\/logo\/image\/\"},\"sameAs\":[\"https:\/\/www.facebook.com\/funiber\",\"https:\/\/twitter.com\/FUNIBER\",\"https:\/\/www.instagram.com\/funiber_becas\",\"https:\/\/www.youtube.com\/user\/funiber\",\"https:\/\/www.linkedin.com\/company\/funiber\"]},{\"@type\":\"Person\",\"@id\":\"https:\/\/blogs.funiber.org\/pt\/#\/schema\/person\/0eae3cfb523a46b015366e49f7c79e8f\",\"name\":\"Administrador Blogs CT\",\"image\":{\"@type\":\"ImageObject\",\"inLanguage\":\"pt-BR\",\"@id\":\"https:\/\/blogs.funiber.org\/pt\/#\/schema\/person\/image\/\",\"url\":\"https:\/\/secure.gravatar.com\/avatar\/097db6469009a1dba4db4c0390a1e929?s=96&d=mm&r=g\",\"contentUrl\":\"https:\/\/secure.gravatar.com\/avatar\/097db6469009a1dba4db4c0390a1e929?s=96&d=mm&r=g\",\"caption\":\"Administrador Blogs CT\"},\"url\":\"https:\/\/www.funiber.blog\/pt\/author\/ct-admin\"}]}<\/script>\n<!-- \/ Yoast SEO plugin. -->","yoast_head_json":{"title":"A TI estrat\u00e9gica no servi\u00e7o p\u00fablico: desafios para o s\u00e9culo XXI - FuniBlogs - FUNIBER","robots":{"index":"noindex","follow":"nofollow"},"og_locale":"pt_BR","og_type":"article","og_title":"A TI estrat\u00e9gica no servi\u00e7o p\u00fablico: desafios para o s\u00e9culo XXI - FuniBlogs - FUNIBER","og_description":"Planejar e administrar as atividades de TI \u00e9 um desafio na maioria das organiza\u00e7\u00f5es. Engana-se quem pensa que o uso da TI pode ser efetivo simplesmente ap\u00f3s sua ado\u00e7\u00e3o. Organiza\u00e7\u00f5es de quaisquer que sejam os seus fins necessitam ter um Planejamento de TI bem definido. Em tal planejamento, todas as quest\u00f5es referentes ao componente de [&hellip;]","og_url":"https:\/\/blogs.funiber.org\/pt\/empresas-e-rh\/2010\/11\/09\/a-ti-estrategica-no-servico-publico-desafios-para-o-seculo-xxi","og_site_name":"FuniBlogs - FUNIBER","article_publisher":"https:\/\/www.facebook.com\/funiber","article_published_time":"2010-11-09T16:26:58+00:00","article_modified_time":"2010-10-19T16:32:41+00:00","author":"Administrador Blogs CT","twitter_card":"summary_large_image","twitter_creator":"@FUNIBER","twitter_site":"@FUNIBER","twitter_misc":{"Escrito por":"Administrador Blogs CT","Est. tempo de leitura":"3 minutos"},"schema":{"@context":"https:\/\/schema.org","@graph":[{"@type":"Article","@id":"https:\/\/blogs.funiber.org\/pt\/empresas-e-rh\/2010\/11\/09\/a-ti-estrategica-no-servico-publico-desafios-para-o-seculo-xxi#article","isPartOf":{"@id":"https:\/\/blogs.funiber.org\/pt\/empresas-e-rh\/2010\/11\/09\/a-ti-estrategica-no-servico-publico-desafios-para-o-seculo-xxi"},"author":{"name":"Administrador Blogs CT","@id":"https:\/\/blogs.funiber.org\/pt\/#\/schema\/person\/0eae3cfb523a46b015366e49f7c79e8f"},"headline":"A TI estrat\u00e9gica no servi\u00e7o p\u00fablico: desafios para o s\u00e9culo XXI","datePublished":"2010-11-09T16:26:58+00:00","dateModified":"2010-10-19T16:32:41+00:00","mainEntityOfPage":{"@id":"https:\/\/blogs.funiber.org\/pt\/empresas-e-rh\/2010\/11\/09\/a-ti-estrategica-no-servico-publico-desafios-para-o-seculo-xxi"},"wordCount":573,"commentCount":0,"publisher":{"@id":"https:\/\/blogs.funiber.org\/pt\/#organization"},"articleSection":["Empresas, Dire\u00e7\u00e3o e RH"],"inLanguage":"pt-BR"},{"@type":"WebPage","@id":"https:\/\/blogs.funiber.org\/pt\/empresas-e-rh\/2010\/11\/09\/a-ti-estrategica-no-servico-publico-desafios-para-o-seculo-xxi","url":"https:\/\/blogs.funiber.org\/pt\/empresas-e-rh\/2010\/11\/09\/a-ti-estrategica-no-servico-publico-desafios-para-o-seculo-xxi","name":"A TI estrat\u00e9gica no servi\u00e7o p\u00fablico: desafios para o s\u00e9culo XXI - FuniBlogs - FUNIBER","isPartOf":{"@id":"https:\/\/blogs.funiber.org\/pt\/#website"},"datePublished":"2010-11-09T16:26:58+00:00","dateModified":"2010-10-19T16:32:41+00:00","breadcrumb":{"@id":"https:\/\/blogs.funiber.org\/pt\/empresas-e-rh\/2010\/11\/09\/a-ti-estrategica-no-servico-publico-desafios-para-o-seculo-xxi#breadcrumb"},"inLanguage":"pt-BR","potentialAction":[{"@type":"ReadAction","target":["https:\/\/blogs.funiber.org\/pt\/empresas-e-rh\/2010\/11\/09\/a-ti-estrategica-no-servico-publico-desafios-para-o-seculo-xxi"]}]},{"@type":"BreadcrumbList","@id":"https:\/\/blogs.funiber.org\/pt\/empresas-e-rh\/2010\/11\/09\/a-ti-estrategica-no-servico-publico-desafios-para-o-seculo-xxi#breadcrumb","itemListElement":[{"@type":"ListItem","position":1,"name":"In\u00edcio","item":"https:\/\/blogs.funiber.org\/pt"},{"@type":"ListItem","position":2,"name":"A TI estrat\u00e9gica no servi\u00e7o p\u00fablico: desafios para o s\u00e9culo XXI"}]},{"@type":"WebSite","@id":"https:\/\/blogs.funiber.org\/pt\/#website","url":"https:\/\/blogs.funiber.org\/pt\/","name":"FuniBlogs - FUNIBER","description":"","publisher":{"@id":"https:\/\/blogs.funiber.org\/pt\/#organization"},"potentialAction":[{"@type":"SearchAction","target":{"@type":"EntryPoint","urlTemplate":"https:\/\/blogs.funiber.org\/pt\/?s={search_term_string}"},"query-input":"required name=search_term_string"}],"inLanguage":"pt-BR"},{"@type":"Organization","@id":"https:\/\/blogs.funiber.org\/pt\/#organization","name":"FuniBlogs - FUNIBER","url":"https:\/\/blogs.funiber.org\/pt\/","logo":{"@type":"ImageObject","inLanguage":"pt-BR","@id":"https:\/\/blogs.funiber.org\/pt\/#\/schema\/logo\/image\/","url":"https:\/\/www.funiber.blog\/pt\/wp-content\/uploads\/2022\/02\/logo-funiber-pt-br-v-dos.svg","contentUrl":"https:\/\/www.funiber.blog\/pt\/wp-content\/uploads\/2022\/02\/logo-funiber-pt-br-v-dos.svg","width":1,"height":1,"caption":"FuniBlogs - FUNIBER"},"image":{"@id":"https:\/\/blogs.funiber.org\/pt\/#\/schema\/logo\/image\/"},"sameAs":["https:\/\/www.facebook.com\/funiber","https:\/\/twitter.com\/FUNIBER","https:\/\/www.instagram.com\/funiber_becas","https:\/\/www.youtube.com\/user\/funiber","https:\/\/www.linkedin.com\/company\/funiber"]},{"@type":"Person","@id":"https:\/\/blogs.funiber.org\/pt\/#\/schema\/person\/0eae3cfb523a46b015366e49f7c79e8f","name":"Administrador Blogs CT","image":{"@type":"ImageObject","inLanguage":"pt-BR","@id":"https:\/\/blogs.funiber.org\/pt\/#\/schema\/person\/image\/","url":"https:\/\/secure.gravatar.com\/avatar\/097db6469009a1dba4db4c0390a1e929?s=96&d=mm&r=g","contentUrl":"https:\/\/secure.gravatar.com\/avatar\/097db6469009a1dba4db4c0390a1e929?s=96&d=mm&r=g","caption":"Administrador Blogs CT"},"url":"https:\/\/www.funiber.blog\/pt\/author\/ct-admin"}]}},"jetpack_featured_media_url":"","jetpack_shortlink":"https:\/\/wp.me\/p7ee1t-xg","jetpack_sharing_enabled":true,"_links":{"self":[{"href":"https:\/\/www.funiber.blog\/pt\/wp-json\/wp\/v2\/posts\/2062"}],"collection":[{"href":"https:\/\/www.funiber.blog\/pt\/wp-json\/wp\/v2\/posts"}],"about":[{"href":"https:\/\/www.funiber.blog\/pt\/wp-json\/wp\/v2\/types\/post"}],"author":[{"embeddable":true,"href":"https:\/\/www.funiber.blog\/pt\/wp-json\/wp\/v2\/users\/13"}],"replies":[{"embeddable":true,"href":"https:\/\/www.funiber.blog\/pt\/wp-json\/wp\/v2\/comments?post=2062"}],"version-history":[{"count":0,"href":"https:\/\/www.funiber.blog\/pt\/wp-json\/wp\/v2\/posts\/2062\/revisions"}],"wp:attachment":[{"href":"https:\/\/www.funiber.blog\/pt\/wp-json\/wp\/v2\/media?parent=2062"}],"wp:term":[{"taxonomy":"category","embeddable":true,"href":"https:\/\/www.funiber.blog\/pt\/wp-json\/wp\/v2\/categories?post=2062"},{"taxonomy":"post_tag","embeddable":true,"href":"https:\/\/www.funiber.blog\/pt\/wp-json\/wp\/v2\/tags?post=2062"}],"curies":[{"name":"wp","href":"https:\/\/api.w.org\/{rel}","templated":true}]}}