{"id":20688,"date":"2019-11-06T06:05:11","date_gmt":"2019-11-06T11:05:11","guid":{"rendered":"https:\/\/blogs.funiber.org\/pt\/?p=20688"},"modified":"2019-11-06T06:05:11","modified_gmt":"2019-11-06T11:05:11","slug":"funiber-agenda-projetos","status":"publish","type":"post","link":"https:\/\/www.funiber.blog\/pt\/arquitetura-e-desenho\/2019\/11\/06\/funiber-agenda-projetos","title":{"rendered":"Hor\u00e1rios e locais da 4\u00aa Agenda Internacional de Atividades Presenciais"},"content":{"rendered":"<h2>Argentina, M\u00e9xico, Rep\u00fablica Dominicana, Uruguai, Peru e Equador receber\u00e3o de 8 a 15 de novembro a 4\u00aa Agenda Internacional de Atividades Presenciais, a ser desenvolvida pelo Departamento de Projetos Acad\u00eamicos (DAP).<\/h2>\n<p>As oficinas que ser\u00e3o ministradas de forma gratuita e ser\u00e3o destinadas a candidatos e estudantes bolsistas pela FUNIBER. Os dois principais t\u00f3picos abordados se concentrar\u00e3o na metodologia para a prepara\u00e7\u00e3o de um Projeto Final e no desenvolvimento do Projeto de Neg\u00f3cios, este \u00faltimo focado especialmente nos alunos do <a href=\"https:\/\/www.funiber.org.br\/mestrado-em-administracao-e-direcao-de-empresas-mba\" target=\"_blank\" rel=\"noopener noreferrer\">Mestrado em Administra\u00e7\u00e3o e Dire\u00e7\u00e3o de Empresas<\/a>.<!--more--><\/p>\n<p>As atividades ser\u00e3o realizadas na sede da FUNIBER nos respectivos pa\u00edses. As sess\u00f5es nos escrit\u00f3rios de Buenos Aires, Cidade do M\u00e9xico, Montevid\u00e9u e Lima j\u00e1 est\u00e3o confirmadas. No Equador e na Rep\u00fablica Dominicana, a localiza\u00e7\u00e3o ainda n\u00e3o foi confirmada.<\/p>\n<p>Os professores <a href=\"https:\/\/ar.linkedin.com\/in\/gustisa\" target=\"_blank\" rel=\"noopener noreferrer\">Gustavo Isakson<\/a>, <a href=\"https:\/\/uy.linkedin.com\/in\/fabriciodepaula\" target=\"_blank\" rel=\"noopener noreferrer\">Fabricio de Paula<\/a>, Hadit Brito, <a href=\"https:\/\/uy.linkedin.com\/in\/juanbellani\" target=\"_blank\" rel=\"noopener noreferrer\">Juan Bellani de Souza<\/a>, Miguel Ram\u00edrez S\u00e1nchez e Pablo Olinik ministrar\u00e3o os diferentes workshops que ser\u00e3o oferecidos ao longo da semana.<\/p>\n<p>Para receber mais informa\u00e7\u00f5es e se inscrever na 4\u00aa Agenda Internacional de Atividades de Presen\u00e7a, voc\u00ea deve entrar em contato com os escrit\u00f3rios da FUNIBER dos pa\u00edses participantes. As vagas para workshops s\u00e3o limitadas.<\/p>\n<p>A <a href=\"https:\/\/www.funiber.org.br\/\" target=\"_blank\" rel=\"noopener noreferrer\">FUNIBER<\/a> patrocina in\u00fameros programas universit\u00e1rios focados no desenvolvimento e gerenciamento de projetos, como o <a href=\"https:\/\/www.funiber.org.br\/mestrado-em-desenho-gestao-e-direcao-de-projetos\" target=\"_blank\" rel=\"noopener noreferrer\">Mestrado em Desenho, Gest\u00e3o e Dire\u00e7\u00e3o de Projetos.<\/a><\/p>\n<p>Foto: Todos os direitos reservados.<\/p>\n<p><strong>\u00a0<\/strong><\/p>\n<p><strong>\u00a0<\/strong><\/p>\n","protected":false},"excerpt":{"rendered":"<p>Argentina, M\u00e9xico, Rep\u00fablica Dominicana, Uruguai, Peru e Equador receber\u00e3o de 8 a 15 de novembro a 4\u00aa Agenda Internacional de Atividades Presenciais, a ser desenvolvida pelo Departamento de Projetos Acad\u00eamicos (DAP). As oficinas que ser\u00e3o ministradas de forma gratuita e ser\u00e3o destinadas a candidatos e estudantes bolsistas pela FUNIBER. Os dois principais t\u00f3picos abordados se [&hellip;]<\/p>\n","protected":false},"author":10,"featured_media":20690,"comment_status":"closed","ping_status":"closed","sticky":false,"template":"","format":"standard","meta":{"jetpack_post_was_ever_published":false,"_jetpack_newsletter_access":"","_jetpack_newsletter_tier_id":0,"footnotes":"","jetpack_publicize_message":"","jetpack_is_tweetstorm":false,"jetpack_publicize_feature_enabled":true,"jetpack_social_post_already_shared":true,"jetpack_social_options":{"image_generator_settings":{"template":"highway","enabled":false}}},"categories":[7],"tags":[1594,549,1823,1242,855,285,408,119,248,911,671,641,255,5697,112,5699,5698,5696],"jetpack_publicize_connections":[],"yoast_head":"<!-- This site is optimized with the Yoast SEO plugin v21.7 - https:\/\/yoast.com\/wordpress\/plugins\/seo\/ -->\n<title>Hor\u00e1rios e locais da 4\u00aa Agenda Internacional de Atividades Presenciais<\/title>\n<meta name=\"description\" content=\"Argentina, M\u00e9xico, Rep\u00fablica Dominicana, Uruguai, Peru e Equador receber\u00e3o de 8 a 15 de novembro a 4\u00aa Agenda Internacional de Atividades Presenciais, a ser desenvolvida pelo Departamento de Projetos Acad\u00eamicos (DAP).\" \/>\n<meta name=\"robots\" content=\"index, follow, max-snippet:-1, max-image-preview:large, max-video-preview:-1\" \/>\n<link rel=\"canonical\" href=\"https:\/\/blogs.funiber.org\/pt\/arquitetura-e-desenho\/2019\/11\/06\/funiber-agenda-projetos\" \/>\n<meta property=\"og:locale\" content=\"pt_BR\" \/>\n<meta property=\"og:type\" content=\"article\" \/>\n<meta property=\"og:title\" content=\"Hor\u00e1rios e locais da 4\u00aa Agenda Internacional de Atividades Presenciais\" \/>\n<meta property=\"og:description\" content=\"Argentina, M\u00e9xico, Rep\u00fablica Dominicana, Uruguai, Peru e Equador receber\u00e3o de 8 a 15 de novembro a 4\u00aa Agenda Internacional de Atividades Presenciais, a ser desenvolvida pelo Departamento de Projetos Acad\u00eamicos (DAP).\" \/>\n<meta property=\"og:url\" content=\"https:\/\/blogs.funiber.org\/pt\/arquitetura-e-desenho\/2019\/11\/06\/funiber-agenda-projetos\" \/>\n<meta property=\"og:site_name\" content=\"FuniBlogs - FUNIBER\" \/>\n<meta property=\"article:publisher\" content=\"https:\/\/www.facebook.com\/funiber\" \/>\n<meta property=\"article:published_time\" content=\"2019-11-06T11:05:11+00:00\" \/>\n<meta property=\"og:image\" content=\"https:\/\/blogs.funiber.org\/pt\/wp-content\/uploads\/2019\/11\/funiber-agenda-projetos.jpg\" \/>\n\t<meta property=\"og:image:width\" content=\"587\" \/>\n\t<meta property=\"og:image:height\" content=\"391\" \/>\n\t<meta property=\"og:image:type\" content=\"image\/jpeg\" \/>\n<meta name=\"author\" content=\"Michelle\" \/>\n<meta name=\"twitter:card\" content=\"summary_large_image\" \/>\n<meta name=\"twitter:creator\" content=\"@FUNIBER\" \/>\n<meta name=\"twitter:site\" content=\"@FUNIBER\" \/>\n<meta name=\"twitter:label1\" content=\"Escrito por\" \/>\n\t<meta name=\"twitter:data1\" content=\"Michelle\" \/>\n\t<meta name=\"twitter:label2\" content=\"Est. tempo de leitura\" \/>\n\t<meta name=\"twitter:data2\" content=\"1 minuto\" \/>\n<script type=\"application\/ld+json\" class=\"yoast-schema-graph\">{\"@context\":\"https:\/\/schema.org\",\"@graph\":[{\"@type\":\"Article\",\"@id\":\"https:\/\/blogs.funiber.org\/pt\/arquitetura-e-desenho\/2019\/11\/06\/funiber-agenda-projetos#article\",\"isPartOf\":{\"@id\":\"https:\/\/blogs.funiber.org\/pt\/arquitetura-e-desenho\/2019\/11\/06\/funiber-agenda-projetos\"},\"author\":{\"name\":\"Michelle\",\"@id\":\"https:\/\/blogs.funiber.org\/pt\/#\/schema\/person\/a1eaaa5e57eac866a8c5946946bcf80d\"},\"headline\":\"Hor\u00e1rios e locais da 4\u00aa Agenda Internacional de Atividades Presenciais\",\"datePublished\":\"2019-11-06T11:05:11+00:00\",\"dateModified\":\"2019-11-06T11:05:11+00:00\",\"mainEntityOfPage\":{\"@id\":\"https:\/\/blogs.funiber.org\/pt\/arquitetura-e-desenho\/2019\/11\/06\/funiber-agenda-projetos\"},\"wordCount\":258,\"publisher\":{\"@id\":\"https:\/\/blogs.funiber.org\/pt\/#organization\"},\"keywords\":[\"Agenda\",\"Alunos\",\"Atividades\",\"Bolsas\",\"Doutorado\",\"Educa\u00e7\u00e3o\",\"Educa\u00e7\u00e3o a Dist\u00e2ncia\",\"Estudos\",\"Funiber\",\"FUNIBER Opini\u00f5es\",\"mestrado\",\"Opini\u00e3o FUNIBER\",\"Opini\u00f5es Funiber\",\"presencial\",\"Projetos\",\"projetos acad\u00eamicos\",\"sedes\",\"semipresencial\"],\"articleSection\":[\"Projetos\"],\"inLanguage\":\"pt-BR\"},{\"@type\":\"WebPage\",\"@id\":\"https:\/\/blogs.funiber.org\/pt\/arquitetura-e-desenho\/2019\/11\/06\/funiber-agenda-projetos\",\"url\":\"https:\/\/blogs.funiber.org\/pt\/arquitetura-e-desenho\/2019\/11\/06\/funiber-agenda-projetos\",\"name\":\"Hor\u00e1rios e locais da 4\u00aa Agenda Internacional de Atividades Presenciais\",\"isPartOf\":{\"@id\":\"https:\/\/blogs.funiber.org\/pt\/#website\"},\"datePublished\":\"2019-11-06T11:05:11+00:00\",\"dateModified\":\"2019-11-06T11:05:11+00:00\",\"description\":\"Argentina, M\u00e9xico, Rep\u00fablica Dominicana, Uruguai, Peru e Equador receber\u00e3o de 8 a 15 de novembro a 4\u00aa Agenda Internacional de Atividades Presenciais, a ser desenvolvida pelo Departamento de Projetos Acad\u00eamicos (DAP).\",\"breadcrumb\":{\"@id\":\"https:\/\/blogs.funiber.org\/pt\/arquitetura-e-desenho\/2019\/11\/06\/funiber-agenda-projetos#breadcrumb\"},\"inLanguage\":\"pt-BR\",\"potentialAction\":[{\"@type\":\"ReadAction\",\"target\":[\"https:\/\/blogs.funiber.org\/pt\/arquitetura-e-desenho\/2019\/11\/06\/funiber-agenda-projetos\"]}]},{\"@type\":\"BreadcrumbList\",\"@id\":\"https:\/\/blogs.funiber.org\/pt\/arquitetura-e-desenho\/2019\/11\/06\/funiber-agenda-projetos#breadcrumb\",\"itemListElement\":[{\"@type\":\"ListItem\",\"position\":1,\"name\":\"In\u00edcio\",\"item\":\"https:\/\/blogs.funiber.org\/pt\"},{\"@type\":\"ListItem\",\"position\":2,\"name\":\"Hor\u00e1rios e locais da 4\u00aa Agenda Internacional de Atividades Presenciais\"}]},{\"@type\":\"WebSite\",\"@id\":\"https:\/\/blogs.funiber.org\/pt\/#website\",\"url\":\"https:\/\/blogs.funiber.org\/pt\/\",\"name\":\"FuniBlogs - FUNIBER\",\"description\":\"\",\"publisher\":{\"@id\":\"https:\/\/blogs.funiber.org\/pt\/#organization\"},\"potentialAction\":[{\"@type\":\"SearchAction\",\"target\":{\"@type\":\"EntryPoint\",\"urlTemplate\":\"https:\/\/blogs.funiber.org\/pt\/?s={search_term_string}\"},\"query-input\":\"required name=search_term_string\"}],\"inLanguage\":\"pt-BR\"},{\"@type\":\"Organization\",\"@id\":\"https:\/\/blogs.funiber.org\/pt\/#organization\",\"name\":\"FuniBlogs - FUNIBER\",\"url\":\"https:\/\/blogs.funiber.org\/pt\/\",\"logo\":{\"@type\":\"ImageObject\",\"inLanguage\":\"pt-BR\",\"@id\":\"https:\/\/blogs.funiber.org\/pt\/#\/schema\/logo\/image\/\",\"url\":\"https:\/\/www.funiber.blog\/pt\/wp-content\/uploads\/2022\/02\/logo-funiber-pt-br-v-dos.svg\",\"contentUrl\":\"https:\/\/www.funiber.blog\/pt\/wp-content\/uploads\/2022\/02\/logo-funiber-pt-br-v-dos.svg\",\"width\":1,\"height\":1,\"caption\":\"FuniBlogs - FUNIBER\"},\"image\":{\"@id\":\"https:\/\/blogs.funiber.org\/pt\/#\/schema\/logo\/image\/\"},\"sameAs\":[\"https:\/\/www.facebook.com\/funiber\",\"https:\/\/twitter.com\/FUNIBER\",\"https:\/\/www.instagram.com\/funiber_becas\",\"https:\/\/www.youtube.com\/user\/funiber\",\"https:\/\/www.linkedin.com\/company\/funiber\"]},{\"@type\":\"Person\",\"@id\":\"https:\/\/blogs.funiber.org\/pt\/#\/schema\/person\/a1eaaa5e57eac866a8c5946946bcf80d\",\"name\":\"Michelle\",\"image\":{\"@type\":\"ImageObject\",\"inLanguage\":\"pt-BR\",\"@id\":\"https:\/\/blogs.funiber.org\/pt\/#\/schema\/person\/image\/\",\"url\":\"https:\/\/secure.gravatar.com\/avatar\/5e87041f7609dc50493cf216754fece1?s=96&d=mm&r=g\",\"contentUrl\":\"https:\/\/secure.gravatar.com\/avatar\/5e87041f7609dc50493cf216754fece1?s=96&d=mm&r=g\",\"caption\":\"Michelle\"},\"url\":\"https:\/\/www.funiber.blog\/pt\/author\/michelle-moreira\"}]}<\/script>\n<!-- \/ Yoast SEO plugin. -->","yoast_head_json":{"title":"Hor\u00e1rios e locais da 4\u00aa Agenda Internacional de Atividades Presenciais","description":"Argentina, M\u00e9xico, Rep\u00fablica Dominicana, Uruguai, Peru e Equador receber\u00e3o de 8 a 15 de novembro a 4\u00aa Agenda Internacional de Atividades Presenciais, a ser desenvolvida pelo Departamento de Projetos Acad\u00eamicos (DAP).","robots":{"index":"index","follow":"follow","max-snippet":"max-snippet:-1","max-image-preview":"max-image-preview:large","max-video-preview":"max-video-preview:-1"},"canonical":"https:\/\/blogs.funiber.org\/pt\/arquitetura-e-desenho\/2019\/11\/06\/funiber-agenda-projetos","og_locale":"pt_BR","og_type":"article","og_title":"Hor\u00e1rios e locais da 4\u00aa Agenda Internacional de Atividades Presenciais","og_description":"Argentina, M\u00e9xico, Rep\u00fablica Dominicana, Uruguai, Peru e Equador receber\u00e3o de 8 a 15 de novembro a 4\u00aa Agenda Internacional de Atividades Presenciais, a ser desenvolvida pelo Departamento de Projetos Acad\u00eamicos (DAP).","og_url":"https:\/\/blogs.funiber.org\/pt\/arquitetura-e-desenho\/2019\/11\/06\/funiber-agenda-projetos","og_site_name":"FuniBlogs - FUNIBER","article_publisher":"https:\/\/www.facebook.com\/funiber","article_published_time":"2019-11-06T11:05:11+00:00","og_image":[{"width":587,"height":391,"url":"https:\/\/blogs.funiber.org\/pt\/wp-content\/uploads\/2019\/11\/funiber-agenda-projetos.jpg","type":"image\/jpeg"}],"author":"Michelle","twitter_card":"summary_large_image","twitter_creator":"@FUNIBER","twitter_site":"@FUNIBER","twitter_misc":{"Escrito por":"Michelle","Est. tempo de leitura":"1 minuto"},"schema":{"@context":"https:\/\/schema.org","@graph":[{"@type":"Article","@id":"https:\/\/blogs.funiber.org\/pt\/arquitetura-e-desenho\/2019\/11\/06\/funiber-agenda-projetos#article","isPartOf":{"@id":"https:\/\/blogs.funiber.org\/pt\/arquitetura-e-desenho\/2019\/11\/06\/funiber-agenda-projetos"},"author":{"name":"Michelle","@id":"https:\/\/blogs.funiber.org\/pt\/#\/schema\/person\/a1eaaa5e57eac866a8c5946946bcf80d"},"headline":"Hor\u00e1rios e locais da 4\u00aa Agenda Internacional de Atividades Presenciais","datePublished":"2019-11-06T11:05:11+00:00","dateModified":"2019-11-06T11:05:11+00:00","mainEntityOfPage":{"@id":"https:\/\/blogs.funiber.org\/pt\/arquitetura-e-desenho\/2019\/11\/06\/funiber-agenda-projetos"},"wordCount":258,"publisher":{"@id":"https:\/\/blogs.funiber.org\/pt\/#organization"},"keywords":["Agenda","Alunos","Atividades","Bolsas","Doutorado","Educa\u00e7\u00e3o","Educa\u00e7\u00e3o a Dist\u00e2ncia","Estudos","Funiber","FUNIBER Opini\u00f5es","mestrado","Opini\u00e3o FUNIBER","Opini\u00f5es Funiber","presencial","Projetos","projetos acad\u00eamicos","sedes","semipresencial"],"articleSection":["Projetos"],"inLanguage":"pt-BR"},{"@type":"WebPage","@id":"https:\/\/blogs.funiber.org\/pt\/arquitetura-e-desenho\/2019\/11\/06\/funiber-agenda-projetos","url":"https:\/\/blogs.funiber.org\/pt\/arquitetura-e-desenho\/2019\/11\/06\/funiber-agenda-projetos","name":"Hor\u00e1rios e locais da 4\u00aa Agenda Internacional de Atividades Presenciais","isPartOf":{"@id":"https:\/\/blogs.funiber.org\/pt\/#website"},"datePublished":"2019-11-06T11:05:11+00:00","dateModified":"2019-11-06T11:05:11+00:00","description":"Argentina, M\u00e9xico, Rep\u00fablica Dominicana, Uruguai, Peru e Equador receber\u00e3o de 8 a 15 de novembro a 4\u00aa Agenda Internacional de Atividades Presenciais, a ser desenvolvida pelo Departamento de Projetos Acad\u00eamicos (DAP).","breadcrumb":{"@id":"https:\/\/blogs.funiber.org\/pt\/arquitetura-e-desenho\/2019\/11\/06\/funiber-agenda-projetos#breadcrumb"},"inLanguage":"pt-BR","potentialAction":[{"@type":"ReadAction","target":["https:\/\/blogs.funiber.org\/pt\/arquitetura-e-desenho\/2019\/11\/06\/funiber-agenda-projetos"]}]},{"@type":"BreadcrumbList","@id":"https:\/\/blogs.funiber.org\/pt\/arquitetura-e-desenho\/2019\/11\/06\/funiber-agenda-projetos#breadcrumb","itemListElement":[{"@type":"ListItem","position":1,"name":"In\u00edcio","item":"https:\/\/blogs.funiber.org\/pt"},{"@type":"ListItem","position":2,"name":"Hor\u00e1rios e locais da 4\u00aa Agenda Internacional de Atividades Presenciais"}]},{"@type":"WebSite","@id":"https:\/\/blogs.funiber.org\/pt\/#website","url":"https:\/\/blogs.funiber.org\/pt\/","name":"FuniBlogs - FUNIBER","description":"","publisher":{"@id":"https:\/\/blogs.funiber.org\/pt\/#organization"},"potentialAction":[{"@type":"SearchAction","target":{"@type":"EntryPoint","urlTemplate":"https:\/\/blogs.funiber.org\/pt\/?s={search_term_string}"},"query-input":"required name=search_term_string"}],"inLanguage":"pt-BR"},{"@type":"Organization","@id":"https:\/\/blogs.funiber.org\/pt\/#organization","name":"FuniBlogs - FUNIBER","url":"https:\/\/blogs.funiber.org\/pt\/","logo":{"@type":"ImageObject","inLanguage":"pt-BR","@id":"https:\/\/blogs.funiber.org\/pt\/#\/schema\/logo\/image\/","url":"https:\/\/www.funiber.blog\/pt\/wp-content\/uploads\/2022\/02\/logo-funiber-pt-br-v-dos.svg","contentUrl":"https:\/\/www.funiber.blog\/pt\/wp-content\/uploads\/2022\/02\/logo-funiber-pt-br-v-dos.svg","width":1,"height":1,"caption":"FuniBlogs - FUNIBER"},"image":{"@id":"https:\/\/blogs.funiber.org\/pt\/#\/schema\/logo\/image\/"},"sameAs":["https:\/\/www.facebook.com\/funiber","https:\/\/twitter.com\/FUNIBER","https:\/\/www.instagram.com\/funiber_becas","https:\/\/www.youtube.com\/user\/funiber","https:\/\/www.linkedin.com\/company\/funiber"]},{"@type":"Person","@id":"https:\/\/blogs.funiber.org\/pt\/#\/schema\/person\/a1eaaa5e57eac866a8c5946946bcf80d","name":"Michelle","image":{"@type":"ImageObject","inLanguage":"pt-BR","@id":"https:\/\/blogs.funiber.org\/pt\/#\/schema\/person\/image\/","url":"https:\/\/secure.gravatar.com\/avatar\/5e87041f7609dc50493cf216754fece1?s=96&d=mm&r=g","contentUrl":"https:\/\/secure.gravatar.com\/avatar\/5e87041f7609dc50493cf216754fece1?s=96&d=mm&r=g","caption":"Michelle"},"url":"https:\/\/www.funiber.blog\/pt\/author\/michelle-moreira"}]}},"jetpack_featured_media_url":"https:\/\/www.funiber.blog\/pt\/wp-content\/uploads\/2019\/11\/funiber-agenda-projetos.jpg","jetpack_shortlink":"https:\/\/wp.me\/p7ee1t-5nG","jetpack_sharing_enabled":true,"_links":{"self":[{"href":"https:\/\/www.funiber.blog\/pt\/wp-json\/wp\/v2\/posts\/20688"}],"collection":[{"href":"https:\/\/www.funiber.blog\/pt\/wp-json\/wp\/v2\/posts"}],"about":[{"href":"https:\/\/www.funiber.blog\/pt\/wp-json\/wp\/v2\/types\/post"}],"author":[{"embeddable":true,"href":"https:\/\/www.funiber.blog\/pt\/wp-json\/wp\/v2\/users\/10"}],"replies":[{"embeddable":true,"href":"https:\/\/www.funiber.blog\/pt\/wp-json\/wp\/v2\/comments?post=20688"}],"version-history":[{"count":1,"href":"https:\/\/www.funiber.blog\/pt\/wp-json\/wp\/v2\/posts\/20688\/revisions"}],"predecessor-version":[{"id":20691,"href":"https:\/\/www.funiber.blog\/pt\/wp-json\/wp\/v2\/posts\/20688\/revisions\/20691"}],"wp:featuredmedia":[{"embeddable":true,"href":"https:\/\/www.funiber.blog\/pt\/wp-json\/wp\/v2\/media\/20690"}],"wp:attachment":[{"href":"https:\/\/www.funiber.blog\/pt\/wp-json\/wp\/v2\/media?parent=20688"}],"wp:term":[{"taxonomy":"category","embeddable":true,"href":"https:\/\/www.funiber.blog\/pt\/wp-json\/wp\/v2\/categories?post=20688"},{"taxonomy":"post_tag","embeddable":true,"href":"https:\/\/www.funiber.blog\/pt\/wp-json\/wp\/v2\/tags?post=20688"}],"curies":[{"name":"wp","href":"https:\/\/api.w.org\/{rel}","templated":true}]}}