{"id":20854,"date":"2019-12-01T09:32:21","date_gmt":"2019-12-01T14:32:21","guid":{"rendered":"https:\/\/blogs.funiber.org\/pt\/?p=20854"},"modified":"2019-11-29T09:36:47","modified_gmt":"2019-11-29T14:36:47","slug":"funiber-idosos-satisfeitos","status":"publish","type":"post","link":"https:\/\/www.funiber.blog\/pt\/gerontologia\/2019\/12\/01\/funiber-idosos-satisfeitos","title":{"rendered":"Idosos espanh\u00f3is, satisfeitos com sua qualidade de vida, segundo estudo"},"content":{"rendered":"<p><strong>De acordo com um estudo realizado pela Facultad de Ciencias de la Actividad F\u00edsica y del Deporte da Universidad Polit\u00e9cnica de Madrid, aproximadamente 80% dos espanh\u00f3is de 65 anos dizem estar satisfeitos com sua qualidade de vida e condicionamento f\u00edsico.<\/strong><\/p>\n<p>O\u00a0<a href=\"https:\/\/link.springer.com\/article\/10.1007\/s12126-018-9334-x\" target=\"_blank\" rel=\"noopener noreferrer\">trabalho\u00a0foi publicado na revista m\u00e9dica <em>Aging International<\/em><\/a>, especializada em qualidade de\u00a0vida, dado o envelhecimento progressivo da popula\u00e7\u00e3o.<!--more--><\/p>\n<p>Segundo este estudo, 77,3% dos idosos na Espanha est\u00e3o satisfeitos com sua qualidade de vida.\u00a0Mar\u00eda Espada, uma das pesquisadoras do estudo,\u00a0relaciona esse alto n\u00edvel de satisfa\u00e7\u00e3o com o aumento da autoestima: \u201cAfirmam que gostam do corpo e consideram que t\u00eam um bom estado de sa\u00fade, portanto, a percep\u00e7\u00e3o de ter um n\u00edvel adequado de sa\u00fade. A sa\u00fade est\u00e1 relacionada \u00e0 maior autoestima e melhor autoconceito\u201d.<\/p>\n<p>Essa percep\u00e7\u00e3o aumenta diante dos idosos que praticam exerc\u00edcios f\u00edsicos.\u00a0Nesse caso,\u00a078,8% dos entrevistados relatam estar de boa sa\u00fade em geral.<\/p>\n<p>Embora esses resultados possam favorecer o otimismo, nem todos os dados registrados s\u00e3o t\u00e3o promissores.\u00a0Segundo Espada, &#8220;mais da metade dos participantes afirma ter dificuldades em realizar tarefas di\u00e1rias, afirmando ter um estado de sa\u00fade ruim ou ruim&#8221;.<\/p>\n<p>&#8220;A\u00a0autopercep\u00e7\u00e3o\u00a0que tem de seu estado f\u00edsico e sa\u00fade influencia tamb\u00e9m na avalia\u00e7\u00e3o de sua pr\u00f3pria capacidade motora e capacidade f\u00edsica, limitando ou,\u00a0pelo contr\u00e1rio, ajudando a que as pessoas mais velhas t\u00eam maior autoestima e melhor autoconceito para executar diferentes a\u00e7\u00f5es motoras, motivo que lhes permitir\u00e1 viver com melhor qualidade de vida &#8220;, conclui a pesquisadora.<\/p>\n<p>A FUNIBER\u00a0patrocina um grande n\u00famero de programas universit\u00e1rios focado em abordar as v\u00e1rias quest\u00f5es relacionadas com o envelhecimento, um destes cursos \u00e9 a <a href=\"https:\/\/www.funiber.org.br\/gerontologia-sanitaria\" target=\"_blank\" rel=\"noopener noreferrer\">Especializa\u00e7\u00e3o em Gerontologia Sanit\u00e1ria.<\/a><\/p>\n<p>Fonte: <a href=\"https:\/\/www.infosalus.com\/mayores\/noticia-80-mayores-satisfecho-estado-salud-20190930115414.html?_ga=2.159702526.299478447.1574071942-2052857639.1574071942\" target=\"_blank\" rel=\"noopener noreferrer\">El 80% de los mayores est\u00e1 satisfecho con su estado de salud<\/a>.<\/p>\n<p>Foto: Todos os direitos reservados.<\/p>\n","protected":false},"excerpt":{"rendered":"<p>De acordo com um estudo realizado pela Facultad de Ciencias de la Actividad F\u00edsica y del Deporte da Universidad Polit\u00e9cnica de Madrid, aproximadamente 80% dos espanh\u00f3is de 65 anos dizem estar satisfeitos com sua qualidade de vida e condicionamento f\u00edsico. O\u00a0trabalho\u00a0foi publicado na revista m\u00e9dica Aging International, especializada em qualidade de\u00a0vida, dado o envelhecimento progressivo [&hellip;]<\/p>\n","protected":false},"author":10,"featured_media":20855,"comment_status":"closed","ping_status":"closed","sticky":false,"template":"","format":"standard","meta":{"jetpack_post_was_ever_published":false,"_jetpack_newsletter_access":"","_jetpack_newsletter_tier_id":0,"footnotes":"","jetpack_publicize_message":"","jetpack_is_tweetstorm":false,"jetpack_publicize_feature_enabled":true,"jetpack_social_post_already_shared":true,"jetpack_social_options":{"image_generator_settings":{"template":"highway","enabled":false}}},"categories":[1],"tags":[757,739,267,179,5766,217],"jetpack_publicize_connections":[],"yoast_head":"<!-- This site is optimized with the Yoast SEO plugin v21.7 - https:\/\/yoast.com\/wordpress\/plugins\/seo\/ -->\n<title>Idosos espanh\u00f3is, satisfeitos com sua qualidade de vida, segundo estudo<\/title>\n<meta name=\"description\" content=\"De acordo com um estudo realizado pela Facultad de Ciencias de la Actividad F\u00edsica y del Deporte da Universidad Polit\u00e9cnica de Madrid, aproximadamente 80% dos espanh\u00f3is de 65 anos dizem estar satisfeitos com sua qualidade de vida e condicionamento f\u00edsico.\" \/>\n<meta name=\"robots\" content=\"index, follow, max-snippet:-1, max-image-preview:large, max-video-preview:-1\" \/>\n<link rel=\"canonical\" href=\"https:\/\/blogs.funiber.org\/pt\/gerontologia\/2019\/12\/01\/funiber-idosos-satisfeitos\" \/>\n<meta property=\"og:locale\" content=\"pt_BR\" \/>\n<meta property=\"og:type\" content=\"article\" \/>\n<meta property=\"og:title\" content=\"Idosos espanh\u00f3is, satisfeitos com sua qualidade de vida, segundo estudo\" \/>\n<meta property=\"og:description\" content=\"De acordo com um estudo realizado pela Facultad de Ciencias de la Actividad F\u00edsica y del Deporte da Universidad Polit\u00e9cnica de Madrid, aproximadamente 80% dos espanh\u00f3is de 65 anos dizem estar satisfeitos com sua qualidade de vida e condicionamento f\u00edsico.\" \/>\n<meta property=\"og:url\" content=\"https:\/\/blogs.funiber.org\/pt\/gerontologia\/2019\/12\/01\/funiber-idosos-satisfeitos\" \/>\n<meta property=\"og:site_name\" content=\"FuniBlogs - FUNIBER\" \/>\n<meta property=\"article:publisher\" content=\"https:\/\/www.facebook.com\/funiber\" \/>\n<meta property=\"article:published_time\" content=\"2019-12-01T14:32:21+00:00\" \/>\n<meta property=\"article:modified_time\" content=\"2019-11-29T14:36:47+00:00\" \/>\n<meta property=\"og:image\" content=\"https:\/\/blogs.funiber.org\/pt\/wp-content\/uploads\/2019\/11\/funiber-idosos-satisfeitos.jpg\" \/>\n\t<meta property=\"og:image:width\" content=\"570\" \/>\n\t<meta property=\"og:image:height\" content=\"350\" \/>\n\t<meta property=\"og:image:type\" content=\"image\/jpeg\" \/>\n<meta name=\"author\" content=\"Michelle\" \/>\n<meta name=\"twitter:card\" content=\"summary_large_image\" \/>\n<meta name=\"twitter:creator\" content=\"@FUNIBER\" \/>\n<meta name=\"twitter:site\" content=\"@FUNIBER\" \/>\n<meta name=\"twitter:label1\" content=\"Escrito por\" \/>\n\t<meta name=\"twitter:data1\" content=\"Michelle\" \/>\n\t<meta name=\"twitter:label2\" content=\"Est. tempo de leitura\" \/>\n\t<meta name=\"twitter:data2\" content=\"2 minutos\" \/>\n<script type=\"application\/ld+json\" class=\"yoast-schema-graph\">{\"@context\":\"https:\/\/schema.org\",\"@graph\":[{\"@type\":\"Article\",\"@id\":\"https:\/\/blogs.funiber.org\/pt\/gerontologia\/2019\/12\/01\/funiber-idosos-satisfeitos#article\",\"isPartOf\":{\"@id\":\"https:\/\/blogs.funiber.org\/pt\/gerontologia\/2019\/12\/01\/funiber-idosos-satisfeitos\"},\"author\":{\"name\":\"Michelle\",\"@id\":\"https:\/\/blogs.funiber.org\/pt\/#\/schema\/person\/a1eaaa5e57eac866a8c5946946bcf80d\"},\"headline\":\"Idosos espanh\u00f3is, satisfeitos com sua qualidade de vida, segundo estudo\",\"datePublished\":\"2019-12-01T14:32:21+00:00\",\"dateModified\":\"2019-11-29T14:36:47+00:00\",\"mainEntityOfPage\":{\"@id\":\"https:\/\/blogs.funiber.org\/pt\/gerontologia\/2019\/12\/01\/funiber-idosos-satisfeitos\"},\"wordCount\":334,\"publisher\":{\"@id\":\"https:\/\/blogs.funiber.org\/pt\/#organization\"},\"keywords\":[\"Espanha\",\"gerontologia\",\"Idosos\",\"Qualidade de Vida\",\"satisfeitos\",\"Terceira idade\"],\"articleSection\":[\"Gerontologia\"],\"inLanguage\":\"pt-BR\"},{\"@type\":\"WebPage\",\"@id\":\"https:\/\/blogs.funiber.org\/pt\/gerontologia\/2019\/12\/01\/funiber-idosos-satisfeitos\",\"url\":\"https:\/\/blogs.funiber.org\/pt\/gerontologia\/2019\/12\/01\/funiber-idosos-satisfeitos\",\"name\":\"Idosos espanh\u00f3is, satisfeitos com sua qualidade de vida, segundo estudo\",\"isPartOf\":{\"@id\":\"https:\/\/blogs.funiber.org\/pt\/#website\"},\"datePublished\":\"2019-12-01T14:32:21+00:00\",\"dateModified\":\"2019-11-29T14:36:47+00:00\",\"description\":\"De acordo com um estudo realizado pela Facultad de Ciencias de la Actividad F\u00edsica y del Deporte da Universidad Polit\u00e9cnica de Madrid, aproximadamente 80% dos espanh\u00f3is de 65 anos dizem estar satisfeitos com sua qualidade de vida e condicionamento f\u00edsico.\",\"breadcrumb\":{\"@id\":\"https:\/\/blogs.funiber.org\/pt\/gerontologia\/2019\/12\/01\/funiber-idosos-satisfeitos#breadcrumb\"},\"inLanguage\":\"pt-BR\",\"potentialAction\":[{\"@type\":\"ReadAction\",\"target\":[\"https:\/\/blogs.funiber.org\/pt\/gerontologia\/2019\/12\/01\/funiber-idosos-satisfeitos\"]}]},{\"@type\":\"BreadcrumbList\",\"@id\":\"https:\/\/blogs.funiber.org\/pt\/gerontologia\/2019\/12\/01\/funiber-idosos-satisfeitos#breadcrumb\",\"itemListElement\":[{\"@type\":\"ListItem\",\"position\":1,\"name\":\"In\u00edcio\",\"item\":\"https:\/\/blogs.funiber.org\/pt\"},{\"@type\":\"ListItem\",\"position\":2,\"name\":\"Idosos espanh\u00f3is, satisfeitos com sua qualidade de vida, segundo estudo\"}]},{\"@type\":\"WebSite\",\"@id\":\"https:\/\/blogs.funiber.org\/pt\/#website\",\"url\":\"https:\/\/blogs.funiber.org\/pt\/\",\"name\":\"FuniBlogs - FUNIBER\",\"description\":\"\",\"publisher\":{\"@id\":\"https:\/\/blogs.funiber.org\/pt\/#organization\"},\"potentialAction\":[{\"@type\":\"SearchAction\",\"target\":{\"@type\":\"EntryPoint\",\"urlTemplate\":\"https:\/\/blogs.funiber.org\/pt\/?s={search_term_string}\"},\"query-input\":\"required name=search_term_string\"}],\"inLanguage\":\"pt-BR\"},{\"@type\":\"Organization\",\"@id\":\"https:\/\/blogs.funiber.org\/pt\/#organization\",\"name\":\"FuniBlogs - FUNIBER\",\"url\":\"https:\/\/blogs.funiber.org\/pt\/\",\"logo\":{\"@type\":\"ImageObject\",\"inLanguage\":\"pt-BR\",\"@id\":\"https:\/\/blogs.funiber.org\/pt\/#\/schema\/logo\/image\/\",\"url\":\"https:\/\/www.funiber.blog\/pt\/wp-content\/uploads\/2022\/02\/logo-funiber-pt-br-v-dos.svg\",\"contentUrl\":\"https:\/\/www.funiber.blog\/pt\/wp-content\/uploads\/2022\/02\/logo-funiber-pt-br-v-dos.svg\",\"width\":1,\"height\":1,\"caption\":\"FuniBlogs - FUNIBER\"},\"image\":{\"@id\":\"https:\/\/blogs.funiber.org\/pt\/#\/schema\/logo\/image\/\"},\"sameAs\":[\"https:\/\/www.facebook.com\/funiber\",\"https:\/\/twitter.com\/FUNIBER\",\"https:\/\/www.instagram.com\/funiber_becas\",\"https:\/\/www.youtube.com\/user\/funiber\",\"https:\/\/www.linkedin.com\/company\/funiber\"]},{\"@type\":\"Person\",\"@id\":\"https:\/\/blogs.funiber.org\/pt\/#\/schema\/person\/a1eaaa5e57eac866a8c5946946bcf80d\",\"name\":\"Michelle\",\"image\":{\"@type\":\"ImageObject\",\"inLanguage\":\"pt-BR\",\"@id\":\"https:\/\/blogs.funiber.org\/pt\/#\/schema\/person\/image\/\",\"url\":\"https:\/\/secure.gravatar.com\/avatar\/5e87041f7609dc50493cf216754fece1?s=96&d=mm&r=g\",\"contentUrl\":\"https:\/\/secure.gravatar.com\/avatar\/5e87041f7609dc50493cf216754fece1?s=96&d=mm&r=g\",\"caption\":\"Michelle\"},\"url\":\"https:\/\/www.funiber.blog\/pt\/author\/michelle-moreira\"}]}<\/script>\n<!-- \/ Yoast SEO plugin. -->","yoast_head_json":{"title":"Idosos espanh\u00f3is, satisfeitos com sua qualidade de vida, segundo estudo","description":"De acordo com um estudo realizado pela Facultad de Ciencias de la Actividad F\u00edsica y del Deporte da Universidad Polit\u00e9cnica de Madrid, aproximadamente 80% dos espanh\u00f3is de 65 anos dizem estar satisfeitos com sua qualidade de vida e condicionamento f\u00edsico.","robots":{"index":"index","follow":"follow","max-snippet":"max-snippet:-1","max-image-preview":"max-image-preview:large","max-video-preview":"max-video-preview:-1"},"canonical":"https:\/\/blogs.funiber.org\/pt\/gerontologia\/2019\/12\/01\/funiber-idosos-satisfeitos","og_locale":"pt_BR","og_type":"article","og_title":"Idosos espanh\u00f3is, satisfeitos com sua qualidade de vida, segundo estudo","og_description":"De acordo com um estudo realizado pela Facultad de Ciencias de la Actividad F\u00edsica y del Deporte da Universidad Polit\u00e9cnica de Madrid, aproximadamente 80% dos espanh\u00f3is de 65 anos dizem estar satisfeitos com sua qualidade de vida e condicionamento f\u00edsico.","og_url":"https:\/\/blogs.funiber.org\/pt\/gerontologia\/2019\/12\/01\/funiber-idosos-satisfeitos","og_site_name":"FuniBlogs - FUNIBER","article_publisher":"https:\/\/www.facebook.com\/funiber","article_published_time":"2019-12-01T14:32:21+00:00","article_modified_time":"2019-11-29T14:36:47+00:00","og_image":[{"width":570,"height":350,"url":"https:\/\/blogs.funiber.org\/pt\/wp-content\/uploads\/2019\/11\/funiber-idosos-satisfeitos.jpg","type":"image\/jpeg"}],"author":"Michelle","twitter_card":"summary_large_image","twitter_creator":"@FUNIBER","twitter_site":"@FUNIBER","twitter_misc":{"Escrito por":"Michelle","Est. tempo de leitura":"2 minutos"},"schema":{"@context":"https:\/\/schema.org","@graph":[{"@type":"Article","@id":"https:\/\/blogs.funiber.org\/pt\/gerontologia\/2019\/12\/01\/funiber-idosos-satisfeitos#article","isPartOf":{"@id":"https:\/\/blogs.funiber.org\/pt\/gerontologia\/2019\/12\/01\/funiber-idosos-satisfeitos"},"author":{"name":"Michelle","@id":"https:\/\/blogs.funiber.org\/pt\/#\/schema\/person\/a1eaaa5e57eac866a8c5946946bcf80d"},"headline":"Idosos espanh\u00f3is, satisfeitos com sua qualidade de vida, segundo estudo","datePublished":"2019-12-01T14:32:21+00:00","dateModified":"2019-11-29T14:36:47+00:00","mainEntityOfPage":{"@id":"https:\/\/blogs.funiber.org\/pt\/gerontologia\/2019\/12\/01\/funiber-idosos-satisfeitos"},"wordCount":334,"publisher":{"@id":"https:\/\/blogs.funiber.org\/pt\/#organization"},"keywords":["Espanha","gerontologia","Idosos","Qualidade de Vida","satisfeitos","Terceira idade"],"articleSection":["Gerontologia"],"inLanguage":"pt-BR"},{"@type":"WebPage","@id":"https:\/\/blogs.funiber.org\/pt\/gerontologia\/2019\/12\/01\/funiber-idosos-satisfeitos","url":"https:\/\/blogs.funiber.org\/pt\/gerontologia\/2019\/12\/01\/funiber-idosos-satisfeitos","name":"Idosos espanh\u00f3is, satisfeitos com sua qualidade de vida, segundo estudo","isPartOf":{"@id":"https:\/\/blogs.funiber.org\/pt\/#website"},"datePublished":"2019-12-01T14:32:21+00:00","dateModified":"2019-11-29T14:36:47+00:00","description":"De acordo com um estudo realizado pela Facultad de Ciencias de la Actividad F\u00edsica y del Deporte da Universidad Polit\u00e9cnica de Madrid, aproximadamente 80% dos espanh\u00f3is de 65 anos dizem estar satisfeitos com sua qualidade de vida e condicionamento f\u00edsico.","breadcrumb":{"@id":"https:\/\/blogs.funiber.org\/pt\/gerontologia\/2019\/12\/01\/funiber-idosos-satisfeitos#breadcrumb"},"inLanguage":"pt-BR","potentialAction":[{"@type":"ReadAction","target":["https:\/\/blogs.funiber.org\/pt\/gerontologia\/2019\/12\/01\/funiber-idosos-satisfeitos"]}]},{"@type":"BreadcrumbList","@id":"https:\/\/blogs.funiber.org\/pt\/gerontologia\/2019\/12\/01\/funiber-idosos-satisfeitos#breadcrumb","itemListElement":[{"@type":"ListItem","position":1,"name":"In\u00edcio","item":"https:\/\/blogs.funiber.org\/pt"},{"@type":"ListItem","position":2,"name":"Idosos espanh\u00f3is, satisfeitos com sua qualidade de vida, segundo estudo"}]},{"@type":"WebSite","@id":"https:\/\/blogs.funiber.org\/pt\/#website","url":"https:\/\/blogs.funiber.org\/pt\/","name":"FuniBlogs - FUNIBER","description":"","publisher":{"@id":"https:\/\/blogs.funiber.org\/pt\/#organization"},"potentialAction":[{"@type":"SearchAction","target":{"@type":"EntryPoint","urlTemplate":"https:\/\/blogs.funiber.org\/pt\/?s={search_term_string}"},"query-input":"required name=search_term_string"}],"inLanguage":"pt-BR"},{"@type":"Organization","@id":"https:\/\/blogs.funiber.org\/pt\/#organization","name":"FuniBlogs - FUNIBER","url":"https:\/\/blogs.funiber.org\/pt\/","logo":{"@type":"ImageObject","inLanguage":"pt-BR","@id":"https:\/\/blogs.funiber.org\/pt\/#\/schema\/logo\/image\/","url":"https:\/\/www.funiber.blog\/pt\/wp-content\/uploads\/2022\/02\/logo-funiber-pt-br-v-dos.svg","contentUrl":"https:\/\/www.funiber.blog\/pt\/wp-content\/uploads\/2022\/02\/logo-funiber-pt-br-v-dos.svg","width":1,"height":1,"caption":"FuniBlogs - FUNIBER"},"image":{"@id":"https:\/\/blogs.funiber.org\/pt\/#\/schema\/logo\/image\/"},"sameAs":["https:\/\/www.facebook.com\/funiber","https:\/\/twitter.com\/FUNIBER","https:\/\/www.instagram.com\/funiber_becas","https:\/\/www.youtube.com\/user\/funiber","https:\/\/www.linkedin.com\/company\/funiber"]},{"@type":"Person","@id":"https:\/\/blogs.funiber.org\/pt\/#\/schema\/person\/a1eaaa5e57eac866a8c5946946bcf80d","name":"Michelle","image":{"@type":"ImageObject","inLanguage":"pt-BR","@id":"https:\/\/blogs.funiber.org\/pt\/#\/schema\/person\/image\/","url":"https:\/\/secure.gravatar.com\/avatar\/5e87041f7609dc50493cf216754fece1?s=96&d=mm&r=g","contentUrl":"https:\/\/secure.gravatar.com\/avatar\/5e87041f7609dc50493cf216754fece1?s=96&d=mm&r=g","caption":"Michelle"},"url":"https:\/\/www.funiber.blog\/pt\/author\/michelle-moreira"}]}},"jetpack_featured_media_url":"https:\/\/www.funiber.blog\/pt\/wp-content\/uploads\/2019\/11\/funiber-idosos-satisfeitos.jpg","jetpack_shortlink":"https:\/\/wp.me\/p7ee1t-5qm","jetpack_sharing_enabled":true,"_links":{"self":[{"href":"https:\/\/www.funiber.blog\/pt\/wp-json\/wp\/v2\/posts\/20854"}],"collection":[{"href":"https:\/\/www.funiber.blog\/pt\/wp-json\/wp\/v2\/posts"}],"about":[{"href":"https:\/\/www.funiber.blog\/pt\/wp-json\/wp\/v2\/types\/post"}],"author":[{"embeddable":true,"href":"https:\/\/www.funiber.blog\/pt\/wp-json\/wp\/v2\/users\/10"}],"replies":[{"embeddable":true,"href":"https:\/\/www.funiber.blog\/pt\/wp-json\/wp\/v2\/comments?post=20854"}],"version-history":[{"count":1,"href":"https:\/\/www.funiber.blog\/pt\/wp-json\/wp\/v2\/posts\/20854\/revisions"}],"predecessor-version":[{"id":20856,"href":"https:\/\/www.funiber.blog\/pt\/wp-json\/wp\/v2\/posts\/20854\/revisions\/20856"}],"wp:featuredmedia":[{"embeddable":true,"href":"https:\/\/www.funiber.blog\/pt\/wp-json\/wp\/v2\/media\/20855"}],"wp:attachment":[{"href":"https:\/\/www.funiber.blog\/pt\/wp-json\/wp\/v2\/media?parent=20854"}],"wp:term":[{"taxonomy":"category","embeddable":true,"href":"https:\/\/www.funiber.blog\/pt\/wp-json\/wp\/v2\/categories?post=20854"},{"taxonomy":"post_tag","embeddable":true,"href":"https:\/\/www.funiber.blog\/pt\/wp-json\/wp\/v2\/tags?post=20854"}],"curies":[{"name":"wp","href":"https:\/\/api.w.org\/{rel}","templated":true}]}}