{"id":21023,"date":"2019-12-26T07:28:23","date_gmt":"2019-12-26T12:28:23","guid":{"rendered":"https:\/\/blogs.funiber.org\/pt\/?p=21023"},"modified":"2019-12-24T07:36:14","modified_gmt":"2019-12-24T12:36:14","slug":"funiber-gestao-escolar","status":"publish","type":"post","link":"https:\/\/www.funiber.blog\/pt\/formacao-professores\/2019\/12\/26\/funiber-gestao-escolar","title":{"rendered":"A import\u00e2ncia da gest\u00e3o escolar para a qualidade do ensino"},"content":{"rendered":"<h2>A gest\u00e3o escolar tem um papel fundamental para a organiza\u00e7\u00e3o da educa\u00e7\u00e3o ao coordenar as diferentes quest\u00f5es educativas dentro de uma institui\u00e7\u00e3o. O profissional encarregado desta miss\u00e3o deve saber aplicar princ\u00edpios e estrat\u00e9gias eficazes nos processos para promover a qualidade do ensino.<\/h2>\n<p>\u00c9 verdade que o foco principal da gest\u00e3o escolar \u00e9 conseguir resultados relevantes, que sejam importantes para a comunidade escolar e o entorno comunit\u00e1rio. Mas h\u00e1 um grande trabalho por tr\u00e1s deste objetivo.<!--more--><\/p>\n<p>\u201cA gest\u00e3o escolar aborda quest\u00f5es concretas da rotina educacional e busca garantir que as institui\u00e7\u00f5es de ensino tenham as condi\u00e7\u00f5es necess\u00e1rias para cumprir seu papel principal: ensinar com qualidade e formar cidad\u00e3os com as compet\u00eancias e habilidades indispens\u00e1veis para sua vida pessoal e profissional\u201d, explica a especialista em educa\u00e7\u00e3o Helo\u00edsa L\u00fcck.<\/p>\n<p>H\u00e1 uma variedade de pilares que sustentam a gest\u00e3o das escolas, como a gest\u00e3o pedag\u00f3gica, que requer definir os par\u00e2metros de ensino-aprendizagem adotados pela escola. Tamb\u00e9m \u00e9 importante organizar o espa\u00e7o, e conseguir fazer que tudo funcione corretamente e com uma estrutura adequada. Esta gest\u00e3o mais administrativa requer o monitoramento dos processos e ambientes escolares.<\/p>\n<p>Para viabilizar os projetos e as necessidades di\u00e1rias da institui\u00e7\u00e3o, \u00e9 necess\u00e1ria tamb\u00e9m uma gest\u00e3o financeira que possa organizar e disponibilizar os recursos e manter as contas equilibras.<\/p>\n<p>Outro pilar essencial para a gest\u00e3o escolar \u00e9 o trabalho de recursos humanos entre alunos, professores, coordenadores, funcion\u00e1rios, fam\u00edlias e comunidade. Neste sentido, \u00e9 necess\u00e1rio desenvolver ainda mais o papel de lideran\u00e7a para estimular, encontrar o ponto comum e favorecer um ambiente de respeito e de coopera\u00e7\u00e3o.<\/p>\n<p>Neste sentido, \u00e9 importante motivar \u00e0 forma\u00e7\u00e3o dos professores para que possam manter-se atualizados com habilidades e interesses em conson\u00e2ncia com os prop\u00f3sitos da institui\u00e7\u00e3o.<\/p>\n<p>A <a href=\"https:\/\/www.funiber.org.br\/\" target=\"_blank\" rel=\"noopener noreferrer\">FUNIBER<\/a> patrocina diversos programas para a forma\u00e7\u00e3o de professores, como por exemplo, o <a href=\"https:\/\/www.funiber.org.br\/mestrado-em-educacao\" hreflang=\"pt-br\">Mestrado em Educa\u00e7\u00e3o<\/a><\/p>\n<p>Fontes:<\/p>\n<p><a href=\"http:\/\/www.proesc.com\/blog\/gestao-escolar\/\" target=\"_blank\" rel=\"noopener noreferrer\">Gest\u00e3o escolar: Saiba tudo sobre principais conceitos e como desenvolver<\/a><\/p>\n<p><a href=\"https:\/\/educador360.com\/gestao\/gestao-escolar-pilares\/\" target=\"_blank\" rel=\"noopener noreferrer\">Como os 6 Pilares da Gest\u00e3o Escolar ajudam a atingir os prop\u00f3sitos da escola<\/a><\/p>\n<p class=\"entry-title\">Foto: Todos os direitos reservados<\/p>\n","protected":false},"excerpt":{"rendered":"<p>A gest\u00e3o escolar tem um papel fundamental para a organiza\u00e7\u00e3o da educa\u00e7\u00e3o ao coordenar as diferentes quest\u00f5es educativas dentro de uma institui\u00e7\u00e3o. O profissional encarregado desta miss\u00e3o deve saber aplicar princ\u00edpios e estrat\u00e9gias eficazes nos processos para promover a qualidade do ensino. \u00c9 verdade que o foco principal da gest\u00e3o escolar \u00e9 conseguir resultados relevantes, [&hellip;]<\/p>\n","protected":false},"author":10,"featured_media":21024,"comment_status":"closed","ping_status":"closed","sticky":false,"template":"","format":"standard","meta":{"jetpack_post_was_ever_published":false,"_jetpack_newsletter_access":"","_jetpack_newsletter_tier_id":0,"footnotes":"","jetpack_publicize_message":"","jetpack_is_tweetstorm":false,"jetpack_publicize_feature_enabled":true,"jetpack_social_post_already_shared":true,"jetpack_social_options":{"image_generator_settings":{"template":"highway","enabled":false}}},"categories":[5],"tags":[1242,855,285,408,145,119,686,248,911,5808,5809,868,5810,671,641,255,642,168],"jetpack_publicize_connections":[],"yoast_head":"<!-- This site is optimized with the Yoast SEO plugin v21.7 - https:\/\/yoast.com\/wordpress\/plugins\/seo\/ -->\n<title>A import\u00e2ncia da gest\u00e3o escolar para a qualidade do ensino<\/title>\n<meta name=\"description\" content=\"A gest\u00e3o escolar tem um papel fundamental para a organiza\u00e7\u00e3o da educa\u00e7\u00e3o ao coordenar as diferentes quest\u00f5es educativas dentro de uma institui\u00e7\u00e3o. O profissional encarregado desta miss\u00e3o deve saber aplicar princ\u00edpios e estrat\u00e9gias eficazes nos processos para promover a qualidade do ensino.\" \/>\n<meta name=\"robots\" content=\"index, follow, max-snippet:-1, max-image-preview:large, max-video-preview:-1\" \/>\n<link rel=\"canonical\" href=\"https:\/\/blogs.funiber.org\/pt\/formacao-professores\/2019\/12\/26\/funiber-gestao-escolar\" \/>\n<meta property=\"og:locale\" content=\"pt_BR\" \/>\n<meta property=\"og:type\" content=\"article\" \/>\n<meta property=\"og:title\" content=\"A import\u00e2ncia da gest\u00e3o escolar para a qualidade do ensino\" \/>\n<meta property=\"og:description\" content=\"A gest\u00e3o escolar tem um papel fundamental para a organiza\u00e7\u00e3o da educa\u00e7\u00e3o ao coordenar as diferentes quest\u00f5es educativas dentro de uma institui\u00e7\u00e3o. O profissional encarregado desta miss\u00e3o deve saber aplicar princ\u00edpios e estrat\u00e9gias eficazes nos processos para promover a qualidade do ensino.\" \/>\n<meta property=\"og:url\" content=\"https:\/\/blogs.funiber.org\/pt\/formacao-professores\/2019\/12\/26\/funiber-gestao-escolar\" \/>\n<meta property=\"og:site_name\" content=\"FuniBlogs - FUNIBER\" \/>\n<meta property=\"article:publisher\" content=\"https:\/\/www.facebook.com\/funiber\" \/>\n<meta property=\"article:published_time\" content=\"2019-12-26T12:28:23+00:00\" \/>\n<meta property=\"article:modified_time\" content=\"2019-12-24T12:36:14+00:00\" \/>\n<meta property=\"og:image\" content=\"https:\/\/blogs.funiber.org\/pt\/wp-content\/uploads\/2019\/12\/funiber-gestao-educativa.jpg\" \/>\n\t<meta property=\"og:image:width\" content=\"900\" \/>\n\t<meta property=\"og:image:height\" content=\"604\" \/>\n\t<meta property=\"og:image:type\" content=\"image\/jpeg\" \/>\n<meta name=\"author\" content=\"Michelle\" \/>\n<meta name=\"twitter:card\" content=\"summary_large_image\" \/>\n<meta name=\"twitter:creator\" content=\"@FUNIBER\" \/>\n<meta name=\"twitter:site\" content=\"@FUNIBER\" \/>\n<meta name=\"twitter:label1\" content=\"Escrito por\" \/>\n\t<meta name=\"twitter:data1\" content=\"Michelle\" \/>\n\t<meta name=\"twitter:label2\" content=\"Est. tempo de leitura\" \/>\n\t<meta name=\"twitter:data2\" content=\"2 minutos\" \/>\n<script type=\"application\/ld+json\" class=\"yoast-schema-graph\">{\"@context\":\"https:\/\/schema.org\",\"@graph\":[{\"@type\":\"Article\",\"@id\":\"https:\/\/blogs.funiber.org\/pt\/formacao-professores\/2019\/12\/26\/funiber-gestao-escolar#article\",\"isPartOf\":{\"@id\":\"https:\/\/blogs.funiber.org\/pt\/formacao-professores\/2019\/12\/26\/funiber-gestao-escolar\"},\"author\":{\"name\":\"Michelle\",\"@id\":\"https:\/\/blogs.funiber.org\/pt\/#\/schema\/person\/a1eaaa5e57eac866a8c5946946bcf80d\"},\"headline\":\"A import\u00e2ncia da gest\u00e3o escolar para a qualidade do ensino\",\"datePublished\":\"2019-12-26T12:28:23+00:00\",\"dateModified\":\"2019-12-24T12:36:14+00:00\",\"mainEntityOfPage\":{\"@id\":\"https:\/\/blogs.funiber.org\/pt\/formacao-professores\/2019\/12\/26\/funiber-gestao-escolar\"},\"wordCount\":380,\"publisher\":{\"@id\":\"https:\/\/blogs.funiber.org\/pt\/#organization\"},\"keywords\":[\"Bolsas\",\"Doutorado\",\"Educa\u00e7\u00e3o\",\"Educa\u00e7\u00e3o a Dist\u00e2ncia\",\"Escola\",\"Estudos\",\"Forma\u00e7\u00e3o de Professores\",\"Funiber\",\"FUNIBER Opini\u00f5es\",\"gest\u00e3o administrativa\",\"gest\u00e3o de pessoas\",\"Gest\u00e3o escolar\",\"insitui\u00e7\u00e3o educativa\",\"mestrado\",\"Opini\u00e3o FUNIBER\",\"Opini\u00f5es Funiber\",\"Professores\",\"Recursos Humanos\"],\"articleSection\":[\"Educa\u00e7\u00e3o,\u00a0Forma\u00e7\u00e3o Professores\"],\"inLanguage\":\"pt-BR\"},{\"@type\":\"WebPage\",\"@id\":\"https:\/\/blogs.funiber.org\/pt\/formacao-professores\/2019\/12\/26\/funiber-gestao-escolar\",\"url\":\"https:\/\/blogs.funiber.org\/pt\/formacao-professores\/2019\/12\/26\/funiber-gestao-escolar\",\"name\":\"A import\u00e2ncia da gest\u00e3o escolar para a qualidade do ensino\",\"isPartOf\":{\"@id\":\"https:\/\/blogs.funiber.org\/pt\/#website\"},\"datePublished\":\"2019-12-26T12:28:23+00:00\",\"dateModified\":\"2019-12-24T12:36:14+00:00\",\"description\":\"A gest\u00e3o escolar tem um papel fundamental para a organiza\u00e7\u00e3o da educa\u00e7\u00e3o ao coordenar as diferentes quest\u00f5es educativas dentro de uma institui\u00e7\u00e3o. O profissional encarregado desta miss\u00e3o deve saber aplicar princ\u00edpios e estrat\u00e9gias eficazes nos processos para promover a qualidade do ensino.\",\"breadcrumb\":{\"@id\":\"https:\/\/blogs.funiber.org\/pt\/formacao-professores\/2019\/12\/26\/funiber-gestao-escolar#breadcrumb\"},\"inLanguage\":\"pt-BR\",\"potentialAction\":[{\"@type\":\"ReadAction\",\"target\":[\"https:\/\/blogs.funiber.org\/pt\/formacao-professores\/2019\/12\/26\/funiber-gestao-escolar\"]}]},{\"@type\":\"BreadcrumbList\",\"@id\":\"https:\/\/blogs.funiber.org\/pt\/formacao-professores\/2019\/12\/26\/funiber-gestao-escolar#breadcrumb\",\"itemListElement\":[{\"@type\":\"ListItem\",\"position\":1,\"name\":\"In\u00edcio\",\"item\":\"https:\/\/blogs.funiber.org\/pt\"},{\"@type\":\"ListItem\",\"position\":2,\"name\":\"A import\u00e2ncia da gest\u00e3o escolar para a qualidade do ensino\"}]},{\"@type\":\"WebSite\",\"@id\":\"https:\/\/blogs.funiber.org\/pt\/#website\",\"url\":\"https:\/\/blogs.funiber.org\/pt\/\",\"name\":\"FuniBlogs - FUNIBER\",\"description\":\"\",\"publisher\":{\"@id\":\"https:\/\/blogs.funiber.org\/pt\/#organization\"},\"potentialAction\":[{\"@type\":\"SearchAction\",\"target\":{\"@type\":\"EntryPoint\",\"urlTemplate\":\"https:\/\/blogs.funiber.org\/pt\/?s={search_term_string}\"},\"query-input\":\"required name=search_term_string\"}],\"inLanguage\":\"pt-BR\"},{\"@type\":\"Organization\",\"@id\":\"https:\/\/blogs.funiber.org\/pt\/#organization\",\"name\":\"FuniBlogs - FUNIBER\",\"url\":\"https:\/\/blogs.funiber.org\/pt\/\",\"logo\":{\"@type\":\"ImageObject\",\"inLanguage\":\"pt-BR\",\"@id\":\"https:\/\/blogs.funiber.org\/pt\/#\/schema\/logo\/image\/\",\"url\":\"https:\/\/www.funiber.blog\/pt\/wp-content\/uploads\/2022\/02\/logo-funiber-pt-br-v-dos.svg\",\"contentUrl\":\"https:\/\/www.funiber.blog\/pt\/wp-content\/uploads\/2022\/02\/logo-funiber-pt-br-v-dos.svg\",\"width\":1,\"height\":1,\"caption\":\"FuniBlogs - FUNIBER\"},\"image\":{\"@id\":\"https:\/\/blogs.funiber.org\/pt\/#\/schema\/logo\/image\/\"},\"sameAs\":[\"https:\/\/www.facebook.com\/funiber\",\"https:\/\/twitter.com\/FUNIBER\",\"https:\/\/www.instagram.com\/funiber_becas\",\"https:\/\/www.youtube.com\/user\/funiber\",\"https:\/\/www.linkedin.com\/company\/funiber\"]},{\"@type\":\"Person\",\"@id\":\"https:\/\/blogs.funiber.org\/pt\/#\/schema\/person\/a1eaaa5e57eac866a8c5946946bcf80d\",\"name\":\"Michelle\",\"image\":{\"@type\":\"ImageObject\",\"inLanguage\":\"pt-BR\",\"@id\":\"https:\/\/blogs.funiber.org\/pt\/#\/schema\/person\/image\/\",\"url\":\"https:\/\/secure.gravatar.com\/avatar\/5e87041f7609dc50493cf216754fece1?s=96&d=mm&r=g\",\"contentUrl\":\"https:\/\/secure.gravatar.com\/avatar\/5e87041f7609dc50493cf216754fece1?s=96&d=mm&r=g\",\"caption\":\"Michelle\"},\"url\":\"https:\/\/www.funiber.blog\/pt\/author\/michelle-moreira\"}]}<\/script>\n<!-- \/ Yoast SEO plugin. -->","yoast_head_json":{"title":"A import\u00e2ncia da gest\u00e3o escolar para a qualidade do ensino","description":"A gest\u00e3o escolar tem um papel fundamental para a organiza\u00e7\u00e3o da educa\u00e7\u00e3o ao coordenar as diferentes quest\u00f5es educativas dentro de uma institui\u00e7\u00e3o. O profissional encarregado desta miss\u00e3o deve saber aplicar princ\u00edpios e estrat\u00e9gias eficazes nos processos para promover a qualidade do ensino.","robots":{"index":"index","follow":"follow","max-snippet":"max-snippet:-1","max-image-preview":"max-image-preview:large","max-video-preview":"max-video-preview:-1"},"canonical":"https:\/\/blogs.funiber.org\/pt\/formacao-professores\/2019\/12\/26\/funiber-gestao-escolar","og_locale":"pt_BR","og_type":"article","og_title":"A import\u00e2ncia da gest\u00e3o escolar para a qualidade do ensino","og_description":"A gest\u00e3o escolar tem um papel fundamental para a organiza\u00e7\u00e3o da educa\u00e7\u00e3o ao coordenar as diferentes quest\u00f5es educativas dentro de uma institui\u00e7\u00e3o. O profissional encarregado desta miss\u00e3o deve saber aplicar princ\u00edpios e estrat\u00e9gias eficazes nos processos para promover a qualidade do ensino.","og_url":"https:\/\/blogs.funiber.org\/pt\/formacao-professores\/2019\/12\/26\/funiber-gestao-escolar","og_site_name":"FuniBlogs - FUNIBER","article_publisher":"https:\/\/www.facebook.com\/funiber","article_published_time":"2019-12-26T12:28:23+00:00","article_modified_time":"2019-12-24T12:36:14+00:00","og_image":[{"width":900,"height":604,"url":"https:\/\/blogs.funiber.org\/pt\/wp-content\/uploads\/2019\/12\/funiber-gestao-educativa.jpg","type":"image\/jpeg"}],"author":"Michelle","twitter_card":"summary_large_image","twitter_creator":"@FUNIBER","twitter_site":"@FUNIBER","twitter_misc":{"Escrito por":"Michelle","Est. tempo de leitura":"2 minutos"},"schema":{"@context":"https:\/\/schema.org","@graph":[{"@type":"Article","@id":"https:\/\/blogs.funiber.org\/pt\/formacao-professores\/2019\/12\/26\/funiber-gestao-escolar#article","isPartOf":{"@id":"https:\/\/blogs.funiber.org\/pt\/formacao-professores\/2019\/12\/26\/funiber-gestao-escolar"},"author":{"name":"Michelle","@id":"https:\/\/blogs.funiber.org\/pt\/#\/schema\/person\/a1eaaa5e57eac866a8c5946946bcf80d"},"headline":"A import\u00e2ncia da gest\u00e3o escolar para a qualidade do ensino","datePublished":"2019-12-26T12:28:23+00:00","dateModified":"2019-12-24T12:36:14+00:00","mainEntityOfPage":{"@id":"https:\/\/blogs.funiber.org\/pt\/formacao-professores\/2019\/12\/26\/funiber-gestao-escolar"},"wordCount":380,"publisher":{"@id":"https:\/\/blogs.funiber.org\/pt\/#organization"},"keywords":["Bolsas","Doutorado","Educa\u00e7\u00e3o","Educa\u00e7\u00e3o a Dist\u00e2ncia","Escola","Estudos","Forma\u00e7\u00e3o de Professores","Funiber","FUNIBER Opini\u00f5es","gest\u00e3o administrativa","gest\u00e3o de pessoas","Gest\u00e3o escolar","insitui\u00e7\u00e3o educativa","mestrado","Opini\u00e3o FUNIBER","Opini\u00f5es Funiber","Professores","Recursos Humanos"],"articleSection":["Educa\u00e7\u00e3o,\u00a0Forma\u00e7\u00e3o Professores"],"inLanguage":"pt-BR"},{"@type":"WebPage","@id":"https:\/\/blogs.funiber.org\/pt\/formacao-professores\/2019\/12\/26\/funiber-gestao-escolar","url":"https:\/\/blogs.funiber.org\/pt\/formacao-professores\/2019\/12\/26\/funiber-gestao-escolar","name":"A import\u00e2ncia da gest\u00e3o escolar para a qualidade do ensino","isPartOf":{"@id":"https:\/\/blogs.funiber.org\/pt\/#website"},"datePublished":"2019-12-26T12:28:23+00:00","dateModified":"2019-12-24T12:36:14+00:00","description":"A gest\u00e3o escolar tem um papel fundamental para a organiza\u00e7\u00e3o da educa\u00e7\u00e3o ao coordenar as diferentes quest\u00f5es educativas dentro de uma institui\u00e7\u00e3o. O profissional encarregado desta miss\u00e3o deve saber aplicar princ\u00edpios e estrat\u00e9gias eficazes nos processos para promover a qualidade do ensino.","breadcrumb":{"@id":"https:\/\/blogs.funiber.org\/pt\/formacao-professores\/2019\/12\/26\/funiber-gestao-escolar#breadcrumb"},"inLanguage":"pt-BR","potentialAction":[{"@type":"ReadAction","target":["https:\/\/blogs.funiber.org\/pt\/formacao-professores\/2019\/12\/26\/funiber-gestao-escolar"]}]},{"@type":"BreadcrumbList","@id":"https:\/\/blogs.funiber.org\/pt\/formacao-professores\/2019\/12\/26\/funiber-gestao-escolar#breadcrumb","itemListElement":[{"@type":"ListItem","position":1,"name":"In\u00edcio","item":"https:\/\/blogs.funiber.org\/pt"},{"@type":"ListItem","position":2,"name":"A import\u00e2ncia da gest\u00e3o escolar para a qualidade do ensino"}]},{"@type":"WebSite","@id":"https:\/\/blogs.funiber.org\/pt\/#website","url":"https:\/\/blogs.funiber.org\/pt\/","name":"FuniBlogs - FUNIBER","description":"","publisher":{"@id":"https:\/\/blogs.funiber.org\/pt\/#organization"},"potentialAction":[{"@type":"SearchAction","target":{"@type":"EntryPoint","urlTemplate":"https:\/\/blogs.funiber.org\/pt\/?s={search_term_string}"},"query-input":"required name=search_term_string"}],"inLanguage":"pt-BR"},{"@type":"Organization","@id":"https:\/\/blogs.funiber.org\/pt\/#organization","name":"FuniBlogs - FUNIBER","url":"https:\/\/blogs.funiber.org\/pt\/","logo":{"@type":"ImageObject","inLanguage":"pt-BR","@id":"https:\/\/blogs.funiber.org\/pt\/#\/schema\/logo\/image\/","url":"https:\/\/www.funiber.blog\/pt\/wp-content\/uploads\/2022\/02\/logo-funiber-pt-br-v-dos.svg","contentUrl":"https:\/\/www.funiber.blog\/pt\/wp-content\/uploads\/2022\/02\/logo-funiber-pt-br-v-dos.svg","width":1,"height":1,"caption":"FuniBlogs - FUNIBER"},"image":{"@id":"https:\/\/blogs.funiber.org\/pt\/#\/schema\/logo\/image\/"},"sameAs":["https:\/\/www.facebook.com\/funiber","https:\/\/twitter.com\/FUNIBER","https:\/\/www.instagram.com\/funiber_becas","https:\/\/www.youtube.com\/user\/funiber","https:\/\/www.linkedin.com\/company\/funiber"]},{"@type":"Person","@id":"https:\/\/blogs.funiber.org\/pt\/#\/schema\/person\/a1eaaa5e57eac866a8c5946946bcf80d","name":"Michelle","image":{"@type":"ImageObject","inLanguage":"pt-BR","@id":"https:\/\/blogs.funiber.org\/pt\/#\/schema\/person\/image\/","url":"https:\/\/secure.gravatar.com\/avatar\/5e87041f7609dc50493cf216754fece1?s=96&d=mm&r=g","contentUrl":"https:\/\/secure.gravatar.com\/avatar\/5e87041f7609dc50493cf216754fece1?s=96&d=mm&r=g","caption":"Michelle"},"url":"https:\/\/www.funiber.blog\/pt\/author\/michelle-moreira"}]}},"jetpack_featured_media_url":"https:\/\/www.funiber.blog\/pt\/wp-content\/uploads\/2019\/12\/funiber-gestao-educativa.jpg","jetpack_shortlink":"https:\/\/wp.me\/p7ee1t-5t5","jetpack_sharing_enabled":true,"_links":{"self":[{"href":"https:\/\/www.funiber.blog\/pt\/wp-json\/wp\/v2\/posts\/21023"}],"collection":[{"href":"https:\/\/www.funiber.blog\/pt\/wp-json\/wp\/v2\/posts"}],"about":[{"href":"https:\/\/www.funiber.blog\/pt\/wp-json\/wp\/v2\/types\/post"}],"author":[{"embeddable":true,"href":"https:\/\/www.funiber.blog\/pt\/wp-json\/wp\/v2\/users\/10"}],"replies":[{"embeddable":true,"href":"https:\/\/www.funiber.blog\/pt\/wp-json\/wp\/v2\/comments?post=21023"}],"version-history":[{"count":3,"href":"https:\/\/www.funiber.blog\/pt\/wp-json\/wp\/v2\/posts\/21023\/revisions"}],"predecessor-version":[{"id":21026,"href":"https:\/\/www.funiber.blog\/pt\/wp-json\/wp\/v2\/posts\/21023\/revisions\/21026"}],"wp:featuredmedia":[{"embeddable":true,"href":"https:\/\/www.funiber.blog\/pt\/wp-json\/wp\/v2\/media\/21024"}],"wp:attachment":[{"href":"https:\/\/www.funiber.blog\/pt\/wp-json\/wp\/v2\/media?parent=21023"}],"wp:term":[{"taxonomy":"category","embeddable":true,"href":"https:\/\/www.funiber.blog\/pt\/wp-json\/wp\/v2\/categories?post=21023"},{"taxonomy":"post_tag","embeddable":true,"href":"https:\/\/www.funiber.blog\/pt\/wp-json\/wp\/v2\/tags?post=21023"}],"curies":[{"name":"wp","href":"https:\/\/api.w.org\/{rel}","templated":true}]}}