{"id":2117,"date":"2011-11-18T17:12:52","date_gmt":"2011-11-18T16:12:52","guid":{"rendered":"http:\/\/blogs.funiber.org\/pt\/?p=2117"},"modified":"2011-11-23T17:43:22","modified_gmt":"2011-11-23T16:43:22","slug":"como-o-mundo-corporativo-esta-lidando-com-as-redes-sociais","status":"publish","type":"post","link":"https:\/\/www.funiber.blog\/pt\/empresas-e-rh\/2011\/11\/18\/como-o-mundo-corporativo-esta-lidando-com-as-redes-sociais","title":{"rendered":"Como o mundo corporativo est\u00e1 lidando com as redes sociais"},"content":{"rendered":"<p style=\"text-align: justify\"><a href=\"http:\/\/blogs.funiber.org\/direcao-empresarial-rsc\/files\/2011\/11\/Rede-sociais.jpg\"><img loading=\"lazy\" decoding=\"async\" class=\"alignright size-thumbnail wp-image-420\" src=\"http:\/\/blogs.funiber.org\/direcao-empresarial-rsc\/files\/2011\/11\/Rede-sociais-150x150.jpg\" alt=\"\" width=\"150\" height=\"150\" \/><\/a>O Instituto Brasileiro de Intelig\u00eancia de Mercado (Ibramerc) realizou uma pesquisa sobre a presen\u00e7a e o uso das redes sociais com 251 empresas de m\u00e9dio e grande porte e constatou que 65% destas empresas utilizam as redes sociais como ferramenta de comunica\u00e7\u00e3o com clientes e prospects. Al\u00e9m disso, descobriu que a rede social mais utilizada \u00e9 o Twitter, pois, segundo o diretor executivo do Ibramerc, \u00e9 a ferramenta que demanda menos esfor\u00e7o de atualiza\u00e7\u00e3o.<\/p>\n<p style=\"text-align: justify\"><!--more-->Das empresas presentes nas redes sociais, a pesquisa a ponta que 84% delas utiliza o Twitter pela facilidade de acr\u00e9scimo de conte\u00fados. Em seguida temos a rede Youtube, utilizada por 62% dos entrevistados. Em terceiro lugar est\u00e1 o Facebook com 61% de utilizadores, seguido pelo Orkut com 45%. A rede LinkedIn divide o quinto lugar com as empresas utilizadores de blogs, ambos com 40%. Por fim a pesquisa a ponta o Flickr com 22%, MySpace com 8% e Ning com 4%.<\/p>\n<p style=\"text-align: justify\">Mesmo com alta ades\u00e3o no mundo corporativo, as redes sociais ainda s\u00e3o vistas como um canal complementar ou um meio de comunica\u00e7\u00e3o muito importante, mas n\u00e3o fundamental. Isso se d\u00e1 pois a utiliza\u00e7\u00e3o destas ferramentas ainda \u00e9 uma estrat\u00e9gia de testes e as empresas buscam entender como elas podem agregar valor ao seu neg\u00f3cio.<\/p>\n<p style=\"text-align: justify\">Dentre as pr\u00e1ticas mais comuns identificadas, as 46% dos entrevistados utilizam as redes para monitorar o mercado, 45% usam para observar o comportamento dos clientes e 39% utilizam para ficar de olho na concorr\u00eancia.<\/p>\n<p style=\"text-align: justify\">Quanto aos benef\u00edcios que as redes sociais podem oferecer h\u00e1 diverg\u00eancias na medida em que 45% s\u00e3o positivas das empresas acreditam que o fortalecimento da marca \u00e9 o maior benef\u00edcio que as redes sociais podem oferecer. Por outro lado, 44% das empresas acham que as redes ainda n\u00e3o trouxeram nenhum benef\u00edcio. Mas, embora seja pouco, 6% das empresas acreditam que as redes sociais podem trazer fideliza\u00e7\u00e3o dos clientes.<\/p>\n<p style=\"text-align: justify\">Nos Estados Unidos, outra pesquisa, realizada pela Harvard Business Review Analytic Servises com mais de 2 mil empresas, aponta que menos de 7% de fato interagem com os clientes em redes sociais. A maioria das empresas n\u00e3o veem as redes sociais como um canal para a capitaliza\u00e7\u00e3o de neg\u00f3cios, estando ainda presas no paradigma que estas m\u00eddias servem apenas para monitorar a opini\u00e3o dos internautas, ignorando as possibilidades de acompanhar, analisar e participar de discuss\u00f5es entre os consumidores.<\/p>\n<p style=\"text-align: justify\">Confira a seguir quais s\u00e3o os erros mais comuns identificados pela pesquisa em rela\u00e7\u00e3o \u00e0s m\u00eddias sociais:<\/p>\n<ul style=\"text-align: justify\">\n<li>a maioria das organiza\u00e7\u00f5es ainda enxerga as redes sociais como um term\u00f4metro da opini\u00e3o dos clientes.<\/li>\n<li>a maioria ignora a possibilidade de acompanhar, analisar e participar deste ambiente online.<\/li>\n<li>75% das empresas pesquisadas n\u00e3o sabia onde estava a maioria dos seus clientes valiosos estavam falando sobre elas.<\/li>\n<li>1\/4 sabe o que os principais clientes falam sobre a sua empresa ou marca nas redes sociais.<\/li>\n<li>1\/3 n\u00e3o monitora com efic\u00e1cia este canal.<\/li>\n<li>somente 23% usam ferramentas para analisar informa\u00e7\u00f5es coletadas<\/li>\n<li>apenas 7% interagem com os clientes por meio de a\u00e7\u00f5es de marketing.<\/li>\n<li>36% das companhias pesquisadas planejam aderir solu\u00e7\u00f5es para analisar os sentimentos dos consumidores nos pr\u00f3ximos dois ou tr\u00eas anos.<\/li>\n<li>33% ainda pretendem monitorar as redes sociais.<\/li>\n<\/ul>\n","protected":false},"excerpt":{"rendered":"<p>O Instituto Brasileiro de Intelig\u00eancia de Mercado (Ibramerc) realizou uma pesquisa sobre a presen\u00e7a e o uso das redes sociais com 251 empresas de m\u00e9dio e grande porte e constatou que 65% destas empresas utilizam as redes sociais como ferramenta de comunica\u00e7\u00e3o com clientes e prospects. Al\u00e9m disso, descobriu que a rede social mais utilizada [&hellip;]<\/p>\n","protected":false},"author":13,"featured_media":0,"comment_status":"open","ping_status":"open","sticky":false,"template":"","format":"standard","meta":{"jetpack_post_was_ever_published":false,"_jetpack_newsletter_access":"","_jetpack_newsletter_tier_id":0,"footnotes":"","jetpack_publicize_message":"","jetpack_is_tweetstorm":false,"jetpack_publicize_feature_enabled":true,"jetpack_social_post_already_shared":false,"jetpack_social_options":{"image_generator_settings":{"template":"highway","enabled":false}}},"categories":[8],"tags":[],"jetpack_publicize_connections":[],"yoast_head":"<!-- This site is optimized with the Yoast SEO plugin v21.7 - https:\/\/yoast.com\/wordpress\/plugins\/seo\/ -->\n<title>Como o mundo corporativo est\u00e1 lidando com as redes sociais - FuniBlogs - FUNIBER<\/title>\n<meta name=\"robots\" content=\"noindex, nofollow\" \/>\n<meta property=\"og:locale\" content=\"pt_BR\" \/>\n<meta property=\"og:type\" content=\"article\" \/>\n<meta property=\"og:title\" content=\"Como o mundo corporativo est\u00e1 lidando com as redes sociais - FuniBlogs - FUNIBER\" \/>\n<meta property=\"og:description\" content=\"O Instituto Brasileiro de Intelig\u00eancia de Mercado (Ibramerc) realizou uma pesquisa sobre a presen\u00e7a e o uso das redes sociais com 251 empresas de m\u00e9dio e grande porte e constatou que 65% destas empresas utilizam as redes sociais como ferramenta de comunica\u00e7\u00e3o com clientes e prospects. Al\u00e9m disso, descobriu que a rede social mais utilizada [&hellip;]\" \/>\n<meta property=\"og:url\" content=\"https:\/\/blogs.funiber.org\/pt\/empresas-e-rh\/2011\/11\/18\/como-o-mundo-corporativo-esta-lidando-com-as-redes-sociais\" \/>\n<meta property=\"og:site_name\" content=\"FuniBlogs - FUNIBER\" \/>\n<meta property=\"article:publisher\" content=\"https:\/\/www.facebook.com\/funiber\" \/>\n<meta property=\"article:published_time\" content=\"2011-11-18T16:12:52+00:00\" \/>\n<meta property=\"article:modified_time\" content=\"2011-11-23T16:43:22+00:00\" \/>\n<meta property=\"og:image\" content=\"http:\/\/blogs.funiber.org\/direcao-empresarial-rsc\/files\/2011\/11\/Rede-sociais-150x150.jpg\" \/>\n<meta name=\"author\" content=\"Administrador Blogs CT\" \/>\n<meta name=\"twitter:card\" content=\"summary_large_image\" \/>\n<meta name=\"twitter:creator\" content=\"@FUNIBER\" \/>\n<meta name=\"twitter:site\" content=\"@FUNIBER\" \/>\n<meta name=\"twitter:label1\" content=\"Escrito por\" \/>\n\t<meta name=\"twitter:data1\" content=\"Administrador Blogs CT\" \/>\n\t<meta name=\"twitter:label2\" content=\"Est. tempo de leitura\" \/>\n\t<meta name=\"twitter:data2\" content=\"3 minutos\" \/>\n<script type=\"application\/ld+json\" class=\"yoast-schema-graph\">{\"@context\":\"https:\/\/schema.org\",\"@graph\":[{\"@type\":\"Article\",\"@id\":\"https:\/\/blogs.funiber.org\/pt\/empresas-e-rh\/2011\/11\/18\/como-o-mundo-corporativo-esta-lidando-com-as-redes-sociais#article\",\"isPartOf\":{\"@id\":\"https:\/\/blogs.funiber.org\/pt\/empresas-e-rh\/2011\/11\/18\/como-o-mundo-corporativo-esta-lidando-com-as-redes-sociais\"},\"author\":{\"name\":\"Administrador Blogs CT\",\"@id\":\"https:\/\/blogs.funiber.org\/pt\/#\/schema\/person\/0eae3cfb523a46b015366e49f7c79e8f\"},\"headline\":\"Como o mundo corporativo est\u00e1 lidando com as redes sociais\",\"datePublished\":\"2011-11-18T16:12:52+00:00\",\"dateModified\":\"2011-11-23T16:43:22+00:00\",\"mainEntityOfPage\":{\"@id\":\"https:\/\/blogs.funiber.org\/pt\/empresas-e-rh\/2011\/11\/18\/como-o-mundo-corporativo-esta-lidando-com-as-redes-sociais\"},\"wordCount\":549,\"commentCount\":0,\"publisher\":{\"@id\":\"https:\/\/blogs.funiber.org\/pt\/#organization\"},\"articleSection\":[\"Empresas, Dire\u00e7\u00e3o e RH\"],\"inLanguage\":\"pt-BR\"},{\"@type\":\"WebPage\",\"@id\":\"https:\/\/blogs.funiber.org\/pt\/empresas-e-rh\/2011\/11\/18\/como-o-mundo-corporativo-esta-lidando-com-as-redes-sociais\",\"url\":\"https:\/\/blogs.funiber.org\/pt\/empresas-e-rh\/2011\/11\/18\/como-o-mundo-corporativo-esta-lidando-com-as-redes-sociais\",\"name\":\"Como o mundo corporativo est\u00e1 lidando com as redes sociais - FuniBlogs - FUNIBER\",\"isPartOf\":{\"@id\":\"https:\/\/blogs.funiber.org\/pt\/#website\"},\"datePublished\":\"2011-11-18T16:12:52+00:00\",\"dateModified\":\"2011-11-23T16:43:22+00:00\",\"breadcrumb\":{\"@id\":\"https:\/\/blogs.funiber.org\/pt\/empresas-e-rh\/2011\/11\/18\/como-o-mundo-corporativo-esta-lidando-com-as-redes-sociais#breadcrumb\"},\"inLanguage\":\"pt-BR\",\"potentialAction\":[{\"@type\":\"ReadAction\",\"target\":[\"https:\/\/blogs.funiber.org\/pt\/empresas-e-rh\/2011\/11\/18\/como-o-mundo-corporativo-esta-lidando-com-as-redes-sociais\"]}]},{\"@type\":\"BreadcrumbList\",\"@id\":\"https:\/\/blogs.funiber.org\/pt\/empresas-e-rh\/2011\/11\/18\/como-o-mundo-corporativo-esta-lidando-com-as-redes-sociais#breadcrumb\",\"itemListElement\":[{\"@type\":\"ListItem\",\"position\":1,\"name\":\"In\u00edcio\",\"item\":\"https:\/\/blogs.funiber.org\/pt\"},{\"@type\":\"ListItem\",\"position\":2,\"name\":\"Como o mundo corporativo est\u00e1 lidando com as redes sociais\"}]},{\"@type\":\"WebSite\",\"@id\":\"https:\/\/blogs.funiber.org\/pt\/#website\",\"url\":\"https:\/\/blogs.funiber.org\/pt\/\",\"name\":\"FuniBlogs - FUNIBER\",\"description\":\"\",\"publisher\":{\"@id\":\"https:\/\/blogs.funiber.org\/pt\/#organization\"},\"potentialAction\":[{\"@type\":\"SearchAction\",\"target\":{\"@type\":\"EntryPoint\",\"urlTemplate\":\"https:\/\/blogs.funiber.org\/pt\/?s={search_term_string}\"},\"query-input\":\"required name=search_term_string\"}],\"inLanguage\":\"pt-BR\"},{\"@type\":\"Organization\",\"@id\":\"https:\/\/blogs.funiber.org\/pt\/#organization\",\"name\":\"FuniBlogs - FUNIBER\",\"url\":\"https:\/\/blogs.funiber.org\/pt\/\",\"logo\":{\"@type\":\"ImageObject\",\"inLanguage\":\"pt-BR\",\"@id\":\"https:\/\/blogs.funiber.org\/pt\/#\/schema\/logo\/image\/\",\"url\":\"https:\/\/www.funiber.blog\/pt\/wp-content\/uploads\/2022\/02\/logo-funiber-pt-br-v-dos.svg\",\"contentUrl\":\"https:\/\/www.funiber.blog\/pt\/wp-content\/uploads\/2022\/02\/logo-funiber-pt-br-v-dos.svg\",\"width\":1,\"height\":1,\"caption\":\"FuniBlogs - FUNIBER\"},\"image\":{\"@id\":\"https:\/\/blogs.funiber.org\/pt\/#\/schema\/logo\/image\/\"},\"sameAs\":[\"https:\/\/www.facebook.com\/funiber\",\"https:\/\/twitter.com\/FUNIBER\",\"https:\/\/www.instagram.com\/funiber_becas\",\"https:\/\/www.youtube.com\/user\/funiber\",\"https:\/\/www.linkedin.com\/company\/funiber\"]},{\"@type\":\"Person\",\"@id\":\"https:\/\/blogs.funiber.org\/pt\/#\/schema\/person\/0eae3cfb523a46b015366e49f7c79e8f\",\"name\":\"Administrador Blogs CT\",\"image\":{\"@type\":\"ImageObject\",\"inLanguage\":\"pt-BR\",\"@id\":\"https:\/\/blogs.funiber.org\/pt\/#\/schema\/person\/image\/\",\"url\":\"https:\/\/secure.gravatar.com\/avatar\/097db6469009a1dba4db4c0390a1e929?s=96&d=mm&r=g\",\"contentUrl\":\"https:\/\/secure.gravatar.com\/avatar\/097db6469009a1dba4db4c0390a1e929?s=96&d=mm&r=g\",\"caption\":\"Administrador Blogs CT\"},\"url\":\"https:\/\/www.funiber.blog\/pt\/author\/ct-admin\"}]}<\/script>\n<!-- \/ Yoast SEO plugin. -->","yoast_head_json":{"title":"Como o mundo corporativo est\u00e1 lidando com as redes sociais - FuniBlogs - FUNIBER","robots":{"index":"noindex","follow":"nofollow"},"og_locale":"pt_BR","og_type":"article","og_title":"Como o mundo corporativo est\u00e1 lidando com as redes sociais - FuniBlogs - FUNIBER","og_description":"O Instituto Brasileiro de Intelig\u00eancia de Mercado (Ibramerc) realizou uma pesquisa sobre a presen\u00e7a e o uso das redes sociais com 251 empresas de m\u00e9dio e grande porte e constatou que 65% destas empresas utilizam as redes sociais como ferramenta de comunica\u00e7\u00e3o com clientes e prospects. Al\u00e9m disso, descobriu que a rede social mais utilizada [&hellip;]","og_url":"https:\/\/blogs.funiber.org\/pt\/empresas-e-rh\/2011\/11\/18\/como-o-mundo-corporativo-esta-lidando-com-as-redes-sociais","og_site_name":"FuniBlogs - FUNIBER","article_publisher":"https:\/\/www.facebook.com\/funiber","article_published_time":"2011-11-18T16:12:52+00:00","article_modified_time":"2011-11-23T16:43:22+00:00","og_image":[{"url":"http:\/\/blogs.funiber.org\/direcao-empresarial-rsc\/files\/2011\/11\/Rede-sociais-150x150.jpg"}],"author":"Administrador Blogs CT","twitter_card":"summary_large_image","twitter_creator":"@FUNIBER","twitter_site":"@FUNIBER","twitter_misc":{"Escrito por":"Administrador Blogs CT","Est. tempo de leitura":"3 minutos"},"schema":{"@context":"https:\/\/schema.org","@graph":[{"@type":"Article","@id":"https:\/\/blogs.funiber.org\/pt\/empresas-e-rh\/2011\/11\/18\/como-o-mundo-corporativo-esta-lidando-com-as-redes-sociais#article","isPartOf":{"@id":"https:\/\/blogs.funiber.org\/pt\/empresas-e-rh\/2011\/11\/18\/como-o-mundo-corporativo-esta-lidando-com-as-redes-sociais"},"author":{"name":"Administrador Blogs CT","@id":"https:\/\/blogs.funiber.org\/pt\/#\/schema\/person\/0eae3cfb523a46b015366e49f7c79e8f"},"headline":"Como o mundo corporativo est\u00e1 lidando com as redes sociais","datePublished":"2011-11-18T16:12:52+00:00","dateModified":"2011-11-23T16:43:22+00:00","mainEntityOfPage":{"@id":"https:\/\/blogs.funiber.org\/pt\/empresas-e-rh\/2011\/11\/18\/como-o-mundo-corporativo-esta-lidando-com-as-redes-sociais"},"wordCount":549,"commentCount":0,"publisher":{"@id":"https:\/\/blogs.funiber.org\/pt\/#organization"},"articleSection":["Empresas, Dire\u00e7\u00e3o e RH"],"inLanguage":"pt-BR"},{"@type":"WebPage","@id":"https:\/\/blogs.funiber.org\/pt\/empresas-e-rh\/2011\/11\/18\/como-o-mundo-corporativo-esta-lidando-com-as-redes-sociais","url":"https:\/\/blogs.funiber.org\/pt\/empresas-e-rh\/2011\/11\/18\/como-o-mundo-corporativo-esta-lidando-com-as-redes-sociais","name":"Como o mundo corporativo est\u00e1 lidando com as redes sociais - FuniBlogs - FUNIBER","isPartOf":{"@id":"https:\/\/blogs.funiber.org\/pt\/#website"},"datePublished":"2011-11-18T16:12:52+00:00","dateModified":"2011-11-23T16:43:22+00:00","breadcrumb":{"@id":"https:\/\/blogs.funiber.org\/pt\/empresas-e-rh\/2011\/11\/18\/como-o-mundo-corporativo-esta-lidando-com-as-redes-sociais#breadcrumb"},"inLanguage":"pt-BR","potentialAction":[{"@type":"ReadAction","target":["https:\/\/blogs.funiber.org\/pt\/empresas-e-rh\/2011\/11\/18\/como-o-mundo-corporativo-esta-lidando-com-as-redes-sociais"]}]},{"@type":"BreadcrumbList","@id":"https:\/\/blogs.funiber.org\/pt\/empresas-e-rh\/2011\/11\/18\/como-o-mundo-corporativo-esta-lidando-com-as-redes-sociais#breadcrumb","itemListElement":[{"@type":"ListItem","position":1,"name":"In\u00edcio","item":"https:\/\/blogs.funiber.org\/pt"},{"@type":"ListItem","position":2,"name":"Como o mundo corporativo est\u00e1 lidando com as redes sociais"}]},{"@type":"WebSite","@id":"https:\/\/blogs.funiber.org\/pt\/#website","url":"https:\/\/blogs.funiber.org\/pt\/","name":"FuniBlogs - FUNIBER","description":"","publisher":{"@id":"https:\/\/blogs.funiber.org\/pt\/#organization"},"potentialAction":[{"@type":"SearchAction","target":{"@type":"EntryPoint","urlTemplate":"https:\/\/blogs.funiber.org\/pt\/?s={search_term_string}"},"query-input":"required name=search_term_string"}],"inLanguage":"pt-BR"},{"@type":"Organization","@id":"https:\/\/blogs.funiber.org\/pt\/#organization","name":"FuniBlogs - FUNIBER","url":"https:\/\/blogs.funiber.org\/pt\/","logo":{"@type":"ImageObject","inLanguage":"pt-BR","@id":"https:\/\/blogs.funiber.org\/pt\/#\/schema\/logo\/image\/","url":"https:\/\/www.funiber.blog\/pt\/wp-content\/uploads\/2022\/02\/logo-funiber-pt-br-v-dos.svg","contentUrl":"https:\/\/www.funiber.blog\/pt\/wp-content\/uploads\/2022\/02\/logo-funiber-pt-br-v-dos.svg","width":1,"height":1,"caption":"FuniBlogs - FUNIBER"},"image":{"@id":"https:\/\/blogs.funiber.org\/pt\/#\/schema\/logo\/image\/"},"sameAs":["https:\/\/www.facebook.com\/funiber","https:\/\/twitter.com\/FUNIBER","https:\/\/www.instagram.com\/funiber_becas","https:\/\/www.youtube.com\/user\/funiber","https:\/\/www.linkedin.com\/company\/funiber"]},{"@type":"Person","@id":"https:\/\/blogs.funiber.org\/pt\/#\/schema\/person\/0eae3cfb523a46b015366e49f7c79e8f","name":"Administrador Blogs CT","image":{"@type":"ImageObject","inLanguage":"pt-BR","@id":"https:\/\/blogs.funiber.org\/pt\/#\/schema\/person\/image\/","url":"https:\/\/secure.gravatar.com\/avatar\/097db6469009a1dba4db4c0390a1e929?s=96&d=mm&r=g","contentUrl":"https:\/\/secure.gravatar.com\/avatar\/097db6469009a1dba4db4c0390a1e929?s=96&d=mm&r=g","caption":"Administrador Blogs CT"},"url":"https:\/\/www.funiber.blog\/pt\/author\/ct-admin"}]}},"jetpack_featured_media_url":"","jetpack_shortlink":"https:\/\/wp.me\/p7ee1t-y9","jetpack_sharing_enabled":true,"_links":{"self":[{"href":"https:\/\/www.funiber.blog\/pt\/wp-json\/wp\/v2\/posts\/2117"}],"collection":[{"href":"https:\/\/www.funiber.blog\/pt\/wp-json\/wp\/v2\/posts"}],"about":[{"href":"https:\/\/www.funiber.blog\/pt\/wp-json\/wp\/v2\/types\/post"}],"author":[{"embeddable":true,"href":"https:\/\/www.funiber.blog\/pt\/wp-json\/wp\/v2\/users\/13"}],"replies":[{"embeddable":true,"href":"https:\/\/www.funiber.blog\/pt\/wp-json\/wp\/v2\/comments?post=2117"}],"version-history":[{"count":0,"href":"https:\/\/www.funiber.blog\/pt\/wp-json\/wp\/v2\/posts\/2117\/revisions"}],"wp:attachment":[{"href":"https:\/\/www.funiber.blog\/pt\/wp-json\/wp\/v2\/media?parent=2117"}],"wp:term":[{"taxonomy":"category","embeddable":true,"href":"https:\/\/www.funiber.blog\/pt\/wp-json\/wp\/v2\/categories?post=2117"},{"taxonomy":"post_tag","embeddable":true,"href":"https:\/\/www.funiber.blog\/pt\/wp-json\/wp\/v2\/tags?post=2117"}],"curies":[{"name":"wp","href":"https:\/\/api.w.org\/{rel}","templated":true}]}}