{"id":2122,"date":"2011-12-17T22:41:37","date_gmt":"2011-12-17T21:41:37","guid":{"rendered":"http:\/\/blogs.funiber.org\/pt\/?p=2122"},"modified":"2011-12-20T22:45:43","modified_gmt":"2011-12-20T21:45:43","slug":"elimine-o-conflito-da-gestao","status":"publish","type":"post","link":"https:\/\/www.funiber.blog\/pt\/empresas-e-rh\/2011\/12\/17\/elimine-o-conflito-da-gestao","title":{"rendered":"Elimine o conflito da gest\u00e3o"},"content":{"rendered":"<p style=\"text-align: justify\"><a href=\"http:\/\/blogs.funiber.org\/direcao-empresarial-rsc\/files\/2011\/12\/iStock_000002197798Large_boss_subordinate1_12011.jpg\"><img loading=\"lazy\" decoding=\"async\" class=\"alignleft size-thumbnail wp-image-449\" src=\"http:\/\/blogs.funiber.org\/direcao-empresarial-rsc\/files\/2011\/12\/iStock_000002197798Large_boss_subordinate1_12011-150x150.jpg\" alt=\"\" width=\"150\" height=\"150\" \/><\/a>Em certo n\u00edvel, desacordos podem ser boa coisa, \u00e9 uma indica\u00e7\u00e3o de um relacionamento saud\u00e1vel quando um chefe \u00e9 aberto a pontos de vista alternativos, e o funcion\u00e1rio pode oferecer-lhes sem medo de repres\u00e1lias. Mas quando a situa\u00e7\u00e3o se deteriora ao ponto de que os dois n\u00e3o est\u00e3o mais se falando ou seus atritos passam a amea\u00e7ar a harmonia do escrit\u00f3rio, ent\u00e3o \u00e9 hora de agir.<\/p>\n<p style=\"text-align: justify\"><!--more-->O primeiro passo \u00e9 diagnosticar a situa\u00e7\u00e3o. Conflitos podem ser saud\u00e1veis, mas conflitos em torno de personalidade e estilos de trabalho n\u00e3o s\u00e3o. Isso pede pela interven\u00e7\u00e3o da pessoa certa. O supervisor encarregado pela equipe deve agir. Descobrir porque os dois est\u00e3o se desentendendo. Alguns exemplos: \u00e9 o chefe um microgerente que sempre confere o trabalho do subordinado de modo que este se sinta constrangido? Ou o funcion\u00e1rio age de maneira passivo-agressiva que desafia o chefe? Conflitos podem surgir por v\u00e1rias raz\u00f5es, inclusive insubordina\u00e7\u00e3o ou incompet\u00eancia. O que \u00e9 importante para o supervisor do setor \u00e9 se envolver antes do conflito influenciar na produtividade e na harmonia do local de trabalho.<\/p>\n<p style=\"text-align: justify\">Protocolos t\u00edpicos de ger\u00eancia dir\u00e3o que o chefe tem a \u00faltima palavra, como algu\u00e9m que det\u00e9m um t\u00edtulo de autoridade. Mas, muitas vezes o subordinado \u00e9 aquele a quem os colegas e outros na gest\u00e3o vir\u00e3o a considerar como o mais valioso dos dois. Ent\u00e3o o que fazer?<\/p>\n<p style=\"text-align: justify\">Quando isso ocorre, \u00e9 bom chamar algu\u00e9m de fora, talvez um coach executivo ou um especialista de RH que est\u00e1 fora da esfera de autoridade do gerente envolvido. O que essa pessoa far\u00e1 \u00e9 observar, primeiro obter a perspectiva dos dois lados discordantes e, tamb\u00e9m, dos colegas que testemunham.<\/p>\n<p style=\"text-align: justify\">O coach Val Markos recomenda que se pergunte ao chefe e ao subordinado em particular se eles querem que o relacionamento sobreviva. Se nenhum dos dois est\u00e1 comprometido a salv\u00e1-lo, ent\u00e3o o conflito pode ser resolvido rapidamente ao separar os dois.<\/p>\n<p style=\"text-align: justify\">Se os dois est\u00e3o disposto a trabalhar em uma resolu\u00e7\u00e3o, aqui est\u00e3o tr\u00eas perguntas que devem ser respondidas:<\/p>\n<ol>\n<li><em>Qual dos seus comportamentos est\u00e1 danificando o relacionamento?<\/em><\/li>\n<li><em>O que do comportamento do outro est\u00e1 prejudicando o relacionamento?<\/em><\/li>\n<li><em>Voc\u00ea est\u00e1 disposto a parar com as atitudes nocivas e o outro estiver disposto a fazer o mesmo?<\/em><\/li>\n<\/ol>\n<p style=\"text-align: justify\">O resultado deste tipo de interven\u00e7\u00e3o n\u00e3o termina em palavras. As duas partes devem se comprometer e provar isto atrav\u00e9s de a\u00e7\u00f5es. Pode levar tempo para resultados aparecerem mais pequenos passos podem ser um bom sinal. Por exemplo, o gerente ir\u00e1 come\u00e7ar a segurar a l\u00edngua quando oferecer sugest\u00f5es ou o funcion\u00e1rio deve parar de agir na defensiva quando uma cr\u00edtica construtiva for oferecida.<\/p>\n<p style=\"text-align: justify\">Mas se nenhuma resolu\u00e7\u00e3o aparecer, estar\u00e1 por conta do supervisor assumir a responsabilidade da a\u00e7\u00e3o. Se o gerente n\u00e3o est\u00e1 fazendo sua parte, ent\u00e3o o superior deste dever\u00e1 remov\u00ea-lo de uma posi\u00e7\u00e3o de autoridade. Ou se o funcion\u00e1rio n\u00e3o est\u00e1 trabalhando por um acordo, o supervisor pode autorizar o gerente a remov\u00ea-lo de sua equipe.<\/p>\n<p style=\"text-align: justify\">Conflitos como este n\u00e3o s\u00e3o f\u00e1ceis de serem solucionados, mas devem ser resolvidos porque pelo bem da equipe, ela n\u00e3o deve sofrer com as consequ\u00eancias dos conflitos entre alguns deles.<\/p>\n","protected":false},"excerpt":{"rendered":"<p>Em certo n\u00edvel, desacordos podem ser boa coisa, \u00e9 uma indica\u00e7\u00e3o de um relacionamento saud\u00e1vel quando um chefe \u00e9 aberto a pontos de vista alternativos, e o funcion\u00e1rio pode oferecer-lhes sem medo de repres\u00e1lias. Mas quando a situa\u00e7\u00e3o se deteriora ao ponto de que os dois n\u00e3o est\u00e3o mais se falando ou seus atritos passam [&hellip;]<\/p>\n","protected":false},"author":13,"featured_media":0,"comment_status":"open","ping_status":"open","sticky":false,"template":"","format":"standard","meta":{"jetpack_post_was_ever_published":false,"_jetpack_newsletter_access":"","_jetpack_newsletter_tier_id":0,"footnotes":"","jetpack_publicize_message":"","jetpack_is_tweetstorm":false,"jetpack_publicize_feature_enabled":true,"jetpack_social_post_already_shared":false,"jetpack_social_options":{"image_generator_settings":{"template":"highway","enabled":false}}},"categories":[8],"tags":[],"jetpack_publicize_connections":[],"yoast_head":"<!-- This site is optimized with the Yoast SEO plugin v21.7 - https:\/\/yoast.com\/wordpress\/plugins\/seo\/ -->\n<title>Elimine o conflito da gest\u00e3o - FuniBlogs - FUNIBER<\/title>\n<meta name=\"robots\" content=\"index, follow, max-snippet:-1, max-image-preview:large, max-video-preview:-1\" \/>\n<link rel=\"canonical\" href=\"https:\/\/blogs.funiber.org\/pt\/empresas-e-rh\/2011\/12\/17\/elimine-o-conflito-da-gestao\" \/>\n<meta property=\"og:locale\" content=\"pt_BR\" \/>\n<meta property=\"og:type\" content=\"article\" \/>\n<meta property=\"og:title\" content=\"Elimine o conflito da gest\u00e3o - FuniBlogs - FUNIBER\" \/>\n<meta property=\"og:description\" content=\"Em certo n\u00edvel, desacordos podem ser boa coisa, \u00e9 uma indica\u00e7\u00e3o de um relacionamento saud\u00e1vel quando um chefe \u00e9 aberto a pontos de vista alternativos, e o funcion\u00e1rio pode oferecer-lhes sem medo de repres\u00e1lias. Mas quando a situa\u00e7\u00e3o se deteriora ao ponto de que os dois n\u00e3o est\u00e3o mais se falando ou seus atritos passam [&hellip;]\" \/>\n<meta property=\"og:url\" content=\"https:\/\/blogs.funiber.org\/pt\/empresas-e-rh\/2011\/12\/17\/elimine-o-conflito-da-gestao\" \/>\n<meta property=\"og:site_name\" content=\"FuniBlogs - FUNIBER\" \/>\n<meta property=\"article:publisher\" content=\"https:\/\/www.facebook.com\/funiber\" \/>\n<meta property=\"article:published_time\" content=\"2011-12-17T21:41:37+00:00\" \/>\n<meta property=\"article:modified_time\" content=\"2011-12-20T21:45:43+00:00\" \/>\n<meta property=\"og:image\" content=\"http:\/\/blogs.funiber.org\/direcao-empresarial-rsc\/files\/2011\/12\/iStock_000002197798Large_boss_subordinate1_12011-150x150.jpg\" \/>\n<meta name=\"author\" content=\"Administrador Blogs CT\" \/>\n<meta name=\"twitter:card\" content=\"summary_large_image\" \/>\n<meta name=\"twitter:creator\" content=\"@FUNIBER\" \/>\n<meta name=\"twitter:site\" content=\"@FUNIBER\" \/>\n<meta name=\"twitter:label1\" content=\"Escrito por\" \/>\n\t<meta name=\"twitter:data1\" content=\"Administrador Blogs CT\" \/>\n\t<meta name=\"twitter:label2\" content=\"Est. tempo de leitura\" \/>\n\t<meta name=\"twitter:data2\" content=\"3 minutos\" \/>\n<script type=\"application\/ld+json\" class=\"yoast-schema-graph\">{\"@context\":\"https:\/\/schema.org\",\"@graph\":[{\"@type\":\"Article\",\"@id\":\"https:\/\/blogs.funiber.org\/pt\/empresas-e-rh\/2011\/12\/17\/elimine-o-conflito-da-gestao#article\",\"isPartOf\":{\"@id\":\"https:\/\/blogs.funiber.org\/pt\/empresas-e-rh\/2011\/12\/17\/elimine-o-conflito-da-gestao\"},\"author\":{\"name\":\"Administrador Blogs CT\",\"@id\":\"https:\/\/blogs.funiber.org\/pt\/#\/schema\/person\/0eae3cfb523a46b015366e49f7c79e8f\"},\"headline\":\"Elimine o conflito da gest\u00e3o\",\"datePublished\":\"2011-12-17T21:41:37+00:00\",\"dateModified\":\"2011-12-20T21:45:43+00:00\",\"mainEntityOfPage\":{\"@id\":\"https:\/\/blogs.funiber.org\/pt\/empresas-e-rh\/2011\/12\/17\/elimine-o-conflito-da-gestao\"},\"wordCount\":576,\"commentCount\":0,\"publisher\":{\"@id\":\"https:\/\/blogs.funiber.org\/pt\/#organization\"},\"articleSection\":[\"Empresas, Dire\u00e7\u00e3o e RH\"],\"inLanguage\":\"pt-BR\"},{\"@type\":\"WebPage\",\"@id\":\"https:\/\/blogs.funiber.org\/pt\/empresas-e-rh\/2011\/12\/17\/elimine-o-conflito-da-gestao\",\"url\":\"https:\/\/blogs.funiber.org\/pt\/empresas-e-rh\/2011\/12\/17\/elimine-o-conflito-da-gestao\",\"name\":\"Elimine o conflito da gest\u00e3o - FuniBlogs - FUNIBER\",\"isPartOf\":{\"@id\":\"https:\/\/blogs.funiber.org\/pt\/#website\"},\"datePublished\":\"2011-12-17T21:41:37+00:00\",\"dateModified\":\"2011-12-20T21:45:43+00:00\",\"breadcrumb\":{\"@id\":\"https:\/\/blogs.funiber.org\/pt\/empresas-e-rh\/2011\/12\/17\/elimine-o-conflito-da-gestao#breadcrumb\"},\"inLanguage\":\"pt-BR\",\"potentialAction\":[{\"@type\":\"ReadAction\",\"target\":[\"https:\/\/blogs.funiber.org\/pt\/empresas-e-rh\/2011\/12\/17\/elimine-o-conflito-da-gestao\"]}]},{\"@type\":\"BreadcrumbList\",\"@id\":\"https:\/\/blogs.funiber.org\/pt\/empresas-e-rh\/2011\/12\/17\/elimine-o-conflito-da-gestao#breadcrumb\",\"itemListElement\":[{\"@type\":\"ListItem\",\"position\":1,\"name\":\"In\u00edcio\",\"item\":\"https:\/\/blogs.funiber.org\/pt\"},{\"@type\":\"ListItem\",\"position\":2,\"name\":\"Elimine o conflito da gest\u00e3o\"}]},{\"@type\":\"WebSite\",\"@id\":\"https:\/\/blogs.funiber.org\/pt\/#website\",\"url\":\"https:\/\/blogs.funiber.org\/pt\/\",\"name\":\"FuniBlogs - FUNIBER\",\"description\":\"\",\"publisher\":{\"@id\":\"https:\/\/blogs.funiber.org\/pt\/#organization\"},\"potentialAction\":[{\"@type\":\"SearchAction\",\"target\":{\"@type\":\"EntryPoint\",\"urlTemplate\":\"https:\/\/blogs.funiber.org\/pt\/?s={search_term_string}\"},\"query-input\":\"required name=search_term_string\"}],\"inLanguage\":\"pt-BR\"},{\"@type\":\"Organization\",\"@id\":\"https:\/\/blogs.funiber.org\/pt\/#organization\",\"name\":\"FuniBlogs - FUNIBER\",\"url\":\"https:\/\/blogs.funiber.org\/pt\/\",\"logo\":{\"@type\":\"ImageObject\",\"inLanguage\":\"pt-BR\",\"@id\":\"https:\/\/blogs.funiber.org\/pt\/#\/schema\/logo\/image\/\",\"url\":\"https:\/\/www.funiber.blog\/pt\/wp-content\/uploads\/2022\/02\/logo-funiber-pt-br-v-dos.svg\",\"contentUrl\":\"https:\/\/www.funiber.blog\/pt\/wp-content\/uploads\/2022\/02\/logo-funiber-pt-br-v-dos.svg\",\"width\":1,\"height\":1,\"caption\":\"FuniBlogs - FUNIBER\"},\"image\":{\"@id\":\"https:\/\/blogs.funiber.org\/pt\/#\/schema\/logo\/image\/\"},\"sameAs\":[\"https:\/\/www.facebook.com\/funiber\",\"https:\/\/twitter.com\/FUNIBER\",\"https:\/\/www.instagram.com\/funiber_becas\",\"https:\/\/www.youtube.com\/user\/funiber\",\"https:\/\/www.linkedin.com\/company\/funiber\"]},{\"@type\":\"Person\",\"@id\":\"https:\/\/blogs.funiber.org\/pt\/#\/schema\/person\/0eae3cfb523a46b015366e49f7c79e8f\",\"name\":\"Administrador Blogs CT\",\"image\":{\"@type\":\"ImageObject\",\"inLanguage\":\"pt-BR\",\"@id\":\"https:\/\/blogs.funiber.org\/pt\/#\/schema\/person\/image\/\",\"url\":\"https:\/\/secure.gravatar.com\/avatar\/097db6469009a1dba4db4c0390a1e929?s=96&d=mm&r=g\",\"contentUrl\":\"https:\/\/secure.gravatar.com\/avatar\/097db6469009a1dba4db4c0390a1e929?s=96&d=mm&r=g\",\"caption\":\"Administrador Blogs CT\"},\"url\":\"https:\/\/www.funiber.blog\/pt\/author\/ct-admin\"}]}<\/script>\n<!-- \/ Yoast SEO plugin. -->","yoast_head_json":{"title":"Elimine o conflito da gest\u00e3o - FuniBlogs - FUNIBER","robots":{"index":"index","follow":"follow","max-snippet":"max-snippet:-1","max-image-preview":"max-image-preview:large","max-video-preview":"max-video-preview:-1"},"canonical":"https:\/\/blogs.funiber.org\/pt\/empresas-e-rh\/2011\/12\/17\/elimine-o-conflito-da-gestao","og_locale":"pt_BR","og_type":"article","og_title":"Elimine o conflito da gest\u00e3o - FuniBlogs - FUNIBER","og_description":"Em certo n\u00edvel, desacordos podem ser boa coisa, \u00e9 uma indica\u00e7\u00e3o de um relacionamento saud\u00e1vel quando um chefe \u00e9 aberto a pontos de vista alternativos, e o funcion\u00e1rio pode oferecer-lhes sem medo de repres\u00e1lias. Mas quando a situa\u00e7\u00e3o se deteriora ao ponto de que os dois n\u00e3o est\u00e3o mais se falando ou seus atritos passam [&hellip;]","og_url":"https:\/\/blogs.funiber.org\/pt\/empresas-e-rh\/2011\/12\/17\/elimine-o-conflito-da-gestao","og_site_name":"FuniBlogs - FUNIBER","article_publisher":"https:\/\/www.facebook.com\/funiber","article_published_time":"2011-12-17T21:41:37+00:00","article_modified_time":"2011-12-20T21:45:43+00:00","og_image":[{"url":"http:\/\/blogs.funiber.org\/direcao-empresarial-rsc\/files\/2011\/12\/iStock_000002197798Large_boss_subordinate1_12011-150x150.jpg"}],"author":"Administrador Blogs CT","twitter_card":"summary_large_image","twitter_creator":"@FUNIBER","twitter_site":"@FUNIBER","twitter_misc":{"Escrito por":"Administrador Blogs CT","Est. tempo de leitura":"3 minutos"},"schema":{"@context":"https:\/\/schema.org","@graph":[{"@type":"Article","@id":"https:\/\/blogs.funiber.org\/pt\/empresas-e-rh\/2011\/12\/17\/elimine-o-conflito-da-gestao#article","isPartOf":{"@id":"https:\/\/blogs.funiber.org\/pt\/empresas-e-rh\/2011\/12\/17\/elimine-o-conflito-da-gestao"},"author":{"name":"Administrador Blogs CT","@id":"https:\/\/blogs.funiber.org\/pt\/#\/schema\/person\/0eae3cfb523a46b015366e49f7c79e8f"},"headline":"Elimine o conflito da gest\u00e3o","datePublished":"2011-12-17T21:41:37+00:00","dateModified":"2011-12-20T21:45:43+00:00","mainEntityOfPage":{"@id":"https:\/\/blogs.funiber.org\/pt\/empresas-e-rh\/2011\/12\/17\/elimine-o-conflito-da-gestao"},"wordCount":576,"commentCount":0,"publisher":{"@id":"https:\/\/blogs.funiber.org\/pt\/#organization"},"articleSection":["Empresas, Dire\u00e7\u00e3o e RH"],"inLanguage":"pt-BR"},{"@type":"WebPage","@id":"https:\/\/blogs.funiber.org\/pt\/empresas-e-rh\/2011\/12\/17\/elimine-o-conflito-da-gestao","url":"https:\/\/blogs.funiber.org\/pt\/empresas-e-rh\/2011\/12\/17\/elimine-o-conflito-da-gestao","name":"Elimine o conflito da gest\u00e3o - FuniBlogs - FUNIBER","isPartOf":{"@id":"https:\/\/blogs.funiber.org\/pt\/#website"},"datePublished":"2011-12-17T21:41:37+00:00","dateModified":"2011-12-20T21:45:43+00:00","breadcrumb":{"@id":"https:\/\/blogs.funiber.org\/pt\/empresas-e-rh\/2011\/12\/17\/elimine-o-conflito-da-gestao#breadcrumb"},"inLanguage":"pt-BR","potentialAction":[{"@type":"ReadAction","target":["https:\/\/blogs.funiber.org\/pt\/empresas-e-rh\/2011\/12\/17\/elimine-o-conflito-da-gestao"]}]},{"@type":"BreadcrumbList","@id":"https:\/\/blogs.funiber.org\/pt\/empresas-e-rh\/2011\/12\/17\/elimine-o-conflito-da-gestao#breadcrumb","itemListElement":[{"@type":"ListItem","position":1,"name":"In\u00edcio","item":"https:\/\/blogs.funiber.org\/pt"},{"@type":"ListItem","position":2,"name":"Elimine o conflito da gest\u00e3o"}]},{"@type":"WebSite","@id":"https:\/\/blogs.funiber.org\/pt\/#website","url":"https:\/\/blogs.funiber.org\/pt\/","name":"FuniBlogs - FUNIBER","description":"","publisher":{"@id":"https:\/\/blogs.funiber.org\/pt\/#organization"},"potentialAction":[{"@type":"SearchAction","target":{"@type":"EntryPoint","urlTemplate":"https:\/\/blogs.funiber.org\/pt\/?s={search_term_string}"},"query-input":"required name=search_term_string"}],"inLanguage":"pt-BR"},{"@type":"Organization","@id":"https:\/\/blogs.funiber.org\/pt\/#organization","name":"FuniBlogs - FUNIBER","url":"https:\/\/blogs.funiber.org\/pt\/","logo":{"@type":"ImageObject","inLanguage":"pt-BR","@id":"https:\/\/blogs.funiber.org\/pt\/#\/schema\/logo\/image\/","url":"https:\/\/www.funiber.blog\/pt\/wp-content\/uploads\/2022\/02\/logo-funiber-pt-br-v-dos.svg","contentUrl":"https:\/\/www.funiber.blog\/pt\/wp-content\/uploads\/2022\/02\/logo-funiber-pt-br-v-dos.svg","width":1,"height":1,"caption":"FuniBlogs - FUNIBER"},"image":{"@id":"https:\/\/blogs.funiber.org\/pt\/#\/schema\/logo\/image\/"},"sameAs":["https:\/\/www.facebook.com\/funiber","https:\/\/twitter.com\/FUNIBER","https:\/\/www.instagram.com\/funiber_becas","https:\/\/www.youtube.com\/user\/funiber","https:\/\/www.linkedin.com\/company\/funiber"]},{"@type":"Person","@id":"https:\/\/blogs.funiber.org\/pt\/#\/schema\/person\/0eae3cfb523a46b015366e49f7c79e8f","name":"Administrador Blogs CT","image":{"@type":"ImageObject","inLanguage":"pt-BR","@id":"https:\/\/blogs.funiber.org\/pt\/#\/schema\/person\/image\/","url":"https:\/\/secure.gravatar.com\/avatar\/097db6469009a1dba4db4c0390a1e929?s=96&d=mm&r=g","contentUrl":"https:\/\/secure.gravatar.com\/avatar\/097db6469009a1dba4db4c0390a1e929?s=96&d=mm&r=g","caption":"Administrador Blogs CT"},"url":"https:\/\/www.funiber.blog\/pt\/author\/ct-admin"}]}},"jetpack_featured_media_url":"","jetpack_shortlink":"https:\/\/wp.me\/p7ee1t-ye","jetpack_sharing_enabled":true,"_links":{"self":[{"href":"https:\/\/www.funiber.blog\/pt\/wp-json\/wp\/v2\/posts\/2122"}],"collection":[{"href":"https:\/\/www.funiber.blog\/pt\/wp-json\/wp\/v2\/posts"}],"about":[{"href":"https:\/\/www.funiber.blog\/pt\/wp-json\/wp\/v2\/types\/post"}],"author":[{"embeddable":true,"href":"https:\/\/www.funiber.blog\/pt\/wp-json\/wp\/v2\/users\/13"}],"replies":[{"embeddable":true,"href":"https:\/\/www.funiber.blog\/pt\/wp-json\/wp\/v2\/comments?post=2122"}],"version-history":[{"count":0,"href":"https:\/\/www.funiber.blog\/pt\/wp-json\/wp\/v2\/posts\/2122\/revisions"}],"wp:attachment":[{"href":"https:\/\/www.funiber.blog\/pt\/wp-json\/wp\/v2\/media?parent=2122"}],"wp:term":[{"taxonomy":"category","embeddable":true,"href":"https:\/\/www.funiber.blog\/pt\/wp-json\/wp\/v2\/categories?post=2122"},{"taxonomy":"post_tag","embeddable":true,"href":"https:\/\/www.funiber.blog\/pt\/wp-json\/wp\/v2\/tags?post=2122"}],"curies":[{"name":"wp","href":"https:\/\/api.w.org\/{rel}","templated":true}]}}