{"id":21224,"date":"2020-01-20T05:30:13","date_gmt":"2020-01-20T10:30:13","guid":{"rendered":"https:\/\/blogs.funiber.org\/pt\/?p=21224"},"modified":"2020-01-17T05:31:26","modified_gmt":"2020-01-17T10:31:26","slug":"funiber-mancha-quente","status":"publish","type":"post","link":"https:\/\/www.funiber.blog\/pt\/meio-ambiente\/2020\/01\/20\/funiber-mancha-quente","title":{"rendered":"Mancha quente se move pelo Pac\u00edfico"},"content":{"rendered":"<h2>Pesquisadores v\u00eam observando um estranho fen\u00f4meno que se desenvolve nas \u00e1guas do Pac\u00edfico sul. Uma imensa mancha vermelha se v\u00ea nas imagens de sat\u00e9lite, com tamanho quatro vezes maior que a Nova Zel\u00e2ndia.<\/h2>\n<p>Denominaram o fen\u00f4meno como \u201cmancha quente\u201d. Esta bolha de calor se move pelo oceano em dire\u00e7\u00e3o \u00e0 Am\u00e9rica do Sul, segundo a an\u00e1lise de especialistas. A mancha representa um aumento de 5\u00b0C na m\u00e9dia de temperatura do planeta neste momento.<!--more--><\/p>\n<p>De acordo com o pesquisador da <a href=\"https:\/\/www.wgtn.ac.nz\/\" target=\"_blank\" rel=\"noopener noreferrer\">Universidade de Victoria, em Wellington (Nova Zel\u00e2ndia)<\/a>,<a href=\"https:\/\/www.wgtn.ac.nz\/sgees\/about\/staff\/james-renwick\" target=\"_blank\" rel=\"noopener noreferrer\"> James Renwick<\/a>, \u00e9 normal que apare\u00e7am algumas zonas mais quentes nos oceanos, mas esta mancha supera as temperaturas altas ocasionais.<\/p>\n<p>O especialista acredita que este fen\u00f4meno pode ter duas causas poss\u00edveis. Uma se refere ao aumento das emiss\u00f5es que provocam as mudan\u00e7as clim\u00e1ticas, e outra se refere ao sistema de alta press\u00e3o que se junta com a falta de ventos. \u201cProvavelmente uma capa mais fina do oceano que se esquentou e n\u00e3o havia vento para esfri\u00e1-la durante muitas semanas\u201d, afirmou.<\/p>\n<p>O jornal neozeland\u00eas <a href=\"https:\/\/www.nzherald.co.nz\/\" target=\"_blank\" rel=\"noopener noreferrer\"><em>New Zealand Herald <\/em><\/a>indicou que a mancha come\u00e7ou a formar em outubro do ano passado, e se manteve em crescimento, mas de maneira mais est\u00e1vel. Por\u00e9m, no m\u00eas passado, o aumento de temperatura provocou que o crescimento da mancha.<\/p>\n<p>N\u00e3o se esperam efeitos desastrosos para as pessoas porque at\u00e9 que chegue na Am\u00e9rica do Sul, provavelmente estar\u00e1 mais debilitada, e os efeitos seriam quase nulos. Por outro lado, para a vida marinha, ainda n\u00e3o sabem qual impacto representa, embora h\u00e1 que acredita que poder\u00e1 haver menos nutrientes nas \u00e1guas e possivelmente, impactos para o ecossistema local.<\/p>\n<p>Uma not\u00edcia publicada <a href=\"https:\/\/www.bbc.com\/mundo\/noticias-50921521\" target=\"_blank\" rel=\"noopener noreferrer\">na BBC<\/a> sobre a mancha quente lembra um epis\u00f3dio ocorrido em 2014, na Calif\u00f3rnia. Um fen\u00f4meno similar de aumento de temperatura marinha provocou o aumento de algas t\u00f3xicas, nunca antes registrado na costa oeste dos Estados Unidos.<\/p>\n<p>Os profissionais interessados em adquirir novos conhecimentos e melhorar as estrat\u00e9gias e ferramentas para um trabalho mais eficiente e eficaz podem buscar uma forma\u00e7\u00e3o de alta qualidade, \u00e0 dist\u00e2ncia, como por exemplo, o <a href=\"https:\/\/www.funiber.org.br\/mestrado-em-ciencia-e-tecnologia-marinha\">Mestrado em Ci\u00eancia e Tecnologia Marinha<\/a> patrocinado pela <a href=\"https:\/\/www.funiber.org.br\/\" target=\"_blank\" rel=\"noopener noreferrer\">FUNIBER<\/a>.<\/p>\n<p>Fontes:<\/p>\n<p><a href=\"https:\/\/www.bbc.com\/mundo\/noticias-50921521\" target=\"_blank\" rel=\"noopener noreferrer\">La &#8220;mancha caliente&#8221;: la masa de agua c\u00e1lida que apareci\u00f3 en el Pac\u00edfico cerca de Nueva Zelanda y se &#8220;mueve&#8221; a Sudam\u00e9rica<\/a><\/p>\n<p><a href=\"https:\/\/larepublica.pe\/mundo\/2019\/12\/27\/burbuja-agua-caliente-hot-blob-aparece-pacifico-sur-nueva-zelanda-ciencia\/\" target=\"_blank\" rel=\"noopener noreferrer\">La misteriosa \u2018masa\u2019 caliente que se dirige a Sudam\u00e9rica por el Oc\u00e9ano Pac\u00edfico<\/a><\/p>\n<p>Foto: Todos os direitos reservados<\/p>\n","protected":false},"excerpt":{"rendered":"<p>Pesquisadores v\u00eam observando um estranho fen\u00f4meno que se desenvolve nas \u00e1guas do Pac\u00edfico sul. Uma imensa mancha vermelha se v\u00ea nas imagens de sat\u00e9lite, com tamanho quatro vezes maior que a Nova Zel\u00e2ndia. Denominaram o fen\u00f4meno como \u201cmancha quente\u201d. Esta bolha de calor se move pelo oceano em dire\u00e7\u00e3o \u00e0 Am\u00e9rica do Sul, segundo a [&hellip;]<\/p>\n","protected":false},"author":10,"featured_media":21228,"comment_status":"closed","ping_status":"closed","sticky":false,"template":"","format":"standard","meta":{"jetpack_post_was_ever_published":false,"_jetpack_newsletter_access":"","_jetpack_newsletter_tier_id":0,"footnotes":"","jetpack_publicize_message":"","jetpack_is_tweetstorm":false,"jetpack_publicize_feature_enabled":true,"jetpack_social_post_already_shared":true,"jetpack_social_options":{"image_generator_settings":{"template":"highway","enabled":false}}},"categories":[2],"tags":[3178,5888,1455,105,1242,855,330,408,119,911,5887,835,671,398,141,1013,641,255,2681,3975,84,2688,5889],"jetpack_publicize_connections":[],"yoast_head":"<!-- This site is optimized with the Yoast SEO plugin v21.7 - https:\/\/yoast.com\/wordpress\/plugins\/seo\/ -->\n<title>Mancha quente se move pelo Pac\u00edfico<\/title>\n<meta name=\"description\" content=\"Pesquisadores v\u00eam observando um estranho fen\u00f4meno que se desenvolve nas \u00e1guas do Pac\u00edfico sul. Uma imensa mancha vermelha se v\u00ea nas imagens de sat\u00e9lite, com tamanho quatro vezes maior que a Nova Zel\u00e2ndia.\" \/>\n<meta name=\"robots\" content=\"index, follow, max-snippet:-1, max-image-preview:large, max-video-preview:-1\" \/>\n<link rel=\"canonical\" href=\"https:\/\/blogs.funiber.org\/pt\/meio-ambiente\/2020\/01\/20\/funiber-mancha-quente\" \/>\n<meta property=\"og:locale\" content=\"pt_BR\" \/>\n<meta property=\"og:type\" content=\"article\" \/>\n<meta property=\"og:title\" content=\"Mancha quente se move pelo Pac\u00edfico\" \/>\n<meta property=\"og:description\" content=\"Pesquisadores v\u00eam observando um estranho fen\u00f4meno que se desenvolve nas \u00e1guas do Pac\u00edfico sul. Uma imensa mancha vermelha se v\u00ea nas imagens de sat\u00e9lite, com tamanho quatro vezes maior que a Nova Zel\u00e2ndia.\" \/>\n<meta property=\"og:url\" content=\"https:\/\/blogs.funiber.org\/pt\/meio-ambiente\/2020\/01\/20\/funiber-mancha-quente\" \/>\n<meta property=\"og:site_name\" content=\"FuniBlogs - FUNIBER\" \/>\n<meta property=\"article:publisher\" content=\"https:\/\/www.facebook.com\/funiber\" \/>\n<meta property=\"article:published_time\" content=\"2020-01-20T10:30:13+00:00\" \/>\n<meta property=\"article:modified_time\" content=\"2020-01-17T10:31:26+00:00\" \/>\n<meta property=\"og:image\" content=\"https:\/\/blogs.funiber.org\/pt\/wp-content\/uploads\/2020\/01\/funiber-mancha-quente.jpg\" \/>\n\t<meta property=\"og:image:width\" content=\"900\" \/>\n\t<meta property=\"og:image:height\" content=\"600\" \/>\n\t<meta property=\"og:image:type\" content=\"image\/jpeg\" \/>\n<meta name=\"author\" content=\"Michelle\" \/>\n<meta name=\"twitter:card\" content=\"summary_large_image\" \/>\n<meta name=\"twitter:creator\" content=\"@FUNIBER\" \/>\n<meta name=\"twitter:site\" content=\"@FUNIBER\" \/>\n<meta name=\"twitter:label1\" content=\"Escrito por\" \/>\n\t<meta name=\"twitter:data1\" content=\"Michelle\" \/>\n\t<meta name=\"twitter:label2\" content=\"Est. tempo de leitura\" \/>\n\t<meta name=\"twitter:data2\" content=\"2 minutos\" \/>\n<script type=\"application\/ld+json\" class=\"yoast-schema-graph\">{\"@context\":\"https:\/\/schema.org\",\"@graph\":[{\"@type\":\"Article\",\"@id\":\"https:\/\/blogs.funiber.org\/pt\/meio-ambiente\/2020\/01\/20\/funiber-mancha-quente#article\",\"isPartOf\":{\"@id\":\"https:\/\/blogs.funiber.org\/pt\/meio-ambiente\/2020\/01\/20\/funiber-mancha-quente\"},\"author\":{\"name\":\"Michelle\",\"@id\":\"https:\/\/blogs.funiber.org\/pt\/#\/schema\/person\/a1eaaa5e57eac866a8c5946946bcf80d\"},\"headline\":\"Mancha quente se move pelo Pac\u00edfico\",\"datePublished\":\"2020-01-20T10:30:13+00:00\",\"dateModified\":\"2020-01-17T10:31:26+00:00\",\"mainEntityOfPage\":{\"@id\":\"https:\/\/blogs.funiber.org\/pt\/meio-ambiente\/2020\/01\/20\/funiber-mancha-quente\"},\"wordCount\":434,\"publisher\":{\"@id\":\"https:\/\/blogs.funiber.org\/pt\/#organization\"},\"keywords\":[\"Am\u00e9rica do Sul\",\"anticiclone\",\"Aquecimento\",\"Aquecimento Global\",\"Bolsas\",\"Doutorado\",\"Ecossistema\",\"Educa\u00e7\u00e3o a Dist\u00e2ncia\",\"Estudos\",\"FUNIBER Opini\u00f5es\",\"mancha quente\",\"Meio Ambiente\",\"mestrado\",\"Mudan\u00e7a Clim\u00e1tica\",\"Mudan\u00e7as clim\u00e1ticas\",\"Oceano\",\"Opini\u00e3o FUNIBER\",\"Opini\u00f5es Funiber\",\"Pac\u00edfico\",\"press\u00e3o\",\"Sustentabilidade\",\"temperatura\",\"vida marinha\"],\"articleSection\":[\"Meio Ambiente\"],\"inLanguage\":\"pt-BR\"},{\"@type\":\"WebPage\",\"@id\":\"https:\/\/blogs.funiber.org\/pt\/meio-ambiente\/2020\/01\/20\/funiber-mancha-quente\",\"url\":\"https:\/\/blogs.funiber.org\/pt\/meio-ambiente\/2020\/01\/20\/funiber-mancha-quente\",\"name\":\"Mancha quente se move pelo Pac\u00edfico\",\"isPartOf\":{\"@id\":\"https:\/\/blogs.funiber.org\/pt\/#website\"},\"datePublished\":\"2020-01-20T10:30:13+00:00\",\"dateModified\":\"2020-01-17T10:31:26+00:00\",\"description\":\"Pesquisadores v\u00eam observando um estranho fen\u00f4meno que se desenvolve nas \u00e1guas do Pac\u00edfico sul. Uma imensa mancha vermelha se v\u00ea nas imagens de sat\u00e9lite, com tamanho quatro vezes maior que a Nova Zel\u00e2ndia.\",\"breadcrumb\":{\"@id\":\"https:\/\/blogs.funiber.org\/pt\/meio-ambiente\/2020\/01\/20\/funiber-mancha-quente#breadcrumb\"},\"inLanguage\":\"pt-BR\",\"potentialAction\":[{\"@type\":\"ReadAction\",\"target\":[\"https:\/\/blogs.funiber.org\/pt\/meio-ambiente\/2020\/01\/20\/funiber-mancha-quente\"]}]},{\"@type\":\"BreadcrumbList\",\"@id\":\"https:\/\/blogs.funiber.org\/pt\/meio-ambiente\/2020\/01\/20\/funiber-mancha-quente#breadcrumb\",\"itemListElement\":[{\"@type\":\"ListItem\",\"position\":1,\"name\":\"In\u00edcio\",\"item\":\"https:\/\/blogs.funiber.org\/pt\"},{\"@type\":\"ListItem\",\"position\":2,\"name\":\"Mancha quente se move pelo Pac\u00edfico\"}]},{\"@type\":\"WebSite\",\"@id\":\"https:\/\/blogs.funiber.org\/pt\/#website\",\"url\":\"https:\/\/blogs.funiber.org\/pt\/\",\"name\":\"FuniBlogs - FUNIBER\",\"description\":\"\",\"publisher\":{\"@id\":\"https:\/\/blogs.funiber.org\/pt\/#organization\"},\"potentialAction\":[{\"@type\":\"SearchAction\",\"target\":{\"@type\":\"EntryPoint\",\"urlTemplate\":\"https:\/\/blogs.funiber.org\/pt\/?s={search_term_string}\"},\"query-input\":\"required name=search_term_string\"}],\"inLanguage\":\"pt-BR\"},{\"@type\":\"Organization\",\"@id\":\"https:\/\/blogs.funiber.org\/pt\/#organization\",\"name\":\"FuniBlogs - FUNIBER\",\"url\":\"https:\/\/blogs.funiber.org\/pt\/\",\"logo\":{\"@type\":\"ImageObject\",\"inLanguage\":\"pt-BR\",\"@id\":\"https:\/\/blogs.funiber.org\/pt\/#\/schema\/logo\/image\/\",\"url\":\"https:\/\/www.funiber.blog\/pt\/wp-content\/uploads\/2022\/02\/logo-funiber-pt-br-v-dos.svg\",\"contentUrl\":\"https:\/\/www.funiber.blog\/pt\/wp-content\/uploads\/2022\/02\/logo-funiber-pt-br-v-dos.svg\",\"width\":1,\"height\":1,\"caption\":\"FuniBlogs - FUNIBER\"},\"image\":{\"@id\":\"https:\/\/blogs.funiber.org\/pt\/#\/schema\/logo\/image\/\"},\"sameAs\":[\"https:\/\/www.facebook.com\/funiber\",\"https:\/\/twitter.com\/FUNIBER\",\"https:\/\/www.instagram.com\/funiber_becas\",\"https:\/\/www.youtube.com\/user\/funiber\",\"https:\/\/www.linkedin.com\/company\/funiber\"]},{\"@type\":\"Person\",\"@id\":\"https:\/\/blogs.funiber.org\/pt\/#\/schema\/person\/a1eaaa5e57eac866a8c5946946bcf80d\",\"name\":\"Michelle\",\"image\":{\"@type\":\"ImageObject\",\"inLanguage\":\"pt-BR\",\"@id\":\"https:\/\/blogs.funiber.org\/pt\/#\/schema\/person\/image\/\",\"url\":\"https:\/\/secure.gravatar.com\/avatar\/5e87041f7609dc50493cf216754fece1?s=96&d=mm&r=g\",\"contentUrl\":\"https:\/\/secure.gravatar.com\/avatar\/5e87041f7609dc50493cf216754fece1?s=96&d=mm&r=g\",\"caption\":\"Michelle\"},\"url\":\"https:\/\/www.funiber.blog\/pt\/author\/michelle-moreira\"}]}<\/script>\n<!-- \/ Yoast SEO plugin. -->","yoast_head_json":{"title":"Mancha quente se move pelo Pac\u00edfico","description":"Pesquisadores v\u00eam observando um estranho fen\u00f4meno que se desenvolve nas \u00e1guas do Pac\u00edfico sul. Uma imensa mancha vermelha se v\u00ea nas imagens de sat\u00e9lite, com tamanho quatro vezes maior que a Nova Zel\u00e2ndia.","robots":{"index":"index","follow":"follow","max-snippet":"max-snippet:-1","max-image-preview":"max-image-preview:large","max-video-preview":"max-video-preview:-1"},"canonical":"https:\/\/blogs.funiber.org\/pt\/meio-ambiente\/2020\/01\/20\/funiber-mancha-quente","og_locale":"pt_BR","og_type":"article","og_title":"Mancha quente se move pelo Pac\u00edfico","og_description":"Pesquisadores v\u00eam observando um estranho fen\u00f4meno que se desenvolve nas \u00e1guas do Pac\u00edfico sul. Uma imensa mancha vermelha se v\u00ea nas imagens de sat\u00e9lite, com tamanho quatro vezes maior que a Nova Zel\u00e2ndia.","og_url":"https:\/\/blogs.funiber.org\/pt\/meio-ambiente\/2020\/01\/20\/funiber-mancha-quente","og_site_name":"FuniBlogs - FUNIBER","article_publisher":"https:\/\/www.facebook.com\/funiber","article_published_time":"2020-01-20T10:30:13+00:00","article_modified_time":"2020-01-17T10:31:26+00:00","og_image":[{"width":900,"height":600,"url":"https:\/\/blogs.funiber.org\/pt\/wp-content\/uploads\/2020\/01\/funiber-mancha-quente.jpg","type":"image\/jpeg"}],"author":"Michelle","twitter_card":"summary_large_image","twitter_creator":"@FUNIBER","twitter_site":"@FUNIBER","twitter_misc":{"Escrito por":"Michelle","Est. tempo de leitura":"2 minutos"},"schema":{"@context":"https:\/\/schema.org","@graph":[{"@type":"Article","@id":"https:\/\/blogs.funiber.org\/pt\/meio-ambiente\/2020\/01\/20\/funiber-mancha-quente#article","isPartOf":{"@id":"https:\/\/blogs.funiber.org\/pt\/meio-ambiente\/2020\/01\/20\/funiber-mancha-quente"},"author":{"name":"Michelle","@id":"https:\/\/blogs.funiber.org\/pt\/#\/schema\/person\/a1eaaa5e57eac866a8c5946946bcf80d"},"headline":"Mancha quente se move pelo Pac\u00edfico","datePublished":"2020-01-20T10:30:13+00:00","dateModified":"2020-01-17T10:31:26+00:00","mainEntityOfPage":{"@id":"https:\/\/blogs.funiber.org\/pt\/meio-ambiente\/2020\/01\/20\/funiber-mancha-quente"},"wordCount":434,"publisher":{"@id":"https:\/\/blogs.funiber.org\/pt\/#organization"},"keywords":["Am\u00e9rica do Sul","anticiclone","Aquecimento","Aquecimento Global","Bolsas","Doutorado","Ecossistema","Educa\u00e7\u00e3o a Dist\u00e2ncia","Estudos","FUNIBER Opini\u00f5es","mancha quente","Meio Ambiente","mestrado","Mudan\u00e7a Clim\u00e1tica","Mudan\u00e7as clim\u00e1ticas","Oceano","Opini\u00e3o FUNIBER","Opini\u00f5es Funiber","Pac\u00edfico","press\u00e3o","Sustentabilidade","temperatura","vida marinha"],"articleSection":["Meio Ambiente"],"inLanguage":"pt-BR"},{"@type":"WebPage","@id":"https:\/\/blogs.funiber.org\/pt\/meio-ambiente\/2020\/01\/20\/funiber-mancha-quente","url":"https:\/\/blogs.funiber.org\/pt\/meio-ambiente\/2020\/01\/20\/funiber-mancha-quente","name":"Mancha quente se move pelo Pac\u00edfico","isPartOf":{"@id":"https:\/\/blogs.funiber.org\/pt\/#website"},"datePublished":"2020-01-20T10:30:13+00:00","dateModified":"2020-01-17T10:31:26+00:00","description":"Pesquisadores v\u00eam observando um estranho fen\u00f4meno que se desenvolve nas \u00e1guas do Pac\u00edfico sul. Uma imensa mancha vermelha se v\u00ea nas imagens de sat\u00e9lite, com tamanho quatro vezes maior que a Nova Zel\u00e2ndia.","breadcrumb":{"@id":"https:\/\/blogs.funiber.org\/pt\/meio-ambiente\/2020\/01\/20\/funiber-mancha-quente#breadcrumb"},"inLanguage":"pt-BR","potentialAction":[{"@type":"ReadAction","target":["https:\/\/blogs.funiber.org\/pt\/meio-ambiente\/2020\/01\/20\/funiber-mancha-quente"]}]},{"@type":"BreadcrumbList","@id":"https:\/\/blogs.funiber.org\/pt\/meio-ambiente\/2020\/01\/20\/funiber-mancha-quente#breadcrumb","itemListElement":[{"@type":"ListItem","position":1,"name":"In\u00edcio","item":"https:\/\/blogs.funiber.org\/pt"},{"@type":"ListItem","position":2,"name":"Mancha quente se move pelo Pac\u00edfico"}]},{"@type":"WebSite","@id":"https:\/\/blogs.funiber.org\/pt\/#website","url":"https:\/\/blogs.funiber.org\/pt\/","name":"FuniBlogs - FUNIBER","description":"","publisher":{"@id":"https:\/\/blogs.funiber.org\/pt\/#organization"},"potentialAction":[{"@type":"SearchAction","target":{"@type":"EntryPoint","urlTemplate":"https:\/\/blogs.funiber.org\/pt\/?s={search_term_string}"},"query-input":"required name=search_term_string"}],"inLanguage":"pt-BR"},{"@type":"Organization","@id":"https:\/\/blogs.funiber.org\/pt\/#organization","name":"FuniBlogs - FUNIBER","url":"https:\/\/blogs.funiber.org\/pt\/","logo":{"@type":"ImageObject","inLanguage":"pt-BR","@id":"https:\/\/blogs.funiber.org\/pt\/#\/schema\/logo\/image\/","url":"https:\/\/www.funiber.blog\/pt\/wp-content\/uploads\/2022\/02\/logo-funiber-pt-br-v-dos.svg","contentUrl":"https:\/\/www.funiber.blog\/pt\/wp-content\/uploads\/2022\/02\/logo-funiber-pt-br-v-dos.svg","width":1,"height":1,"caption":"FuniBlogs - FUNIBER"},"image":{"@id":"https:\/\/blogs.funiber.org\/pt\/#\/schema\/logo\/image\/"},"sameAs":["https:\/\/www.facebook.com\/funiber","https:\/\/twitter.com\/FUNIBER","https:\/\/www.instagram.com\/funiber_becas","https:\/\/www.youtube.com\/user\/funiber","https:\/\/www.linkedin.com\/company\/funiber"]},{"@type":"Person","@id":"https:\/\/blogs.funiber.org\/pt\/#\/schema\/person\/a1eaaa5e57eac866a8c5946946bcf80d","name":"Michelle","image":{"@type":"ImageObject","inLanguage":"pt-BR","@id":"https:\/\/blogs.funiber.org\/pt\/#\/schema\/person\/image\/","url":"https:\/\/secure.gravatar.com\/avatar\/5e87041f7609dc50493cf216754fece1?s=96&d=mm&r=g","contentUrl":"https:\/\/secure.gravatar.com\/avatar\/5e87041f7609dc50493cf216754fece1?s=96&d=mm&r=g","caption":"Michelle"},"url":"https:\/\/www.funiber.blog\/pt\/author\/michelle-moreira"}]}},"jetpack_featured_media_url":"https:\/\/www.funiber.blog\/pt\/wp-content\/uploads\/2020\/01\/funiber-mancha-quente.jpg","jetpack_shortlink":"https:\/\/wp.me\/p7ee1t-5wk","jetpack_sharing_enabled":true,"_links":{"self":[{"href":"https:\/\/www.funiber.blog\/pt\/wp-json\/wp\/v2\/posts\/21224"}],"collection":[{"href":"https:\/\/www.funiber.blog\/pt\/wp-json\/wp\/v2\/posts"}],"about":[{"href":"https:\/\/www.funiber.blog\/pt\/wp-json\/wp\/v2\/types\/post"}],"author":[{"embeddable":true,"href":"https:\/\/www.funiber.blog\/pt\/wp-json\/wp\/v2\/users\/10"}],"replies":[{"embeddable":true,"href":"https:\/\/www.funiber.blog\/pt\/wp-json\/wp\/v2\/comments?post=21224"}],"version-history":[{"count":1,"href":"https:\/\/www.funiber.blog\/pt\/wp-json\/wp\/v2\/posts\/21224\/revisions"}],"predecessor-version":[{"id":21225,"href":"https:\/\/www.funiber.blog\/pt\/wp-json\/wp\/v2\/posts\/21224\/revisions\/21225"}],"wp:featuredmedia":[{"embeddable":true,"href":"https:\/\/www.funiber.blog\/pt\/wp-json\/wp\/v2\/media\/21228"}],"wp:attachment":[{"href":"https:\/\/www.funiber.blog\/pt\/wp-json\/wp\/v2\/media?parent=21224"}],"wp:term":[{"taxonomy":"category","embeddable":true,"href":"https:\/\/www.funiber.blog\/pt\/wp-json\/wp\/v2\/categories?post=21224"},{"taxonomy":"post_tag","embeddable":true,"href":"https:\/\/www.funiber.blog\/pt\/wp-json\/wp\/v2\/tags?post=21224"}],"curies":[{"name":"wp","href":"https:\/\/api.w.org\/{rel}","templated":true}]}}