{"id":21260,"date":"2020-01-25T08:08:12","date_gmt":"2020-01-25T13:08:12","guid":{"rendered":"https:\/\/blogs.funiber.org\/pt\/?p=21260"},"modified":"2020-01-21T08:18:07","modified_gmt":"2020-01-21T13:18:07","slug":"funiber-educacao-futuro","status":"publish","type":"post","link":"https:\/\/www.funiber.blog\/pt\/formacao-professores\/2020\/01\/25\/funiber-educacao-futuro","title":{"rendered":"Os desafios que traz o avan\u00e7o tecnol\u00f3gico para a educa\u00e7\u00e3o do futuro"},"content":{"rendered":"<h2>Pensar de maneira cr\u00edtica, cuidar-se, desenvolver a criatividade, aperfei\u00e7oar-se de modo colaborativo, entre outros conceitos que poder\u00e3o ser essenciais na educa\u00e7\u00e3o para o futuro<\/h2>\n<p>Os avan\u00e7os tecnol\u00f3gicos trouxeram uma s\u00e9rie de facilidades para aprender, com novas ferramentas e <a href=\"https:\/\/www.funiber.blog\/pt\/formacao-professores\/2019\/08\/29\/funiber-aprendizagem-criativa-2\" target=\"_blank\" rel=\"noopener noreferrer\">metodologias<\/a>. Por exemplo, a educa\u00e7\u00e3o \u00e0 dist\u00e2ncia, como a que oferece a <a href=\"https:\/\/www.funiber.org.br\/\" target=\"_blank\" rel=\"noopener noreferrer\">FUNIBER<\/a> para quem busca se especializar em programas universit\u00e1rios, vem ajudando a muitos profissionais que n\u00e3o conseguiriam estudar no modo presencial.<!--more--><\/p>\n<p>Mas os avan\u00e7os tamb\u00e9m trazem desafios para a educa\u00e7\u00e3o. Por exemplo, o desenvolvimento de redes sociais e not\u00edcias falsas \u00e9 hoje um dos grandes problemas para a constru\u00e7\u00e3o do conhecimento, a circula\u00e7\u00e3o da informa\u00e7\u00e3o.<\/p>\n<p>Com a intelig\u00eancia artificial desenvolvendo-se por todos os lados, as crian\u00e7as est\u00e3o rodeadas de algoritmos que necessitam ser compreendidos e dominados. No futuro, possivelmente, n\u00e3o necessitaremos s\u00f3 conhecer a l\u00edngua nativa, o ingl\u00eas ou outro idioma para poder nos comunicar. Teremos que entender tamb\u00e9m de algoritmos.<\/p>\n<p>De acordo com<a href=\"https:\/\/www.alexbeard.org\/\" target=\"_blank\" rel=\"noopener noreferrer\"> Alex Beard<\/a>, escritor e educador brit\u00e2nico, autor de um estudo sobre a educa\u00e7\u00e3o do futuro, para poder lidar neste entorno tecnol\u00f3gico futuro ser\u00e1 necess\u00e1rio desenvolver a criatividade com mais seriedade. Ele acredita que atualmente a educa\u00e7\u00e3o est\u00e1 num momento de revolu\u00e7\u00e3o e requer novas maneiras de ensinar.<\/p>\n<p>\u201cQuando eu era professor percebi de que vivemos num mundo em que tudo se est\u00e1 acabando: a terra, os recursos&#8230; E o \u00fanico ilimitado que temos \u00e9 nossa intelig\u00eancia\u201d, afirmou Beard. O professor acredita que dever\u00edamos estar buscando agora as melhores respostas para o futuro explorando melhor o potencial de intelig\u00eancia do ser humano.<\/p>\n<p>Beard viajou pelo mundo para conhecer os v\u00e1rios modelos de educa\u00e7\u00e3o, e conclui: \u201ca maioria dos sistemas educativos que vi no mundo est\u00e3o centralizados na aprendizagem acad\u00eamica, que \u00e9 muito importante, mas acho que as crian\u00e7as precisam aprender neste momento muito mais do que para apenas tirar boas notas\u201d, afirma em entrevista para o <a href=\"https:\/\/aprendemosjuntos.elpais.com\/especial\/inteligencia-artificial-como-educar-para-los-retos-del-futuro-alex-beard\/\" target=\"_blank\" rel=\"noopener noreferrer\">programa da BBVA Aprendemos Juntos<\/a>.<\/p>\n<p>\u201cNecessitam aprender a pensar criticamente, a trabalhar de maneira criativa, a usar as ferramentas modernas para diferentes coisas e a resolver com criatividade os problemas que tem o mundo\u201d, defende Beard.<\/p>\n<p>Para esta mudan\u00e7a, \u00e9 necess\u00e1rio que levem a s\u00e9rio a import\u00e2ncia de recriar as estruturas dos sistemas educativos. \u201cAcredito que os sistemas educativos do futuro devem se basear em tr\u00eas conceitos. Um \u00e9 a ideia de pensar de maneira diferente, o segundo conceito \u00e9 melhorar e o terceiro, cuidar-se\u201d, diz.<\/p>\n<p>Fonte: <a href=\"https:\/\/aprendemosjuntos.elpais.com\/especial\/inteligencia-artificial-como-educar-para-los-retos-del-futuro-alex-beard\/\" target=\"_blank\" rel=\"noopener noreferrer\">Inteligencia artificial: c\u00f3mo educar para los retos del futuro<\/a><\/p>\n<p>Foto: Todos os direitos reservados<\/p>\n","protected":false},"excerpt":{"rendered":"<p>Pensar de maneira cr\u00edtica, cuidar-se, desenvolver a criatividade, aperfei\u00e7oar-se de modo colaborativo, entre outros conceitos que poder\u00e3o ser essenciais na educa\u00e7\u00e3o para o futuro Os avan\u00e7os tecnol\u00f3gicos trouxeram uma s\u00e9rie de facilidades para aprender, com novas ferramentas e metodologias. Por exemplo, a educa\u00e7\u00e3o \u00e0 dist\u00e2ncia, como a que oferece a FUNIBER para quem busca se [&hellip;]<\/p>\n","protected":false},"author":10,"featured_media":21261,"comment_status":"closed","ping_status":"closed","sticky":false,"template":"","format":"standard","meta":{"jetpack_post_was_ever_published":false,"_jetpack_newsletter_access":"","_jetpack_newsletter_tier_id":0,"footnotes":"","jetpack_publicize_message":"","jetpack_is_tweetstorm":false,"jetpack_publicize_feature_enabled":true,"jetpack_social_post_already_shared":true,"jetpack_social_options":{"image_generator_settings":{"template":"highway","enabled":false}}},"categories":[5],"tags":[3486,2874,1242,307,855,285,408,131,1078,119,504,686,248,911,2142,671,1484,641,255,642],"jetpack_publicize_connections":[],"yoast_head":"<!-- This site is optimized with the Yoast SEO plugin v21.7 - https:\/\/yoast.com\/wordpress\/plugins\/seo\/ -->\n<title>Os desafios que traz o avan\u00e7o tecnol\u00f3gico para a educa\u00e7\u00e3o do futuro<\/title>\n<meta name=\"description\" content=\"Pensar de maneira cr\u00edtica, cuidar-se, desenvolver a criatividade, aperfei\u00e7oar-se de modo colaborativo, entre outros conceitos que poder\u00e3o ser essenciais na educa\u00e7\u00e3o para o futuro\" \/>\n<meta name=\"robots\" content=\"index, follow, max-snippet:-1, max-image-preview:large, max-video-preview:-1\" \/>\n<link rel=\"canonical\" href=\"https:\/\/blogs.funiber.org\/pt\/formacao-professores\/2020\/01\/25\/funiber-educacao-futuro\" \/>\n<meta property=\"og:locale\" content=\"pt_BR\" \/>\n<meta property=\"og:type\" content=\"article\" \/>\n<meta property=\"og:title\" content=\"Os desafios que traz o avan\u00e7o tecnol\u00f3gico para a educa\u00e7\u00e3o do futuro\" \/>\n<meta property=\"og:description\" content=\"Pensar de maneira cr\u00edtica, cuidar-se, desenvolver a criatividade, aperfei\u00e7oar-se de modo colaborativo, entre outros conceitos que poder\u00e3o ser essenciais na educa\u00e7\u00e3o para o futuro\" \/>\n<meta property=\"og:url\" content=\"https:\/\/blogs.funiber.org\/pt\/formacao-professores\/2020\/01\/25\/funiber-educacao-futuro\" \/>\n<meta property=\"og:site_name\" content=\"FuniBlogs - FUNIBER\" \/>\n<meta property=\"article:publisher\" content=\"https:\/\/www.facebook.com\/funiber\" \/>\n<meta property=\"article:published_time\" content=\"2020-01-25T13:08:12+00:00\" \/>\n<meta property=\"article:modified_time\" content=\"2020-01-21T13:18:07+00:00\" \/>\n<meta property=\"og:image\" content=\"https:\/\/blogs.funiber.org\/pt\/wp-content\/uploads\/2020\/01\/funiber-educacao-futuro.jpg\" \/>\n\t<meta property=\"og:image:width\" content=\"900\" \/>\n\t<meta property=\"og:image:height\" content=\"541\" \/>\n\t<meta property=\"og:image:type\" content=\"image\/jpeg\" \/>\n<meta name=\"author\" content=\"Michelle\" \/>\n<meta name=\"twitter:card\" content=\"summary_large_image\" \/>\n<meta name=\"twitter:creator\" content=\"@FUNIBER\" \/>\n<meta name=\"twitter:site\" content=\"@FUNIBER\" \/>\n<meta name=\"twitter:label1\" content=\"Escrito por\" \/>\n\t<meta name=\"twitter:data1\" content=\"Michelle\" \/>\n\t<meta name=\"twitter:label2\" content=\"Est. tempo de leitura\" \/>\n\t<meta name=\"twitter:data2\" content=\"2 minutos\" \/>\n<script type=\"application\/ld+json\" class=\"yoast-schema-graph\">{\"@context\":\"https:\/\/schema.org\",\"@graph\":[{\"@type\":\"Article\",\"@id\":\"https:\/\/blogs.funiber.org\/pt\/formacao-professores\/2020\/01\/25\/funiber-educacao-futuro#article\",\"isPartOf\":{\"@id\":\"https:\/\/blogs.funiber.org\/pt\/formacao-professores\/2020\/01\/25\/funiber-educacao-futuro\"},\"author\":{\"name\":\"Michelle\",\"@id\":\"https:\/\/blogs.funiber.org\/pt\/#\/schema\/person\/a1eaaa5e57eac866a8c5946946bcf80d\"},\"headline\":\"Os desafios que traz o avan\u00e7o tecnol\u00f3gico para a educa\u00e7\u00e3o do futuro\",\"datePublished\":\"2020-01-25T13:08:12+00:00\",\"dateModified\":\"2020-01-21T13:18:07+00:00\",\"mainEntityOfPage\":{\"@id\":\"https:\/\/blogs.funiber.org\/pt\/formacao-professores\/2020\/01\/25\/funiber-educacao-futuro\"},\"wordCount\":463,\"publisher\":{\"@id\":\"https:\/\/blogs.funiber.org\/pt\/#organization\"},\"keywords\":[\"acesso \u00e0 educa\u00e7\u00e3o\",\"Aprender\",\"Bolsas\",\"criatividade\",\"Doutorado\",\"Educa\u00e7\u00e3o\",\"Educa\u00e7\u00e3o a Dist\u00e2ncia\",\"Ensino\",\"Ensino \u00e0 Dist\u00e2ncia\",\"Estudos\",\"Forma\u00e7\u00e3o\",\"Forma\u00e7\u00e3o de Professores\",\"Funiber\",\"FUNIBER Opini\u00f5es\",\"futuro\",\"mestrado\",\"Metodologia\",\"Opini\u00e3o FUNIBER\",\"Opini\u00f5es Funiber\",\"Professores\"],\"articleSection\":[\"Educa\u00e7\u00e3o,\u00a0Forma\u00e7\u00e3o Professores\"],\"inLanguage\":\"pt-BR\"},{\"@type\":\"WebPage\",\"@id\":\"https:\/\/blogs.funiber.org\/pt\/formacao-professores\/2020\/01\/25\/funiber-educacao-futuro\",\"url\":\"https:\/\/blogs.funiber.org\/pt\/formacao-professores\/2020\/01\/25\/funiber-educacao-futuro\",\"name\":\"Os desafios que traz o avan\u00e7o tecnol\u00f3gico para a educa\u00e7\u00e3o do futuro\",\"isPartOf\":{\"@id\":\"https:\/\/blogs.funiber.org\/pt\/#website\"},\"datePublished\":\"2020-01-25T13:08:12+00:00\",\"dateModified\":\"2020-01-21T13:18:07+00:00\",\"description\":\"Pensar de maneira cr\u00edtica, cuidar-se, desenvolver a criatividade, aperfei\u00e7oar-se de modo colaborativo, entre outros conceitos que poder\u00e3o ser essenciais na educa\u00e7\u00e3o para o futuro\",\"breadcrumb\":{\"@id\":\"https:\/\/blogs.funiber.org\/pt\/formacao-professores\/2020\/01\/25\/funiber-educacao-futuro#breadcrumb\"},\"inLanguage\":\"pt-BR\",\"potentialAction\":[{\"@type\":\"ReadAction\",\"target\":[\"https:\/\/blogs.funiber.org\/pt\/formacao-professores\/2020\/01\/25\/funiber-educacao-futuro\"]}]},{\"@type\":\"BreadcrumbList\",\"@id\":\"https:\/\/blogs.funiber.org\/pt\/formacao-professores\/2020\/01\/25\/funiber-educacao-futuro#breadcrumb\",\"itemListElement\":[{\"@type\":\"ListItem\",\"position\":1,\"name\":\"In\u00edcio\",\"item\":\"https:\/\/blogs.funiber.org\/pt\"},{\"@type\":\"ListItem\",\"position\":2,\"name\":\"Os desafios que traz o avan\u00e7o tecnol\u00f3gico para a educa\u00e7\u00e3o do futuro\"}]},{\"@type\":\"WebSite\",\"@id\":\"https:\/\/blogs.funiber.org\/pt\/#website\",\"url\":\"https:\/\/blogs.funiber.org\/pt\/\",\"name\":\"FuniBlogs - FUNIBER\",\"description\":\"\",\"publisher\":{\"@id\":\"https:\/\/blogs.funiber.org\/pt\/#organization\"},\"potentialAction\":[{\"@type\":\"SearchAction\",\"target\":{\"@type\":\"EntryPoint\",\"urlTemplate\":\"https:\/\/blogs.funiber.org\/pt\/?s={search_term_string}\"},\"query-input\":\"required name=search_term_string\"}],\"inLanguage\":\"pt-BR\"},{\"@type\":\"Organization\",\"@id\":\"https:\/\/blogs.funiber.org\/pt\/#organization\",\"name\":\"FuniBlogs - FUNIBER\",\"url\":\"https:\/\/blogs.funiber.org\/pt\/\",\"logo\":{\"@type\":\"ImageObject\",\"inLanguage\":\"pt-BR\",\"@id\":\"https:\/\/blogs.funiber.org\/pt\/#\/schema\/logo\/image\/\",\"url\":\"https:\/\/www.funiber.blog\/pt\/wp-content\/uploads\/2022\/02\/logo-funiber-pt-br-v-dos.svg\",\"contentUrl\":\"https:\/\/www.funiber.blog\/pt\/wp-content\/uploads\/2022\/02\/logo-funiber-pt-br-v-dos.svg\",\"width\":1,\"height\":1,\"caption\":\"FuniBlogs - FUNIBER\"},\"image\":{\"@id\":\"https:\/\/blogs.funiber.org\/pt\/#\/schema\/logo\/image\/\"},\"sameAs\":[\"https:\/\/www.facebook.com\/funiber\",\"https:\/\/twitter.com\/FUNIBER\",\"https:\/\/www.instagram.com\/funiber_becas\",\"https:\/\/www.youtube.com\/user\/funiber\",\"https:\/\/www.linkedin.com\/company\/funiber\"]},{\"@type\":\"Person\",\"@id\":\"https:\/\/blogs.funiber.org\/pt\/#\/schema\/person\/a1eaaa5e57eac866a8c5946946bcf80d\",\"name\":\"Michelle\",\"image\":{\"@type\":\"ImageObject\",\"inLanguage\":\"pt-BR\",\"@id\":\"https:\/\/blogs.funiber.org\/pt\/#\/schema\/person\/image\/\",\"url\":\"https:\/\/secure.gravatar.com\/avatar\/5e87041f7609dc50493cf216754fece1?s=96&d=mm&r=g\",\"contentUrl\":\"https:\/\/secure.gravatar.com\/avatar\/5e87041f7609dc50493cf216754fece1?s=96&d=mm&r=g\",\"caption\":\"Michelle\"},\"url\":\"https:\/\/www.funiber.blog\/pt\/author\/michelle-moreira\"}]}<\/script>\n<!-- \/ Yoast SEO plugin. -->","yoast_head_json":{"title":"Os desafios que traz o avan\u00e7o tecnol\u00f3gico para a educa\u00e7\u00e3o do futuro","description":"Pensar de maneira cr\u00edtica, cuidar-se, desenvolver a criatividade, aperfei\u00e7oar-se de modo colaborativo, entre outros conceitos que poder\u00e3o ser essenciais na educa\u00e7\u00e3o para o futuro","robots":{"index":"index","follow":"follow","max-snippet":"max-snippet:-1","max-image-preview":"max-image-preview:large","max-video-preview":"max-video-preview:-1"},"canonical":"https:\/\/blogs.funiber.org\/pt\/formacao-professores\/2020\/01\/25\/funiber-educacao-futuro","og_locale":"pt_BR","og_type":"article","og_title":"Os desafios que traz o avan\u00e7o tecnol\u00f3gico para a educa\u00e7\u00e3o do futuro","og_description":"Pensar de maneira cr\u00edtica, cuidar-se, desenvolver a criatividade, aperfei\u00e7oar-se de modo colaborativo, entre outros conceitos que poder\u00e3o ser essenciais na educa\u00e7\u00e3o para o futuro","og_url":"https:\/\/blogs.funiber.org\/pt\/formacao-professores\/2020\/01\/25\/funiber-educacao-futuro","og_site_name":"FuniBlogs - FUNIBER","article_publisher":"https:\/\/www.facebook.com\/funiber","article_published_time":"2020-01-25T13:08:12+00:00","article_modified_time":"2020-01-21T13:18:07+00:00","og_image":[{"width":900,"height":541,"url":"https:\/\/blogs.funiber.org\/pt\/wp-content\/uploads\/2020\/01\/funiber-educacao-futuro.jpg","type":"image\/jpeg"}],"author":"Michelle","twitter_card":"summary_large_image","twitter_creator":"@FUNIBER","twitter_site":"@FUNIBER","twitter_misc":{"Escrito por":"Michelle","Est. tempo de leitura":"2 minutos"},"schema":{"@context":"https:\/\/schema.org","@graph":[{"@type":"Article","@id":"https:\/\/blogs.funiber.org\/pt\/formacao-professores\/2020\/01\/25\/funiber-educacao-futuro#article","isPartOf":{"@id":"https:\/\/blogs.funiber.org\/pt\/formacao-professores\/2020\/01\/25\/funiber-educacao-futuro"},"author":{"name":"Michelle","@id":"https:\/\/blogs.funiber.org\/pt\/#\/schema\/person\/a1eaaa5e57eac866a8c5946946bcf80d"},"headline":"Os desafios que traz o avan\u00e7o tecnol\u00f3gico para a educa\u00e7\u00e3o do futuro","datePublished":"2020-01-25T13:08:12+00:00","dateModified":"2020-01-21T13:18:07+00:00","mainEntityOfPage":{"@id":"https:\/\/blogs.funiber.org\/pt\/formacao-professores\/2020\/01\/25\/funiber-educacao-futuro"},"wordCount":463,"publisher":{"@id":"https:\/\/blogs.funiber.org\/pt\/#organization"},"keywords":["acesso \u00e0 educa\u00e7\u00e3o","Aprender","Bolsas","criatividade","Doutorado","Educa\u00e7\u00e3o","Educa\u00e7\u00e3o a Dist\u00e2ncia","Ensino","Ensino \u00e0 Dist\u00e2ncia","Estudos","Forma\u00e7\u00e3o","Forma\u00e7\u00e3o de Professores","Funiber","FUNIBER Opini\u00f5es","futuro","mestrado","Metodologia","Opini\u00e3o FUNIBER","Opini\u00f5es Funiber","Professores"],"articleSection":["Educa\u00e7\u00e3o,\u00a0Forma\u00e7\u00e3o Professores"],"inLanguage":"pt-BR"},{"@type":"WebPage","@id":"https:\/\/blogs.funiber.org\/pt\/formacao-professores\/2020\/01\/25\/funiber-educacao-futuro","url":"https:\/\/blogs.funiber.org\/pt\/formacao-professores\/2020\/01\/25\/funiber-educacao-futuro","name":"Os desafios que traz o avan\u00e7o tecnol\u00f3gico para a educa\u00e7\u00e3o do futuro","isPartOf":{"@id":"https:\/\/blogs.funiber.org\/pt\/#website"},"datePublished":"2020-01-25T13:08:12+00:00","dateModified":"2020-01-21T13:18:07+00:00","description":"Pensar de maneira cr\u00edtica, cuidar-se, desenvolver a criatividade, aperfei\u00e7oar-se de modo colaborativo, entre outros conceitos que poder\u00e3o ser essenciais na educa\u00e7\u00e3o para o futuro","breadcrumb":{"@id":"https:\/\/blogs.funiber.org\/pt\/formacao-professores\/2020\/01\/25\/funiber-educacao-futuro#breadcrumb"},"inLanguage":"pt-BR","potentialAction":[{"@type":"ReadAction","target":["https:\/\/blogs.funiber.org\/pt\/formacao-professores\/2020\/01\/25\/funiber-educacao-futuro"]}]},{"@type":"BreadcrumbList","@id":"https:\/\/blogs.funiber.org\/pt\/formacao-professores\/2020\/01\/25\/funiber-educacao-futuro#breadcrumb","itemListElement":[{"@type":"ListItem","position":1,"name":"In\u00edcio","item":"https:\/\/blogs.funiber.org\/pt"},{"@type":"ListItem","position":2,"name":"Os desafios que traz o avan\u00e7o tecnol\u00f3gico para a educa\u00e7\u00e3o do futuro"}]},{"@type":"WebSite","@id":"https:\/\/blogs.funiber.org\/pt\/#website","url":"https:\/\/blogs.funiber.org\/pt\/","name":"FuniBlogs - FUNIBER","description":"","publisher":{"@id":"https:\/\/blogs.funiber.org\/pt\/#organization"},"potentialAction":[{"@type":"SearchAction","target":{"@type":"EntryPoint","urlTemplate":"https:\/\/blogs.funiber.org\/pt\/?s={search_term_string}"},"query-input":"required name=search_term_string"}],"inLanguage":"pt-BR"},{"@type":"Organization","@id":"https:\/\/blogs.funiber.org\/pt\/#organization","name":"FuniBlogs - FUNIBER","url":"https:\/\/blogs.funiber.org\/pt\/","logo":{"@type":"ImageObject","inLanguage":"pt-BR","@id":"https:\/\/blogs.funiber.org\/pt\/#\/schema\/logo\/image\/","url":"https:\/\/www.funiber.blog\/pt\/wp-content\/uploads\/2022\/02\/logo-funiber-pt-br-v-dos.svg","contentUrl":"https:\/\/www.funiber.blog\/pt\/wp-content\/uploads\/2022\/02\/logo-funiber-pt-br-v-dos.svg","width":1,"height":1,"caption":"FuniBlogs - FUNIBER"},"image":{"@id":"https:\/\/blogs.funiber.org\/pt\/#\/schema\/logo\/image\/"},"sameAs":["https:\/\/www.facebook.com\/funiber","https:\/\/twitter.com\/FUNIBER","https:\/\/www.instagram.com\/funiber_becas","https:\/\/www.youtube.com\/user\/funiber","https:\/\/www.linkedin.com\/company\/funiber"]},{"@type":"Person","@id":"https:\/\/blogs.funiber.org\/pt\/#\/schema\/person\/a1eaaa5e57eac866a8c5946946bcf80d","name":"Michelle","image":{"@type":"ImageObject","inLanguage":"pt-BR","@id":"https:\/\/blogs.funiber.org\/pt\/#\/schema\/person\/image\/","url":"https:\/\/secure.gravatar.com\/avatar\/5e87041f7609dc50493cf216754fece1?s=96&d=mm&r=g","contentUrl":"https:\/\/secure.gravatar.com\/avatar\/5e87041f7609dc50493cf216754fece1?s=96&d=mm&r=g","caption":"Michelle"},"url":"https:\/\/www.funiber.blog\/pt\/author\/michelle-moreira"}]}},"jetpack_featured_media_url":"https:\/\/www.funiber.blog\/pt\/wp-content\/uploads\/2020\/01\/funiber-educacao-futuro.jpg","jetpack_shortlink":"https:\/\/wp.me\/p7ee1t-5wU","jetpack_sharing_enabled":true,"_links":{"self":[{"href":"https:\/\/www.funiber.blog\/pt\/wp-json\/wp\/v2\/posts\/21260"}],"collection":[{"href":"https:\/\/www.funiber.blog\/pt\/wp-json\/wp\/v2\/posts"}],"about":[{"href":"https:\/\/www.funiber.blog\/pt\/wp-json\/wp\/v2\/types\/post"}],"author":[{"embeddable":true,"href":"https:\/\/www.funiber.blog\/pt\/wp-json\/wp\/v2\/users\/10"}],"replies":[{"embeddable":true,"href":"https:\/\/www.funiber.blog\/pt\/wp-json\/wp\/v2\/comments?post=21260"}],"version-history":[{"count":2,"href":"https:\/\/www.funiber.blog\/pt\/wp-json\/wp\/v2\/posts\/21260\/revisions"}],"predecessor-version":[{"id":21263,"href":"https:\/\/www.funiber.blog\/pt\/wp-json\/wp\/v2\/posts\/21260\/revisions\/21263"}],"wp:featuredmedia":[{"embeddable":true,"href":"https:\/\/www.funiber.blog\/pt\/wp-json\/wp\/v2\/media\/21261"}],"wp:attachment":[{"href":"https:\/\/www.funiber.blog\/pt\/wp-json\/wp\/v2\/media?parent=21260"}],"wp:term":[{"taxonomy":"category","embeddable":true,"href":"https:\/\/www.funiber.blog\/pt\/wp-json\/wp\/v2\/categories?post=21260"},{"taxonomy":"post_tag","embeddable":true,"href":"https:\/\/www.funiber.blog\/pt\/wp-json\/wp\/v2\/tags?post=21260"}],"curies":[{"name":"wp","href":"https:\/\/api.w.org\/{rel}","templated":true}]}}