{"id":2127,"date":"2012-05-27T00:53:10","date_gmt":"2012-05-26T23:53:10","guid":{"rendered":"http:\/\/blogs.funiber.org\/pt\/?p=2127"},"modified":"2012-05-27T00:55:05","modified_gmt":"2012-05-26T23:55:05","slug":"quais-as-principais-caracteristicas-de-um-lider-ideal","status":"publish","type":"post","link":"https:\/\/www.funiber.blog\/pt\/empresas-e-rh\/2012\/05\/27\/quais-as-principais-caracteristicas-de-um-lider-ideal","title":{"rendered":"Quais as principais caracter\u00edsticas de um l\u00edder ideal?"},"content":{"rendered":"<p>Partindo do princ\u00edpio que somos seres humanos, portanto, suscet\u00edveis a erros, \u00e9 poss\u00edvel afirmar que n\u00e3o existe um l\u00edder ideal, pois todos t\u00eam uma defici\u00eancia. Existem grandes l\u00edderes da humanidade que se tornaram dominantes atrav\u00e9s da for\u00e7a. Dois exemplos s\u00e3o Adolf Hitler e Mao Tse-Tung, que usaram um golpe de estado para assumir o governo de seus pa\u00edses, al\u00e9m de contaminarem o pensamento de seus compatriotas de tal modo que as pessoas passaram a seguir uma doutrina completamente avessa aos valores que, comumente, s\u00e3o apontados como os ideais a uma sociedade e ao mundo.\u00a0\u00a0\u00a0\u00a0\u00a0\u00a0\u00a0\u00a0\u00a0\u00a0\u00a0\u00a0\u00a0\u00a0\u00a0\u00a0 <!--more--><\/p>\n<p>Mesmo sendo uma lideran\u00e7a manchada por horror e sangue, \u00e9 ineg\u00e1vel que ambos t\u00eam o perfil e os atributos de quem sabe comandar um grupo. O principal recurso utilizado, nos dois casos, foi o discurso persuasivo, muitas vezes apelativo. No nazismo, Hitler conseguiu fazer com que um pa\u00eds praticamente inteiro ficasse a seu favor e, por consequ\u00eancia, apoiasse uma persegui\u00e7\u00e3o racista e violenta.<\/p>\n<p>Mas, por outro lado, h\u00e1 outros l\u00edderes pol\u00edticos que conseguiram marcar seu nome na hist\u00f3ria da humanidade sem ao menos dar um tiro, apenas utilizando um discurso carism\u00e1tico, e, acima de tudo, realista. Um l\u00edder como Mahatma Gandhi, que implantou o sistema de desobedi\u00eancia civil, fez hist\u00f3ria e mostrou que lideran\u00e7a n\u00e3o se faz apenas com imposi\u00e7\u00e3o, mas em  conjunto. Isso se repetiu, mais tarde, com outro l\u00edder, protagonista de grandes movimentos dentro da maior economia do mundo, os Estados Unidos da Am\u00e9rica: Martin Luther King Jr. foi um importante pastor evang\u00e9lico e ativista pol\u00edtico norte-americano, que lutou em defesa dos direitos sociais para os negros e as mulheres, combatendo o preconceito e o racismo. Defendia a luta pac\u00edfica, baseada no respeito ao pr\u00f3ximo, como forma de construir um mundo melhor, e na igualdade de direitos sociais e econ\u00f4micos.<\/p>\n<p>Hoje em dia, a lideran\u00e7a sem o uso da for\u00e7a virou modelo de conduta moral no mundo inteiro. Isso se reflete em todas as \u00e1reas e, como n\u00e3o poderia deixar de ser, chegou ao mercado de trabalho. Com o advento da internet e suas facilidades, a grande maioria das pessoas sabe dos seus direitos e deveres como cidad\u00e3os trabalhadores e n\u00e3o mais se submete a humilha\u00e7\u00f5es e maus-tratos por parte de seus superiores.<\/p>\n<p>Na pol\u00edtica, o reflexo s\u00e3o as recentes quedas de ditadores no Oriente M\u00e9dio, bem como o fato de que os pa\u00edses democr\u00e1ticos v\u00eam dando prefer\u00eancia de votos aos l\u00edderes mais carism\u00e1ticos e preocupados com a paz mundial. Prova disso \u00e9 o presidente dos Estados Unidos da Am\u00e9rica, Barack Obama, que se elegeu calcado em um discurso que pregava o fim da guerra contra o Oriente M\u00e9dio.<\/p>\n<p>No Brasil, para muitos, o presidente Lu\u00eds In\u00e1cio Lula da Silva foi um dos melhores da hist\u00f3ria, tudo porque foi o primeiro a instituir pol\u00edticas humanit\u00e1rias no pa\u00eds, o que fez com que aumentasse sua popularidade, que, aliada ao seu carisma, auxiliou para que ele se tornasse um fen\u00f4meno nacional.<\/p>\n<p>Por fim, tudo isso aponta ao fato de que um l\u00edder deve aliar for\u00e7a, coragem e, acima de tudo, humildade e verdade. Ainda que muitos l\u00edderes n\u00e3o mere\u00e7am a popularidade que t\u00eam, \u00e9 ineg\u00e1vel que o carisma levou-os adiante ou, pelo menos, muito perto dos seus objetivos. Mas n\u00e3o \u00e9 apenas com isso que se faz a lideran\u00e7a. N\u00e3o existe uma f\u00f3rmula perfeita: \u00e9 um conjunto de fatores aliados ao ambiente em que voc\u00ea se encontra que ir\u00e1 determinar o sucesso ou o fracasso da sua empreitada.<\/p>\n<p>Agradar a si mesmo \u00e9 f\u00e1cil, dif\u00edcil \u00e9 agradar aos outros.<\/p>\n<p>Fonte:<\/p>\n<p><a href=\"http:\/\/pt.wikipedia.org\/wiki\/Mahatma_Gandhi\">http:\/\/pt.wikipedia.org\/wiki\/Mahatma_Gandhi<\/a><\/p>\n<p><a href=\"http:\/\/www.infopedia.pt\/$grandes-lideres\">http:\/\/www.infopedia.pt\/$grandes-lideres<\/a><\/p>\n<p><a href=\"http:\/\/rae.fgv.br\/sites\/rae.fgv.br\/files\/artigos\/10.1590_S0034-75901988000100006.pdf\">http:\/\/rae.fgv.br\/sites\/rae.fgv.br\/files\/artigos\/10.1590_S0034-75901988000100006.pdf<\/a><\/p>\n<p><a href=\"http:\/\/pt.wikipedia.org\/wiki\/Mao_Ts%C3%A9-tung\">http:\/\/pt.wikipedia.org\/wiki\/Mao_Ts%C3%A9-tung<\/a><\/p>\n<p><a href=\"http:\/\/educacao.uol.com.br\/biografias\/adolf-hitler.jhtm\">http:\/\/educacao.uol.com.br\/biografias\/adolf-hitler.jhtm<\/a><\/p>\n<p><a href=\"http:\/\/www.educacional.com.br\/reportagens\/china\/maotsetung.asp\">http:\/\/www.educacional.com.br\/reportagens\/china\/maotsetung.asp<\/a><\/p>\n<p>http:\/\/www.suapesquisa.com\/biografias\/luther_king.htm<\/p>\n","protected":false},"excerpt":{"rendered":"<p>Partindo do princ\u00edpio que somos seres humanos, portanto, suscet\u00edveis a erros, \u00e9 poss\u00edvel afirmar que n\u00e3o existe um l\u00edder ideal, pois todos t\u00eam uma defici\u00eancia. Existem grandes l\u00edderes da humanidade que se tornaram dominantes atrav\u00e9s da for\u00e7a. Dois exemplos s\u00e3o Adolf Hitler e Mao Tse-Tung, que usaram um golpe de estado para assumir o governo [&hellip;]<\/p>\n","protected":false},"author":13,"featured_media":0,"comment_status":"open","ping_status":"open","sticky":false,"template":"","format":"standard","meta":{"jetpack_post_was_ever_published":false,"_jetpack_newsletter_access":"","_jetpack_newsletter_tier_id":0,"footnotes":"","jetpack_publicize_message":"","jetpack_is_tweetstorm":false,"jetpack_publicize_feature_enabled":true,"jetpack_social_post_already_shared":false,"jetpack_social_options":{"image_generator_settings":{"template":"highway","enabled":false}}},"categories":[8],"tags":[],"jetpack_publicize_connections":[],"yoast_head":"<!-- This site is optimized with the Yoast SEO plugin v21.7 - https:\/\/yoast.com\/wordpress\/plugins\/seo\/ -->\n<title>Quais as principais caracter\u00edsticas de um l\u00edder ideal?  - FuniBlogs - FUNIBER<\/title>\n<meta name=\"robots\" content=\"noindex, nofollow\" \/>\n<meta property=\"og:locale\" content=\"pt_BR\" \/>\n<meta property=\"og:type\" content=\"article\" \/>\n<meta property=\"og:title\" content=\"Quais as principais caracter\u00edsticas de um l\u00edder ideal?  - FuniBlogs - FUNIBER\" \/>\n<meta property=\"og:description\" content=\"Partindo do princ\u00edpio que somos seres humanos, portanto, suscet\u00edveis a erros, \u00e9 poss\u00edvel afirmar que n\u00e3o existe um l\u00edder ideal, pois todos t\u00eam uma defici\u00eancia. Existem grandes l\u00edderes da humanidade que se tornaram dominantes atrav\u00e9s da for\u00e7a. Dois exemplos s\u00e3o Adolf Hitler e Mao Tse-Tung, que usaram um golpe de estado para assumir o governo [&hellip;]\" \/>\n<meta property=\"og:url\" content=\"https:\/\/blogs.funiber.org\/pt\/empresas-e-rh\/2012\/05\/27\/quais-as-principais-caracteristicas-de-um-lider-ideal\" \/>\n<meta property=\"og:site_name\" content=\"FuniBlogs - FUNIBER\" \/>\n<meta property=\"article:publisher\" content=\"https:\/\/www.facebook.com\/funiber\" \/>\n<meta property=\"article:published_time\" content=\"2012-05-26T23:53:10+00:00\" \/>\n<meta property=\"article:modified_time\" content=\"2012-05-26T23:55:05+00:00\" \/>\n<meta name=\"author\" content=\"Administrador Blogs CT\" \/>\n<meta name=\"twitter:card\" content=\"summary_large_image\" \/>\n<meta name=\"twitter:creator\" content=\"@FUNIBER\" \/>\n<meta name=\"twitter:site\" content=\"@FUNIBER\" \/>\n<meta name=\"twitter:label1\" content=\"Escrito por\" \/>\n\t<meta name=\"twitter:data1\" content=\"Administrador Blogs CT\" \/>\n\t<meta name=\"twitter:label2\" content=\"Est. tempo de leitura\" \/>\n\t<meta name=\"twitter:data2\" content=\"4 minutos\" \/>\n<script type=\"application\/ld+json\" class=\"yoast-schema-graph\">{\"@context\":\"https:\/\/schema.org\",\"@graph\":[{\"@type\":\"Article\",\"@id\":\"https:\/\/blogs.funiber.org\/pt\/empresas-e-rh\/2012\/05\/27\/quais-as-principais-caracteristicas-de-um-lider-ideal#article\",\"isPartOf\":{\"@id\":\"https:\/\/blogs.funiber.org\/pt\/empresas-e-rh\/2012\/05\/27\/quais-as-principais-caracteristicas-de-um-lider-ideal\"},\"author\":{\"name\":\"Administrador Blogs CT\",\"@id\":\"https:\/\/blogs.funiber.org\/pt\/#\/schema\/person\/0eae3cfb523a46b015366e49f7c79e8f\"},\"headline\":\"Quais as principais caracter\u00edsticas de um l\u00edder ideal?\",\"datePublished\":\"2012-05-26T23:53:10+00:00\",\"dateModified\":\"2012-05-26T23:55:05+00:00\",\"mainEntityOfPage\":{\"@id\":\"https:\/\/blogs.funiber.org\/pt\/empresas-e-rh\/2012\/05\/27\/quais-as-principais-caracteristicas-de-um-lider-ideal\"},\"wordCount\":720,\"commentCount\":0,\"publisher\":{\"@id\":\"https:\/\/blogs.funiber.org\/pt\/#organization\"},\"articleSection\":[\"Empresas, Dire\u00e7\u00e3o e RH\"],\"inLanguage\":\"pt-BR\"},{\"@type\":\"WebPage\",\"@id\":\"https:\/\/blogs.funiber.org\/pt\/empresas-e-rh\/2012\/05\/27\/quais-as-principais-caracteristicas-de-um-lider-ideal\",\"url\":\"https:\/\/blogs.funiber.org\/pt\/empresas-e-rh\/2012\/05\/27\/quais-as-principais-caracteristicas-de-um-lider-ideal\",\"name\":\"Quais as principais caracter\u00edsticas de um l\u00edder ideal? - FuniBlogs - FUNIBER\",\"isPartOf\":{\"@id\":\"https:\/\/blogs.funiber.org\/pt\/#website\"},\"datePublished\":\"2012-05-26T23:53:10+00:00\",\"dateModified\":\"2012-05-26T23:55:05+00:00\",\"breadcrumb\":{\"@id\":\"https:\/\/blogs.funiber.org\/pt\/empresas-e-rh\/2012\/05\/27\/quais-as-principais-caracteristicas-de-um-lider-ideal#breadcrumb\"},\"inLanguage\":\"pt-BR\",\"potentialAction\":[{\"@type\":\"ReadAction\",\"target\":[\"https:\/\/blogs.funiber.org\/pt\/empresas-e-rh\/2012\/05\/27\/quais-as-principais-caracteristicas-de-um-lider-ideal\"]}]},{\"@type\":\"BreadcrumbList\",\"@id\":\"https:\/\/blogs.funiber.org\/pt\/empresas-e-rh\/2012\/05\/27\/quais-as-principais-caracteristicas-de-um-lider-ideal#breadcrumb\",\"itemListElement\":[{\"@type\":\"ListItem\",\"position\":1,\"name\":\"In\u00edcio\",\"item\":\"https:\/\/blogs.funiber.org\/pt\"},{\"@type\":\"ListItem\",\"position\":2,\"name\":\"Quais as principais caracter\u00edsticas de um l\u00edder ideal?\"}]},{\"@type\":\"WebSite\",\"@id\":\"https:\/\/blogs.funiber.org\/pt\/#website\",\"url\":\"https:\/\/blogs.funiber.org\/pt\/\",\"name\":\"FuniBlogs - FUNIBER\",\"description\":\"\",\"publisher\":{\"@id\":\"https:\/\/blogs.funiber.org\/pt\/#organization\"},\"potentialAction\":[{\"@type\":\"SearchAction\",\"target\":{\"@type\":\"EntryPoint\",\"urlTemplate\":\"https:\/\/blogs.funiber.org\/pt\/?s={search_term_string}\"},\"query-input\":\"required name=search_term_string\"}],\"inLanguage\":\"pt-BR\"},{\"@type\":\"Organization\",\"@id\":\"https:\/\/blogs.funiber.org\/pt\/#organization\",\"name\":\"FuniBlogs - FUNIBER\",\"url\":\"https:\/\/blogs.funiber.org\/pt\/\",\"logo\":{\"@type\":\"ImageObject\",\"inLanguage\":\"pt-BR\",\"@id\":\"https:\/\/blogs.funiber.org\/pt\/#\/schema\/logo\/image\/\",\"url\":\"https:\/\/www.funiber.blog\/pt\/wp-content\/uploads\/2022\/02\/logo-funiber-pt-br-v-dos.svg\",\"contentUrl\":\"https:\/\/www.funiber.blog\/pt\/wp-content\/uploads\/2022\/02\/logo-funiber-pt-br-v-dos.svg\",\"width\":1,\"height\":1,\"caption\":\"FuniBlogs - FUNIBER\"},\"image\":{\"@id\":\"https:\/\/blogs.funiber.org\/pt\/#\/schema\/logo\/image\/\"},\"sameAs\":[\"https:\/\/www.facebook.com\/funiber\",\"https:\/\/twitter.com\/FUNIBER\",\"https:\/\/www.instagram.com\/funiber_becas\",\"https:\/\/www.youtube.com\/user\/funiber\",\"https:\/\/www.linkedin.com\/company\/funiber\"]},{\"@type\":\"Person\",\"@id\":\"https:\/\/blogs.funiber.org\/pt\/#\/schema\/person\/0eae3cfb523a46b015366e49f7c79e8f\",\"name\":\"Administrador Blogs CT\",\"image\":{\"@type\":\"ImageObject\",\"inLanguage\":\"pt-BR\",\"@id\":\"https:\/\/blogs.funiber.org\/pt\/#\/schema\/person\/image\/\",\"url\":\"https:\/\/secure.gravatar.com\/avatar\/097db6469009a1dba4db4c0390a1e929?s=96&d=mm&r=g\",\"contentUrl\":\"https:\/\/secure.gravatar.com\/avatar\/097db6469009a1dba4db4c0390a1e929?s=96&d=mm&r=g\",\"caption\":\"Administrador Blogs CT\"},\"url\":\"https:\/\/www.funiber.blog\/pt\/author\/ct-admin\"}]}<\/script>\n<!-- \/ Yoast SEO plugin. -->","yoast_head_json":{"title":"Quais as principais caracter\u00edsticas de um l\u00edder ideal?  - FuniBlogs - FUNIBER","robots":{"index":"noindex","follow":"nofollow"},"og_locale":"pt_BR","og_type":"article","og_title":"Quais as principais caracter\u00edsticas de um l\u00edder ideal?  - FuniBlogs - FUNIBER","og_description":"Partindo do princ\u00edpio que somos seres humanos, portanto, suscet\u00edveis a erros, \u00e9 poss\u00edvel afirmar que n\u00e3o existe um l\u00edder ideal, pois todos t\u00eam uma defici\u00eancia. Existem grandes l\u00edderes da humanidade que se tornaram dominantes atrav\u00e9s da for\u00e7a. Dois exemplos s\u00e3o Adolf Hitler e Mao Tse-Tung, que usaram um golpe de estado para assumir o governo [&hellip;]","og_url":"https:\/\/blogs.funiber.org\/pt\/empresas-e-rh\/2012\/05\/27\/quais-as-principais-caracteristicas-de-um-lider-ideal","og_site_name":"FuniBlogs - FUNIBER","article_publisher":"https:\/\/www.facebook.com\/funiber","article_published_time":"2012-05-26T23:53:10+00:00","article_modified_time":"2012-05-26T23:55:05+00:00","author":"Administrador Blogs CT","twitter_card":"summary_large_image","twitter_creator":"@FUNIBER","twitter_site":"@FUNIBER","twitter_misc":{"Escrito por":"Administrador Blogs CT","Est. tempo de leitura":"4 minutos"},"schema":{"@context":"https:\/\/schema.org","@graph":[{"@type":"Article","@id":"https:\/\/blogs.funiber.org\/pt\/empresas-e-rh\/2012\/05\/27\/quais-as-principais-caracteristicas-de-um-lider-ideal#article","isPartOf":{"@id":"https:\/\/blogs.funiber.org\/pt\/empresas-e-rh\/2012\/05\/27\/quais-as-principais-caracteristicas-de-um-lider-ideal"},"author":{"name":"Administrador Blogs CT","@id":"https:\/\/blogs.funiber.org\/pt\/#\/schema\/person\/0eae3cfb523a46b015366e49f7c79e8f"},"headline":"Quais as principais caracter\u00edsticas de um l\u00edder ideal?","datePublished":"2012-05-26T23:53:10+00:00","dateModified":"2012-05-26T23:55:05+00:00","mainEntityOfPage":{"@id":"https:\/\/blogs.funiber.org\/pt\/empresas-e-rh\/2012\/05\/27\/quais-as-principais-caracteristicas-de-um-lider-ideal"},"wordCount":720,"commentCount":0,"publisher":{"@id":"https:\/\/blogs.funiber.org\/pt\/#organization"},"articleSection":["Empresas, Dire\u00e7\u00e3o e RH"],"inLanguage":"pt-BR"},{"@type":"WebPage","@id":"https:\/\/blogs.funiber.org\/pt\/empresas-e-rh\/2012\/05\/27\/quais-as-principais-caracteristicas-de-um-lider-ideal","url":"https:\/\/blogs.funiber.org\/pt\/empresas-e-rh\/2012\/05\/27\/quais-as-principais-caracteristicas-de-um-lider-ideal","name":"Quais as principais caracter\u00edsticas de um l\u00edder ideal? - FuniBlogs - FUNIBER","isPartOf":{"@id":"https:\/\/blogs.funiber.org\/pt\/#website"},"datePublished":"2012-05-26T23:53:10+00:00","dateModified":"2012-05-26T23:55:05+00:00","breadcrumb":{"@id":"https:\/\/blogs.funiber.org\/pt\/empresas-e-rh\/2012\/05\/27\/quais-as-principais-caracteristicas-de-um-lider-ideal#breadcrumb"},"inLanguage":"pt-BR","potentialAction":[{"@type":"ReadAction","target":["https:\/\/blogs.funiber.org\/pt\/empresas-e-rh\/2012\/05\/27\/quais-as-principais-caracteristicas-de-um-lider-ideal"]}]},{"@type":"BreadcrumbList","@id":"https:\/\/blogs.funiber.org\/pt\/empresas-e-rh\/2012\/05\/27\/quais-as-principais-caracteristicas-de-um-lider-ideal#breadcrumb","itemListElement":[{"@type":"ListItem","position":1,"name":"In\u00edcio","item":"https:\/\/blogs.funiber.org\/pt"},{"@type":"ListItem","position":2,"name":"Quais as principais caracter\u00edsticas de um l\u00edder ideal?"}]},{"@type":"WebSite","@id":"https:\/\/blogs.funiber.org\/pt\/#website","url":"https:\/\/blogs.funiber.org\/pt\/","name":"FuniBlogs - FUNIBER","description":"","publisher":{"@id":"https:\/\/blogs.funiber.org\/pt\/#organization"},"potentialAction":[{"@type":"SearchAction","target":{"@type":"EntryPoint","urlTemplate":"https:\/\/blogs.funiber.org\/pt\/?s={search_term_string}"},"query-input":"required name=search_term_string"}],"inLanguage":"pt-BR"},{"@type":"Organization","@id":"https:\/\/blogs.funiber.org\/pt\/#organization","name":"FuniBlogs - FUNIBER","url":"https:\/\/blogs.funiber.org\/pt\/","logo":{"@type":"ImageObject","inLanguage":"pt-BR","@id":"https:\/\/blogs.funiber.org\/pt\/#\/schema\/logo\/image\/","url":"https:\/\/www.funiber.blog\/pt\/wp-content\/uploads\/2022\/02\/logo-funiber-pt-br-v-dos.svg","contentUrl":"https:\/\/www.funiber.blog\/pt\/wp-content\/uploads\/2022\/02\/logo-funiber-pt-br-v-dos.svg","width":1,"height":1,"caption":"FuniBlogs - FUNIBER"},"image":{"@id":"https:\/\/blogs.funiber.org\/pt\/#\/schema\/logo\/image\/"},"sameAs":["https:\/\/www.facebook.com\/funiber","https:\/\/twitter.com\/FUNIBER","https:\/\/www.instagram.com\/funiber_becas","https:\/\/www.youtube.com\/user\/funiber","https:\/\/www.linkedin.com\/company\/funiber"]},{"@type":"Person","@id":"https:\/\/blogs.funiber.org\/pt\/#\/schema\/person\/0eae3cfb523a46b015366e49f7c79e8f","name":"Administrador Blogs CT","image":{"@type":"ImageObject","inLanguage":"pt-BR","@id":"https:\/\/blogs.funiber.org\/pt\/#\/schema\/person\/image\/","url":"https:\/\/secure.gravatar.com\/avatar\/097db6469009a1dba4db4c0390a1e929?s=96&d=mm&r=g","contentUrl":"https:\/\/secure.gravatar.com\/avatar\/097db6469009a1dba4db4c0390a1e929?s=96&d=mm&r=g","caption":"Administrador Blogs CT"},"url":"https:\/\/www.funiber.blog\/pt\/author\/ct-admin"}]}},"jetpack_featured_media_url":"","jetpack_shortlink":"https:\/\/wp.me\/p7ee1t-yj","jetpack_sharing_enabled":true,"_links":{"self":[{"href":"https:\/\/www.funiber.blog\/pt\/wp-json\/wp\/v2\/posts\/2127"}],"collection":[{"href":"https:\/\/www.funiber.blog\/pt\/wp-json\/wp\/v2\/posts"}],"about":[{"href":"https:\/\/www.funiber.blog\/pt\/wp-json\/wp\/v2\/types\/post"}],"author":[{"embeddable":true,"href":"https:\/\/www.funiber.blog\/pt\/wp-json\/wp\/v2\/users\/13"}],"replies":[{"embeddable":true,"href":"https:\/\/www.funiber.blog\/pt\/wp-json\/wp\/v2\/comments?post=2127"}],"version-history":[{"count":0,"href":"https:\/\/www.funiber.blog\/pt\/wp-json\/wp\/v2\/posts\/2127\/revisions"}],"wp:attachment":[{"href":"https:\/\/www.funiber.blog\/pt\/wp-json\/wp\/v2\/media?parent=2127"}],"wp:term":[{"taxonomy":"category","embeddable":true,"href":"https:\/\/www.funiber.blog\/pt\/wp-json\/wp\/v2\/categories?post=2127"},{"taxonomy":"post_tag","embeddable":true,"href":"https:\/\/www.funiber.blog\/pt\/wp-json\/wp\/v2\/tags?post=2127"}],"curies":[{"name":"wp","href":"https:\/\/api.w.org\/{rel}","templated":true}]}}