{"id":21427,"date":"2020-02-08T08:32:50","date_gmt":"2020-02-08T13:32:50","guid":{"rendered":"https:\/\/blogs.funiber.org\/pt\/?p=21427"},"modified":"2020-02-07T08:39:32","modified_gmt":"2020-02-07T13:39:32","slug":"funiber-habilidades-profissionais","status":"publish","type":"post","link":"https:\/\/www.funiber.blog\/pt\/empresas-e-rh\/2020\/02\/08\/funiber-habilidades-profissionais","title":{"rendered":"Quais habilidades profissionais ser\u00e3o demandadas neste ano?"},"content":{"rendered":"<p><strong>Um relat\u00f3rio apresentado em 2011 pelo <\/strong><a href=\"http:\/\/www.iftf.org\/home\/\" target=\"_blank\" rel=\"noopener noreferrer\"><strong>Institute for the Future (IFTF)<\/strong><\/a> <strong>para o University of Phoenix Research Institute revelou quais seriam as tend\u00eancias do trabalho neste 2020<\/strong><\/p>\n<p>O relat\u00f3rio intitulado &#8221; Future work skills 2020&#8243; destacou seis &#8220;mecanismos de mudan\u00e7a&#8221; com grande relev\u00e2ncia para futuras habilidades profissionais.<!--more--><\/p>\n<p>Longevidade (relacionada ao aumento da expectativa de vida), o aumento de m\u00e1quinas inteligentes, Big Data, novas m\u00eddias, conectividade global e novas formas de produ\u00e7\u00e3o e cria\u00e7\u00e3o de valor nas organiza\u00e7\u00f5es s\u00e3o os fatores que levaram \u00e0 mudan\u00e7a nas habilidades exigidas no mundo empresarial.<\/p>\n<p>O sucesso ou fracasso de um profissional, de acordo com este relat\u00f3rio, ser\u00e1 medido com base nestes <a href=\"https:\/\/www.sodexo.es\/blog\/10-habilidades-profesionales-para-2020\/\" target=\"_blank\" rel=\"noopener noreferrer\">aspectos<\/a>:<\/p>\n<ul>\n<li>Decis\u00f5es com significado: o relat\u00f3rio destaca que haver\u00e1 uma alta demanda por tarefas que as m\u00e1quinas inteligentes n\u00e3o poder\u00e3o executar.<\/li>\n<li>Intelig\u00eancia social: definida, de acordo com o estudo, como &#8220;a capacidade de se conectar com os outros de forma direta e aprofundada para detectar e estimular rea\u00e7\u00f5es e intera\u00e7\u00f5es desejadas&#8221;.<\/li>\n<li>Pensamento inovador e adaptativo: \u00e9 necess\u00e1rio ter uma boa capacidade de adapta\u00e7\u00e3o e inova\u00e7\u00e3o, dada a automa\u00e7\u00e3o das atividades rotineiras e a realoca\u00e7\u00e3o global.<\/li>\n<li>Culturalidade e diversidade: definida como a capacidade dos profissionais de se adaptarem a diferentes ambientes.<\/li>\n<li>Universo do Big Data: \u00e9 a \u201ccapacidade de traduzir grandes quantidades de dados em conceitos abstratos e entender o racioc\u00ednio baseado em dados\u201d, como apontam as fontes no relat\u00f3rio.<\/li>\n<li>Alfabetiza\u00e7\u00e3o midi\u00e1tica: a enorme quantidade de conte\u00fado gerado em blogs, v\u00eddeos e redes sociais implica um alto n\u00edvel de prepara\u00e7\u00e3o para avaliar e usar essas ferramentas.<\/li>\n<li>Transdisciplinaridade: o trabalhador deve ser treinado em um campo, mas entender a linguagem de um grande n\u00famero de disciplinas.<\/li>\n<li>Mentalidade criativa: \u201cOs trabalhadores do futuro ter\u00e3o que se tornar especialistas em reconhecer o tipo de pensamento que exige a execu\u00e7\u00e3o de diferentes tarefas e fazer ajustes no espa\u00e7o de trabalho para melhorar o desempenho\u201d, alerta o relat\u00f3rio.<\/li>\n<li>Gest\u00e3o do conhecimento: ser\u00e1 tarefa do trabalhador filtrar, antes da sobrecarga de dados, as informa\u00e7\u00f5es de acordo com o n\u00edvel de import\u00e2ncia.<\/li>\n<li>Colabora\u00e7\u00e3o virtual: com o aumento do trabalho virtual, o trabalhador deve demonstrar sua produtividade sozinho, bem como seu papel como membro da equipe.<\/li>\n<\/ul>\n<p>Esse tipo de habilidade significar\u00e1 uma mudan\u00e7a de pessoas, institui\u00e7\u00f5es, empresas e at\u00e9 envolvimento na nova estrat\u00e9gia trabalhista e na mudan\u00e7a de mentalidade dos formuladores de pol\u00edticas governamentais.<\/p>\n<p>A <a href=\"https:\/\/www.funiber.org.br\/\" target=\"_blank\" rel=\"noopener noreferrer\">FUNIBER<\/a> patrocina uma ampla variedade de programas universit\u00e1rios focados nos novos desafios que o mundo dos neg\u00f3cios enfrenta atualmente. Um dos cursos oferecidos \u00e9 o <a href=\"https:\/\/www.funiber.org.br\/mestrado-em-administracao-e-direcao-de-empresas-mba\" target=\"_blank\" rel=\"noopener noreferrer\">Mestrado em Administra\u00e7\u00e3o e Dire\u00e7\u00e3o de Empresas (MBA)<\/a><\/p>\n<p>Estudo: <a href=\"http:\/\/www.iftf.org\/uploads\/media\/SR-1382A_UPRI_future_work_skills_sm.pdf\" target=\"_blank\" rel=\"noopener noreferrer\">Future Work Skills. 2020<\/a><\/p>\n<p>Foto: Todos os direitos reservados.<\/p>\n","protected":false},"excerpt":{"rendered":"<p>Um relat\u00f3rio apresentado em 2011 pelo Institute for the Future (IFTF) para o University of Phoenix Research Institute revelou quais seriam as tend\u00eancias do trabalho neste 2020 O relat\u00f3rio intitulado &#8221; Future work skills 2020&#8243; destacou seis &#8220;mecanismos de mudan\u00e7a&#8221; com grande relev\u00e2ncia para futuras habilidades profissionais.<\/p>\n","protected":false},"author":10,"featured_media":21428,"comment_status":"closed","ping_status":"closed","sticky":false,"template":"","format":"standard","meta":{"jetpack_post_was_ever_published":false,"_jetpack_newsletter_access":"","_jetpack_newsletter_tier_id":0,"footnotes":"","jetpack_publicize_message":"","jetpack_is_tweetstorm":false,"jetpack_publicize_feature_enabled":true,"jetpack_social_post_already_shared":true,"jetpack_social_options":{"image_generator_settings":{"template":"highway","enabled":false}}},"categories":[8],"tags":[1242,855,285,408,172,119,248,911,5965,671,79,641,255,1887],"jetpack_publicize_connections":[],"yoast_head":"<!-- This site is optimized with the Yoast SEO plugin v21.7 - https:\/\/yoast.com\/wordpress\/plugins\/seo\/ -->\n<title>Quais habilidades profissionais ser\u00e3o demandadas neste ano?<\/title>\n<meta name=\"description\" content=\"Um relat\u00f3rio apresentado em 2011 pelo Institute for the Future (IFTF) para o University of Phoenix Research Institute revelou quais seriam as tend\u00eancias do trabalho neste 2020\" \/>\n<meta name=\"robots\" content=\"noindex, nofollow\" \/>\n<meta property=\"og:locale\" content=\"pt_BR\" \/>\n<meta property=\"og:type\" content=\"article\" \/>\n<meta property=\"og:title\" content=\"Quais habilidades profissionais ser\u00e3o demandadas neste ano?\" \/>\n<meta property=\"og:description\" content=\"Um relat\u00f3rio apresentado em 2011 pelo Institute for the Future (IFTF) para o University of Phoenix Research Institute revelou quais seriam as tend\u00eancias do trabalho neste 2020\" \/>\n<meta property=\"og:url\" content=\"https:\/\/blogs.funiber.org\/pt\/empresas-e-rh\/2020\/02\/08\/funiber-habilidades-profissionais\" \/>\n<meta property=\"og:site_name\" content=\"FuniBlogs - FUNIBER\" \/>\n<meta property=\"article:publisher\" content=\"https:\/\/www.facebook.com\/funiber\" \/>\n<meta property=\"article:published_time\" content=\"2020-02-08T13:32:50+00:00\" \/>\n<meta property=\"article:modified_time\" content=\"2020-02-07T13:39:32+00:00\" \/>\n<meta property=\"og:image\" content=\"https:\/\/blogs.funiber.org\/pt\/wp-content\/uploads\/2020\/02\/funiber-habilidades-profissionais.jpg\" \/>\n\t<meta property=\"og:image:width\" content=\"587\" \/>\n\t<meta property=\"og:image:height\" content=\"391\" \/>\n\t<meta property=\"og:image:type\" content=\"image\/jpeg\" \/>\n<meta name=\"author\" content=\"Michelle\" \/>\n<meta name=\"twitter:card\" content=\"summary_large_image\" \/>\n<meta name=\"twitter:creator\" content=\"@FUNIBER\" \/>\n<meta name=\"twitter:site\" content=\"@FUNIBER\" \/>\n<meta name=\"twitter:label1\" content=\"Escrito por\" \/>\n\t<meta name=\"twitter:data1\" content=\"Michelle\" \/>\n\t<meta name=\"twitter:label2\" content=\"Est. tempo de leitura\" \/>\n\t<meta name=\"twitter:data2\" content=\"2 minutos\" \/>\n<script type=\"application\/ld+json\" class=\"yoast-schema-graph\">{\"@context\":\"https:\/\/schema.org\",\"@graph\":[{\"@type\":\"Article\",\"@id\":\"https:\/\/blogs.funiber.org\/pt\/empresas-e-rh\/2020\/02\/08\/funiber-habilidades-profissionais#article\",\"isPartOf\":{\"@id\":\"https:\/\/blogs.funiber.org\/pt\/empresas-e-rh\/2020\/02\/08\/funiber-habilidades-profissionais\"},\"author\":{\"name\":\"Michelle\",\"@id\":\"https:\/\/blogs.funiber.org\/pt\/#\/schema\/person\/a1eaaa5e57eac866a8c5946946bcf80d\"},\"headline\":\"Quais habilidades profissionais ser\u00e3o demandadas neste ano?\",\"datePublished\":\"2020-02-08T13:32:50+00:00\",\"dateModified\":\"2020-02-07T13:39:32+00:00\",\"mainEntityOfPage\":{\"@id\":\"https:\/\/blogs.funiber.org\/pt\/empresas-e-rh\/2020\/02\/08\/funiber-habilidades-profissionais\"},\"wordCount\":478,\"publisher\":{\"@id\":\"https:\/\/blogs.funiber.org\/pt\/#organization\"},\"keywords\":[\"Bolsas\",\"Doutorado\",\"Educa\u00e7\u00e3o\",\"Educa\u00e7\u00e3o a Dist\u00e2ncia\",\"Empresas\",\"Estudos\",\"Funiber\",\"FUNIBER Opini\u00f5es\",\"habilidades profissionais\",\"mestrado\",\"Negocios\",\"Opini\u00e3o FUNIBER\",\"Opini\u00f5es Funiber\",\"Profiss\u00e3o\"],\"articleSection\":[\"Empresas, Dire\u00e7\u00e3o e RH\"],\"inLanguage\":\"pt-BR\"},{\"@type\":\"WebPage\",\"@id\":\"https:\/\/blogs.funiber.org\/pt\/empresas-e-rh\/2020\/02\/08\/funiber-habilidades-profissionais\",\"url\":\"https:\/\/blogs.funiber.org\/pt\/empresas-e-rh\/2020\/02\/08\/funiber-habilidades-profissionais\",\"name\":\"Quais habilidades profissionais ser\u00e3o demandadas neste ano?\",\"isPartOf\":{\"@id\":\"https:\/\/blogs.funiber.org\/pt\/#website\"},\"datePublished\":\"2020-02-08T13:32:50+00:00\",\"dateModified\":\"2020-02-07T13:39:32+00:00\",\"description\":\"Um relat\u00f3rio apresentado em 2011 pelo Institute for the Future (IFTF) para o University of Phoenix Research Institute revelou quais seriam as tend\u00eancias do trabalho neste 2020\",\"breadcrumb\":{\"@id\":\"https:\/\/blogs.funiber.org\/pt\/empresas-e-rh\/2020\/02\/08\/funiber-habilidades-profissionais#breadcrumb\"},\"inLanguage\":\"pt-BR\",\"potentialAction\":[{\"@type\":\"ReadAction\",\"target\":[\"https:\/\/blogs.funiber.org\/pt\/empresas-e-rh\/2020\/02\/08\/funiber-habilidades-profissionais\"]}]},{\"@type\":\"BreadcrumbList\",\"@id\":\"https:\/\/blogs.funiber.org\/pt\/empresas-e-rh\/2020\/02\/08\/funiber-habilidades-profissionais#breadcrumb\",\"itemListElement\":[{\"@type\":\"ListItem\",\"position\":1,\"name\":\"In\u00edcio\",\"item\":\"https:\/\/blogs.funiber.org\/pt\"},{\"@type\":\"ListItem\",\"position\":2,\"name\":\"Quais habilidades profissionais ser\u00e3o demandadas neste ano?\"}]},{\"@type\":\"WebSite\",\"@id\":\"https:\/\/blogs.funiber.org\/pt\/#website\",\"url\":\"https:\/\/blogs.funiber.org\/pt\/\",\"name\":\"FuniBlogs - FUNIBER\",\"description\":\"\",\"publisher\":{\"@id\":\"https:\/\/blogs.funiber.org\/pt\/#organization\"},\"potentialAction\":[{\"@type\":\"SearchAction\",\"target\":{\"@type\":\"EntryPoint\",\"urlTemplate\":\"https:\/\/blogs.funiber.org\/pt\/?s={search_term_string}\"},\"query-input\":\"required name=search_term_string\"}],\"inLanguage\":\"pt-BR\"},{\"@type\":\"Organization\",\"@id\":\"https:\/\/blogs.funiber.org\/pt\/#organization\",\"name\":\"FuniBlogs - FUNIBER\",\"url\":\"https:\/\/blogs.funiber.org\/pt\/\",\"logo\":{\"@type\":\"ImageObject\",\"inLanguage\":\"pt-BR\",\"@id\":\"https:\/\/blogs.funiber.org\/pt\/#\/schema\/logo\/image\/\",\"url\":\"https:\/\/www.funiber.blog\/pt\/wp-content\/uploads\/2022\/02\/logo-funiber-pt-br-v-dos.svg\",\"contentUrl\":\"https:\/\/www.funiber.blog\/pt\/wp-content\/uploads\/2022\/02\/logo-funiber-pt-br-v-dos.svg\",\"width\":1,\"height\":1,\"caption\":\"FuniBlogs - FUNIBER\"},\"image\":{\"@id\":\"https:\/\/blogs.funiber.org\/pt\/#\/schema\/logo\/image\/\"},\"sameAs\":[\"https:\/\/www.facebook.com\/funiber\",\"https:\/\/twitter.com\/FUNIBER\",\"https:\/\/www.instagram.com\/funiber_becas\",\"https:\/\/www.youtube.com\/user\/funiber\",\"https:\/\/www.linkedin.com\/company\/funiber\"]},{\"@type\":\"Person\",\"@id\":\"https:\/\/blogs.funiber.org\/pt\/#\/schema\/person\/a1eaaa5e57eac866a8c5946946bcf80d\",\"name\":\"Michelle\",\"image\":{\"@type\":\"ImageObject\",\"inLanguage\":\"pt-BR\",\"@id\":\"https:\/\/blogs.funiber.org\/pt\/#\/schema\/person\/image\/\",\"url\":\"https:\/\/secure.gravatar.com\/avatar\/5e87041f7609dc50493cf216754fece1?s=96&d=mm&r=g\",\"contentUrl\":\"https:\/\/secure.gravatar.com\/avatar\/5e87041f7609dc50493cf216754fece1?s=96&d=mm&r=g\",\"caption\":\"Michelle\"},\"url\":\"https:\/\/www.funiber.blog\/pt\/author\/michelle-moreira\"}]}<\/script>\n<!-- \/ Yoast SEO plugin. -->","yoast_head_json":{"title":"Quais habilidades profissionais ser\u00e3o demandadas neste ano?","description":"Um relat\u00f3rio apresentado em 2011 pelo Institute for the Future (IFTF) para o University of Phoenix Research Institute revelou quais seriam as tend\u00eancias do trabalho neste 2020","robots":{"index":"noindex","follow":"nofollow"},"og_locale":"pt_BR","og_type":"article","og_title":"Quais habilidades profissionais ser\u00e3o demandadas neste ano?","og_description":"Um relat\u00f3rio apresentado em 2011 pelo Institute for the Future (IFTF) para o University of Phoenix Research Institute revelou quais seriam as tend\u00eancias do trabalho neste 2020","og_url":"https:\/\/blogs.funiber.org\/pt\/empresas-e-rh\/2020\/02\/08\/funiber-habilidades-profissionais","og_site_name":"FuniBlogs - FUNIBER","article_publisher":"https:\/\/www.facebook.com\/funiber","article_published_time":"2020-02-08T13:32:50+00:00","article_modified_time":"2020-02-07T13:39:32+00:00","og_image":[{"width":587,"height":391,"url":"https:\/\/blogs.funiber.org\/pt\/wp-content\/uploads\/2020\/02\/funiber-habilidades-profissionais.jpg","type":"image\/jpeg"}],"author":"Michelle","twitter_card":"summary_large_image","twitter_creator":"@FUNIBER","twitter_site":"@FUNIBER","twitter_misc":{"Escrito por":"Michelle","Est. tempo de leitura":"2 minutos"},"schema":{"@context":"https:\/\/schema.org","@graph":[{"@type":"Article","@id":"https:\/\/blogs.funiber.org\/pt\/empresas-e-rh\/2020\/02\/08\/funiber-habilidades-profissionais#article","isPartOf":{"@id":"https:\/\/blogs.funiber.org\/pt\/empresas-e-rh\/2020\/02\/08\/funiber-habilidades-profissionais"},"author":{"name":"Michelle","@id":"https:\/\/blogs.funiber.org\/pt\/#\/schema\/person\/a1eaaa5e57eac866a8c5946946bcf80d"},"headline":"Quais habilidades profissionais ser\u00e3o demandadas neste ano?","datePublished":"2020-02-08T13:32:50+00:00","dateModified":"2020-02-07T13:39:32+00:00","mainEntityOfPage":{"@id":"https:\/\/blogs.funiber.org\/pt\/empresas-e-rh\/2020\/02\/08\/funiber-habilidades-profissionais"},"wordCount":478,"publisher":{"@id":"https:\/\/blogs.funiber.org\/pt\/#organization"},"keywords":["Bolsas","Doutorado","Educa\u00e7\u00e3o","Educa\u00e7\u00e3o a Dist\u00e2ncia","Empresas","Estudos","Funiber","FUNIBER Opini\u00f5es","habilidades profissionais","mestrado","Negocios","Opini\u00e3o FUNIBER","Opini\u00f5es Funiber","Profiss\u00e3o"],"articleSection":["Empresas, Dire\u00e7\u00e3o e RH"],"inLanguage":"pt-BR"},{"@type":"WebPage","@id":"https:\/\/blogs.funiber.org\/pt\/empresas-e-rh\/2020\/02\/08\/funiber-habilidades-profissionais","url":"https:\/\/blogs.funiber.org\/pt\/empresas-e-rh\/2020\/02\/08\/funiber-habilidades-profissionais","name":"Quais habilidades profissionais ser\u00e3o demandadas neste ano?","isPartOf":{"@id":"https:\/\/blogs.funiber.org\/pt\/#website"},"datePublished":"2020-02-08T13:32:50+00:00","dateModified":"2020-02-07T13:39:32+00:00","description":"Um relat\u00f3rio apresentado em 2011 pelo Institute for the Future (IFTF) para o University of Phoenix Research Institute revelou quais seriam as tend\u00eancias do trabalho neste 2020","breadcrumb":{"@id":"https:\/\/blogs.funiber.org\/pt\/empresas-e-rh\/2020\/02\/08\/funiber-habilidades-profissionais#breadcrumb"},"inLanguage":"pt-BR","potentialAction":[{"@type":"ReadAction","target":["https:\/\/blogs.funiber.org\/pt\/empresas-e-rh\/2020\/02\/08\/funiber-habilidades-profissionais"]}]},{"@type":"BreadcrumbList","@id":"https:\/\/blogs.funiber.org\/pt\/empresas-e-rh\/2020\/02\/08\/funiber-habilidades-profissionais#breadcrumb","itemListElement":[{"@type":"ListItem","position":1,"name":"In\u00edcio","item":"https:\/\/blogs.funiber.org\/pt"},{"@type":"ListItem","position":2,"name":"Quais habilidades profissionais ser\u00e3o demandadas neste ano?"}]},{"@type":"WebSite","@id":"https:\/\/blogs.funiber.org\/pt\/#website","url":"https:\/\/blogs.funiber.org\/pt\/","name":"FuniBlogs - FUNIBER","description":"","publisher":{"@id":"https:\/\/blogs.funiber.org\/pt\/#organization"},"potentialAction":[{"@type":"SearchAction","target":{"@type":"EntryPoint","urlTemplate":"https:\/\/blogs.funiber.org\/pt\/?s={search_term_string}"},"query-input":"required name=search_term_string"}],"inLanguage":"pt-BR"},{"@type":"Organization","@id":"https:\/\/blogs.funiber.org\/pt\/#organization","name":"FuniBlogs - FUNIBER","url":"https:\/\/blogs.funiber.org\/pt\/","logo":{"@type":"ImageObject","inLanguage":"pt-BR","@id":"https:\/\/blogs.funiber.org\/pt\/#\/schema\/logo\/image\/","url":"https:\/\/www.funiber.blog\/pt\/wp-content\/uploads\/2022\/02\/logo-funiber-pt-br-v-dos.svg","contentUrl":"https:\/\/www.funiber.blog\/pt\/wp-content\/uploads\/2022\/02\/logo-funiber-pt-br-v-dos.svg","width":1,"height":1,"caption":"FuniBlogs - FUNIBER"},"image":{"@id":"https:\/\/blogs.funiber.org\/pt\/#\/schema\/logo\/image\/"},"sameAs":["https:\/\/www.facebook.com\/funiber","https:\/\/twitter.com\/FUNIBER","https:\/\/www.instagram.com\/funiber_becas","https:\/\/www.youtube.com\/user\/funiber","https:\/\/www.linkedin.com\/company\/funiber"]},{"@type":"Person","@id":"https:\/\/blogs.funiber.org\/pt\/#\/schema\/person\/a1eaaa5e57eac866a8c5946946bcf80d","name":"Michelle","image":{"@type":"ImageObject","inLanguage":"pt-BR","@id":"https:\/\/blogs.funiber.org\/pt\/#\/schema\/person\/image\/","url":"https:\/\/secure.gravatar.com\/avatar\/5e87041f7609dc50493cf216754fece1?s=96&d=mm&r=g","contentUrl":"https:\/\/secure.gravatar.com\/avatar\/5e87041f7609dc50493cf216754fece1?s=96&d=mm&r=g","caption":"Michelle"},"url":"https:\/\/www.funiber.blog\/pt\/author\/michelle-moreira"}]}},"jetpack_featured_media_url":"https:\/\/www.funiber.blog\/pt\/wp-content\/uploads\/2020\/02\/funiber-habilidades-profissionais.jpg","jetpack_shortlink":"https:\/\/wp.me\/p7ee1t-5zB","jetpack_sharing_enabled":true,"_links":{"self":[{"href":"https:\/\/www.funiber.blog\/pt\/wp-json\/wp\/v2\/posts\/21427"}],"collection":[{"href":"https:\/\/www.funiber.blog\/pt\/wp-json\/wp\/v2\/posts"}],"about":[{"href":"https:\/\/www.funiber.blog\/pt\/wp-json\/wp\/v2\/types\/post"}],"author":[{"embeddable":true,"href":"https:\/\/www.funiber.blog\/pt\/wp-json\/wp\/v2\/users\/10"}],"replies":[{"embeddable":true,"href":"https:\/\/www.funiber.blog\/pt\/wp-json\/wp\/v2\/comments?post=21427"}],"version-history":[{"count":1,"href":"https:\/\/www.funiber.blog\/pt\/wp-json\/wp\/v2\/posts\/21427\/revisions"}],"predecessor-version":[{"id":21429,"href":"https:\/\/www.funiber.blog\/pt\/wp-json\/wp\/v2\/posts\/21427\/revisions\/21429"}],"wp:featuredmedia":[{"embeddable":true,"href":"https:\/\/www.funiber.blog\/pt\/wp-json\/wp\/v2\/media\/21428"}],"wp:attachment":[{"href":"https:\/\/www.funiber.blog\/pt\/wp-json\/wp\/v2\/media?parent=21427"}],"wp:term":[{"taxonomy":"category","embeddable":true,"href":"https:\/\/www.funiber.blog\/pt\/wp-json\/wp\/v2\/categories?post=21427"},{"taxonomy":"post_tag","embeddable":true,"href":"https:\/\/www.funiber.blog\/pt\/wp-json\/wp\/v2\/tags?post=21427"}],"curies":[{"name":"wp","href":"https:\/\/api.w.org\/{rel}","templated":true}]}}