{"id":2159,"date":"2012-12-17T18:00:24","date_gmt":"2012-12-17T17:00:24","guid":{"rendered":"http:\/\/blogs.funiber.org\/pt\/?p=2159"},"modified":"2013-02-18T20:05:25","modified_gmt":"2013-02-18T19:05:25","slug":"licoes-de-oscar-niemeyer","status":"publish","type":"post","link":"https:\/\/www.funiber.blog\/pt\/empresas-e-rh\/2012\/12\/17\/licoes-de-oscar-niemeyer","title":{"rendered":"Li\u00e7\u00f5es de Oscar Niemeyer"},"content":{"rendered":"<p><a href=\"http:\/\/blogs.funiber.org\/direcao-empresarial-rsc\/files\/2012\/12\/images.jpg\"><img loading=\"lazy\" decoding=\"async\" class=\"alignleft size-full wp-image-669\" src=\"http:\/\/blogs.funiber.org\/direcao-empresarial-rsc\/files\/2012\/12\/images.jpg\" alt=\"\" width=\"300\" height=\"168\" \/><\/a>Oscar Niemeyer, um dos maiores arquitetos do Brasil e do mundo,  morreu no \u00faltimo dia 5 de dezembro, aos 104 anos de idade. Mas, o que  fica para sempre s\u00e3o as mais de 600 obras do feitas pelo arquiteto e que  est\u00e3o espalhadas pelo Brasil e pelo mundo, com destaques para a  constru\u00e7\u00e3o de Bras\u00edlia, no governo de Juscelino Kubitschek (1956-1961).\u00a0\u00a0\u00a0\u00a0\u00a0\u00a0\u00a0\u00a0\u00a0\u00a0\u00a0 <!--more-->Al\u00e9m do grande legado arquitet\u00f4nico, Niemeyer em seus 104 anos de  experi\u00eancia deixou varias li\u00e7\u00f5es importantes para quem pretende ser um  empreendedor de sucesso. Uma delas \u00e9 saber usar a sua paix\u00e3o em  benef\u00edcio da sua carreira. Desde crian\u00e7a, Oscar Niemeyer gostava de  desenhar, logo esse hobby foi um fator preponderante na escolha da sua  profiss\u00e3o de arquiteto.\u00a0\u00a0\u00a0\u00a0\u00a0\u00a0\u00a0\u00a0\u00a0\u00a0\u00a0\u00a0\u00a0 <img decoding=\"async\" src=\"http:\/\/blogs.funiber.org\/nutricao\/wp-includes\/js\/tinymce\/plugins\/wordpress\/img\/trans.gif\" alt=\"\" \/><\/p>\n<p>Outra coisa que Niemeyer demonstrou ser muito importante \u00e9 saber  aproveitar as oportunidades desde o come\u00e7o da profiss\u00e3o. Em seu primeiro  est\u00e1gio, no escrit\u00f3rio de L\u00facio Costa e Carlos Le\u00e3o, Niemeyer teve  oportunidade de fazer seus primeiros contatos, como o renomado arquiteto  su\u00ed\u00e7o Le Corbusier. O Su\u00ed\u00e7o conheceu Niemeyer em 1936 e j\u00e1 no ano  seguinte ambos projetaram o pr\u00e9dio O Ber\u00e7o, no Rio de Janeiro.<\/p>\n<p>Saber fazer bons contatos era a especialidade de Niemeyer, para ele o networking, como \u00e9 chamado hoje, \u00e9 excencial em qualquer profiss\u00e3o. Assim, no ano de 1940,  Oscar Niemeyer conheceu o ent\u00e3o prefeito de Belo Horizonte, Juscelino  Kubitschek, que encomendou um dos seus primeiros grandes projetos, o  Conjunto da Pampulha. Em 1957, JK chegou \u00e0 presid\u00eancia e chamou Niemeyer  para organizar o projeto piloto de Bras\u00edlia e capitanear a constru\u00e7\u00e3o  da nova capital federal.<\/p>\n<p>Por fim, Oscar Niemeyer sempre mostrou personalidade em seus  projetos. Seu jeito inovador fez com que seu trabalho fosse reconhecido  no mundo inteiro e sobrevivesse ao longo do tempo. Um dos seus  principais tra\u00e7os foi a ado\u00e7\u00e3o das curvas em detrimento dos \u00e2ngulos e  retas, algo que conferia mais fluidez ao seu trabalho. \u201cN\u00e3o \u00e9 o \u00e2ngulo  reto que me atrai. Nem a linha reta, dura, inflex\u00edvel criada pelo homem.  O que me atrai \u00e9 a curva livre e sensual. A curva que encontro nas  montanhas do meu pa\u00eds. No curso sinuoso dos sentidos, nas nuvens do c\u00e9u.  No corpo da mulher preferida. De curvas \u00e9 feito todo o universo\u201d,  afirmou.<\/p>\n","protected":false},"excerpt":{"rendered":"<p>Oscar Niemeyer, um dos maiores arquitetos do Brasil e do mundo, morreu no \u00faltimo dia 5 de dezembro, aos 104 anos de idade. Mas, o que fica para sempre s\u00e3o as mais de 600 obras do feitas pelo arquiteto e que est\u00e3o espalhadas pelo Brasil e pelo mundo, com destaques para a constru\u00e7\u00e3o de Bras\u00edlia, [&hellip;]<\/p>\n","protected":false},"author":13,"featured_media":0,"comment_status":"open","ping_status":"open","sticky":false,"template":"","format":"standard","meta":{"jetpack_post_was_ever_published":false,"_jetpack_newsletter_access":"","_jetpack_newsletter_tier_id":0,"footnotes":"","jetpack_publicize_message":"","jetpack_is_tweetstorm":false,"jetpack_publicize_feature_enabled":true,"jetpack_social_post_already_shared":false,"jetpack_social_options":{"image_generator_settings":{"template":"highway","enabled":false}}},"categories":[8],"tags":[],"jetpack_publicize_connections":[],"yoast_head":"<!-- This site is optimized with the Yoast SEO plugin v21.7 - https:\/\/yoast.com\/wordpress\/plugins\/seo\/ -->\n<title>Li\u00e7\u00f5es de Oscar Niemeyer - FuniBlogs - FUNIBER<\/title>\n<meta name=\"robots\" content=\"noindex, nofollow\" \/>\n<meta property=\"og:locale\" content=\"pt_BR\" \/>\n<meta property=\"og:type\" content=\"article\" \/>\n<meta property=\"og:title\" content=\"Li\u00e7\u00f5es de Oscar Niemeyer - FuniBlogs - FUNIBER\" \/>\n<meta property=\"og:description\" content=\"Oscar Niemeyer, um dos maiores arquitetos do Brasil e do mundo, morreu no \u00faltimo dia 5 de dezembro, aos 104 anos de idade. Mas, o que fica para sempre s\u00e3o as mais de 600 obras do feitas pelo arquiteto e que est\u00e3o espalhadas pelo Brasil e pelo mundo, com destaques para a constru\u00e7\u00e3o de Bras\u00edlia, [&hellip;]\" \/>\n<meta property=\"og:url\" content=\"https:\/\/blogs.funiber.org\/pt\/empresas-e-rh\/2012\/12\/17\/licoes-de-oscar-niemeyer\" \/>\n<meta property=\"og:site_name\" content=\"FuniBlogs - FUNIBER\" \/>\n<meta property=\"article:publisher\" content=\"https:\/\/www.facebook.com\/funiber\" \/>\n<meta property=\"article:published_time\" content=\"2012-12-17T17:00:24+00:00\" \/>\n<meta property=\"article:modified_time\" content=\"2013-02-18T19:05:25+00:00\" \/>\n<meta property=\"og:image\" content=\"http:\/\/blogs.funiber.org\/direcao-empresarial-rsc\/files\/2012\/12\/images.jpg\" \/>\n<meta name=\"author\" content=\"Administrador Blogs CT\" \/>\n<meta name=\"twitter:card\" content=\"summary_large_image\" \/>\n<meta name=\"twitter:creator\" content=\"@FUNIBER\" \/>\n<meta name=\"twitter:site\" content=\"@FUNIBER\" \/>\n<meta name=\"twitter:label1\" content=\"Escrito por\" \/>\n\t<meta name=\"twitter:data1\" content=\"Administrador Blogs CT\" \/>\n\t<meta name=\"twitter:label2\" content=\"Est. tempo de leitura\" \/>\n\t<meta name=\"twitter:data2\" content=\"2 minutos\" \/>\n<script type=\"application\/ld+json\" class=\"yoast-schema-graph\">{\"@context\":\"https:\/\/schema.org\",\"@graph\":[{\"@type\":\"Article\",\"@id\":\"https:\/\/blogs.funiber.org\/pt\/empresas-e-rh\/2012\/12\/17\/licoes-de-oscar-niemeyer#article\",\"isPartOf\":{\"@id\":\"https:\/\/blogs.funiber.org\/pt\/empresas-e-rh\/2012\/12\/17\/licoes-de-oscar-niemeyer\"},\"author\":{\"name\":\"Administrador Blogs CT\",\"@id\":\"https:\/\/blogs.funiber.org\/pt\/#\/schema\/person\/0eae3cfb523a46b015366e49f7c79e8f\"},\"headline\":\"Li\u00e7\u00f5es de Oscar Niemeyer\",\"datePublished\":\"2012-12-17T17:00:24+00:00\",\"dateModified\":\"2013-02-18T19:05:25+00:00\",\"mainEntityOfPage\":{\"@id\":\"https:\/\/blogs.funiber.org\/pt\/empresas-e-rh\/2012\/12\/17\/licoes-de-oscar-niemeyer\"},\"wordCount\":393,\"commentCount\":0,\"publisher\":{\"@id\":\"https:\/\/blogs.funiber.org\/pt\/#organization\"},\"articleSection\":[\"Empresas, Dire\u00e7\u00e3o e RH\"],\"inLanguage\":\"pt-BR\"},{\"@type\":\"WebPage\",\"@id\":\"https:\/\/blogs.funiber.org\/pt\/empresas-e-rh\/2012\/12\/17\/licoes-de-oscar-niemeyer\",\"url\":\"https:\/\/blogs.funiber.org\/pt\/empresas-e-rh\/2012\/12\/17\/licoes-de-oscar-niemeyer\",\"name\":\"Li\u00e7\u00f5es de Oscar Niemeyer - FuniBlogs - FUNIBER\",\"isPartOf\":{\"@id\":\"https:\/\/blogs.funiber.org\/pt\/#website\"},\"datePublished\":\"2012-12-17T17:00:24+00:00\",\"dateModified\":\"2013-02-18T19:05:25+00:00\",\"breadcrumb\":{\"@id\":\"https:\/\/blogs.funiber.org\/pt\/empresas-e-rh\/2012\/12\/17\/licoes-de-oscar-niemeyer#breadcrumb\"},\"inLanguage\":\"pt-BR\",\"potentialAction\":[{\"@type\":\"ReadAction\",\"target\":[\"https:\/\/blogs.funiber.org\/pt\/empresas-e-rh\/2012\/12\/17\/licoes-de-oscar-niemeyer\"]}]},{\"@type\":\"BreadcrumbList\",\"@id\":\"https:\/\/blogs.funiber.org\/pt\/empresas-e-rh\/2012\/12\/17\/licoes-de-oscar-niemeyer#breadcrumb\",\"itemListElement\":[{\"@type\":\"ListItem\",\"position\":1,\"name\":\"In\u00edcio\",\"item\":\"https:\/\/blogs.funiber.org\/pt\"},{\"@type\":\"ListItem\",\"position\":2,\"name\":\"Li\u00e7\u00f5es de Oscar Niemeyer\"}]},{\"@type\":\"WebSite\",\"@id\":\"https:\/\/blogs.funiber.org\/pt\/#website\",\"url\":\"https:\/\/blogs.funiber.org\/pt\/\",\"name\":\"FuniBlogs - FUNIBER\",\"description\":\"\",\"publisher\":{\"@id\":\"https:\/\/blogs.funiber.org\/pt\/#organization\"},\"potentialAction\":[{\"@type\":\"SearchAction\",\"target\":{\"@type\":\"EntryPoint\",\"urlTemplate\":\"https:\/\/blogs.funiber.org\/pt\/?s={search_term_string}\"},\"query-input\":\"required name=search_term_string\"}],\"inLanguage\":\"pt-BR\"},{\"@type\":\"Organization\",\"@id\":\"https:\/\/blogs.funiber.org\/pt\/#organization\",\"name\":\"FuniBlogs - FUNIBER\",\"url\":\"https:\/\/blogs.funiber.org\/pt\/\",\"logo\":{\"@type\":\"ImageObject\",\"inLanguage\":\"pt-BR\",\"@id\":\"https:\/\/blogs.funiber.org\/pt\/#\/schema\/logo\/image\/\",\"url\":\"https:\/\/www.funiber.blog\/pt\/wp-content\/uploads\/2022\/02\/logo-funiber-pt-br-v-dos.svg\",\"contentUrl\":\"https:\/\/www.funiber.blog\/pt\/wp-content\/uploads\/2022\/02\/logo-funiber-pt-br-v-dos.svg\",\"width\":1,\"height\":1,\"caption\":\"FuniBlogs - FUNIBER\"},\"image\":{\"@id\":\"https:\/\/blogs.funiber.org\/pt\/#\/schema\/logo\/image\/\"},\"sameAs\":[\"https:\/\/www.facebook.com\/funiber\",\"https:\/\/twitter.com\/FUNIBER\",\"https:\/\/www.instagram.com\/funiber_becas\",\"https:\/\/www.youtube.com\/user\/funiber\",\"https:\/\/www.linkedin.com\/company\/funiber\"]},{\"@type\":\"Person\",\"@id\":\"https:\/\/blogs.funiber.org\/pt\/#\/schema\/person\/0eae3cfb523a46b015366e49f7c79e8f\",\"name\":\"Administrador Blogs CT\",\"image\":{\"@type\":\"ImageObject\",\"inLanguage\":\"pt-BR\",\"@id\":\"https:\/\/blogs.funiber.org\/pt\/#\/schema\/person\/image\/\",\"url\":\"https:\/\/secure.gravatar.com\/avatar\/097db6469009a1dba4db4c0390a1e929?s=96&d=mm&r=g\",\"contentUrl\":\"https:\/\/secure.gravatar.com\/avatar\/097db6469009a1dba4db4c0390a1e929?s=96&d=mm&r=g\",\"caption\":\"Administrador Blogs CT\"},\"url\":\"https:\/\/www.funiber.blog\/pt\/author\/ct-admin\"}]}<\/script>\n<!-- \/ Yoast SEO plugin. -->","yoast_head_json":{"title":"Li\u00e7\u00f5es de Oscar Niemeyer - FuniBlogs - FUNIBER","robots":{"index":"noindex","follow":"nofollow"},"og_locale":"pt_BR","og_type":"article","og_title":"Li\u00e7\u00f5es de Oscar Niemeyer - FuniBlogs - FUNIBER","og_description":"Oscar Niemeyer, um dos maiores arquitetos do Brasil e do mundo, morreu no \u00faltimo dia 5 de dezembro, aos 104 anos de idade. Mas, o que fica para sempre s\u00e3o as mais de 600 obras do feitas pelo arquiteto e que est\u00e3o espalhadas pelo Brasil e pelo mundo, com destaques para a constru\u00e7\u00e3o de Bras\u00edlia, [&hellip;]","og_url":"https:\/\/blogs.funiber.org\/pt\/empresas-e-rh\/2012\/12\/17\/licoes-de-oscar-niemeyer","og_site_name":"FuniBlogs - FUNIBER","article_publisher":"https:\/\/www.facebook.com\/funiber","article_published_time":"2012-12-17T17:00:24+00:00","article_modified_time":"2013-02-18T19:05:25+00:00","og_image":[{"url":"http:\/\/blogs.funiber.org\/direcao-empresarial-rsc\/files\/2012\/12\/images.jpg"}],"author":"Administrador Blogs CT","twitter_card":"summary_large_image","twitter_creator":"@FUNIBER","twitter_site":"@FUNIBER","twitter_misc":{"Escrito por":"Administrador Blogs CT","Est. tempo de leitura":"2 minutos"},"schema":{"@context":"https:\/\/schema.org","@graph":[{"@type":"Article","@id":"https:\/\/blogs.funiber.org\/pt\/empresas-e-rh\/2012\/12\/17\/licoes-de-oscar-niemeyer#article","isPartOf":{"@id":"https:\/\/blogs.funiber.org\/pt\/empresas-e-rh\/2012\/12\/17\/licoes-de-oscar-niemeyer"},"author":{"name":"Administrador Blogs CT","@id":"https:\/\/blogs.funiber.org\/pt\/#\/schema\/person\/0eae3cfb523a46b015366e49f7c79e8f"},"headline":"Li\u00e7\u00f5es de Oscar Niemeyer","datePublished":"2012-12-17T17:00:24+00:00","dateModified":"2013-02-18T19:05:25+00:00","mainEntityOfPage":{"@id":"https:\/\/blogs.funiber.org\/pt\/empresas-e-rh\/2012\/12\/17\/licoes-de-oscar-niemeyer"},"wordCount":393,"commentCount":0,"publisher":{"@id":"https:\/\/blogs.funiber.org\/pt\/#organization"},"articleSection":["Empresas, Dire\u00e7\u00e3o e RH"],"inLanguage":"pt-BR"},{"@type":"WebPage","@id":"https:\/\/blogs.funiber.org\/pt\/empresas-e-rh\/2012\/12\/17\/licoes-de-oscar-niemeyer","url":"https:\/\/blogs.funiber.org\/pt\/empresas-e-rh\/2012\/12\/17\/licoes-de-oscar-niemeyer","name":"Li\u00e7\u00f5es de Oscar Niemeyer - FuniBlogs - FUNIBER","isPartOf":{"@id":"https:\/\/blogs.funiber.org\/pt\/#website"},"datePublished":"2012-12-17T17:00:24+00:00","dateModified":"2013-02-18T19:05:25+00:00","breadcrumb":{"@id":"https:\/\/blogs.funiber.org\/pt\/empresas-e-rh\/2012\/12\/17\/licoes-de-oscar-niemeyer#breadcrumb"},"inLanguage":"pt-BR","potentialAction":[{"@type":"ReadAction","target":["https:\/\/blogs.funiber.org\/pt\/empresas-e-rh\/2012\/12\/17\/licoes-de-oscar-niemeyer"]}]},{"@type":"BreadcrumbList","@id":"https:\/\/blogs.funiber.org\/pt\/empresas-e-rh\/2012\/12\/17\/licoes-de-oscar-niemeyer#breadcrumb","itemListElement":[{"@type":"ListItem","position":1,"name":"In\u00edcio","item":"https:\/\/blogs.funiber.org\/pt"},{"@type":"ListItem","position":2,"name":"Li\u00e7\u00f5es de Oscar Niemeyer"}]},{"@type":"WebSite","@id":"https:\/\/blogs.funiber.org\/pt\/#website","url":"https:\/\/blogs.funiber.org\/pt\/","name":"FuniBlogs - FUNIBER","description":"","publisher":{"@id":"https:\/\/blogs.funiber.org\/pt\/#organization"},"potentialAction":[{"@type":"SearchAction","target":{"@type":"EntryPoint","urlTemplate":"https:\/\/blogs.funiber.org\/pt\/?s={search_term_string}"},"query-input":"required name=search_term_string"}],"inLanguage":"pt-BR"},{"@type":"Organization","@id":"https:\/\/blogs.funiber.org\/pt\/#organization","name":"FuniBlogs - FUNIBER","url":"https:\/\/blogs.funiber.org\/pt\/","logo":{"@type":"ImageObject","inLanguage":"pt-BR","@id":"https:\/\/blogs.funiber.org\/pt\/#\/schema\/logo\/image\/","url":"https:\/\/www.funiber.blog\/pt\/wp-content\/uploads\/2022\/02\/logo-funiber-pt-br-v-dos.svg","contentUrl":"https:\/\/www.funiber.blog\/pt\/wp-content\/uploads\/2022\/02\/logo-funiber-pt-br-v-dos.svg","width":1,"height":1,"caption":"FuniBlogs - FUNIBER"},"image":{"@id":"https:\/\/blogs.funiber.org\/pt\/#\/schema\/logo\/image\/"},"sameAs":["https:\/\/www.facebook.com\/funiber","https:\/\/twitter.com\/FUNIBER","https:\/\/www.instagram.com\/funiber_becas","https:\/\/www.youtube.com\/user\/funiber","https:\/\/www.linkedin.com\/company\/funiber"]},{"@type":"Person","@id":"https:\/\/blogs.funiber.org\/pt\/#\/schema\/person\/0eae3cfb523a46b015366e49f7c79e8f","name":"Administrador Blogs CT","image":{"@type":"ImageObject","inLanguage":"pt-BR","@id":"https:\/\/blogs.funiber.org\/pt\/#\/schema\/person\/image\/","url":"https:\/\/secure.gravatar.com\/avatar\/097db6469009a1dba4db4c0390a1e929?s=96&d=mm&r=g","contentUrl":"https:\/\/secure.gravatar.com\/avatar\/097db6469009a1dba4db4c0390a1e929?s=96&d=mm&r=g","caption":"Administrador Blogs CT"},"url":"https:\/\/www.funiber.blog\/pt\/author\/ct-admin"}]}},"jetpack_featured_media_url":"","jetpack_shortlink":"https:\/\/wp.me\/p7ee1t-yP","jetpack_sharing_enabled":true,"_links":{"self":[{"href":"https:\/\/www.funiber.blog\/pt\/wp-json\/wp\/v2\/posts\/2159"}],"collection":[{"href":"https:\/\/www.funiber.blog\/pt\/wp-json\/wp\/v2\/posts"}],"about":[{"href":"https:\/\/www.funiber.blog\/pt\/wp-json\/wp\/v2\/types\/post"}],"author":[{"embeddable":true,"href":"https:\/\/www.funiber.blog\/pt\/wp-json\/wp\/v2\/users\/13"}],"replies":[{"embeddable":true,"href":"https:\/\/www.funiber.blog\/pt\/wp-json\/wp\/v2\/comments?post=2159"}],"version-history":[{"count":0,"href":"https:\/\/www.funiber.blog\/pt\/wp-json\/wp\/v2\/posts\/2159\/revisions"}],"wp:attachment":[{"href":"https:\/\/www.funiber.blog\/pt\/wp-json\/wp\/v2\/media?parent=2159"}],"wp:term":[{"taxonomy":"category","embeddable":true,"href":"https:\/\/www.funiber.blog\/pt\/wp-json\/wp\/v2\/categories?post=2159"},{"taxonomy":"post_tag","embeddable":true,"href":"https:\/\/www.funiber.blog\/pt\/wp-json\/wp\/v2\/tags?post=2159"}],"curies":[{"name":"wp","href":"https:\/\/api.w.org\/{rel}","templated":true}]}}