{"id":21771,"date":"2020-03-28T06:41:46","date_gmt":"2020-03-28T11:41:46","guid":{"rendered":"https:\/\/blogs.funiber.org\/pt\/?p=21771"},"modified":"2020-03-30T06:46:15","modified_gmt":"2020-03-30T11:46:15","slug":"funiber-arquitetas-desigualdade","status":"publish","type":"post","link":"https:\/\/www.funiber.blog\/pt\/arquitetura-e-desenho\/2020\/03\/28\/funiber-arquitetas-desigualdade","title":{"rendered":"Arquitetas mexicanos est\u00e3o mobilizadas contra a desigualdade"},"content":{"rendered":"<h2><strong>Um grupo de arquitetas mexicanas, por ocasi\u00e3o das mobiliza\u00e7\u00f5es do Dia Internacional da Mulher, em 8 de mar\u00e7o, somaram for\u00e7a \u00e0 marcha para exigir que o pa\u00eds tome medidas para combater \u00e0 desigualdade.<\/strong><\/h2>\n<p>No domingo, 8 de mar\u00e7o, como todos os anos, in\u00fameras pessoas foram \u00e0s ruas da Cidade do M\u00e9xico no Dia Internacional da Mulher para protestar contra a situa\u00e7\u00e3o ainda desigual que existe em muitas comunidades.<!--more--><\/p>\n<p>No M\u00e9xico, onde as ondas de viol\u00eancia contra as mulheres e o preconceito hist\u00f3rico continuam a aumentar a diferen\u00e7a de desigualdade de g\u00eanero, um grupo de arquitetas entrou na marcha. O grupo era formado por mais de 500 mulheres de aproximadamente 50 empresas da organiza\u00e7\u00e3o. Mulheres de outras cidades mexicanas, como Guadalajara e Monterrey, tamb\u00e9m participaram do evento.<\/p>\n<p>N\u00e3o foi a \u00fanica medida adotada naqueles dias, pois no dia 9 de mar\u00e7o foi organizada uma paralisa\u00e7\u00e3o do trabalho para conscientizar a import\u00e2ncia de sua presen\u00e7a no setor. Todas as iniciativas foram inclu\u00eddas no lema \u201c<a href=\"https:\/\/www.instagram.com\/construyendoequidad\/?hl=en&amp;utm_medium=website&amp;utm_source=plataformaarquitectura.cl\" target=\"_blank\" rel=\"noopener noreferrer\">Construyendo Equidad<\/a>\u201d.<\/p>\n<p>&#8220;Existem formas ativas de discrimina\u00e7\u00e3o e exclus\u00e3o em casa, na rua, no transporte p\u00fablico e no local de trabalho que nos for\u00e7am a repensar e reposicionar esses espa\u00e7os a partir de uma perspectiva de g\u00eanero que produz novas formas de inclus\u00e3o, equidade e seguran\u00e7a &#8230; modificando o ambiente f\u00edsico como arenas que servem para reverter processos de viol\u00eancia e exclus\u00e3o,\u201d apontaram no site da <a href=\"https:\/\/www.plataformaarquitectura.cl\/cl\" target=\"_blank\" rel=\"noopener noreferrer\">Plataforma Arquitectura<\/a>.<\/p>\n<p>A <a href=\"https:\/\/www.funiber.org.br\" target=\"_blank\" rel=\"noopener noreferrer\">FUNIBER <\/a>patrocina in\u00fameros programas universit\u00e1rios focados em oferecer aos profissionais forma\u00e7\u00e3o completa e atualizada sobre os diferentes avan\u00e7os relacionados ao campo da arquitetura e do planejamento urbano. Um dos cursos oferecidos \u00e9 o\u00a0 <a href=\"https:\/\/www.funiber.org.br\/mestrado-em-projetos-de-arquitetura-e-urbanismo\" target=\"_blank\" rel=\"noopener noreferrer\">Mestrado em Projetos de Arquitetura e Urbanismo<\/a>.<\/p>\n<p>Fonte: <a href=\"https:\/\/www.instagram.com\/construyendoequidad\/?hl=en&amp;utm_medium=website&amp;utm_source=plataformaarquitectura.cl\" target=\"_blank\" rel=\"noopener noreferrer\">Construyendo Equidad: arquitectas mexicanas se manifiestan por un mundo sin violencia<\/a>.<\/p>\n<p>Foto: Todos os direitos reservados.<\/p>\n<p>&nbsp;<\/p>\n","protected":false},"excerpt":{"rendered":"<p>Um grupo de arquitetas mexicanas, por ocasi\u00e3o das mobiliza\u00e7\u00f5es do Dia Internacional da Mulher, em 8 de mar\u00e7o, somaram for\u00e7a \u00e0 marcha para exigir que o pa\u00eds tome medidas para combater \u00e0 desigualdade. No domingo, 8 de mar\u00e7o, como todos os anos, in\u00fameras pessoas foram \u00e0s ruas da Cidade do M\u00e9xico no Dia Internacional da [&hellip;]<\/p>\n","protected":false},"author":10,"featured_media":21772,"comment_status":"closed","ping_status":"closed","sticky":false,"template":"","format":"standard","meta":{"jetpack_post_was_ever_published":false,"_jetpack_newsletter_access":"","_jetpack_newsletter_tier_id":0,"footnotes":"","jetpack_publicize_message":"","jetpack_is_tweetstorm":false,"jetpack_publicize_feature_enabled":true,"jetpack_social_post_already_shared":true,"jetpack_social_options":{"image_generator_settings":{"template":"highway","enabled":false}}},"categories":[7],"tags":[6064,44,1242,2716,855,285,408,119,504,248,911,2527,671,763,641,255,1602,112,66],"jetpack_publicize_connections":[],"yoast_head":"<!-- This site is optimized with the Yoast SEO plugin v21.7 - https:\/\/yoast.com\/wordpress\/plugins\/seo\/ -->\n<title>Arquitetas mexicanos est\u00e3o mobilizadas contra a desigualdade<\/title>\n<meta name=\"description\" content=\"Um grupo de arquitetas mexicanas, por ocasi\u00e3o das mobiliza\u00e7\u00f5es do Dia Internacional da Mulher, em 8 de mar\u00e7o, somaram for\u00e7a \u00e0 marcha para exigir que o pa\u00eds tome medidas para combater \u00e0 desigualdade.\" \/>\n<meta name=\"robots\" content=\"index, follow, max-snippet:-1, max-image-preview:large, max-video-preview:-1\" \/>\n<link rel=\"canonical\" href=\"https:\/\/blogs.funiber.org\/pt\/arquitetura-e-desenho\/2020\/03\/28\/funiber-arquitetas-desigualdade\" \/>\n<meta property=\"og:locale\" content=\"pt_BR\" \/>\n<meta property=\"og:type\" content=\"article\" \/>\n<meta property=\"og:title\" content=\"Arquitetas mexicanos est\u00e3o mobilizadas contra a desigualdade\" \/>\n<meta property=\"og:description\" content=\"Um grupo de arquitetas mexicanas, por ocasi\u00e3o das mobiliza\u00e7\u00f5es do Dia Internacional da Mulher, em 8 de mar\u00e7o, somaram for\u00e7a \u00e0 marcha para exigir que o pa\u00eds tome medidas para combater \u00e0 desigualdade.\" \/>\n<meta property=\"og:url\" content=\"https:\/\/blogs.funiber.org\/pt\/arquitetura-e-desenho\/2020\/03\/28\/funiber-arquitetas-desigualdade\" \/>\n<meta property=\"og:site_name\" content=\"FuniBlogs - FUNIBER\" \/>\n<meta property=\"article:publisher\" content=\"https:\/\/www.facebook.com\/funiber\" \/>\n<meta property=\"article:published_time\" content=\"2020-03-28T11:41:46+00:00\" \/>\n<meta property=\"article:modified_time\" content=\"2020-03-30T11:46:15+00:00\" \/>\n<meta property=\"og:image\" content=\"https:\/\/blogs.funiber.org\/pt\/wp-content\/uploads\/2020\/03\/funiber-arquitetas-desigualdade.png\" \/>\n\t<meta property=\"og:image:width\" content=\"885\" \/>\n\t<meta property=\"og:image:height\" content=\"591\" \/>\n\t<meta property=\"og:image:type\" content=\"image\/png\" \/>\n<meta name=\"author\" content=\"Michelle\" \/>\n<meta name=\"twitter:card\" content=\"summary_large_image\" \/>\n<meta name=\"twitter:creator\" content=\"@FUNIBER\" \/>\n<meta name=\"twitter:site\" content=\"@FUNIBER\" \/>\n<meta name=\"twitter:label1\" content=\"Escrito por\" \/>\n\t<meta name=\"twitter:data1\" content=\"Michelle\" \/>\n\t<meta name=\"twitter:label2\" content=\"Est. tempo de leitura\" \/>\n\t<meta name=\"twitter:data2\" content=\"2 minutos\" \/>\n<script type=\"application\/ld+json\" class=\"yoast-schema-graph\">{\"@context\":\"https:\/\/schema.org\",\"@graph\":[{\"@type\":\"Article\",\"@id\":\"https:\/\/blogs.funiber.org\/pt\/arquitetura-e-desenho\/2020\/03\/28\/funiber-arquitetas-desigualdade#article\",\"isPartOf\":{\"@id\":\"https:\/\/blogs.funiber.org\/pt\/arquitetura-e-desenho\/2020\/03\/28\/funiber-arquitetas-desigualdade\"},\"author\":{\"name\":\"Michelle\",\"@id\":\"https:\/\/blogs.funiber.org\/pt\/#\/schema\/person\/a1eaaa5e57eac866a8c5946946bcf80d\"},\"headline\":\"Arquitetas mexicanos est\u00e3o mobilizadas contra a desigualdade\",\"datePublished\":\"2020-03-28T11:41:46+00:00\",\"dateModified\":\"2020-03-30T11:46:15+00:00\",\"mainEntityOfPage\":{\"@id\":\"https:\/\/blogs.funiber.org\/pt\/arquitetura-e-desenho\/2020\/03\/28\/funiber-arquitetas-desigualdade\"},\"wordCount\":325,\"publisher\":{\"@id\":\"https:\/\/blogs.funiber.org\/pt\/#organization\"},\"keywords\":[\"arquitetas\",\"arquitetura\",\"Bolsas\",\"Desigualdade\",\"Doutorado\",\"Educa\u00e7\u00e3o\",\"Educa\u00e7\u00e3o a Dist\u00e2ncia\",\"Estudos\",\"Forma\u00e7\u00e3o\",\"Funiber\",\"FUNIBER Opini\u00f5es\",\"mercado de trabalho\",\"mestrado\",\"M\u00e9xico\",\"Opini\u00e3o FUNIBER\",\"Opini\u00f5es Funiber\",\"Profissional\",\"Projetos\",\"Urbanismo\"],\"articleSection\":[\"Projetos\"],\"inLanguage\":\"pt-BR\"},{\"@type\":\"WebPage\",\"@id\":\"https:\/\/blogs.funiber.org\/pt\/arquitetura-e-desenho\/2020\/03\/28\/funiber-arquitetas-desigualdade\",\"url\":\"https:\/\/blogs.funiber.org\/pt\/arquitetura-e-desenho\/2020\/03\/28\/funiber-arquitetas-desigualdade\",\"name\":\"Arquitetas mexicanos est\u00e3o mobilizadas contra a desigualdade\",\"isPartOf\":{\"@id\":\"https:\/\/blogs.funiber.org\/pt\/#website\"},\"datePublished\":\"2020-03-28T11:41:46+00:00\",\"dateModified\":\"2020-03-30T11:46:15+00:00\",\"description\":\"Um grupo de arquitetas mexicanas, por ocasi\u00e3o das mobiliza\u00e7\u00f5es do Dia Internacional da Mulher, em 8 de mar\u00e7o, somaram for\u00e7a \u00e0 marcha para exigir que o pa\u00eds tome medidas para combater \u00e0 desigualdade.\",\"breadcrumb\":{\"@id\":\"https:\/\/blogs.funiber.org\/pt\/arquitetura-e-desenho\/2020\/03\/28\/funiber-arquitetas-desigualdade#breadcrumb\"},\"inLanguage\":\"pt-BR\",\"potentialAction\":[{\"@type\":\"ReadAction\",\"target\":[\"https:\/\/blogs.funiber.org\/pt\/arquitetura-e-desenho\/2020\/03\/28\/funiber-arquitetas-desigualdade\"]}]},{\"@type\":\"BreadcrumbList\",\"@id\":\"https:\/\/blogs.funiber.org\/pt\/arquitetura-e-desenho\/2020\/03\/28\/funiber-arquitetas-desigualdade#breadcrumb\",\"itemListElement\":[{\"@type\":\"ListItem\",\"position\":1,\"name\":\"In\u00edcio\",\"item\":\"https:\/\/blogs.funiber.org\/pt\"},{\"@type\":\"ListItem\",\"position\":2,\"name\":\"Arquitetas mexicanos est\u00e3o mobilizadas contra a desigualdade\"}]},{\"@type\":\"WebSite\",\"@id\":\"https:\/\/blogs.funiber.org\/pt\/#website\",\"url\":\"https:\/\/blogs.funiber.org\/pt\/\",\"name\":\"FuniBlogs - FUNIBER\",\"description\":\"\",\"publisher\":{\"@id\":\"https:\/\/blogs.funiber.org\/pt\/#organization\"},\"potentialAction\":[{\"@type\":\"SearchAction\",\"target\":{\"@type\":\"EntryPoint\",\"urlTemplate\":\"https:\/\/blogs.funiber.org\/pt\/?s={search_term_string}\"},\"query-input\":\"required name=search_term_string\"}],\"inLanguage\":\"pt-BR\"},{\"@type\":\"Organization\",\"@id\":\"https:\/\/blogs.funiber.org\/pt\/#organization\",\"name\":\"FuniBlogs - FUNIBER\",\"url\":\"https:\/\/blogs.funiber.org\/pt\/\",\"logo\":{\"@type\":\"ImageObject\",\"inLanguage\":\"pt-BR\",\"@id\":\"https:\/\/blogs.funiber.org\/pt\/#\/schema\/logo\/image\/\",\"url\":\"https:\/\/www.funiber.blog\/pt\/wp-content\/uploads\/2022\/02\/logo-funiber-pt-br-v-dos.svg\",\"contentUrl\":\"https:\/\/www.funiber.blog\/pt\/wp-content\/uploads\/2022\/02\/logo-funiber-pt-br-v-dos.svg\",\"width\":1,\"height\":1,\"caption\":\"FuniBlogs - FUNIBER\"},\"image\":{\"@id\":\"https:\/\/blogs.funiber.org\/pt\/#\/schema\/logo\/image\/\"},\"sameAs\":[\"https:\/\/www.facebook.com\/funiber\",\"https:\/\/twitter.com\/FUNIBER\",\"https:\/\/www.instagram.com\/funiber_becas\",\"https:\/\/www.youtube.com\/user\/funiber\",\"https:\/\/www.linkedin.com\/company\/funiber\"]},{\"@type\":\"Person\",\"@id\":\"https:\/\/blogs.funiber.org\/pt\/#\/schema\/person\/a1eaaa5e57eac866a8c5946946bcf80d\",\"name\":\"Michelle\",\"image\":{\"@type\":\"ImageObject\",\"inLanguage\":\"pt-BR\",\"@id\":\"https:\/\/blogs.funiber.org\/pt\/#\/schema\/person\/image\/\",\"url\":\"https:\/\/secure.gravatar.com\/avatar\/5e87041f7609dc50493cf216754fece1?s=96&d=mm&r=g\",\"contentUrl\":\"https:\/\/secure.gravatar.com\/avatar\/5e87041f7609dc50493cf216754fece1?s=96&d=mm&r=g\",\"caption\":\"Michelle\"},\"url\":\"https:\/\/www.funiber.blog\/pt\/author\/michelle-moreira\"}]}<\/script>\n<!-- \/ Yoast SEO plugin. -->","yoast_head_json":{"title":"Arquitetas mexicanos est\u00e3o mobilizadas contra a desigualdade","description":"Um grupo de arquitetas mexicanas, por ocasi\u00e3o das mobiliza\u00e7\u00f5es do Dia Internacional da Mulher, em 8 de mar\u00e7o, somaram for\u00e7a \u00e0 marcha para exigir que o pa\u00eds tome medidas para combater \u00e0 desigualdade.","robots":{"index":"index","follow":"follow","max-snippet":"max-snippet:-1","max-image-preview":"max-image-preview:large","max-video-preview":"max-video-preview:-1"},"canonical":"https:\/\/blogs.funiber.org\/pt\/arquitetura-e-desenho\/2020\/03\/28\/funiber-arquitetas-desigualdade","og_locale":"pt_BR","og_type":"article","og_title":"Arquitetas mexicanos est\u00e3o mobilizadas contra a desigualdade","og_description":"Um grupo de arquitetas mexicanas, por ocasi\u00e3o das mobiliza\u00e7\u00f5es do Dia Internacional da Mulher, em 8 de mar\u00e7o, somaram for\u00e7a \u00e0 marcha para exigir que o pa\u00eds tome medidas para combater \u00e0 desigualdade.","og_url":"https:\/\/blogs.funiber.org\/pt\/arquitetura-e-desenho\/2020\/03\/28\/funiber-arquitetas-desigualdade","og_site_name":"FuniBlogs - FUNIBER","article_publisher":"https:\/\/www.facebook.com\/funiber","article_published_time":"2020-03-28T11:41:46+00:00","article_modified_time":"2020-03-30T11:46:15+00:00","og_image":[{"width":885,"height":591,"url":"https:\/\/blogs.funiber.org\/pt\/wp-content\/uploads\/2020\/03\/funiber-arquitetas-desigualdade.png","type":"image\/png"}],"author":"Michelle","twitter_card":"summary_large_image","twitter_creator":"@FUNIBER","twitter_site":"@FUNIBER","twitter_misc":{"Escrito por":"Michelle","Est. tempo de leitura":"2 minutos"},"schema":{"@context":"https:\/\/schema.org","@graph":[{"@type":"Article","@id":"https:\/\/blogs.funiber.org\/pt\/arquitetura-e-desenho\/2020\/03\/28\/funiber-arquitetas-desigualdade#article","isPartOf":{"@id":"https:\/\/blogs.funiber.org\/pt\/arquitetura-e-desenho\/2020\/03\/28\/funiber-arquitetas-desigualdade"},"author":{"name":"Michelle","@id":"https:\/\/blogs.funiber.org\/pt\/#\/schema\/person\/a1eaaa5e57eac866a8c5946946bcf80d"},"headline":"Arquitetas mexicanos est\u00e3o mobilizadas contra a desigualdade","datePublished":"2020-03-28T11:41:46+00:00","dateModified":"2020-03-30T11:46:15+00:00","mainEntityOfPage":{"@id":"https:\/\/blogs.funiber.org\/pt\/arquitetura-e-desenho\/2020\/03\/28\/funiber-arquitetas-desigualdade"},"wordCount":325,"publisher":{"@id":"https:\/\/blogs.funiber.org\/pt\/#organization"},"keywords":["arquitetas","arquitetura","Bolsas","Desigualdade","Doutorado","Educa\u00e7\u00e3o","Educa\u00e7\u00e3o a Dist\u00e2ncia","Estudos","Forma\u00e7\u00e3o","Funiber","FUNIBER Opini\u00f5es","mercado de trabalho","mestrado","M\u00e9xico","Opini\u00e3o FUNIBER","Opini\u00f5es Funiber","Profissional","Projetos","Urbanismo"],"articleSection":["Projetos"],"inLanguage":"pt-BR"},{"@type":"WebPage","@id":"https:\/\/blogs.funiber.org\/pt\/arquitetura-e-desenho\/2020\/03\/28\/funiber-arquitetas-desigualdade","url":"https:\/\/blogs.funiber.org\/pt\/arquitetura-e-desenho\/2020\/03\/28\/funiber-arquitetas-desigualdade","name":"Arquitetas mexicanos est\u00e3o mobilizadas contra a desigualdade","isPartOf":{"@id":"https:\/\/blogs.funiber.org\/pt\/#website"},"datePublished":"2020-03-28T11:41:46+00:00","dateModified":"2020-03-30T11:46:15+00:00","description":"Um grupo de arquitetas mexicanas, por ocasi\u00e3o das mobiliza\u00e7\u00f5es do Dia Internacional da Mulher, em 8 de mar\u00e7o, somaram for\u00e7a \u00e0 marcha para exigir que o pa\u00eds tome medidas para combater \u00e0 desigualdade.","breadcrumb":{"@id":"https:\/\/blogs.funiber.org\/pt\/arquitetura-e-desenho\/2020\/03\/28\/funiber-arquitetas-desigualdade#breadcrumb"},"inLanguage":"pt-BR","potentialAction":[{"@type":"ReadAction","target":["https:\/\/blogs.funiber.org\/pt\/arquitetura-e-desenho\/2020\/03\/28\/funiber-arquitetas-desigualdade"]}]},{"@type":"BreadcrumbList","@id":"https:\/\/blogs.funiber.org\/pt\/arquitetura-e-desenho\/2020\/03\/28\/funiber-arquitetas-desigualdade#breadcrumb","itemListElement":[{"@type":"ListItem","position":1,"name":"In\u00edcio","item":"https:\/\/blogs.funiber.org\/pt"},{"@type":"ListItem","position":2,"name":"Arquitetas mexicanos est\u00e3o mobilizadas contra a desigualdade"}]},{"@type":"WebSite","@id":"https:\/\/blogs.funiber.org\/pt\/#website","url":"https:\/\/blogs.funiber.org\/pt\/","name":"FuniBlogs - FUNIBER","description":"","publisher":{"@id":"https:\/\/blogs.funiber.org\/pt\/#organization"},"potentialAction":[{"@type":"SearchAction","target":{"@type":"EntryPoint","urlTemplate":"https:\/\/blogs.funiber.org\/pt\/?s={search_term_string}"},"query-input":"required name=search_term_string"}],"inLanguage":"pt-BR"},{"@type":"Organization","@id":"https:\/\/blogs.funiber.org\/pt\/#organization","name":"FuniBlogs - FUNIBER","url":"https:\/\/blogs.funiber.org\/pt\/","logo":{"@type":"ImageObject","inLanguage":"pt-BR","@id":"https:\/\/blogs.funiber.org\/pt\/#\/schema\/logo\/image\/","url":"https:\/\/www.funiber.blog\/pt\/wp-content\/uploads\/2022\/02\/logo-funiber-pt-br-v-dos.svg","contentUrl":"https:\/\/www.funiber.blog\/pt\/wp-content\/uploads\/2022\/02\/logo-funiber-pt-br-v-dos.svg","width":1,"height":1,"caption":"FuniBlogs - FUNIBER"},"image":{"@id":"https:\/\/blogs.funiber.org\/pt\/#\/schema\/logo\/image\/"},"sameAs":["https:\/\/www.facebook.com\/funiber","https:\/\/twitter.com\/FUNIBER","https:\/\/www.instagram.com\/funiber_becas","https:\/\/www.youtube.com\/user\/funiber","https:\/\/www.linkedin.com\/company\/funiber"]},{"@type":"Person","@id":"https:\/\/blogs.funiber.org\/pt\/#\/schema\/person\/a1eaaa5e57eac866a8c5946946bcf80d","name":"Michelle","image":{"@type":"ImageObject","inLanguage":"pt-BR","@id":"https:\/\/blogs.funiber.org\/pt\/#\/schema\/person\/image\/","url":"https:\/\/secure.gravatar.com\/avatar\/5e87041f7609dc50493cf216754fece1?s=96&d=mm&r=g","contentUrl":"https:\/\/secure.gravatar.com\/avatar\/5e87041f7609dc50493cf216754fece1?s=96&d=mm&r=g","caption":"Michelle"},"url":"https:\/\/www.funiber.blog\/pt\/author\/michelle-moreira"}]}},"jetpack_featured_media_url":"https:\/\/www.funiber.blog\/pt\/wp-content\/uploads\/2020\/03\/funiber-arquitetas-desigualdade.png","jetpack_shortlink":"https:\/\/wp.me\/p7ee1t-5F9","jetpack_sharing_enabled":true,"_links":{"self":[{"href":"https:\/\/www.funiber.blog\/pt\/wp-json\/wp\/v2\/posts\/21771"}],"collection":[{"href":"https:\/\/www.funiber.blog\/pt\/wp-json\/wp\/v2\/posts"}],"about":[{"href":"https:\/\/www.funiber.blog\/pt\/wp-json\/wp\/v2\/types\/post"}],"author":[{"embeddable":true,"href":"https:\/\/www.funiber.blog\/pt\/wp-json\/wp\/v2\/users\/10"}],"replies":[{"embeddable":true,"href":"https:\/\/www.funiber.blog\/pt\/wp-json\/wp\/v2\/comments?post=21771"}],"version-history":[{"count":1,"href":"https:\/\/www.funiber.blog\/pt\/wp-json\/wp\/v2\/posts\/21771\/revisions"}],"predecessor-version":[{"id":21773,"href":"https:\/\/www.funiber.blog\/pt\/wp-json\/wp\/v2\/posts\/21771\/revisions\/21773"}],"wp:featuredmedia":[{"embeddable":true,"href":"https:\/\/www.funiber.blog\/pt\/wp-json\/wp\/v2\/media\/21772"}],"wp:attachment":[{"href":"https:\/\/www.funiber.blog\/pt\/wp-json\/wp\/v2\/media?parent=21771"}],"wp:term":[{"taxonomy":"category","embeddable":true,"href":"https:\/\/www.funiber.blog\/pt\/wp-json\/wp\/v2\/categories?post=21771"},{"taxonomy":"post_tag","embeddable":true,"href":"https:\/\/www.funiber.blog\/pt\/wp-json\/wp\/v2\/tags?post=21771"}],"curies":[{"name":"wp","href":"https:\/\/api.w.org\/{rel}","templated":true}]}}