{"id":22101,"date":"2020-05-13T05:31:31","date_gmt":"2020-05-13T10:31:31","guid":{"rendered":"https:\/\/blogs.funiber.org\/pt\/?p=22101"},"modified":"2020-05-13T05:36:44","modified_gmt":"2020-05-13T10:36:44","slug":"funiber-saude-profissionais","status":"publish","type":"post","link":"https:\/\/www.funiber.blog\/pt\/saude-e-nutricao\/2020\/05\/13\/funiber-saude-profissionais","title":{"rendered":"Opini\u00f5es: A aten\u00e7\u00e3o do sistema de sa\u00fade\u00a0aos\u00a0profissionais sanit\u00e1rios"},"content":{"rendered":"<p><strong>A pandemia causada pelo COVID-19 tem afetado\u00a0os profissionais de sa\u00fade.\u00a0O sistema de sa\u00fade consegue oferecer os recursos necess\u00e1rios para\u00a0proteg\u00ea-los?\u00a0Em entrevista, o Dr. Diego Alexander G\u00f3mez Ceballos, professor do Doutorado em Sa\u00fade P\u00fablica, programa promovido pela FUNIBER, analisa a quest\u00e3o.<\/strong><\/p>\n<p>Mireia \u00e9 enfermeira, tem dois filhos pequenos\u00a0e trabalha em um centro de sa\u00fade em Barcelona\u00a0(Espanha).\u00a0Desde 20 de mar\u00e7o, ela come\u00e7ou a cuidar de\u00a0pacientes positivos\u00a0para\u00a0<a href=\"https:\/\/www.funiber.blog\/pt\/meio-ambiente\/2020\/03\/17\/funiber-covid-contaminacao\" target=\"_blank\" rel=\"noopener noreferrer\">COVID-19<\/a>.\u00a0Ela comenta que,\u00a0ao trabalhar com pessoas vulner\u00e1veis,\u00a0aprendeu a apreciar\u00a0os pequenos detalhes\u00a0&#8220;<em>mas,\u00a0quando elas infelizmente morrem, voc\u00ea sente que uma parte sua vai com essa pessoa porque gostava delas\u00a0<\/em>&#8220;, diz ela.<!--more--><\/p>\n<p>Al\u00e9m de lidar com a morte de pacientes, Mireia comenta que o medo de infectar algu\u00e9m em casa \u00e9 muito grande durante esta crise.\u00a0\u201c<em>Uso prote\u00e7\u00e3o dupla, s\u00f3 para garantir que, quando vou ao vesti\u00e1rio, tomo um banho com mais consci\u00eancia e com \u00e1gua mais quente do que o habitual, e quando chego em casa,\u00a0meus sapatos ficam do lado de fora e jogo um l\u00edquido desinfetante e bactericida sobre eles. Minhas roupas v\u00e3o diretamente para a m\u00e1quina de lavar;\u00a0uma nova rotina que,\u00a0eu acho,\u00a0ser\u00e1 levada um\u00a0longo tempo<\/em>&#8220;, conta.<\/p>\n<p>Adicione a isso a falta de equipamentos\u00a0de\u00a0prote\u00e7\u00e3o adequada.\u00a0&#8220;No\u00a0<em>in\u00edcio do estado de alarme,\u00a0n\u00e3o\u00a0fornecemos EPIs\u00a0(equipamento de prote\u00e7\u00e3o individual) suficiente\u00a0<\/em>&#8220;, explicando que h\u00e1 tr\u00eas semanas, aproximadamente, o material necess\u00e1rio para todos os trabalhadores chegaram.<\/p>\n<p>O \u00fanico recurso\u00a0com que conta para apoio psicol\u00f3gico\u00a0\u00e9 a\u00a0linha de apoio\u00a0do governo da Catalunha,\u00a0criada para profissionais de sa\u00fade.\u00a0Mireia diz que ele serve\u00a0&#8220;<em>para conversar com um\u00a0psic\u00f3logo,\u00a0nada mais<\/em>&#8220;.<\/p>\n<p>&#8220;<em>N\u00e3o\u00a0somente estas sobre o stress no trabalho, mas\u00a0tamb\u00e9m\u00a0quando chegas em casa,\u00a0pensando se voc\u00ea est\u00e1 infectada.\u00a0Al\u00e9m disso,\u00a0h\u00e1 dias exaustivos em que mais de uma pessoa morre e voc\u00ea sabe que seus parentes n\u00e3o poder\u00e3o dizer adeus a elas.\u00a0\u00c9 muito complicado<\/em>\u201d, lamenta.<\/p>\n<p>A hist\u00f3ria que Mireia nos conta aconteceu\u00a0com profissionais m\u00e9dicos em muitos centros e pa\u00edses.\u00a0Especialistas alertam sobre a import\u00e2ncia de cuidado com o estado emocional desses profissionais,\u00a0que poderiam\u00a0 sofrem de ansiedade, estresse e fadiga.\u00a0Mas, diante da conting\u00eancia atual,\u00a0o sistema\u00a0de sa\u00fade \u00e9\u00a0capaz de\u00a0dar respostas adequadas a este\u00a0problema?<\/p>\n<p>Para analisar o assunto,\u00a0entrevistamos o Dr. Diego Alexander G\u00f3mez Ceballos, professor do <a href=\"https:\/\/www.funiber.org\/doctorado-en-salud-publica\" target=\"_blank\" rel=\"noopener noreferrer\">Doutorado em Sa\u00fade P\u00fablica<\/a> da <a href=\"https:\/\/www.unini.edu.mx\" target=\"_blank\" rel=\"noopener noreferrer\">Universidade Internacional Ibero-americana do M\u00e9xico<\/a>, um programa promovido pela <a href=\"https:\/\/www.funiber.org.br\/\" target=\"_blank\" rel=\"noopener noreferrer\">FUNIBER<\/a>.<\/p>\n<figure id=\"attachment_22104\" aria-describedby=\"caption-attachment-22104\" style=\"width: 400px\" class=\"wp-caption alignnone\"><a href=\"https:\/\/www.funiber.blog\/pt\/wp-content\/uploads\/2020\/05\/dr-diego-gomez.jpg\"><img loading=\"lazy\" decoding=\"async\" data-attachment-id=\"22104\" data-permalink=\"https:\/\/www.funiber.blog\/pt\/saude-e-nutricao\/2020\/05\/13\/funiber-saude-profissionais\/attachment\/dr-diego-gomez\" data-orig-file=\"https:\/\/www.funiber.blog\/pt\/wp-content\/uploads\/2020\/05\/dr-diego-gomez.jpg\" data-orig-size=\"950,699\" data-comments-opened=\"0\" data-image-meta=\"{&quot;aperture&quot;:&quot;0&quot;,&quot;credit&quot;:&quot;&quot;,&quot;camera&quot;:&quot;&quot;,&quot;caption&quot;:&quot;&quot;,&quot;created_timestamp&quot;:&quot;0&quot;,&quot;copyright&quot;:&quot;&quot;,&quot;focal_length&quot;:&quot;0&quot;,&quot;iso&quot;:&quot;0&quot;,&quot;shutter_speed&quot;:&quot;0&quot;,&quot;title&quot;:&quot;&quot;,&quot;orientation&quot;:&quot;1&quot;}\" data-image-title=\"Dr. Diego Alexander G\u00f3mez Ceballos\" data-image-description=\"&lt;p&gt;Dr. Diego Alexander G\u00f3mez Ceballos&lt;\/p&gt;\n\" data-image-caption=\"&lt;p&gt; Dr. Diego Alexander G\u00f3mez Ceballos, professor do Doutorado em Sa\u00fade P\u00fablica&lt;\/p&gt;\n\" data-medium-file=\"https:\/\/www.funiber.blog\/pt\/wp-content\/uploads\/2020\/05\/dr-diego-gomez-400x294.jpg\" data-large-file=\"https:\/\/www.funiber.blog\/pt\/wp-content\/uploads\/2020\/05\/dr-diego-gomez-400x294.jpg\" class=\"size-medium wp-image-22104\" src=\"https:\/\/www.funiber.blog\/pt\/wp-content\/uploads\/2020\/05\/dr-diego-gomez-400x294.jpg\" alt=\"Dr. Diego Alexander G\u00f3mez Ceballos\" width=\"400\" height=\"294\" srcset=\"https:\/\/www.funiber.blog\/pt\/wp-content\/uploads\/2020\/05\/dr-diego-gomez-400x294.jpg 400w, https:\/\/www.funiber.blog\/pt\/wp-content\/uploads\/2020\/05\/dr-diego-gomez-768x565.jpg 768w, https:\/\/www.funiber.blog\/pt\/wp-content\/uploads\/2020\/05\/dr-diego-gomez.jpg 950w\" sizes=\"(max-width: 400px) 100vw, 400px\" \/><\/a><figcaption id=\"caption-attachment-22104\" class=\"wp-caption-text\">Dr. Diego Alexander G\u00f3mez Ceballos, professor do Doutorado em Sa\u00fade P\u00fablica<\/figcaption><\/figure>\n<p><strong>Voc\u00ea acha que a sociedade consegue dar o apoio necess\u00e1rio para estes profissionais neste momento de pandemia?<\/strong><\/p>\n<p>Como\u00a0sociedade,\u00a0somos obrigados a fornecer esse apoio, a reconhecer seu trabalho, em conclus\u00e3o, trat\u00e1-los como her\u00f3is.\u00a0No entanto, \u00e9 doloroso reconhecer que a realidade \u00e9 diferente,\u00a0porque a discrimina\u00e7\u00e3o contra os trabalhadores da sa\u00fade cresceu rapidamente, j\u00e1 que muitos foram submetidos a abusos f\u00edsicos e verbais pela sociedade. Foram registrados casos na Espanha, Fran\u00e7a, China,\u00a0Chile,\u00a0Col\u00f4mbia, etc., uma vez que os veem como um risco\u00a0de\u00a0espalhar a infec\u00e7\u00e3o\u00a0quando,\u00a0de fato,\u00a0est\u00e3o trabalhando para cont\u00ea-la.<\/p>\n<p>Em rela\u00e7\u00e3o \u00e0s linhas telef\u00f4nicas para apoio psicol\u00f3gico, estou ciente de que alguns pa\u00edses da Europa e da Am\u00e9rica Latina as implementaram.\u00a0Considero que s\u00e3o essenciais para incentivar o uso de estrat\u00e9gias de enfrentamento,\u00a0no entanto,\u00a0em alguns contextos, t\u00eam sido\u00a0insuficientes\u00a0por causa\u00a0dos\u00a0longos\u00a0dias\u00a0de trabalho que impedem sua utiliza\u00e7\u00e3o,\u00a0poss\u00edveis\u00a0estigmas\u00a0em seu uso\u00a0ou, pelo contr\u00e1rio, linhas telef\u00f4nicas em colapso.<\/p>\n<p>Por exemplo, na capital espanhola,\u00a0Madri,\u00a0implementou-se um projeto de interven\u00e7\u00e3o psicol\u00f3gica na UCI para dar apoio,\u00a0n\u00e3o s\u00f3 aos profissionais de sa\u00fade,\u00a0mas tamb\u00e9m\u00a0\u00e0s fam\u00edlias dos pacientes, combinando\u00a0estrat\u00e9gias de acompanhamento presencial e por telefone.<\/p>\n<p><strong>Atualmente h\u00e1\u00a0o n\u00famero\u00a0necess\u00e1rio\u00a0de\u00a0profissionais\u00a0para esse suporte e monitoramento?<\/strong><\/p>\n<p>Por enquanto,\u00a0principalmente psic\u00f3logos e profissionais de sa\u00fade ocupacional\u00a0est\u00e3o\u00a0agindo mais.\u00a0Exige-se, em\u00a0adi\u00e7\u00e3o,\u00a0nas linhas de a\u00e7\u00e3o atuais e futuras participem equipes interdisciplinares para os profissionais de sa\u00fade de apoio.<\/p>\n<p>S\u00e3o necess\u00e1rios\u00a0psic\u00f3logos, psicoterapeutas, profissionais de\u00a0sa\u00fade ocupacional, de\u00a0ci\u00eancias sociais, humanas\u00a0e da sa\u00fade com forma\u00e7\u00e3o em sa\u00fade mental.\u00a0Al\u00e9m disso,\u00a0os tomadores de decis\u00e3o de cada pa\u00eds precisam implementar pol\u00edticas e concentrar recursos para proteger e apoiar o pessoal de sa\u00fade.<\/p>\n<p><strong>Em diferentes\u00a0sistemas de sa\u00fade p\u00fablica, h\u00e1 pol\u00edticas para apoiar a sa\u00fade psicol\u00f3gica?<\/strong><\/p>\n<p>De acordo com a legisla\u00e7\u00e3o de cada pa\u00eds, em todas as empresas deve haver uma \u00e1rea de seguran\u00e7a e sa\u00fade no trabalho, incluindo institui\u00e7\u00f5es de sa\u00fade.\u00a0Sua fun\u00e7\u00e3o \u00e9 gerenciar os diferentes tipos de perigos e riscos aos quais os trabalhadores est\u00e3o expostos.\u00a0Neste caso espec\u00edfico,\u00a0devido \u00e0 pandemia, o aumento dos riscos psicossociais\u00a0tem sido generalizado e\u00a0deve ser um fator-chave de cada institui\u00e7\u00e3o\u00a0saber gerir adequadamente deles.\u00a0Em muitos pa\u00edses,\u00a0atrav\u00e9s dos Minist\u00e9rios da Sa\u00fade e do Trabalho,\u00a0diretrizes claras est\u00e3o sendo dadas para o gerenciamento de riscos ocupacionais, bem como documentos t\u00e9cnicos da OIT\u00a0(Organiza\u00e7\u00e3o Internacional do Trabalho)\u00a0e da OMS\u00a0(Organiza\u00e7\u00e3o Mundial da Sa\u00fade).<\/p>\n<p><strong>Al\u00e9m do apoio psicol\u00f3gico, que outros fatores s\u00e3o necess\u00e1rios para cuidar dos profissionais de sa\u00fade?<\/strong><\/p>\n<p>\u00c9 necess\u00e1rio para\u00a0fornecer garantias trabalhistas em rela\u00e7\u00e3o ao tipo de contrato e justos sal\u00e1rios, como em muitos pa\u00edses,\u00a0onde os contratos que predominam s\u00e3o por horas e presta\u00e7\u00e3o de servi\u00e7os.\u00a0Essa situa\u00e7\u00e3o leva a uma precariedade e viola\u00e7\u00e3o dos direitos dos trabalhadores da sa\u00fade, algo que est\u00e1 se tornando ainda mais vis\u00edvel com essa pandemia.<\/p>\n<p>Por sua vez, fornecer todo o equipamento de prote\u00e7\u00e3o individual,\u00a0permitindo aos profissionais cuidar de sua sa\u00fade e daqueles de quem cuidam,\u00a0diminuindo assim o risco de cont\u00e1gio.\u00a0Infelizmente,\u00a0h\u00e1 falta destes elementos de prote\u00e7\u00e3o pessoal a n\u00edvel global,\u00a0como\u00a0refere\u00a0a OMS, devido ao aumento das compras e uso indevido por parte da popula\u00e7\u00e3o em geral.\u00a0Por esse motivo,\u00a0muitos m\u00e9dicos e enfermeiros de todo o mundo foram infectados e morreram.<\/p>\n<p>\u00c9 necess\u00e1rio respeitar os hor\u00e1rios da jornada de trabalho, dando tempo suficiente para descansar e evitar dobrar seus turnos.\u00a0Promover o contato com as redes de apoio, mesmo\u00a0que sejam virtuais,\u00a0pois s\u00e3o essenciais para reduzir o n\u00edvel de estresse, ansiedade, ang\u00fastia e sofrimento.<\/p>\n<p><strong>Esta entrevista \u00e9 parte dos especiais<a href=\"https:\/\/www.funiber.blog\/pt\/gerontologia\/2020\/05\/05\/funiber-covid-saude-mental\" target=\"_blank\" rel=\"noopener noreferrer\">\u00a0<em>Impactos da COVID-19 para a sa\u00fade mental<\/em><\/a>, uma s\u00e9rie de entrevistas\u00a0promovida pela FUNIBER,\u00a0buscando analisar os efeitos, recomenda\u00e7\u00f5es e a\u00e7\u00f5es necess\u00e1rias para\u00a0cuidar da\u00a0sa\u00fade mental dos diferentes grupos\u00a0durante e \u00faltima pandemia.<\/strong><\/p>\n<p>&nbsp;<\/p>\n","protected":false},"excerpt":{"rendered":"<p>A pandemia causada pelo COVID-19 tem afetado\u00a0os profissionais de sa\u00fade.\u00a0O sistema de sa\u00fade consegue oferecer os recursos necess\u00e1rios para\u00a0proteg\u00ea-los?\u00a0Em entrevista, o Dr. Diego Alexander G\u00f3mez Ceballos, professor do Doutorado em Sa\u00fade P\u00fablica, programa promovido pela FUNIBER, analisa a quest\u00e3o. Mireia \u00e9 enfermeira, tem dois filhos pequenos\u00a0e trabalha em um centro de sa\u00fade em Barcelona\u00a0(Espanha).\u00a0Desde 20 [&hellip;]<\/p>\n","protected":false},"author":10,"featured_media":22102,"comment_status":"closed","ping_status":"closed","sticky":false,"template":"","format":"standard","meta":{"jetpack_post_was_ever_published":false,"_jetpack_newsletter_access":"","_jetpack_newsletter_tier_id":0,"footnotes":"","jetpack_publicize_message":"","jetpack_is_tweetstorm":false,"jetpack_publicize_feature_enabled":true,"jetpack_social_post_already_shared":true,"jetpack_social_options":{"image_generator_settings":{"template":"highway","enabled":false}}},"categories":[3],"tags":[305,1242,6177,122,855,285,408,6176,1626,119,248,911,6166,641,255,132,6175,178,113,3846],"jetpack_publicize_connections":[],"yoast_head":"<!-- This site is optimized with the Yoast SEO plugin v21.7 - https:\/\/yoast.com\/wordpress\/plugins\/seo\/ -->\n<title>Opini\u00f5es: A aten\u00e7\u00e3o do sistema de sa\u00fade\u00a0aos profissionais sanit\u00e1rios<\/title>\n<meta name=\"description\" content=\"A pandemia causada pelo COVID-19 tem afetado\u00a0os profissionais de sa\u00fade.\u00a0O sistema de sa\u00fade consegue oferecer os recursos necess\u00e1rios para\u00a0proteg\u00ea-los?\u00a0Em entrevista, o Dr. Diego Alexander G\u00f3mez Ceballos, professor do Doutorado em Sa\u00fade P\u00fablica, programa promovido pela FUNIBER, analisa a quest\u00e3o.\" \/>\n<meta name=\"robots\" content=\"noindex, nofollow\" \/>\n<meta property=\"og:locale\" content=\"pt_BR\" \/>\n<meta property=\"og:type\" content=\"article\" \/>\n<meta property=\"og:title\" content=\"Opini\u00f5es: A aten\u00e7\u00e3o do sistema de sa\u00fade\u00a0aos profissionais sanit\u00e1rios\" \/>\n<meta property=\"og:description\" content=\"A pandemia causada pelo COVID-19 tem afetado\u00a0os profissionais de sa\u00fade.\u00a0O sistema de sa\u00fade consegue oferecer os recursos necess\u00e1rios para\u00a0proteg\u00ea-los?\u00a0Em entrevista, o Dr. Diego Alexander G\u00f3mez Ceballos, professor do Doutorado em Sa\u00fade P\u00fablica, programa promovido pela FUNIBER, analisa a quest\u00e3o.\" \/>\n<meta property=\"og:url\" content=\"https:\/\/blogs.funiber.org\/pt\/saude-e-nutricao\/2020\/05\/13\/funiber-saude-profissionais\" \/>\n<meta property=\"og:site_name\" content=\"FuniBlogs - FUNIBER\" \/>\n<meta property=\"article:publisher\" content=\"https:\/\/www.facebook.com\/funiber\" \/>\n<meta property=\"article:published_time\" content=\"2020-05-13T10:31:31+00:00\" \/>\n<meta property=\"article:modified_time\" content=\"2020-05-13T10:36:44+00:00\" \/>\n<meta property=\"og:image\" content=\"https:\/\/blogs.funiber.org\/pt\/wp-content\/uploads\/2020\/05\/funiber-profesionales-sanitarios.jpg\" \/>\n\t<meta property=\"og:image:width\" content=\"1349\" \/>\n\t<meta property=\"og:image:height\" content=\"900\" \/>\n\t<meta property=\"og:image:type\" content=\"image\/jpeg\" \/>\n<meta name=\"author\" content=\"Michelle\" \/>\n<meta name=\"twitter:card\" content=\"summary_large_image\" \/>\n<meta name=\"twitter:creator\" content=\"@FUNIBER\" \/>\n<meta name=\"twitter:site\" content=\"@FUNIBER\" \/>\n<meta name=\"twitter:label1\" content=\"Escrito por\" \/>\n\t<meta name=\"twitter:data1\" content=\"Michelle\" \/>\n\t<meta name=\"twitter:label2\" content=\"Est. tempo de leitura\" \/>\n\t<meta name=\"twitter:data2\" content=\"6 minutos\" \/>\n<script type=\"application\/ld+json\" class=\"yoast-schema-graph\">{\"@context\":\"https:\/\/schema.org\",\"@graph\":[{\"@type\":\"Article\",\"@id\":\"https:\/\/blogs.funiber.org\/pt\/saude-e-nutricao\/2020\/05\/13\/funiber-saude-profissionais#article\",\"isPartOf\":{\"@id\":\"https:\/\/blogs.funiber.org\/pt\/saude-e-nutricao\/2020\/05\/13\/funiber-saude-profissionais\"},\"author\":{\"name\":\"Michelle\",\"@id\":\"https:\/\/blogs.funiber.org\/pt\/#\/schema\/person\/a1eaaa5e57eac866a8c5946946bcf80d\"},\"headline\":\"Opini\u00f5es: A aten\u00e7\u00e3o do sistema de sa\u00fade\u00a0aos\u00a0profissionais sanit\u00e1rios\",\"datePublished\":\"2020-05-13T10:31:31+00:00\",\"dateModified\":\"2020-05-13T10:36:44+00:00\",\"mainEntityOfPage\":{\"@id\":\"https:\/\/blogs.funiber.org\/pt\/saude-e-nutricao\/2020\/05\/13\/funiber-saude-profissionais\"},\"wordCount\":1210,\"publisher\":{\"@id\":\"https:\/\/blogs.funiber.org\/pt\/#organization\"},\"keywords\":[\"Atendimento\",\"Bolsas\",\"covid impactos\",\"Doen\u00e7as\",\"Doutorado\",\"Educa\u00e7\u00e3o\",\"Educa\u00e7\u00e3o a Dist\u00e2ncia\",\"enfermeiras\",\"enfermeiros\",\"Estudos\",\"Funiber\",\"FUNIBER Opini\u00f5es\",\"impactos covid\",\"Opini\u00e3o FUNIBER\",\"Opini\u00f5es Funiber\",\"Preven\u00e7\u00e3o\",\"profissionais de sa\u00fade\",\"Psicologia\",\"Sa\u00fade\",\"sistema de sa\u00fade\"],\"articleSection\":[\"Sa\u00fade e Nutri\u00e7\u00e3o\"],\"inLanguage\":\"pt-BR\"},{\"@type\":\"WebPage\",\"@id\":\"https:\/\/blogs.funiber.org\/pt\/saude-e-nutricao\/2020\/05\/13\/funiber-saude-profissionais\",\"url\":\"https:\/\/blogs.funiber.org\/pt\/saude-e-nutricao\/2020\/05\/13\/funiber-saude-profissionais\",\"name\":\"Opini\u00f5es: A aten\u00e7\u00e3o do sistema de sa\u00fade\u00a0aos profissionais sanit\u00e1rios\",\"isPartOf\":{\"@id\":\"https:\/\/blogs.funiber.org\/pt\/#website\"},\"datePublished\":\"2020-05-13T10:31:31+00:00\",\"dateModified\":\"2020-05-13T10:36:44+00:00\",\"description\":\"A pandemia causada pelo COVID-19 tem afetado\u00a0os profissionais de sa\u00fade.\u00a0O sistema de sa\u00fade consegue oferecer os recursos necess\u00e1rios para\u00a0proteg\u00ea-los?\u00a0Em entrevista, o Dr. Diego Alexander G\u00f3mez Ceballos, professor do Doutorado em Sa\u00fade P\u00fablica, programa promovido pela FUNIBER, analisa a quest\u00e3o.\",\"breadcrumb\":{\"@id\":\"https:\/\/blogs.funiber.org\/pt\/saude-e-nutricao\/2020\/05\/13\/funiber-saude-profissionais#breadcrumb\"},\"inLanguage\":\"pt-BR\",\"potentialAction\":[{\"@type\":\"ReadAction\",\"target\":[\"https:\/\/blogs.funiber.org\/pt\/saude-e-nutricao\/2020\/05\/13\/funiber-saude-profissionais\"]}]},{\"@type\":\"BreadcrumbList\",\"@id\":\"https:\/\/blogs.funiber.org\/pt\/saude-e-nutricao\/2020\/05\/13\/funiber-saude-profissionais#breadcrumb\",\"itemListElement\":[{\"@type\":\"ListItem\",\"position\":1,\"name\":\"In\u00edcio\",\"item\":\"https:\/\/blogs.funiber.org\/pt\"},{\"@type\":\"ListItem\",\"position\":2,\"name\":\"Opini\u00f5es: A aten\u00e7\u00e3o do sistema de sa\u00fade\u00a0aos\u00a0profissionais sanit\u00e1rios\"}]},{\"@type\":\"WebSite\",\"@id\":\"https:\/\/blogs.funiber.org\/pt\/#website\",\"url\":\"https:\/\/blogs.funiber.org\/pt\/\",\"name\":\"FuniBlogs - FUNIBER\",\"description\":\"\",\"publisher\":{\"@id\":\"https:\/\/blogs.funiber.org\/pt\/#organization\"},\"potentialAction\":[{\"@type\":\"SearchAction\",\"target\":{\"@type\":\"EntryPoint\",\"urlTemplate\":\"https:\/\/blogs.funiber.org\/pt\/?s={search_term_string}\"},\"query-input\":\"required name=search_term_string\"}],\"inLanguage\":\"pt-BR\"},{\"@type\":\"Organization\",\"@id\":\"https:\/\/blogs.funiber.org\/pt\/#organization\",\"name\":\"FuniBlogs - FUNIBER\",\"url\":\"https:\/\/blogs.funiber.org\/pt\/\",\"logo\":{\"@type\":\"ImageObject\",\"inLanguage\":\"pt-BR\",\"@id\":\"https:\/\/blogs.funiber.org\/pt\/#\/schema\/logo\/image\/\",\"url\":\"https:\/\/www.funiber.blog\/pt\/wp-content\/uploads\/2022\/02\/logo-funiber-pt-br-v-dos.svg\",\"contentUrl\":\"https:\/\/www.funiber.blog\/pt\/wp-content\/uploads\/2022\/02\/logo-funiber-pt-br-v-dos.svg\",\"width\":1,\"height\":1,\"caption\":\"FuniBlogs - FUNIBER\"},\"image\":{\"@id\":\"https:\/\/blogs.funiber.org\/pt\/#\/schema\/logo\/image\/\"},\"sameAs\":[\"https:\/\/www.facebook.com\/funiber\",\"https:\/\/twitter.com\/FUNIBER\",\"https:\/\/www.instagram.com\/funiber_becas\",\"https:\/\/www.youtube.com\/user\/funiber\",\"https:\/\/www.linkedin.com\/company\/funiber\"]},{\"@type\":\"Person\",\"@id\":\"https:\/\/blogs.funiber.org\/pt\/#\/schema\/person\/a1eaaa5e57eac866a8c5946946bcf80d\",\"name\":\"Michelle\",\"image\":{\"@type\":\"ImageObject\",\"inLanguage\":\"pt-BR\",\"@id\":\"https:\/\/blogs.funiber.org\/pt\/#\/schema\/person\/image\/\",\"url\":\"https:\/\/secure.gravatar.com\/avatar\/5e87041f7609dc50493cf216754fece1?s=96&d=mm&r=g\",\"contentUrl\":\"https:\/\/secure.gravatar.com\/avatar\/5e87041f7609dc50493cf216754fece1?s=96&d=mm&r=g\",\"caption\":\"Michelle\"},\"url\":\"https:\/\/www.funiber.blog\/pt\/author\/michelle-moreira\"}]}<\/script>\n<!-- \/ Yoast SEO plugin. -->","yoast_head_json":{"title":"Opini\u00f5es: A aten\u00e7\u00e3o do sistema de sa\u00fade\u00a0aos profissionais sanit\u00e1rios","description":"A pandemia causada pelo COVID-19 tem afetado\u00a0os profissionais de sa\u00fade.\u00a0O sistema de sa\u00fade consegue oferecer os recursos necess\u00e1rios para\u00a0proteg\u00ea-los?\u00a0Em entrevista, o Dr. Diego Alexander G\u00f3mez Ceballos, professor do Doutorado em Sa\u00fade P\u00fablica, programa promovido pela FUNIBER, analisa a quest\u00e3o.","robots":{"index":"noindex","follow":"nofollow"},"og_locale":"pt_BR","og_type":"article","og_title":"Opini\u00f5es: A aten\u00e7\u00e3o do sistema de sa\u00fade\u00a0aos profissionais sanit\u00e1rios","og_description":"A pandemia causada pelo COVID-19 tem afetado\u00a0os profissionais de sa\u00fade.\u00a0O sistema de sa\u00fade consegue oferecer os recursos necess\u00e1rios para\u00a0proteg\u00ea-los?\u00a0Em entrevista, o Dr. Diego Alexander G\u00f3mez Ceballos, professor do Doutorado em Sa\u00fade P\u00fablica, programa promovido pela FUNIBER, analisa a quest\u00e3o.","og_url":"https:\/\/blogs.funiber.org\/pt\/saude-e-nutricao\/2020\/05\/13\/funiber-saude-profissionais","og_site_name":"FuniBlogs - FUNIBER","article_publisher":"https:\/\/www.facebook.com\/funiber","article_published_time":"2020-05-13T10:31:31+00:00","article_modified_time":"2020-05-13T10:36:44+00:00","og_image":[{"width":1349,"height":900,"url":"https:\/\/blogs.funiber.org\/pt\/wp-content\/uploads\/2020\/05\/funiber-profesionales-sanitarios.jpg","type":"image\/jpeg"}],"author":"Michelle","twitter_card":"summary_large_image","twitter_creator":"@FUNIBER","twitter_site":"@FUNIBER","twitter_misc":{"Escrito por":"Michelle","Est. tempo de leitura":"6 minutos"},"schema":{"@context":"https:\/\/schema.org","@graph":[{"@type":"Article","@id":"https:\/\/blogs.funiber.org\/pt\/saude-e-nutricao\/2020\/05\/13\/funiber-saude-profissionais#article","isPartOf":{"@id":"https:\/\/blogs.funiber.org\/pt\/saude-e-nutricao\/2020\/05\/13\/funiber-saude-profissionais"},"author":{"name":"Michelle","@id":"https:\/\/blogs.funiber.org\/pt\/#\/schema\/person\/a1eaaa5e57eac866a8c5946946bcf80d"},"headline":"Opini\u00f5es: A aten\u00e7\u00e3o do sistema de sa\u00fade\u00a0aos\u00a0profissionais sanit\u00e1rios","datePublished":"2020-05-13T10:31:31+00:00","dateModified":"2020-05-13T10:36:44+00:00","mainEntityOfPage":{"@id":"https:\/\/blogs.funiber.org\/pt\/saude-e-nutricao\/2020\/05\/13\/funiber-saude-profissionais"},"wordCount":1210,"publisher":{"@id":"https:\/\/blogs.funiber.org\/pt\/#organization"},"keywords":["Atendimento","Bolsas","covid impactos","Doen\u00e7as","Doutorado","Educa\u00e7\u00e3o","Educa\u00e7\u00e3o a Dist\u00e2ncia","enfermeiras","enfermeiros","Estudos","Funiber","FUNIBER Opini\u00f5es","impactos covid","Opini\u00e3o FUNIBER","Opini\u00f5es Funiber","Preven\u00e7\u00e3o","profissionais de sa\u00fade","Psicologia","Sa\u00fade","sistema de sa\u00fade"],"articleSection":["Sa\u00fade e Nutri\u00e7\u00e3o"],"inLanguage":"pt-BR"},{"@type":"WebPage","@id":"https:\/\/blogs.funiber.org\/pt\/saude-e-nutricao\/2020\/05\/13\/funiber-saude-profissionais","url":"https:\/\/blogs.funiber.org\/pt\/saude-e-nutricao\/2020\/05\/13\/funiber-saude-profissionais","name":"Opini\u00f5es: A aten\u00e7\u00e3o do sistema de sa\u00fade\u00a0aos profissionais sanit\u00e1rios","isPartOf":{"@id":"https:\/\/blogs.funiber.org\/pt\/#website"},"datePublished":"2020-05-13T10:31:31+00:00","dateModified":"2020-05-13T10:36:44+00:00","description":"A pandemia causada pelo COVID-19 tem afetado\u00a0os profissionais de sa\u00fade.\u00a0O sistema de sa\u00fade consegue oferecer os recursos necess\u00e1rios para\u00a0proteg\u00ea-los?\u00a0Em entrevista, o Dr. Diego Alexander G\u00f3mez Ceballos, professor do Doutorado em Sa\u00fade P\u00fablica, programa promovido pela FUNIBER, analisa a quest\u00e3o.","breadcrumb":{"@id":"https:\/\/blogs.funiber.org\/pt\/saude-e-nutricao\/2020\/05\/13\/funiber-saude-profissionais#breadcrumb"},"inLanguage":"pt-BR","potentialAction":[{"@type":"ReadAction","target":["https:\/\/blogs.funiber.org\/pt\/saude-e-nutricao\/2020\/05\/13\/funiber-saude-profissionais"]}]},{"@type":"BreadcrumbList","@id":"https:\/\/blogs.funiber.org\/pt\/saude-e-nutricao\/2020\/05\/13\/funiber-saude-profissionais#breadcrumb","itemListElement":[{"@type":"ListItem","position":1,"name":"In\u00edcio","item":"https:\/\/blogs.funiber.org\/pt"},{"@type":"ListItem","position":2,"name":"Opini\u00f5es: A aten\u00e7\u00e3o do sistema de sa\u00fade\u00a0aos\u00a0profissionais sanit\u00e1rios"}]},{"@type":"WebSite","@id":"https:\/\/blogs.funiber.org\/pt\/#website","url":"https:\/\/blogs.funiber.org\/pt\/","name":"FuniBlogs - FUNIBER","description":"","publisher":{"@id":"https:\/\/blogs.funiber.org\/pt\/#organization"},"potentialAction":[{"@type":"SearchAction","target":{"@type":"EntryPoint","urlTemplate":"https:\/\/blogs.funiber.org\/pt\/?s={search_term_string}"},"query-input":"required name=search_term_string"}],"inLanguage":"pt-BR"},{"@type":"Organization","@id":"https:\/\/blogs.funiber.org\/pt\/#organization","name":"FuniBlogs - FUNIBER","url":"https:\/\/blogs.funiber.org\/pt\/","logo":{"@type":"ImageObject","inLanguage":"pt-BR","@id":"https:\/\/blogs.funiber.org\/pt\/#\/schema\/logo\/image\/","url":"https:\/\/www.funiber.blog\/pt\/wp-content\/uploads\/2022\/02\/logo-funiber-pt-br-v-dos.svg","contentUrl":"https:\/\/www.funiber.blog\/pt\/wp-content\/uploads\/2022\/02\/logo-funiber-pt-br-v-dos.svg","width":1,"height":1,"caption":"FuniBlogs - FUNIBER"},"image":{"@id":"https:\/\/blogs.funiber.org\/pt\/#\/schema\/logo\/image\/"},"sameAs":["https:\/\/www.facebook.com\/funiber","https:\/\/twitter.com\/FUNIBER","https:\/\/www.instagram.com\/funiber_becas","https:\/\/www.youtube.com\/user\/funiber","https:\/\/www.linkedin.com\/company\/funiber"]},{"@type":"Person","@id":"https:\/\/blogs.funiber.org\/pt\/#\/schema\/person\/a1eaaa5e57eac866a8c5946946bcf80d","name":"Michelle","image":{"@type":"ImageObject","inLanguage":"pt-BR","@id":"https:\/\/blogs.funiber.org\/pt\/#\/schema\/person\/image\/","url":"https:\/\/secure.gravatar.com\/avatar\/5e87041f7609dc50493cf216754fece1?s=96&d=mm&r=g","contentUrl":"https:\/\/secure.gravatar.com\/avatar\/5e87041f7609dc50493cf216754fece1?s=96&d=mm&r=g","caption":"Michelle"},"url":"https:\/\/www.funiber.blog\/pt\/author\/michelle-moreira"}]}},"jetpack_featured_media_url":"https:\/\/www.funiber.blog\/pt\/wp-content\/uploads\/2020\/05\/funiber-profesionales-sanitarios.jpg","jetpack_shortlink":"https:\/\/wp.me\/p7ee1t-5Kt","jetpack_sharing_enabled":true,"_links":{"self":[{"href":"https:\/\/www.funiber.blog\/pt\/wp-json\/wp\/v2\/posts\/22101"}],"collection":[{"href":"https:\/\/www.funiber.blog\/pt\/wp-json\/wp\/v2\/posts"}],"about":[{"href":"https:\/\/www.funiber.blog\/pt\/wp-json\/wp\/v2\/types\/post"}],"author":[{"embeddable":true,"href":"https:\/\/www.funiber.blog\/pt\/wp-json\/wp\/v2\/users\/10"}],"replies":[{"embeddable":true,"href":"https:\/\/www.funiber.blog\/pt\/wp-json\/wp\/v2\/comments?post=22101"}],"version-history":[{"count":5,"href":"https:\/\/www.funiber.blog\/pt\/wp-json\/wp\/v2\/posts\/22101\/revisions"}],"predecessor-version":[{"id":22105,"href":"https:\/\/www.funiber.blog\/pt\/wp-json\/wp\/v2\/posts\/22101\/revisions\/22105"}],"wp:featuredmedia":[{"embeddable":true,"href":"https:\/\/www.funiber.blog\/pt\/wp-json\/wp\/v2\/media\/22102"}],"wp:attachment":[{"href":"https:\/\/www.funiber.blog\/pt\/wp-json\/wp\/v2\/media?parent=22101"}],"wp:term":[{"taxonomy":"category","embeddable":true,"href":"https:\/\/www.funiber.blog\/pt\/wp-json\/wp\/v2\/categories?post=22101"},{"taxonomy":"post_tag","embeddable":true,"href":"https:\/\/www.funiber.blog\/pt\/wp-json\/wp\/v2\/tags?post=22101"}],"curies":[{"name":"wp","href":"https:\/\/api.w.org\/{rel}","templated":true}]}}