{"id":22305,"date":"2020-06-10T10:22:02","date_gmt":"2020-06-10T15:22:02","guid":{"rendered":"https:\/\/blogs.funiber.org\/pt\/?p=22305"},"modified":"2020-06-15T12:18:31","modified_gmt":"2020-06-15T17:18:31","slug":"funiber-psicologia-empresas","status":"publish","type":"post","link":"https:\/\/www.funiber.blog\/pt\/empresas-e-rh\/2020\/06\/10\/funiber-psicologia-empresas","title":{"rendered":"Opini\u00f5es: Apoio psicol\u00f3gico nas empresas durante a pandemia"},"content":{"rendered":"<h2>Estresse, raiva, ansiedade e medo podem ser efeitos emocionais comuns agora, durante a atual pandemia. No nosso corpo, essas rea\u00e7\u00f5es podem causar altera\u00e7\u00f5es fisiol\u00f3gicas como fadiga, cansa\u00e7o, altera\u00e7\u00f5es no sono, dores de cabe\u00e7a, perda de apetite, entre outras.<\/h2>\n<p>Entrevistamos o Doutor em Psicologia <a href=\"https:\/\/www.funiber.blog\/pt\/saude-e-nutricao\/2018\/03\/24\/funiber-estrategias-agressividade-transito\" target=\"_blank\" rel=\"noopener noreferrer\">David Herrero<\/a>, professor da <a href=\"https:\/\/www.uneatlantico.es\/\" target=\"_blank\" rel=\"noopener noreferrer\">Universidad Europea del Atl\u00e1ntico<\/a>, para entender melhor como esses estados emocionais podem afetar a vida profissional e saber quais medidas poderiam ser as mais adequadas para um ambiente de trabalho saud\u00e1vel.<!--more--><\/p>\n<p>O Dr. David Herrero \u00e9 professor colaborador no <a href=\"https:\/\/www.funiber.org.br\/doutorado-em-psicologia\" target=\"_blank\" rel=\"noopener noreferrer\">Doutorado em Psicologia,<\/a>\u00a0programa promovido por\u00a0<a href=\"http:\/\/www.funiber.org.br\" target=\"_blank\" rel=\"noopener noreferrer\">FUNIBER<\/a>.<\/p>\n<figure id=\"attachment_22306\" aria-describedby=\"caption-attachment-22306\" style=\"width: 600px\" class=\"wp-caption aligncenter\"><a href=\"https:\/\/www.funiber.blog\/pt\/wp-content\/uploads\/2020\/06\/david-herrero-uno.jpg\"><img loading=\"lazy\" decoding=\"async\" data-attachment-id=\"22306\" data-permalink=\"https:\/\/www.funiber.blog\/pt\/empresas-e-rh\/2020\/06\/10\/funiber-psicologia-empresas\/attachment\/dav\" data-orig-file=\"https:\/\/www.funiber.blog\/pt\/wp-content\/uploads\/2020\/06\/david-herrero-uno.jpg\" data-orig-size=\"1271,814\" data-comments-opened=\"0\" data-image-meta=\"{&quot;aperture&quot;:&quot;2&quot;,&quot;credit&quot;:&quot;&quot;,&quot;camera&quot;:&quot;PRA-LX1&quot;,&quot;caption&quot;:&quot;dav&quot;,&quot;created_timestamp&quot;:&quot;1591692388&quot;,&quot;copyright&quot;:&quot;&quot;,&quot;focal_length&quot;:&quot;2.84&quot;,&quot;iso&quot;:&quot;100&quot;,&quot;shutter_speed&quot;:&quot;0.025&quot;,&quot;title&quot;:&quot;dav&quot;,&quot;orientation&quot;:&quot;1&quot;}\" data-image-title=\"dav\" data-image-description=\"&lt;p&gt;dav&lt;\/p&gt;\n\" data-image-caption=\"&lt;p&gt;dav&lt;\/p&gt;\n\" data-medium-file=\"https:\/\/www.funiber.blog\/pt\/wp-content\/uploads\/2020\/06\/david-herrero-uno-400x256.jpg\" data-large-file=\"https:\/\/www.funiber.blog\/pt\/wp-content\/uploads\/2020\/06\/david-herrero-uno-400x256.jpg\" class=\"wp-image-22306\" src=\"https:\/\/www.funiber.blog\/pt\/wp-content\/uploads\/2020\/06\/david-herrero-uno.jpg\" alt=\"dav\" width=\"600\" height=\"384\" srcset=\"https:\/\/www.funiber.blog\/pt\/wp-content\/uploads\/2020\/06\/david-herrero-uno.jpg 1271w, https:\/\/www.funiber.blog\/pt\/wp-content\/uploads\/2020\/06\/david-herrero-uno-400x256.jpg 400w, https:\/\/www.funiber.blog\/pt\/wp-content\/uploads\/2020\/06\/david-herrero-uno-768x492.jpg 768w\" sizes=\"(max-width: 600px) 100vw, 600px\" \/><\/a><figcaption id=\"caption-attachment-22306\" class=\"wp-caption-text\">Dr. David Herrero, professor colaborador no Doutorado em Psicologia<\/figcaption><\/figure>\n<p><strong>Como essas rea\u00e7\u00f5es emocionais e f\u00edsicas podem afetar a produtividade dos funcion\u00e1rios da empresa?<\/strong><\/p>\n<p>Se eu tivesse que descrever em uma palavra o que vivemos durante esse per\u00edodo de confinamento e estado de emerg\u00eancia, descreveria como incerteza. Todos os dias vimos na m\u00eddia dados realmente alarmantes sobre a magnitude da pandemia, em todos os n\u00edveis: sa\u00fade, economia etc. Al\u00e9m disso, ainda n\u00e3o se sabia (at\u00e9 agora) o que isso significaria para nossa vida social e profissional. O fato de ter que permanecer trancado em casa, com uma extrema limita\u00e7\u00e3o de movimentos, conseguiu provocar toda a sintomatologia mencionada anteriormente. Com toda a probabilidade, isso pode ter consequ\u00eancias negativas para os trabalhadores, que, ao voltarem ao trabalho, ter\u00e3o de cumprir uma s\u00e9rie de regulamentos a dist\u00e2ncia. No entanto, o ser humano tem uma incr\u00edvel capacidade de adapta\u00e7\u00e3o, e muito provavelmente acabaremos nos acostumando a essa nova situa\u00e7\u00e3o dentro de alguns meses, voltando aos n\u00edveis de produ\u00e7\u00e3o pr\u00e9-crise (do ponto de vista do fator humano).<\/p>\n<p><strong>Que tipos de medidas seriam mais apropriadas para as empresas adotarem durante e ap\u00f3s a pandemia para garantir o bom trabalho e a sa\u00fade mental de seus funcion\u00e1rios?<\/strong><\/p>\n<p>Eu acho que o mais importante \u00e9 tentar evitar cair em alarmismos irracionais. Logicamente, \u00e9 essencial realizar uma s\u00e9rie de medidas profil\u00e1ticas, baseadas principalmente no uso de m\u00e1scara e dist\u00e2ncia social. Evitar dar a impress\u00e3o de supervis\u00e3o excessiva dos funcion\u00e1rios \u00e9 importante para tentar normalizar essa situa\u00e7\u00e3o. Por outro lado, promover a reconcilia\u00e7\u00e3o familiar \u00e9 algo que n\u00e3o podemos esquecer. Em muitas fam\u00edlias, isso causou um estresse muito alto.<\/p>\n<p><strong>Existem manuais ou recomenda\u00e7\u00f5es de apoio psicol\u00f3gico de organiza\u00e7\u00f5es internacionais ou institui\u00e7\u00f5es colegiadas que s\u00e3o refer\u00eancias para empresas?<\/strong><\/p>\n<p>V\u00e1rias faculdades oficiais de psic\u00f3logos publicaram guias para ajudar a reduzir os sintomas depressivos da ansiedade t\u00edpicos desse per\u00edodo, que podem ser perfeitamente aplicados nas empresas.<\/p>\n<p><strong>Embora os esfor\u00e7os em sa\u00fade mental tenham aumentado nos \u00faltimos anos, ainda h\u00e1 muito a ser feito. Voc\u00ea acha que a maioria das empresas estar\u00e1 interessada em adotar medidas de apoio psicol\u00f3gico para os funcion\u00e1rios neste momento?<\/strong><\/p>\n<p>Acredito que, enquanto os funcion\u00e1rios continuarem a fazer seu trabalho, as empresas geralmente n\u00e3o v\u00e3o se preocupar com a sa\u00fade mental de seus funcion\u00e1rios, pelo menos n\u00e3o de maneira diferente do que antes da crise. Aqueles que j\u00e1 fizeram, certamente continuam fazendo. E aqueles que n\u00e3o (devido \u00e0 falta de meios, recursos, entre outros), provavelmente ainda n\u00e3o o fazem.<\/p>\n<p><strong>Um dos problemas que mais podem afetar a retomada p\u00f3s-pandemia seria o equil\u00edbrio entre vida profissional e pessoal. Como as empresas poderiam se organizar para reduzir o impacto dessa situa\u00e7\u00e3o, principalmente para as m\u00e3es?<\/strong><\/p>\n<p>Ao longo desses tr\u00eas meses, aprendemos a teletrabalhar. Algo que em muitos casos nos assustou, n\u00e3o sab\u00edamos, e aprendemos uma metodologia com enormes capacidades. Incentivar a reconcilia\u00e7\u00e3o \u00e9 essencial como parte do cuidado psicol\u00f3gico dos trabalhadores, e \u00e9 importante dar flexibilidade sempre que poss\u00edvel (o que nem sempre pode ser feito, devido ao tipo de trabalho) ao teletrabalho diante do contato pessoal. No teletrabalho, tornar as horas flex\u00edveis seria outra op\u00e7\u00e3o. Em suma, acredito que h\u00e1 casos em que o teletrabalho poderia ou deveria ser estabelecido como uma op\u00e7\u00e3o preferida.<\/p>\n<p>&nbsp;<\/p>\n<p><strong>Esta entrevista faz parte do Especial <\/strong><a href=\"https:\/\/translate.google.com\/translate?hl=pt-BR&amp;prev=_t&amp;sl=es&amp;tl=pt&amp;u=https:\/\/blogs.funiber.org\/direccion-empresarial\/2020\/05\/05\/funiber-entrevistas-impactos\"><strong><em>Impactos\u00a0<\/em><\/strong><\/a><a href=\"https:\/\/www.funiber.blog\/pt\/empresas-e-rh\/2020\/05\/05\/funiber-covid-saude-mental\" target=\"_blank\" rel=\"noopener noreferrer\"><strong><em>do COVID-19 para a sa\u00fade mental<\/em><\/strong><\/a><strong>, uma s\u00e9rie de entrevistas promovidas pela <a href=\"http:\/\/www.funiber.org.br\" target=\"_blank\" rel=\"noopener noreferrer\">FUNIBER<\/a>, que buscam analisar os efeitos, recomenda\u00e7\u00f5es e a\u00e7\u00f5es necess\u00e1rias para cuidar da sa\u00fade mental de diferentes grupos durante e ap\u00f3s a pandemia.\u00a0<\/strong><\/p>\n<p>&nbsp;<\/p>\n","protected":false},"excerpt":{"rendered":"<p>Estresse, raiva, ansiedade e medo podem ser efeitos emocionais comuns agora, durante a atual pandemia. No nosso corpo, essas rea\u00e7\u00f5es podem causar altera\u00e7\u00f5es fisiol\u00f3gicas como fadiga, cansa\u00e7o, altera\u00e7\u00f5es no sono, dores de cabe\u00e7a, perda de apetite, entre outras. Entrevistamos o Doutor em Psicologia David Herrero, professor da Universidad Europea del Atl\u00e1ntico, para entender melhor como [&hellip;]<\/p>\n","protected":false},"author":10,"featured_media":22307,"comment_status":"closed","ping_status":"closed","sticky":false,"template":"","format":"standard","meta":{"jetpack_post_was_ever_published":false,"_jetpack_newsletter_access":"","_jetpack_newsletter_tier_id":0,"footnotes":"","jetpack_publicize_message":"","jetpack_is_tweetstorm":false,"jetpack_publicize_feature_enabled":true,"jetpack_social_post_already_shared":true,"jetpack_social_options":{"image_generator_settings":{"template":"highway","enabled":false}}},"categories":[8],"tags":[6237,1242,5968,6177,6033,855,285,408,172,119,248,911,6166,671,641,255,6035,178,113],"jetpack_publicize_connections":[],"yoast_head":"<!-- This site is optimized with the Yoast SEO plugin v21.7 - https:\/\/yoast.com\/wordpress\/plugins\/seo\/ -->\n<title>Opini\u00f5es: Apoio psicol\u00f3gico nas empresas durante a pandemia<\/title>\n<meta name=\"description\" content=\"Estresse, raiva, ansiedade e medo podem ser efeitos emocionais comuns agora, durante a atual pandemia. No nosso corpo, essas rea\u00e7\u00f5es podem causar altera\u00e7\u00f5es fisiol\u00f3gicas como fadiga, cansa\u00e7o, altera\u00e7\u00f5es no sono, dores de cabe\u00e7a, perda de apetite, entre outras.\" \/>\n<meta name=\"robots\" content=\"noindex, nofollow\" \/>\n<meta property=\"og:locale\" content=\"pt_BR\" \/>\n<meta property=\"og:type\" content=\"article\" \/>\n<meta property=\"og:title\" content=\"Opini\u00f5es: Apoio psicol\u00f3gico nas empresas durante a pandemia\" \/>\n<meta property=\"og:description\" content=\"Estresse, raiva, ansiedade e medo podem ser efeitos emocionais comuns agora, durante a atual pandemia. No nosso corpo, essas rea\u00e7\u00f5es podem causar altera\u00e7\u00f5es fisiol\u00f3gicas como fadiga, cansa\u00e7o, altera\u00e7\u00f5es no sono, dores de cabe\u00e7a, perda de apetite, entre outras.\" \/>\n<meta property=\"og:url\" content=\"https:\/\/blogs.funiber.org\/pt\/empresas-e-rh\/2020\/06\/10\/funiber-psicologia-empresas\" \/>\n<meta property=\"og:site_name\" content=\"FuniBlogs - FUNIBER\" \/>\n<meta property=\"article:publisher\" content=\"https:\/\/www.facebook.com\/funiber\" \/>\n<meta property=\"article:published_time\" content=\"2020-06-10T15:22:02+00:00\" \/>\n<meta property=\"article:modified_time\" content=\"2020-06-15T17:18:31+00:00\" \/>\n<meta property=\"og:image\" content=\"https:\/\/blogs.funiber.org\/pt\/wp-content\/uploads\/2020\/06\/funiber-apoio-empresas.jpg\" \/>\n\t<meta property=\"og:image:width\" content=\"570\" \/>\n\t<meta property=\"og:image:height\" content=\"350\" \/>\n\t<meta property=\"og:image:type\" content=\"image\/jpeg\" \/>\n<meta name=\"author\" content=\"Michelle\" \/>\n<meta name=\"twitter:card\" content=\"summary_large_image\" \/>\n<meta name=\"twitter:creator\" content=\"@FUNIBER\" \/>\n<meta name=\"twitter:site\" content=\"@FUNIBER\" \/>\n<meta name=\"twitter:label1\" content=\"Escrito por\" \/>\n\t<meta name=\"twitter:data1\" content=\"Michelle\" \/>\n\t<meta name=\"twitter:label2\" content=\"Est. tempo de leitura\" \/>\n\t<meta name=\"twitter:data2\" content=\"4 minutos\" \/>\n<script type=\"application\/ld+json\" class=\"yoast-schema-graph\">{\"@context\":\"https:\/\/schema.org\",\"@graph\":[{\"@type\":\"Article\",\"@id\":\"https:\/\/blogs.funiber.org\/pt\/empresas-e-rh\/2020\/06\/10\/funiber-psicologia-empresas#article\",\"isPartOf\":{\"@id\":\"https:\/\/blogs.funiber.org\/pt\/empresas-e-rh\/2020\/06\/10\/funiber-psicologia-empresas\"},\"author\":{\"name\":\"Michelle\",\"@id\":\"https:\/\/blogs.funiber.org\/pt\/#\/schema\/person\/a1eaaa5e57eac866a8c5946946bcf80d\"},\"headline\":\"Opini\u00f5es: Apoio psicol\u00f3gico nas empresas durante a pandemia\",\"datePublished\":\"2020-06-10T15:22:02+00:00\",\"dateModified\":\"2020-06-15T17:18:31+00:00\",\"mainEntityOfPage\":{\"@id\":\"https:\/\/blogs.funiber.org\/pt\/empresas-e-rh\/2020\/06\/10\/funiber-psicologia-empresas\"},\"wordCount\":763,\"publisher\":{\"@id\":\"https:\/\/blogs.funiber.org\/pt\/#organization\"},\"keywords\":[\"apoio psicol\u00f3gico\",\"Bolsas\",\"coronav\u00edrus\",\"covid impactos\",\"Covid-19\",\"Doutorado\",\"Educa\u00e7\u00e3o\",\"Educa\u00e7\u00e3o a Dist\u00e2ncia\",\"Empresas\",\"Estudos\",\"Funiber\",\"FUNIBER Opini\u00f5es\",\"impactos covid\",\"mestrado\",\"Opini\u00e3o FUNIBER\",\"Opini\u00f5es Funiber\",\"pandemia\",\"Psicologia\",\"Sa\u00fade\"],\"articleSection\":[\"Empresas, Dire\u00e7\u00e3o e RH\"],\"inLanguage\":\"pt-BR\"},{\"@type\":\"WebPage\",\"@id\":\"https:\/\/blogs.funiber.org\/pt\/empresas-e-rh\/2020\/06\/10\/funiber-psicologia-empresas\",\"url\":\"https:\/\/blogs.funiber.org\/pt\/empresas-e-rh\/2020\/06\/10\/funiber-psicologia-empresas\",\"name\":\"Opini\u00f5es: Apoio psicol\u00f3gico nas empresas durante a pandemia\",\"isPartOf\":{\"@id\":\"https:\/\/blogs.funiber.org\/pt\/#website\"},\"datePublished\":\"2020-06-10T15:22:02+00:00\",\"dateModified\":\"2020-06-15T17:18:31+00:00\",\"description\":\"Estresse, raiva, ansiedade e medo podem ser efeitos emocionais comuns agora, durante a atual pandemia. No nosso corpo, essas rea\u00e7\u00f5es podem causar altera\u00e7\u00f5es fisiol\u00f3gicas como fadiga, cansa\u00e7o, altera\u00e7\u00f5es no sono, dores de cabe\u00e7a, perda de apetite, entre outras.\",\"breadcrumb\":{\"@id\":\"https:\/\/blogs.funiber.org\/pt\/empresas-e-rh\/2020\/06\/10\/funiber-psicologia-empresas#breadcrumb\"},\"inLanguage\":\"pt-BR\",\"potentialAction\":[{\"@type\":\"ReadAction\",\"target\":[\"https:\/\/blogs.funiber.org\/pt\/empresas-e-rh\/2020\/06\/10\/funiber-psicologia-empresas\"]}]},{\"@type\":\"BreadcrumbList\",\"@id\":\"https:\/\/blogs.funiber.org\/pt\/empresas-e-rh\/2020\/06\/10\/funiber-psicologia-empresas#breadcrumb\",\"itemListElement\":[{\"@type\":\"ListItem\",\"position\":1,\"name\":\"In\u00edcio\",\"item\":\"https:\/\/blogs.funiber.org\/pt\"},{\"@type\":\"ListItem\",\"position\":2,\"name\":\"Opini\u00f5es: Apoio psicol\u00f3gico nas empresas durante a pandemia\"}]},{\"@type\":\"WebSite\",\"@id\":\"https:\/\/blogs.funiber.org\/pt\/#website\",\"url\":\"https:\/\/blogs.funiber.org\/pt\/\",\"name\":\"FuniBlogs - FUNIBER\",\"description\":\"\",\"publisher\":{\"@id\":\"https:\/\/blogs.funiber.org\/pt\/#organization\"},\"potentialAction\":[{\"@type\":\"SearchAction\",\"target\":{\"@type\":\"EntryPoint\",\"urlTemplate\":\"https:\/\/blogs.funiber.org\/pt\/?s={search_term_string}\"},\"query-input\":\"required name=search_term_string\"}],\"inLanguage\":\"pt-BR\"},{\"@type\":\"Organization\",\"@id\":\"https:\/\/blogs.funiber.org\/pt\/#organization\",\"name\":\"FuniBlogs - FUNIBER\",\"url\":\"https:\/\/blogs.funiber.org\/pt\/\",\"logo\":{\"@type\":\"ImageObject\",\"inLanguage\":\"pt-BR\",\"@id\":\"https:\/\/blogs.funiber.org\/pt\/#\/schema\/logo\/image\/\",\"url\":\"https:\/\/www.funiber.blog\/pt\/wp-content\/uploads\/2022\/02\/logo-funiber-pt-br-v-dos.svg\",\"contentUrl\":\"https:\/\/www.funiber.blog\/pt\/wp-content\/uploads\/2022\/02\/logo-funiber-pt-br-v-dos.svg\",\"width\":1,\"height\":1,\"caption\":\"FuniBlogs - FUNIBER\"},\"image\":{\"@id\":\"https:\/\/blogs.funiber.org\/pt\/#\/schema\/logo\/image\/\"},\"sameAs\":[\"https:\/\/www.facebook.com\/funiber\",\"https:\/\/twitter.com\/FUNIBER\",\"https:\/\/www.instagram.com\/funiber_becas\",\"https:\/\/www.youtube.com\/user\/funiber\",\"https:\/\/www.linkedin.com\/company\/funiber\"]},{\"@type\":\"Person\",\"@id\":\"https:\/\/blogs.funiber.org\/pt\/#\/schema\/person\/a1eaaa5e57eac866a8c5946946bcf80d\",\"name\":\"Michelle\",\"image\":{\"@type\":\"ImageObject\",\"inLanguage\":\"pt-BR\",\"@id\":\"https:\/\/blogs.funiber.org\/pt\/#\/schema\/person\/image\/\",\"url\":\"https:\/\/secure.gravatar.com\/avatar\/5e87041f7609dc50493cf216754fece1?s=96&d=mm&r=g\",\"contentUrl\":\"https:\/\/secure.gravatar.com\/avatar\/5e87041f7609dc50493cf216754fece1?s=96&d=mm&r=g\",\"caption\":\"Michelle\"},\"url\":\"https:\/\/www.funiber.blog\/pt\/author\/michelle-moreira\"}]}<\/script>\n<!-- \/ Yoast SEO plugin. -->","yoast_head_json":{"title":"Opini\u00f5es: Apoio psicol\u00f3gico nas empresas durante a pandemia","description":"Estresse, raiva, ansiedade e medo podem ser efeitos emocionais comuns agora, durante a atual pandemia. No nosso corpo, essas rea\u00e7\u00f5es podem causar altera\u00e7\u00f5es fisiol\u00f3gicas como fadiga, cansa\u00e7o, altera\u00e7\u00f5es no sono, dores de cabe\u00e7a, perda de apetite, entre outras.","robots":{"index":"noindex","follow":"nofollow"},"og_locale":"pt_BR","og_type":"article","og_title":"Opini\u00f5es: Apoio psicol\u00f3gico nas empresas durante a pandemia","og_description":"Estresse, raiva, ansiedade e medo podem ser efeitos emocionais comuns agora, durante a atual pandemia. No nosso corpo, essas rea\u00e7\u00f5es podem causar altera\u00e7\u00f5es fisiol\u00f3gicas como fadiga, cansa\u00e7o, altera\u00e7\u00f5es no sono, dores de cabe\u00e7a, perda de apetite, entre outras.","og_url":"https:\/\/blogs.funiber.org\/pt\/empresas-e-rh\/2020\/06\/10\/funiber-psicologia-empresas","og_site_name":"FuniBlogs - FUNIBER","article_publisher":"https:\/\/www.facebook.com\/funiber","article_published_time":"2020-06-10T15:22:02+00:00","article_modified_time":"2020-06-15T17:18:31+00:00","og_image":[{"width":570,"height":350,"url":"https:\/\/blogs.funiber.org\/pt\/wp-content\/uploads\/2020\/06\/funiber-apoio-empresas.jpg","type":"image\/jpeg"}],"author":"Michelle","twitter_card":"summary_large_image","twitter_creator":"@FUNIBER","twitter_site":"@FUNIBER","twitter_misc":{"Escrito por":"Michelle","Est. tempo de leitura":"4 minutos"},"schema":{"@context":"https:\/\/schema.org","@graph":[{"@type":"Article","@id":"https:\/\/blogs.funiber.org\/pt\/empresas-e-rh\/2020\/06\/10\/funiber-psicologia-empresas#article","isPartOf":{"@id":"https:\/\/blogs.funiber.org\/pt\/empresas-e-rh\/2020\/06\/10\/funiber-psicologia-empresas"},"author":{"name":"Michelle","@id":"https:\/\/blogs.funiber.org\/pt\/#\/schema\/person\/a1eaaa5e57eac866a8c5946946bcf80d"},"headline":"Opini\u00f5es: Apoio psicol\u00f3gico nas empresas durante a pandemia","datePublished":"2020-06-10T15:22:02+00:00","dateModified":"2020-06-15T17:18:31+00:00","mainEntityOfPage":{"@id":"https:\/\/blogs.funiber.org\/pt\/empresas-e-rh\/2020\/06\/10\/funiber-psicologia-empresas"},"wordCount":763,"publisher":{"@id":"https:\/\/blogs.funiber.org\/pt\/#organization"},"keywords":["apoio psicol\u00f3gico","Bolsas","coronav\u00edrus","covid impactos","Covid-19","Doutorado","Educa\u00e7\u00e3o","Educa\u00e7\u00e3o a Dist\u00e2ncia","Empresas","Estudos","Funiber","FUNIBER Opini\u00f5es","impactos covid","mestrado","Opini\u00e3o FUNIBER","Opini\u00f5es Funiber","pandemia","Psicologia","Sa\u00fade"],"articleSection":["Empresas, Dire\u00e7\u00e3o e RH"],"inLanguage":"pt-BR"},{"@type":"WebPage","@id":"https:\/\/blogs.funiber.org\/pt\/empresas-e-rh\/2020\/06\/10\/funiber-psicologia-empresas","url":"https:\/\/blogs.funiber.org\/pt\/empresas-e-rh\/2020\/06\/10\/funiber-psicologia-empresas","name":"Opini\u00f5es: Apoio psicol\u00f3gico nas empresas durante a pandemia","isPartOf":{"@id":"https:\/\/blogs.funiber.org\/pt\/#website"},"datePublished":"2020-06-10T15:22:02+00:00","dateModified":"2020-06-15T17:18:31+00:00","description":"Estresse, raiva, ansiedade e medo podem ser efeitos emocionais comuns agora, durante a atual pandemia. No nosso corpo, essas rea\u00e7\u00f5es podem causar altera\u00e7\u00f5es fisiol\u00f3gicas como fadiga, cansa\u00e7o, altera\u00e7\u00f5es no sono, dores de cabe\u00e7a, perda de apetite, entre outras.","breadcrumb":{"@id":"https:\/\/blogs.funiber.org\/pt\/empresas-e-rh\/2020\/06\/10\/funiber-psicologia-empresas#breadcrumb"},"inLanguage":"pt-BR","potentialAction":[{"@type":"ReadAction","target":["https:\/\/blogs.funiber.org\/pt\/empresas-e-rh\/2020\/06\/10\/funiber-psicologia-empresas"]}]},{"@type":"BreadcrumbList","@id":"https:\/\/blogs.funiber.org\/pt\/empresas-e-rh\/2020\/06\/10\/funiber-psicologia-empresas#breadcrumb","itemListElement":[{"@type":"ListItem","position":1,"name":"In\u00edcio","item":"https:\/\/blogs.funiber.org\/pt"},{"@type":"ListItem","position":2,"name":"Opini\u00f5es: Apoio psicol\u00f3gico nas empresas durante a pandemia"}]},{"@type":"WebSite","@id":"https:\/\/blogs.funiber.org\/pt\/#website","url":"https:\/\/blogs.funiber.org\/pt\/","name":"FuniBlogs - FUNIBER","description":"","publisher":{"@id":"https:\/\/blogs.funiber.org\/pt\/#organization"},"potentialAction":[{"@type":"SearchAction","target":{"@type":"EntryPoint","urlTemplate":"https:\/\/blogs.funiber.org\/pt\/?s={search_term_string}"},"query-input":"required name=search_term_string"}],"inLanguage":"pt-BR"},{"@type":"Organization","@id":"https:\/\/blogs.funiber.org\/pt\/#organization","name":"FuniBlogs - FUNIBER","url":"https:\/\/blogs.funiber.org\/pt\/","logo":{"@type":"ImageObject","inLanguage":"pt-BR","@id":"https:\/\/blogs.funiber.org\/pt\/#\/schema\/logo\/image\/","url":"https:\/\/www.funiber.blog\/pt\/wp-content\/uploads\/2022\/02\/logo-funiber-pt-br-v-dos.svg","contentUrl":"https:\/\/www.funiber.blog\/pt\/wp-content\/uploads\/2022\/02\/logo-funiber-pt-br-v-dos.svg","width":1,"height":1,"caption":"FuniBlogs - FUNIBER"},"image":{"@id":"https:\/\/blogs.funiber.org\/pt\/#\/schema\/logo\/image\/"},"sameAs":["https:\/\/www.facebook.com\/funiber","https:\/\/twitter.com\/FUNIBER","https:\/\/www.instagram.com\/funiber_becas","https:\/\/www.youtube.com\/user\/funiber","https:\/\/www.linkedin.com\/company\/funiber"]},{"@type":"Person","@id":"https:\/\/blogs.funiber.org\/pt\/#\/schema\/person\/a1eaaa5e57eac866a8c5946946bcf80d","name":"Michelle","image":{"@type":"ImageObject","inLanguage":"pt-BR","@id":"https:\/\/blogs.funiber.org\/pt\/#\/schema\/person\/image\/","url":"https:\/\/secure.gravatar.com\/avatar\/5e87041f7609dc50493cf216754fece1?s=96&d=mm&r=g","contentUrl":"https:\/\/secure.gravatar.com\/avatar\/5e87041f7609dc50493cf216754fece1?s=96&d=mm&r=g","caption":"Michelle"},"url":"https:\/\/www.funiber.blog\/pt\/author\/michelle-moreira"}]}},"jetpack_featured_media_url":"https:\/\/www.funiber.blog\/pt\/wp-content\/uploads\/2020\/06\/funiber-apoio-empresas.jpg","jetpack_shortlink":"https:\/\/wp.me\/p7ee1t-5NL","jetpack_sharing_enabled":true,"_links":{"self":[{"href":"https:\/\/www.funiber.blog\/pt\/wp-json\/wp\/v2\/posts\/22305"}],"collection":[{"href":"https:\/\/www.funiber.blog\/pt\/wp-json\/wp\/v2\/posts"}],"about":[{"href":"https:\/\/www.funiber.blog\/pt\/wp-json\/wp\/v2\/types\/post"}],"author":[{"embeddable":true,"href":"https:\/\/www.funiber.blog\/pt\/wp-json\/wp\/v2\/users\/10"}],"replies":[{"embeddable":true,"href":"https:\/\/www.funiber.blog\/pt\/wp-json\/wp\/v2\/comments?post=22305"}],"version-history":[{"count":2,"href":"https:\/\/www.funiber.blog\/pt\/wp-json\/wp\/v2\/posts\/22305\/revisions"}],"predecessor-version":[{"id":22335,"href":"https:\/\/www.funiber.blog\/pt\/wp-json\/wp\/v2\/posts\/22305\/revisions\/22335"}],"wp:featuredmedia":[{"embeddable":true,"href":"https:\/\/www.funiber.blog\/pt\/wp-json\/wp\/v2\/media\/22307"}],"wp:attachment":[{"href":"https:\/\/www.funiber.blog\/pt\/wp-json\/wp\/v2\/media?parent=22305"}],"wp:term":[{"taxonomy":"category","embeddable":true,"href":"https:\/\/www.funiber.blog\/pt\/wp-json\/wp\/v2\/categories?post=22305"},{"taxonomy":"post_tag","embeddable":true,"href":"https:\/\/www.funiber.blog\/pt\/wp-json\/wp\/v2\/tags?post=22305"}],"curies":[{"name":"wp","href":"https:\/\/api.w.org\/{rel}","templated":true}]}}