{"id":2253,"date":"2012-06-29T21:07:28","date_gmt":"2012-06-29T20:07:28","guid":{"rendered":"http:\/\/blogs.funiber.org\/pt\/?p=2253"},"modified":"2012-06-29T21:07:28","modified_gmt":"2012-06-29T20:07:28","slug":"eua-lanca-plano-para-combater-o-alzheimer","status":"publish","type":"post","link":"https:\/\/www.funiber.blog\/pt\/gerontologia\/2012\/06\/29\/eua-lanca-plano-para-combater-o-alzheimer","title":{"rendered":"EUA lan\u00e7a plano para combater o Alzheimer"},"content":{"rendered":"<p>O Alzheimer \u00e9 uma doen\u00e7a que afeta hoje 5,1 milh\u00f5es de americanos. Os especialistas estimam que, sem contar com medicamentos mais eficazes que os atuais, o n\u00famero de pacientes com esta doen\u00e7a se duplicar\u00e1 at\u00e9 2050, sendo que os custos com sa\u00fade podem suplantar um bilh\u00e3o de d\u00f3lares anuais. Por esta raz\u00e3o, a administra\u00e7\u00e3o de Obama lan\u00e7ou um ambicioso plano para desenvolver novos estudos e tratamentos que permitam reduzir ou controlar de forma mais efetiva os casos de Alzheimer.\u00a0 Para informar a popula\u00e7\u00e3o sobre os tratamentos e cuidados que requerem os pacientes com Alzheimer, foi lan\u00e7ado o portal <span style=\"text-decoration: underline\"><a href=\"http:\/\/www.alzheimers.gov\/\">www.alzheimers.gov<\/a><\/span>. O governo tamb\u00e9m continuar\u00e1 dando apoio a m\u00e9dicos e pesquisadores no intuito de reduzir o aumento da doen\u00e7a. \u00a0 \u00a0 \u00a0 \u00a0 \u00a0<!--more-->Um dos projetos aponta o desenvolvimento de um rem\u00e9dio que ataca a prote\u00edna amiloide, que poderia ser a causa do Alzheimer. Outro projeto procurou desenvolver um aerossol nasal de insulina para que pacientes com a essa doen\u00e7a degenerativa recuperem a mem\u00f3ria.<\/p>\n<p>Um estudo realizado para medir a efic\u00e1cia do aerossol, realizado pela Universidade de Washington, mostrava melhoras na mem\u00f3ria em pessoas com Alzheimer e nos pacientes que padeciam de deteriora\u00e7\u00e3o cognitiva leve amn\u00e9sica.<\/p>\n<p>Obama designou um or\u00e7amento de 50 milh\u00f5es de d\u00f3lares para que se execute o plano nacional do Alzheimer para o ano fiscal de 2012. Tamb\u00e9m se prev\u00ea destinar 100 milh\u00f5es de d\u00f3lares para o plano de 2013, considerando 80 milh\u00f5es para pesquisa, 4,2 milh\u00f5es para conscientiza\u00e7\u00e3o da popula\u00e7\u00e3o, 4 milh\u00f5es para a educa\u00e7\u00e3o de fornecedores, 10,5 milh\u00f5es para o apoio aos cuidadores e 1,3 milh\u00f5es de d\u00f3lares para melhorar os m\u00e9todos de coleta de dados.<\/p>\n<p>Fonte: Web, Medline Plus<\/p>\n<p>Data de publica\u00e7\u00e3o: 15 de maio do 2012.<\/p>\n<p>Endere\u00e7o: <a href=\"http:\/\/www.nlm.nih.gov\/medlineplus\/spanish\/news\/fullstory_125231.html\">http:\/\/www.nlm.nih.gov\/medlineplus\/spanish\/news\/fullstory_125231.html<\/a><\/p>\n","protected":false},"excerpt":{"rendered":"<p>O Alzheimer \u00e9 uma doen\u00e7a que afeta hoje 5,1 milh\u00f5es de americanos. Os especialistas estimam que, sem contar com medicamentos mais eficazes que os atuais, o n\u00famero de pacientes com esta doen\u00e7a se duplicar\u00e1 at\u00e9 2050, sendo que os custos com sa\u00fade podem suplantar um bilh\u00e3o de d\u00f3lares anuais. Por esta raz\u00e3o, a administra\u00e7\u00e3o de [&hellip;]<\/p>\n","protected":false},"author":13,"featured_media":0,"comment_status":"open","ping_status":"open","sticky":false,"template":"","format":"standard","meta":{"jetpack_post_was_ever_published":false,"_jetpack_newsletter_access":"","_jetpack_newsletter_tier_id":0,"footnotes":"","jetpack_publicize_message":"","jetpack_is_tweetstorm":false,"jetpack_publicize_feature_enabled":true,"jetpack_social_post_already_shared":false,"jetpack_social_options":{"image_generator_settings":{"template":"highway","enabled":false}}},"categories":[1],"tags":[],"jetpack_publicize_connections":[],"yoast_head":"<!-- This site is optimized with the Yoast SEO plugin v21.7 - https:\/\/yoast.com\/wordpress\/plugins\/seo\/ -->\n<title>EUA lan\u00e7a plano para combater o Alzheimer  - FuniBlogs - FUNIBER<\/title>\n<meta name=\"robots\" content=\"index, follow, max-snippet:-1, max-image-preview:large, max-video-preview:-1\" \/>\n<link rel=\"canonical\" href=\"https:\/\/blogs.funiber.org\/pt\/gerontologia\/2012\/06\/29\/eua-lanca-plano-para-combater-o-alzheimer\" \/>\n<meta property=\"og:locale\" content=\"pt_BR\" \/>\n<meta property=\"og:type\" content=\"article\" \/>\n<meta property=\"og:title\" content=\"EUA lan\u00e7a plano para combater o Alzheimer  - FuniBlogs - FUNIBER\" \/>\n<meta property=\"og:description\" content=\"O Alzheimer \u00e9 uma doen\u00e7a que afeta hoje 5,1 milh\u00f5es de americanos. Os especialistas estimam que, sem contar com medicamentos mais eficazes que os atuais, o n\u00famero de pacientes com esta doen\u00e7a se duplicar\u00e1 at\u00e9 2050, sendo que os custos com sa\u00fade podem suplantar um bilh\u00e3o de d\u00f3lares anuais. Por esta raz\u00e3o, a administra\u00e7\u00e3o de [&hellip;]\" \/>\n<meta property=\"og:url\" content=\"https:\/\/blogs.funiber.org\/pt\/gerontologia\/2012\/06\/29\/eua-lanca-plano-para-combater-o-alzheimer\" \/>\n<meta property=\"og:site_name\" content=\"FuniBlogs - FUNIBER\" \/>\n<meta property=\"article:publisher\" content=\"https:\/\/www.facebook.com\/funiber\" \/>\n<meta property=\"article:published_time\" content=\"2012-06-29T20:07:28+00:00\" \/>\n<meta name=\"author\" content=\"Administrador Blogs CT\" \/>\n<meta name=\"twitter:card\" content=\"summary_large_image\" \/>\n<meta name=\"twitter:creator\" content=\"@FUNIBER\" \/>\n<meta name=\"twitter:site\" content=\"@FUNIBER\" \/>\n<meta name=\"twitter:label1\" content=\"Escrito por\" \/>\n\t<meta name=\"twitter:data1\" content=\"Administrador Blogs CT\" \/>\n\t<meta name=\"twitter:label2\" content=\"Est. tempo de leitura\" \/>\n\t<meta name=\"twitter:data2\" content=\"2 minutos\" \/>\n<script type=\"application\/ld+json\" class=\"yoast-schema-graph\">{\"@context\":\"https:\/\/schema.org\",\"@graph\":[{\"@type\":\"Article\",\"@id\":\"https:\/\/blogs.funiber.org\/pt\/gerontologia\/2012\/06\/29\/eua-lanca-plano-para-combater-o-alzheimer#article\",\"isPartOf\":{\"@id\":\"https:\/\/blogs.funiber.org\/pt\/gerontologia\/2012\/06\/29\/eua-lanca-plano-para-combater-o-alzheimer\"},\"author\":{\"name\":\"Administrador Blogs CT\",\"@id\":\"https:\/\/blogs.funiber.org\/pt\/#\/schema\/person\/0eae3cfb523a46b015366e49f7c79e8f\"},\"headline\":\"EUA lan\u00e7a plano para combater o Alzheimer\",\"datePublished\":\"2012-06-29T20:07:28+00:00\",\"dateModified\":\"2012-06-29T20:07:28+00:00\",\"mainEntityOfPage\":{\"@id\":\"https:\/\/blogs.funiber.org\/pt\/gerontologia\/2012\/06\/29\/eua-lanca-plano-para-combater-o-alzheimer\"},\"wordCount\":325,\"commentCount\":0,\"publisher\":{\"@id\":\"https:\/\/blogs.funiber.org\/pt\/#organization\"},\"articleSection\":[\"Gerontologia\"],\"inLanguage\":\"pt-BR\"},{\"@type\":\"WebPage\",\"@id\":\"https:\/\/blogs.funiber.org\/pt\/gerontologia\/2012\/06\/29\/eua-lanca-plano-para-combater-o-alzheimer\",\"url\":\"https:\/\/blogs.funiber.org\/pt\/gerontologia\/2012\/06\/29\/eua-lanca-plano-para-combater-o-alzheimer\",\"name\":\"EUA lan\u00e7a plano para combater o Alzheimer - FuniBlogs - FUNIBER\",\"isPartOf\":{\"@id\":\"https:\/\/blogs.funiber.org\/pt\/#website\"},\"datePublished\":\"2012-06-29T20:07:28+00:00\",\"dateModified\":\"2012-06-29T20:07:28+00:00\",\"breadcrumb\":{\"@id\":\"https:\/\/blogs.funiber.org\/pt\/gerontologia\/2012\/06\/29\/eua-lanca-plano-para-combater-o-alzheimer#breadcrumb\"},\"inLanguage\":\"pt-BR\",\"potentialAction\":[{\"@type\":\"ReadAction\",\"target\":[\"https:\/\/blogs.funiber.org\/pt\/gerontologia\/2012\/06\/29\/eua-lanca-plano-para-combater-o-alzheimer\"]}]},{\"@type\":\"BreadcrumbList\",\"@id\":\"https:\/\/blogs.funiber.org\/pt\/gerontologia\/2012\/06\/29\/eua-lanca-plano-para-combater-o-alzheimer#breadcrumb\",\"itemListElement\":[{\"@type\":\"ListItem\",\"position\":1,\"name\":\"In\u00edcio\",\"item\":\"https:\/\/blogs.funiber.org\/pt\"},{\"@type\":\"ListItem\",\"position\":2,\"name\":\"EUA lan\u00e7a plano para combater o Alzheimer\"}]},{\"@type\":\"WebSite\",\"@id\":\"https:\/\/blogs.funiber.org\/pt\/#website\",\"url\":\"https:\/\/blogs.funiber.org\/pt\/\",\"name\":\"FuniBlogs - FUNIBER\",\"description\":\"\",\"publisher\":{\"@id\":\"https:\/\/blogs.funiber.org\/pt\/#organization\"},\"potentialAction\":[{\"@type\":\"SearchAction\",\"target\":{\"@type\":\"EntryPoint\",\"urlTemplate\":\"https:\/\/blogs.funiber.org\/pt\/?s={search_term_string}\"},\"query-input\":\"required name=search_term_string\"}],\"inLanguage\":\"pt-BR\"},{\"@type\":\"Organization\",\"@id\":\"https:\/\/blogs.funiber.org\/pt\/#organization\",\"name\":\"FuniBlogs - FUNIBER\",\"url\":\"https:\/\/blogs.funiber.org\/pt\/\",\"logo\":{\"@type\":\"ImageObject\",\"inLanguage\":\"pt-BR\",\"@id\":\"https:\/\/blogs.funiber.org\/pt\/#\/schema\/logo\/image\/\",\"url\":\"https:\/\/www.funiber.blog\/pt\/wp-content\/uploads\/2022\/02\/logo-funiber-pt-br-v-dos.svg\",\"contentUrl\":\"https:\/\/www.funiber.blog\/pt\/wp-content\/uploads\/2022\/02\/logo-funiber-pt-br-v-dos.svg\",\"width\":1,\"height\":1,\"caption\":\"FuniBlogs - FUNIBER\"},\"image\":{\"@id\":\"https:\/\/blogs.funiber.org\/pt\/#\/schema\/logo\/image\/\"},\"sameAs\":[\"https:\/\/www.facebook.com\/funiber\",\"https:\/\/twitter.com\/FUNIBER\",\"https:\/\/www.instagram.com\/funiber_becas\",\"https:\/\/www.youtube.com\/user\/funiber\",\"https:\/\/www.linkedin.com\/company\/funiber\"]},{\"@type\":\"Person\",\"@id\":\"https:\/\/blogs.funiber.org\/pt\/#\/schema\/person\/0eae3cfb523a46b015366e49f7c79e8f\",\"name\":\"Administrador Blogs CT\",\"image\":{\"@type\":\"ImageObject\",\"inLanguage\":\"pt-BR\",\"@id\":\"https:\/\/blogs.funiber.org\/pt\/#\/schema\/person\/image\/\",\"url\":\"https:\/\/secure.gravatar.com\/avatar\/097db6469009a1dba4db4c0390a1e929?s=96&d=mm&r=g\",\"contentUrl\":\"https:\/\/secure.gravatar.com\/avatar\/097db6469009a1dba4db4c0390a1e929?s=96&d=mm&r=g\",\"caption\":\"Administrador Blogs CT\"},\"url\":\"https:\/\/www.funiber.blog\/pt\/author\/ct-admin\"}]}<\/script>\n<!-- \/ Yoast SEO plugin. -->","yoast_head_json":{"title":"EUA lan\u00e7a plano para combater o Alzheimer  - FuniBlogs - FUNIBER","robots":{"index":"index","follow":"follow","max-snippet":"max-snippet:-1","max-image-preview":"max-image-preview:large","max-video-preview":"max-video-preview:-1"},"canonical":"https:\/\/blogs.funiber.org\/pt\/gerontologia\/2012\/06\/29\/eua-lanca-plano-para-combater-o-alzheimer","og_locale":"pt_BR","og_type":"article","og_title":"EUA lan\u00e7a plano para combater o Alzheimer  - FuniBlogs - FUNIBER","og_description":"O Alzheimer \u00e9 uma doen\u00e7a que afeta hoje 5,1 milh\u00f5es de americanos. Os especialistas estimam que, sem contar com medicamentos mais eficazes que os atuais, o n\u00famero de pacientes com esta doen\u00e7a se duplicar\u00e1 at\u00e9 2050, sendo que os custos com sa\u00fade podem suplantar um bilh\u00e3o de d\u00f3lares anuais. Por esta raz\u00e3o, a administra\u00e7\u00e3o de [&hellip;]","og_url":"https:\/\/blogs.funiber.org\/pt\/gerontologia\/2012\/06\/29\/eua-lanca-plano-para-combater-o-alzheimer","og_site_name":"FuniBlogs - FUNIBER","article_publisher":"https:\/\/www.facebook.com\/funiber","article_published_time":"2012-06-29T20:07:28+00:00","author":"Administrador Blogs CT","twitter_card":"summary_large_image","twitter_creator":"@FUNIBER","twitter_site":"@FUNIBER","twitter_misc":{"Escrito por":"Administrador Blogs CT","Est. tempo de leitura":"2 minutos"},"schema":{"@context":"https:\/\/schema.org","@graph":[{"@type":"Article","@id":"https:\/\/blogs.funiber.org\/pt\/gerontologia\/2012\/06\/29\/eua-lanca-plano-para-combater-o-alzheimer#article","isPartOf":{"@id":"https:\/\/blogs.funiber.org\/pt\/gerontologia\/2012\/06\/29\/eua-lanca-plano-para-combater-o-alzheimer"},"author":{"name":"Administrador Blogs CT","@id":"https:\/\/blogs.funiber.org\/pt\/#\/schema\/person\/0eae3cfb523a46b015366e49f7c79e8f"},"headline":"EUA lan\u00e7a plano para combater o Alzheimer","datePublished":"2012-06-29T20:07:28+00:00","dateModified":"2012-06-29T20:07:28+00:00","mainEntityOfPage":{"@id":"https:\/\/blogs.funiber.org\/pt\/gerontologia\/2012\/06\/29\/eua-lanca-plano-para-combater-o-alzheimer"},"wordCount":325,"commentCount":0,"publisher":{"@id":"https:\/\/blogs.funiber.org\/pt\/#organization"},"articleSection":["Gerontologia"],"inLanguage":"pt-BR"},{"@type":"WebPage","@id":"https:\/\/blogs.funiber.org\/pt\/gerontologia\/2012\/06\/29\/eua-lanca-plano-para-combater-o-alzheimer","url":"https:\/\/blogs.funiber.org\/pt\/gerontologia\/2012\/06\/29\/eua-lanca-plano-para-combater-o-alzheimer","name":"EUA lan\u00e7a plano para combater o Alzheimer - FuniBlogs - FUNIBER","isPartOf":{"@id":"https:\/\/blogs.funiber.org\/pt\/#website"},"datePublished":"2012-06-29T20:07:28+00:00","dateModified":"2012-06-29T20:07:28+00:00","breadcrumb":{"@id":"https:\/\/blogs.funiber.org\/pt\/gerontologia\/2012\/06\/29\/eua-lanca-plano-para-combater-o-alzheimer#breadcrumb"},"inLanguage":"pt-BR","potentialAction":[{"@type":"ReadAction","target":["https:\/\/blogs.funiber.org\/pt\/gerontologia\/2012\/06\/29\/eua-lanca-plano-para-combater-o-alzheimer"]}]},{"@type":"BreadcrumbList","@id":"https:\/\/blogs.funiber.org\/pt\/gerontologia\/2012\/06\/29\/eua-lanca-plano-para-combater-o-alzheimer#breadcrumb","itemListElement":[{"@type":"ListItem","position":1,"name":"In\u00edcio","item":"https:\/\/blogs.funiber.org\/pt"},{"@type":"ListItem","position":2,"name":"EUA lan\u00e7a plano para combater o Alzheimer"}]},{"@type":"WebSite","@id":"https:\/\/blogs.funiber.org\/pt\/#website","url":"https:\/\/blogs.funiber.org\/pt\/","name":"FuniBlogs - FUNIBER","description":"","publisher":{"@id":"https:\/\/blogs.funiber.org\/pt\/#organization"},"potentialAction":[{"@type":"SearchAction","target":{"@type":"EntryPoint","urlTemplate":"https:\/\/blogs.funiber.org\/pt\/?s={search_term_string}"},"query-input":"required name=search_term_string"}],"inLanguage":"pt-BR"},{"@type":"Organization","@id":"https:\/\/blogs.funiber.org\/pt\/#organization","name":"FuniBlogs - FUNIBER","url":"https:\/\/blogs.funiber.org\/pt\/","logo":{"@type":"ImageObject","inLanguage":"pt-BR","@id":"https:\/\/blogs.funiber.org\/pt\/#\/schema\/logo\/image\/","url":"https:\/\/www.funiber.blog\/pt\/wp-content\/uploads\/2022\/02\/logo-funiber-pt-br-v-dos.svg","contentUrl":"https:\/\/www.funiber.blog\/pt\/wp-content\/uploads\/2022\/02\/logo-funiber-pt-br-v-dos.svg","width":1,"height":1,"caption":"FuniBlogs - FUNIBER"},"image":{"@id":"https:\/\/blogs.funiber.org\/pt\/#\/schema\/logo\/image\/"},"sameAs":["https:\/\/www.facebook.com\/funiber","https:\/\/twitter.com\/FUNIBER","https:\/\/www.instagram.com\/funiber_becas","https:\/\/www.youtube.com\/user\/funiber","https:\/\/www.linkedin.com\/company\/funiber"]},{"@type":"Person","@id":"https:\/\/blogs.funiber.org\/pt\/#\/schema\/person\/0eae3cfb523a46b015366e49f7c79e8f","name":"Administrador Blogs CT","image":{"@type":"ImageObject","inLanguage":"pt-BR","@id":"https:\/\/blogs.funiber.org\/pt\/#\/schema\/person\/image\/","url":"https:\/\/secure.gravatar.com\/avatar\/097db6469009a1dba4db4c0390a1e929?s=96&d=mm&r=g","contentUrl":"https:\/\/secure.gravatar.com\/avatar\/097db6469009a1dba4db4c0390a1e929?s=96&d=mm&r=g","caption":"Administrador Blogs CT"},"url":"https:\/\/www.funiber.blog\/pt\/author\/ct-admin"}]}},"jetpack_featured_media_url":"","jetpack_shortlink":"https:\/\/wp.me\/p7ee1t-Al","jetpack_sharing_enabled":true,"_links":{"self":[{"href":"https:\/\/www.funiber.blog\/pt\/wp-json\/wp\/v2\/posts\/2253"}],"collection":[{"href":"https:\/\/www.funiber.blog\/pt\/wp-json\/wp\/v2\/posts"}],"about":[{"href":"https:\/\/www.funiber.blog\/pt\/wp-json\/wp\/v2\/types\/post"}],"author":[{"embeddable":true,"href":"https:\/\/www.funiber.blog\/pt\/wp-json\/wp\/v2\/users\/13"}],"replies":[{"embeddable":true,"href":"https:\/\/www.funiber.blog\/pt\/wp-json\/wp\/v2\/comments?post=2253"}],"version-history":[{"count":0,"href":"https:\/\/www.funiber.blog\/pt\/wp-json\/wp\/v2\/posts\/2253\/revisions"}],"wp:attachment":[{"href":"https:\/\/www.funiber.blog\/pt\/wp-json\/wp\/v2\/media?parent=2253"}],"wp:term":[{"taxonomy":"category","embeddable":true,"href":"https:\/\/www.funiber.blog\/pt\/wp-json\/wp\/v2\/categories?post=2253"},{"taxonomy":"post_tag","embeddable":true,"href":"https:\/\/www.funiber.blog\/pt\/wp-json\/wp\/v2\/tags?post=2253"}],"curies":[{"name":"wp","href":"https:\/\/api.w.org\/{rel}","templated":true}]}}