{"id":2255,"date":"2012-06-29T21:10:22","date_gmt":"2012-06-29T20:10:22","guid":{"rendered":"http:\/\/blogs.funiber.org\/pt\/?p=2255"},"modified":"2012-06-29T21:10:22","modified_gmt":"2012-06-29T20:10:22","slug":"mudancas-demograficas-propoem-novos-desafios","status":"publish","type":"post","link":"https:\/\/www.funiber.blog\/pt\/gerontologia\/2012\/06\/29\/mudancas-demograficas-propoem-novos-desafios","title":{"rendered":"Mudan\u00e7as demogr\u00e1ficas prop\u00f5em novos desafios"},"content":{"rendered":"<p>As mudan\u00e7as demogr\u00e1ficas que est\u00e3o ocorrendo no mundo permitir\u00e3o a coexist\u00eancia de quatro ou at\u00e9 cinco gera\u00e7\u00f5es com filia\u00e7\u00f5es diretas. Sob este novo panorama, \u00e9 preciso cuidado para que n\u00e3o ocorram conflitos de interesses dos diversos grupos. Ao inv\u00e9s disso, deveria haver integra\u00e7\u00e3o e solidariedade entre as gera\u00e7\u00f5es, al\u00e9m da valoriza\u00e7\u00e3o do status social dos idosos. O crescimento do segmento da terceira idade se produziu por um marcado retrocesso da mortalidade dos idosos, sobretudo, em regi\u00f5es como a Europa, Am\u00e9rica do Norte e Jap\u00e3o. No caso particular da Espanha, calcula-se que ser\u00e1 um dos pa\u00edses com maior popula\u00e7\u00e3o de idosos no mundo at\u00e9 2050. \u00a0 \u00a0 \u00a0 \u00a0 \u00a0 <!--more--><\/p>\n<p>A nova estrutura familiar produzida na Espanha, por exemplo, pode trazer mudan\u00e7as \u00e0s modalidades de transfer\u00eancia patrimonial, ao sistema de seguridade social, aos valores culturais e at\u00e9 influenciaria a pol\u00edtica. A tend\u00eancia poderia originar uma mudan\u00e7a no sistema produtivo espanhol, para um sistema que produza atividades de tempo livre e servi\u00e7os.<\/p>\n<p>Pelo lado dos conflitos, deve-se considerar que os trabalhadores dever\u00e3o suportar uma maior carga de esfor\u00e7o econ\u00f4mico para sustentar os sistemas de seguridade social, posto que ficar\u00e3o mais caros. Al\u00e9m disso, a presen\u00e7a de grupos com interesses diferentes poderia gerar tens\u00f5es sociais a m\u00e9dio prazo. Para minimizar os conflitos, deve-se gerar um ambiente em que a sociedade seja considerada como um todo que interage e progride em conjunto.<\/p>\n<p>Para Luis Mart\u00edn Pindado, presidente da Uni\u00e3o Democr\u00e1tica de Pensionistas (UDP), \u00e9 necess\u00e1rio trabalhar para fomentar o di\u00e1logo e o encontro entre as gera\u00e7\u00f5es, criando um ambiente em que se reforce a autoestima e o valor do papel de cada um; evitando a exclus\u00e3o social; criando espa\u00e7os onde idosos, jovens e crian\u00e7as possam encontrar-se e interagir. Locais onde haja atividades que envolvam pessoas de todas as idades, com variados programas.<\/p>\n<p>De acordo com uma pesquisa realizada em 2008 pelo Imserso, 98% das pessoas idosas consideram que participar de programas entre gera\u00e7\u00f5es os ajuda a continuar sentindo-se \u00fateis. Outros 95% alegam sentir-se melhor mentalmente; e 94% percebem uma sensa\u00e7\u00e3o de bem-estar f\u00edsico.<\/p>\n<p>J\u00e1 h\u00e1 muitas d\u00e9cadas, as associa\u00e7\u00f5es de idosos v\u00eam elaborando algumas propostas para integrar as gera\u00e7\u00f5es, sugerindo a\u00e7\u00f5es como: fomentar a cria\u00e7\u00e3o de centros intergeracionais e programas com atividades espec\u00edficas que possibilitem a intera\u00e7\u00e3o entre os diversos grupos da popula\u00e7\u00e3o; realizar atividades de integra\u00e7\u00e3o tanto em centros de idosos quanto em universidades, centros de jovens, institutos e col\u00e9gios; formar pessoas para que participem da organiza\u00e7\u00e3o de eventos de integra\u00e7\u00e3o entre as idades; fomentar campanhas espec\u00edficas, integrando pessoas com risco de exclus\u00e3o social e premiando as iniciativas que incentivem as rela\u00e7\u00f5es intergeracionais, al\u00e9m de fazer com que os meios de comunica\u00e7\u00e3o prestem mais aten\u00e7\u00e3o nas pessoas que realizam este tipo de atividades.<\/p>\n<p>Somente com a\u00e7\u00f5es desse g\u00eanero e a devida conscientiza\u00e7\u00e3o, poderemos conseguir que as mudan\u00e7as demogr\u00e1ficas fa\u00e7am com que, para essas gera\u00e7\u00f5es, o mundo seja um local de encontro e n\u00e3o de embate.<\/p>\n<p><a href=\"http:\/\/www.noticiasmedicas.es\/medicina\/noticias\/14445\/1\/La-demografia-conducira-a-profundas-mudan%C3%A7as-nas-rela%C3%A7%C3%B5es-intergeneracionales\/Page1.hTML\">http:\/\/www.noticiasmedicas.es\/medicina\/noticias\/14445\/1\/La-demografia-conducira-a-profundas-mudan\u00e7as-nas-rela\u00e7\u00f5es-intergeneracionales\/Page1.hTML<\/a><\/p>\n","protected":false},"excerpt":{"rendered":"<p>As mudan\u00e7as demogr\u00e1ficas que est\u00e3o ocorrendo no mundo permitir\u00e3o a coexist\u00eancia de quatro ou at\u00e9 cinco gera\u00e7\u00f5es com filia\u00e7\u00f5es diretas. Sob este novo panorama, \u00e9 preciso cuidado para que n\u00e3o ocorram conflitos de interesses dos diversos grupos. Ao inv\u00e9s disso, deveria haver integra\u00e7\u00e3o e solidariedade entre as gera\u00e7\u00f5es, al\u00e9m da valoriza\u00e7\u00e3o do status social dos [&hellip;]<\/p>\n","protected":false},"author":13,"featured_media":0,"comment_status":"open","ping_status":"open","sticky":false,"template":"","format":"standard","meta":{"jetpack_post_was_ever_published":false,"_jetpack_newsletter_access":"","_jetpack_newsletter_tier_id":0,"footnotes":"","jetpack_publicize_message":"","jetpack_is_tweetstorm":false,"jetpack_publicize_feature_enabled":true,"jetpack_social_post_already_shared":false,"jetpack_social_options":{"image_generator_settings":{"template":"highway","enabled":false}}},"categories":[1],"tags":[],"jetpack_publicize_connections":[],"yoast_head":"<!-- This site is optimized with the Yoast SEO plugin v21.7 - https:\/\/yoast.com\/wordpress\/plugins\/seo\/ -->\n<title>Mudan\u00e7as demogr\u00e1ficas prop\u00f5em novos desafios - FuniBlogs - FUNIBER<\/title>\n<meta name=\"robots\" content=\"index, follow, max-snippet:-1, max-image-preview:large, max-video-preview:-1\" \/>\n<link rel=\"canonical\" href=\"https:\/\/blogs.funiber.org\/pt\/gerontologia\/2012\/06\/29\/mudancas-demograficas-propoem-novos-desafios\" \/>\n<meta property=\"og:locale\" content=\"pt_BR\" \/>\n<meta property=\"og:type\" content=\"article\" \/>\n<meta property=\"og:title\" content=\"Mudan\u00e7as demogr\u00e1ficas prop\u00f5em novos desafios - FuniBlogs - FUNIBER\" \/>\n<meta property=\"og:description\" content=\"As mudan\u00e7as demogr\u00e1ficas que est\u00e3o ocorrendo no mundo permitir\u00e3o a coexist\u00eancia de quatro ou at\u00e9 cinco gera\u00e7\u00f5es com filia\u00e7\u00f5es diretas. Sob este novo panorama, \u00e9 preciso cuidado para que n\u00e3o ocorram conflitos de interesses dos diversos grupos. Ao inv\u00e9s disso, deveria haver integra\u00e7\u00e3o e solidariedade entre as gera\u00e7\u00f5es, al\u00e9m da valoriza\u00e7\u00e3o do status social dos [&hellip;]\" \/>\n<meta property=\"og:url\" content=\"https:\/\/blogs.funiber.org\/pt\/gerontologia\/2012\/06\/29\/mudancas-demograficas-propoem-novos-desafios\" \/>\n<meta property=\"og:site_name\" content=\"FuniBlogs - FUNIBER\" \/>\n<meta property=\"article:publisher\" content=\"https:\/\/www.facebook.com\/funiber\" \/>\n<meta property=\"article:published_time\" content=\"2012-06-29T20:10:22+00:00\" \/>\n<meta name=\"author\" content=\"Administrador Blogs CT\" \/>\n<meta name=\"twitter:card\" content=\"summary_large_image\" \/>\n<meta name=\"twitter:creator\" content=\"@FUNIBER\" \/>\n<meta name=\"twitter:site\" content=\"@FUNIBER\" \/>\n<meta name=\"twitter:label1\" content=\"Escrito por\" \/>\n\t<meta name=\"twitter:data1\" content=\"Administrador Blogs CT\" \/>\n\t<meta name=\"twitter:label2\" content=\"Est. tempo de leitura\" \/>\n\t<meta name=\"twitter:data2\" content=\"3 minutos\" \/>\n<script type=\"application\/ld+json\" class=\"yoast-schema-graph\">{\"@context\":\"https:\/\/schema.org\",\"@graph\":[{\"@type\":\"Article\",\"@id\":\"https:\/\/blogs.funiber.org\/pt\/gerontologia\/2012\/06\/29\/mudancas-demograficas-propoem-novos-desafios#article\",\"isPartOf\":{\"@id\":\"https:\/\/blogs.funiber.org\/pt\/gerontologia\/2012\/06\/29\/mudancas-demograficas-propoem-novos-desafios\"},\"author\":{\"name\":\"Administrador Blogs CT\",\"@id\":\"https:\/\/blogs.funiber.org\/pt\/#\/schema\/person\/0eae3cfb523a46b015366e49f7c79e8f\"},\"headline\":\"Mudan\u00e7as demogr\u00e1ficas prop\u00f5em novos desafios\",\"datePublished\":\"2012-06-29T20:10:22+00:00\",\"dateModified\":\"2012-06-29T20:10:22+00:00\",\"mainEntityOfPage\":{\"@id\":\"https:\/\/blogs.funiber.org\/pt\/gerontologia\/2012\/06\/29\/mudancas-demograficas-propoem-novos-desafios\"},\"wordCount\":560,\"commentCount\":0,\"publisher\":{\"@id\":\"https:\/\/blogs.funiber.org\/pt\/#organization\"},\"articleSection\":[\"Gerontologia\"],\"inLanguage\":\"pt-BR\"},{\"@type\":\"WebPage\",\"@id\":\"https:\/\/blogs.funiber.org\/pt\/gerontologia\/2012\/06\/29\/mudancas-demograficas-propoem-novos-desafios\",\"url\":\"https:\/\/blogs.funiber.org\/pt\/gerontologia\/2012\/06\/29\/mudancas-demograficas-propoem-novos-desafios\",\"name\":\"Mudan\u00e7as demogr\u00e1ficas prop\u00f5em novos desafios - FuniBlogs - FUNIBER\",\"isPartOf\":{\"@id\":\"https:\/\/blogs.funiber.org\/pt\/#website\"},\"datePublished\":\"2012-06-29T20:10:22+00:00\",\"dateModified\":\"2012-06-29T20:10:22+00:00\",\"breadcrumb\":{\"@id\":\"https:\/\/blogs.funiber.org\/pt\/gerontologia\/2012\/06\/29\/mudancas-demograficas-propoem-novos-desafios#breadcrumb\"},\"inLanguage\":\"pt-BR\",\"potentialAction\":[{\"@type\":\"ReadAction\",\"target\":[\"https:\/\/blogs.funiber.org\/pt\/gerontologia\/2012\/06\/29\/mudancas-demograficas-propoem-novos-desafios\"]}]},{\"@type\":\"BreadcrumbList\",\"@id\":\"https:\/\/blogs.funiber.org\/pt\/gerontologia\/2012\/06\/29\/mudancas-demograficas-propoem-novos-desafios#breadcrumb\",\"itemListElement\":[{\"@type\":\"ListItem\",\"position\":1,\"name\":\"In\u00edcio\",\"item\":\"https:\/\/blogs.funiber.org\/pt\"},{\"@type\":\"ListItem\",\"position\":2,\"name\":\"Mudan\u00e7as demogr\u00e1ficas prop\u00f5em novos desafios\"}]},{\"@type\":\"WebSite\",\"@id\":\"https:\/\/blogs.funiber.org\/pt\/#website\",\"url\":\"https:\/\/blogs.funiber.org\/pt\/\",\"name\":\"FuniBlogs - FUNIBER\",\"description\":\"\",\"publisher\":{\"@id\":\"https:\/\/blogs.funiber.org\/pt\/#organization\"},\"potentialAction\":[{\"@type\":\"SearchAction\",\"target\":{\"@type\":\"EntryPoint\",\"urlTemplate\":\"https:\/\/blogs.funiber.org\/pt\/?s={search_term_string}\"},\"query-input\":\"required name=search_term_string\"}],\"inLanguage\":\"pt-BR\"},{\"@type\":\"Organization\",\"@id\":\"https:\/\/blogs.funiber.org\/pt\/#organization\",\"name\":\"FuniBlogs - FUNIBER\",\"url\":\"https:\/\/blogs.funiber.org\/pt\/\",\"logo\":{\"@type\":\"ImageObject\",\"inLanguage\":\"pt-BR\",\"@id\":\"https:\/\/blogs.funiber.org\/pt\/#\/schema\/logo\/image\/\",\"url\":\"https:\/\/www.funiber.blog\/pt\/wp-content\/uploads\/2022\/02\/logo-funiber-pt-br-v-dos.svg\",\"contentUrl\":\"https:\/\/www.funiber.blog\/pt\/wp-content\/uploads\/2022\/02\/logo-funiber-pt-br-v-dos.svg\",\"width\":1,\"height\":1,\"caption\":\"FuniBlogs - FUNIBER\"},\"image\":{\"@id\":\"https:\/\/blogs.funiber.org\/pt\/#\/schema\/logo\/image\/\"},\"sameAs\":[\"https:\/\/www.facebook.com\/funiber\",\"https:\/\/twitter.com\/FUNIBER\",\"https:\/\/www.instagram.com\/funiber_becas\",\"https:\/\/www.youtube.com\/user\/funiber\",\"https:\/\/www.linkedin.com\/company\/funiber\"]},{\"@type\":\"Person\",\"@id\":\"https:\/\/blogs.funiber.org\/pt\/#\/schema\/person\/0eae3cfb523a46b015366e49f7c79e8f\",\"name\":\"Administrador Blogs CT\",\"image\":{\"@type\":\"ImageObject\",\"inLanguage\":\"pt-BR\",\"@id\":\"https:\/\/blogs.funiber.org\/pt\/#\/schema\/person\/image\/\",\"url\":\"https:\/\/secure.gravatar.com\/avatar\/097db6469009a1dba4db4c0390a1e929?s=96&d=mm&r=g\",\"contentUrl\":\"https:\/\/secure.gravatar.com\/avatar\/097db6469009a1dba4db4c0390a1e929?s=96&d=mm&r=g\",\"caption\":\"Administrador Blogs CT\"},\"url\":\"https:\/\/www.funiber.blog\/pt\/author\/ct-admin\"}]}<\/script>\n<!-- \/ Yoast SEO plugin. -->","yoast_head_json":{"title":"Mudan\u00e7as demogr\u00e1ficas prop\u00f5em novos desafios - FuniBlogs - FUNIBER","robots":{"index":"index","follow":"follow","max-snippet":"max-snippet:-1","max-image-preview":"max-image-preview:large","max-video-preview":"max-video-preview:-1"},"canonical":"https:\/\/blogs.funiber.org\/pt\/gerontologia\/2012\/06\/29\/mudancas-demograficas-propoem-novos-desafios","og_locale":"pt_BR","og_type":"article","og_title":"Mudan\u00e7as demogr\u00e1ficas prop\u00f5em novos desafios - FuniBlogs - FUNIBER","og_description":"As mudan\u00e7as demogr\u00e1ficas que est\u00e3o ocorrendo no mundo permitir\u00e3o a coexist\u00eancia de quatro ou at\u00e9 cinco gera\u00e7\u00f5es com filia\u00e7\u00f5es diretas. Sob este novo panorama, \u00e9 preciso cuidado para que n\u00e3o ocorram conflitos de interesses dos diversos grupos. Ao inv\u00e9s disso, deveria haver integra\u00e7\u00e3o e solidariedade entre as gera\u00e7\u00f5es, al\u00e9m da valoriza\u00e7\u00e3o do status social dos [&hellip;]","og_url":"https:\/\/blogs.funiber.org\/pt\/gerontologia\/2012\/06\/29\/mudancas-demograficas-propoem-novos-desafios","og_site_name":"FuniBlogs - FUNIBER","article_publisher":"https:\/\/www.facebook.com\/funiber","article_published_time":"2012-06-29T20:10:22+00:00","author":"Administrador Blogs CT","twitter_card":"summary_large_image","twitter_creator":"@FUNIBER","twitter_site":"@FUNIBER","twitter_misc":{"Escrito por":"Administrador Blogs CT","Est. tempo de leitura":"3 minutos"},"schema":{"@context":"https:\/\/schema.org","@graph":[{"@type":"Article","@id":"https:\/\/blogs.funiber.org\/pt\/gerontologia\/2012\/06\/29\/mudancas-demograficas-propoem-novos-desafios#article","isPartOf":{"@id":"https:\/\/blogs.funiber.org\/pt\/gerontologia\/2012\/06\/29\/mudancas-demograficas-propoem-novos-desafios"},"author":{"name":"Administrador Blogs CT","@id":"https:\/\/blogs.funiber.org\/pt\/#\/schema\/person\/0eae3cfb523a46b015366e49f7c79e8f"},"headline":"Mudan\u00e7as demogr\u00e1ficas prop\u00f5em novos desafios","datePublished":"2012-06-29T20:10:22+00:00","dateModified":"2012-06-29T20:10:22+00:00","mainEntityOfPage":{"@id":"https:\/\/blogs.funiber.org\/pt\/gerontologia\/2012\/06\/29\/mudancas-demograficas-propoem-novos-desafios"},"wordCount":560,"commentCount":0,"publisher":{"@id":"https:\/\/blogs.funiber.org\/pt\/#organization"},"articleSection":["Gerontologia"],"inLanguage":"pt-BR"},{"@type":"WebPage","@id":"https:\/\/blogs.funiber.org\/pt\/gerontologia\/2012\/06\/29\/mudancas-demograficas-propoem-novos-desafios","url":"https:\/\/blogs.funiber.org\/pt\/gerontologia\/2012\/06\/29\/mudancas-demograficas-propoem-novos-desafios","name":"Mudan\u00e7as demogr\u00e1ficas prop\u00f5em novos desafios - FuniBlogs - FUNIBER","isPartOf":{"@id":"https:\/\/blogs.funiber.org\/pt\/#website"},"datePublished":"2012-06-29T20:10:22+00:00","dateModified":"2012-06-29T20:10:22+00:00","breadcrumb":{"@id":"https:\/\/blogs.funiber.org\/pt\/gerontologia\/2012\/06\/29\/mudancas-demograficas-propoem-novos-desafios#breadcrumb"},"inLanguage":"pt-BR","potentialAction":[{"@type":"ReadAction","target":["https:\/\/blogs.funiber.org\/pt\/gerontologia\/2012\/06\/29\/mudancas-demograficas-propoem-novos-desafios"]}]},{"@type":"BreadcrumbList","@id":"https:\/\/blogs.funiber.org\/pt\/gerontologia\/2012\/06\/29\/mudancas-demograficas-propoem-novos-desafios#breadcrumb","itemListElement":[{"@type":"ListItem","position":1,"name":"In\u00edcio","item":"https:\/\/blogs.funiber.org\/pt"},{"@type":"ListItem","position":2,"name":"Mudan\u00e7as demogr\u00e1ficas prop\u00f5em novos desafios"}]},{"@type":"WebSite","@id":"https:\/\/blogs.funiber.org\/pt\/#website","url":"https:\/\/blogs.funiber.org\/pt\/","name":"FuniBlogs - FUNIBER","description":"","publisher":{"@id":"https:\/\/blogs.funiber.org\/pt\/#organization"},"potentialAction":[{"@type":"SearchAction","target":{"@type":"EntryPoint","urlTemplate":"https:\/\/blogs.funiber.org\/pt\/?s={search_term_string}"},"query-input":"required name=search_term_string"}],"inLanguage":"pt-BR"},{"@type":"Organization","@id":"https:\/\/blogs.funiber.org\/pt\/#organization","name":"FuniBlogs - FUNIBER","url":"https:\/\/blogs.funiber.org\/pt\/","logo":{"@type":"ImageObject","inLanguage":"pt-BR","@id":"https:\/\/blogs.funiber.org\/pt\/#\/schema\/logo\/image\/","url":"https:\/\/www.funiber.blog\/pt\/wp-content\/uploads\/2022\/02\/logo-funiber-pt-br-v-dos.svg","contentUrl":"https:\/\/www.funiber.blog\/pt\/wp-content\/uploads\/2022\/02\/logo-funiber-pt-br-v-dos.svg","width":1,"height":1,"caption":"FuniBlogs - FUNIBER"},"image":{"@id":"https:\/\/blogs.funiber.org\/pt\/#\/schema\/logo\/image\/"},"sameAs":["https:\/\/www.facebook.com\/funiber","https:\/\/twitter.com\/FUNIBER","https:\/\/www.instagram.com\/funiber_becas","https:\/\/www.youtube.com\/user\/funiber","https:\/\/www.linkedin.com\/company\/funiber"]},{"@type":"Person","@id":"https:\/\/blogs.funiber.org\/pt\/#\/schema\/person\/0eae3cfb523a46b015366e49f7c79e8f","name":"Administrador Blogs CT","image":{"@type":"ImageObject","inLanguage":"pt-BR","@id":"https:\/\/blogs.funiber.org\/pt\/#\/schema\/person\/image\/","url":"https:\/\/secure.gravatar.com\/avatar\/097db6469009a1dba4db4c0390a1e929?s=96&d=mm&r=g","contentUrl":"https:\/\/secure.gravatar.com\/avatar\/097db6469009a1dba4db4c0390a1e929?s=96&d=mm&r=g","caption":"Administrador Blogs CT"},"url":"https:\/\/www.funiber.blog\/pt\/author\/ct-admin"}]}},"jetpack_featured_media_url":"","jetpack_shortlink":"https:\/\/wp.me\/p7ee1t-An","jetpack_sharing_enabled":true,"_links":{"self":[{"href":"https:\/\/www.funiber.blog\/pt\/wp-json\/wp\/v2\/posts\/2255"}],"collection":[{"href":"https:\/\/www.funiber.blog\/pt\/wp-json\/wp\/v2\/posts"}],"about":[{"href":"https:\/\/www.funiber.blog\/pt\/wp-json\/wp\/v2\/types\/post"}],"author":[{"embeddable":true,"href":"https:\/\/www.funiber.blog\/pt\/wp-json\/wp\/v2\/users\/13"}],"replies":[{"embeddable":true,"href":"https:\/\/www.funiber.blog\/pt\/wp-json\/wp\/v2\/comments?post=2255"}],"version-history":[{"count":0,"href":"https:\/\/www.funiber.blog\/pt\/wp-json\/wp\/v2\/posts\/2255\/revisions"}],"wp:attachment":[{"href":"https:\/\/www.funiber.blog\/pt\/wp-json\/wp\/v2\/media?parent=2255"}],"wp:term":[{"taxonomy":"category","embeddable":true,"href":"https:\/\/www.funiber.blog\/pt\/wp-json\/wp\/v2\/categories?post=2255"},{"taxonomy":"post_tag","embeddable":true,"href":"https:\/\/www.funiber.blog\/pt\/wp-json\/wp\/v2\/tags?post=2255"}],"curies":[{"name":"wp","href":"https:\/\/api.w.org\/{rel}","templated":true}]}}