{"id":2257,"date":"2012-06-29T21:13:11","date_gmt":"2012-06-29T20:13:11","guid":{"rendered":"http:\/\/blogs.funiber.org\/pt\/?p=2257"},"modified":"2012-06-29T21:13:22","modified_gmt":"2012-06-29T20:13:22","slug":"seis-em-cada-dez-idosos-de-60-anos-nao-recebem-pensao-na-america-latina","status":"publish","type":"post","link":"https:\/\/www.funiber.blog\/pt\/gerontologia\/2012\/06\/29\/seis-em-cada-dez-idosos-de-60-anos-nao-recebem-pensao-na-america-latina","title":{"rendered":"Seis em cada dez idosos de 60 anos n\u00e3o recebem pens\u00e3o na Am\u00e9rica Latina"},"content":{"rendered":"<p>Na Am\u00e9rica Latina, apenas quatro pessoas, em cada dez maiores de 60 anos, recebe pens\u00e3o, uma situa\u00e7\u00e3o que preocupa, considerando que as pessoas de idade avan\u00e7ada enfrentar\u00e3o maiores dificuldades para ter acesso aos servi\u00e7os de sa\u00fade. A informa\u00e7\u00e3o foi publicada em um relat\u00f3rio da Comiss\u00e3o Econ\u00f4mica para a Am\u00e9rica Latina e o Caribe (CEPAL). De acordo com os n\u00fameros projetados para o ano de 2050, os idosos de 80 anos que necessitar\u00e3o de cuidados de terceiros passar\u00e3o de 1,5% para 6% da popula\u00e7\u00e3o. Este panorama exp\u00f5e alguns desafios para as autoridades do setor da sa\u00fade. \u00a0 \u00a0 \u00a0 \u00a0 \u00a0 \u00a0 \u00a0 \u00a0<!--more--><\/p>\n<p>O desenvolvimento econ\u00f4mico da regi\u00e3o permitiu ampliar a base de idosos que recebe pens\u00e3o, mas, em termos gerais, os pa\u00edses da Am\u00e9rica Latina ainda se encontram muito longe de conseguir dar pens\u00e3o a 75% dos idosos, como nos pa\u00edses desenvolvidos.<\/p>\n<p>De acordo com o relat\u00f3rio, na Am\u00e9rica Latina, as pessoas idosas, de 60 anos ou mais, s\u00e3o obrigadas a trabalhar devido ao fato de n\u00e3o contarem com uma pens\u00e3o ou de que a pens\u00e3o recebida \u00e9 muito baixa para viver. Estima-se que 25% das mulheres e 10% dos homens idosos de 60 anos n\u00e3o contam com renda pr\u00f3pria.<\/p>\n<p>Para amenizar a situa\u00e7\u00e3o, alguns pa\u00edses adotaram medidas que promovem o trabalho entre idosos, como, por exemplo: as oficinas de forma\u00e7\u00e3o, entrega de subs\u00eddios, os cr\u00e9ditos para empreendedores ou as subven\u00e7\u00f5es que favorecem as fam\u00edlias que t\u00eam entre seus membros algum idoso.<\/p>\n<p>A distribui\u00e7\u00e3o de medicamentos melhorou entre os idosos em pa\u00edses como a Argentina, Costa Rica, Cuba, M\u00e9xico, Paraguai, Rep\u00fablica Dominicana e Venezuela, ainda que quem deseja ter acesso aos medicamentos enfrente muita burocracia.<\/p>\n<p>Federico Susbielles, gerente do Instituto de Servi\u00e7os Sociais para Aposentados da Argentina, informou que seu instituto ajuda a 21 mil idosos que vivem em resid\u00eancias, e subvenciona a 40 mil para que recebam assist\u00eancia de terceiros. De acordo com o funcion\u00e1rio, 95% das pessoas idosas t\u00eam pens\u00e3o e 100% recebem atendimento m\u00e9dico na Argentina. Na opini\u00e3o do especialista, isso foi conseguido gra\u00e7as \u00e0 renacionaliza\u00e7\u00e3o do sistema de pens\u00f5es e \u00e0 reconstru\u00e7\u00e3o do instituto sob sua dire\u00e7\u00e3o.<\/p>\n<p>O presidente da Central Latino-americana e do Caribe de Trabalhadores Aposentados, Jos\u00e9 G\u00f3mez Cerca, assegura que os servi\u00e7os prestados aos idosos ainda s\u00e3o muito limitados na Am\u00e9rica Latina, inclusive qualificando alguns centros de cuidados como \u201carmaz\u00e9ns de velhos\u201d, enquanto outros centros s\u00e3o muito caros. De acordo com G\u00f3mez, somente funcionam de forma adequada aqueles centros administrados por religiosos, especialmente quando se trata de freiras.<\/p>\n<p><strong>Fonte: <\/strong><\/p>\n<p><strong><\/strong>Diario el Pa\u00eds<\/p>\n<p>Endere\u00e7o: http:\/\/sociedad.elpais.com\/sociedad\/2012\/05\/20\/actualidad\/1337534823_348007.html<\/p>\n","protected":false},"excerpt":{"rendered":"<p>Na Am\u00e9rica Latina, apenas quatro pessoas, em cada dez maiores de 60 anos, recebe pens\u00e3o, uma situa\u00e7\u00e3o que preocupa, considerando que as pessoas de idade avan\u00e7ada enfrentar\u00e3o maiores dificuldades para ter acesso aos servi\u00e7os de sa\u00fade. A informa\u00e7\u00e3o foi publicada em um relat\u00f3rio da Comiss\u00e3o Econ\u00f4mica para a Am\u00e9rica Latina e o Caribe (CEPAL). De [&hellip;]<\/p>\n","protected":false},"author":13,"featured_media":0,"comment_status":"open","ping_status":"open","sticky":false,"template":"","format":"standard","meta":{"jetpack_post_was_ever_published":false,"_jetpack_newsletter_access":"","_jetpack_newsletter_tier_id":0,"footnotes":"","jetpack_publicize_message":"","jetpack_is_tweetstorm":false,"jetpack_publicize_feature_enabled":true,"jetpack_social_post_already_shared":false,"jetpack_social_options":{"image_generator_settings":{"template":"highway","enabled":false}}},"categories":[1],"tags":[],"jetpack_publicize_connections":[],"yoast_head":"<!-- This site is optimized with the Yoast SEO plugin v21.7 - https:\/\/yoast.com\/wordpress\/plugins\/seo\/ -->\n<title>Seis em cada dez idosos de 60 anos n\u00e3o recebem pens\u00e3o na Am\u00e9rica Latina - FuniBlogs - FUNIBER<\/title>\n<meta name=\"robots\" content=\"index, follow, max-snippet:-1, max-image-preview:large, max-video-preview:-1\" \/>\n<link rel=\"canonical\" href=\"https:\/\/blogs.funiber.org\/pt\/gerontologia\/2012\/06\/29\/seis-em-cada-dez-idosos-de-60-anos-nao-recebem-pensao-na-america-latina\" \/>\n<meta property=\"og:locale\" content=\"pt_BR\" \/>\n<meta property=\"og:type\" content=\"article\" \/>\n<meta property=\"og:title\" content=\"Seis em cada dez idosos de 60 anos n\u00e3o recebem pens\u00e3o na Am\u00e9rica Latina - FuniBlogs - FUNIBER\" \/>\n<meta property=\"og:description\" content=\"Na Am\u00e9rica Latina, apenas quatro pessoas, em cada dez maiores de 60 anos, recebe pens\u00e3o, uma situa\u00e7\u00e3o que preocupa, considerando que as pessoas de idade avan\u00e7ada enfrentar\u00e3o maiores dificuldades para ter acesso aos servi\u00e7os de sa\u00fade. A informa\u00e7\u00e3o foi publicada em um relat\u00f3rio da Comiss\u00e3o Econ\u00f4mica para a Am\u00e9rica Latina e o Caribe (CEPAL). De [&hellip;]\" \/>\n<meta property=\"og:url\" content=\"https:\/\/blogs.funiber.org\/pt\/gerontologia\/2012\/06\/29\/seis-em-cada-dez-idosos-de-60-anos-nao-recebem-pensao-na-america-latina\" \/>\n<meta property=\"og:site_name\" content=\"FuniBlogs - FUNIBER\" \/>\n<meta property=\"article:publisher\" content=\"https:\/\/www.facebook.com\/funiber\" \/>\n<meta property=\"article:published_time\" content=\"2012-06-29T20:13:11+00:00\" \/>\n<meta property=\"article:modified_time\" content=\"2012-06-29T20:13:22+00:00\" \/>\n<meta name=\"author\" content=\"Administrador Blogs CT\" \/>\n<meta name=\"twitter:card\" content=\"summary_large_image\" \/>\n<meta name=\"twitter:creator\" content=\"@FUNIBER\" \/>\n<meta name=\"twitter:site\" content=\"@FUNIBER\" \/>\n<meta name=\"twitter:label1\" content=\"Escrito por\" \/>\n\t<meta name=\"twitter:data1\" content=\"Administrador Blogs CT\" \/>\n\t<meta name=\"twitter:label2\" content=\"Est. tempo de leitura\" \/>\n\t<meta name=\"twitter:data2\" content=\"2 minutos\" \/>\n<script type=\"application\/ld+json\" class=\"yoast-schema-graph\">{\"@context\":\"https:\/\/schema.org\",\"@graph\":[{\"@type\":\"Article\",\"@id\":\"https:\/\/blogs.funiber.org\/pt\/gerontologia\/2012\/06\/29\/seis-em-cada-dez-idosos-de-60-anos-nao-recebem-pensao-na-america-latina#article\",\"isPartOf\":{\"@id\":\"https:\/\/blogs.funiber.org\/pt\/gerontologia\/2012\/06\/29\/seis-em-cada-dez-idosos-de-60-anos-nao-recebem-pensao-na-america-latina\"},\"author\":{\"name\":\"Administrador Blogs CT\",\"@id\":\"https:\/\/blogs.funiber.org\/pt\/#\/schema\/person\/0eae3cfb523a46b015366e49f7c79e8f\"},\"headline\":\"Seis em cada dez idosos de 60 anos n\u00e3o recebem pens\u00e3o na Am\u00e9rica Latina\",\"datePublished\":\"2012-06-29T20:13:11+00:00\",\"dateModified\":\"2012-06-29T20:13:22+00:00\",\"mainEntityOfPage\":{\"@id\":\"https:\/\/blogs.funiber.org\/pt\/gerontologia\/2012\/06\/29\/seis-em-cada-dez-idosos-de-60-anos-nao-recebem-pensao-na-america-latina\"},\"wordCount\":486,\"commentCount\":0,\"publisher\":{\"@id\":\"https:\/\/blogs.funiber.org\/pt\/#organization\"},\"articleSection\":[\"Gerontologia\"],\"inLanguage\":\"pt-BR\"},{\"@type\":\"WebPage\",\"@id\":\"https:\/\/blogs.funiber.org\/pt\/gerontologia\/2012\/06\/29\/seis-em-cada-dez-idosos-de-60-anos-nao-recebem-pensao-na-america-latina\",\"url\":\"https:\/\/blogs.funiber.org\/pt\/gerontologia\/2012\/06\/29\/seis-em-cada-dez-idosos-de-60-anos-nao-recebem-pensao-na-america-latina\",\"name\":\"Seis em cada dez idosos de 60 anos n\u00e3o recebem pens\u00e3o na Am\u00e9rica Latina - FuniBlogs - FUNIBER\",\"isPartOf\":{\"@id\":\"https:\/\/blogs.funiber.org\/pt\/#website\"},\"datePublished\":\"2012-06-29T20:13:11+00:00\",\"dateModified\":\"2012-06-29T20:13:22+00:00\",\"breadcrumb\":{\"@id\":\"https:\/\/blogs.funiber.org\/pt\/gerontologia\/2012\/06\/29\/seis-em-cada-dez-idosos-de-60-anos-nao-recebem-pensao-na-america-latina#breadcrumb\"},\"inLanguage\":\"pt-BR\",\"potentialAction\":[{\"@type\":\"ReadAction\",\"target\":[\"https:\/\/blogs.funiber.org\/pt\/gerontologia\/2012\/06\/29\/seis-em-cada-dez-idosos-de-60-anos-nao-recebem-pensao-na-america-latina\"]}]},{\"@type\":\"BreadcrumbList\",\"@id\":\"https:\/\/blogs.funiber.org\/pt\/gerontologia\/2012\/06\/29\/seis-em-cada-dez-idosos-de-60-anos-nao-recebem-pensao-na-america-latina#breadcrumb\",\"itemListElement\":[{\"@type\":\"ListItem\",\"position\":1,\"name\":\"In\u00edcio\",\"item\":\"https:\/\/blogs.funiber.org\/pt\"},{\"@type\":\"ListItem\",\"position\":2,\"name\":\"Seis em cada dez idosos de 60 anos n\u00e3o recebem pens\u00e3o na Am\u00e9rica Latina\"}]},{\"@type\":\"WebSite\",\"@id\":\"https:\/\/blogs.funiber.org\/pt\/#website\",\"url\":\"https:\/\/blogs.funiber.org\/pt\/\",\"name\":\"FuniBlogs - FUNIBER\",\"description\":\"\",\"publisher\":{\"@id\":\"https:\/\/blogs.funiber.org\/pt\/#organization\"},\"potentialAction\":[{\"@type\":\"SearchAction\",\"target\":{\"@type\":\"EntryPoint\",\"urlTemplate\":\"https:\/\/blogs.funiber.org\/pt\/?s={search_term_string}\"},\"query-input\":\"required name=search_term_string\"}],\"inLanguage\":\"pt-BR\"},{\"@type\":\"Organization\",\"@id\":\"https:\/\/blogs.funiber.org\/pt\/#organization\",\"name\":\"FuniBlogs - FUNIBER\",\"url\":\"https:\/\/blogs.funiber.org\/pt\/\",\"logo\":{\"@type\":\"ImageObject\",\"inLanguage\":\"pt-BR\",\"@id\":\"https:\/\/blogs.funiber.org\/pt\/#\/schema\/logo\/image\/\",\"url\":\"https:\/\/www.funiber.blog\/pt\/wp-content\/uploads\/2022\/02\/logo-funiber-pt-br-v-dos.svg\",\"contentUrl\":\"https:\/\/www.funiber.blog\/pt\/wp-content\/uploads\/2022\/02\/logo-funiber-pt-br-v-dos.svg\",\"width\":1,\"height\":1,\"caption\":\"FuniBlogs - FUNIBER\"},\"image\":{\"@id\":\"https:\/\/blogs.funiber.org\/pt\/#\/schema\/logo\/image\/\"},\"sameAs\":[\"https:\/\/www.facebook.com\/funiber\",\"https:\/\/twitter.com\/FUNIBER\",\"https:\/\/www.instagram.com\/funiber_becas\",\"https:\/\/www.youtube.com\/user\/funiber\",\"https:\/\/www.linkedin.com\/company\/funiber\"]},{\"@type\":\"Person\",\"@id\":\"https:\/\/blogs.funiber.org\/pt\/#\/schema\/person\/0eae3cfb523a46b015366e49f7c79e8f\",\"name\":\"Administrador Blogs CT\",\"image\":{\"@type\":\"ImageObject\",\"inLanguage\":\"pt-BR\",\"@id\":\"https:\/\/blogs.funiber.org\/pt\/#\/schema\/person\/image\/\",\"url\":\"https:\/\/secure.gravatar.com\/avatar\/097db6469009a1dba4db4c0390a1e929?s=96&d=mm&r=g\",\"contentUrl\":\"https:\/\/secure.gravatar.com\/avatar\/097db6469009a1dba4db4c0390a1e929?s=96&d=mm&r=g\",\"caption\":\"Administrador Blogs CT\"},\"url\":\"https:\/\/www.funiber.blog\/pt\/author\/ct-admin\"}]}<\/script>\n<!-- \/ Yoast SEO plugin. -->","yoast_head_json":{"title":"Seis em cada dez idosos de 60 anos n\u00e3o recebem pens\u00e3o na Am\u00e9rica Latina - FuniBlogs - FUNIBER","robots":{"index":"index","follow":"follow","max-snippet":"max-snippet:-1","max-image-preview":"max-image-preview:large","max-video-preview":"max-video-preview:-1"},"canonical":"https:\/\/blogs.funiber.org\/pt\/gerontologia\/2012\/06\/29\/seis-em-cada-dez-idosos-de-60-anos-nao-recebem-pensao-na-america-latina","og_locale":"pt_BR","og_type":"article","og_title":"Seis em cada dez idosos de 60 anos n\u00e3o recebem pens\u00e3o na Am\u00e9rica Latina - FuniBlogs - FUNIBER","og_description":"Na Am\u00e9rica Latina, apenas quatro pessoas, em cada dez maiores de 60 anos, recebe pens\u00e3o, uma situa\u00e7\u00e3o que preocupa, considerando que as pessoas de idade avan\u00e7ada enfrentar\u00e3o maiores dificuldades para ter acesso aos servi\u00e7os de sa\u00fade. A informa\u00e7\u00e3o foi publicada em um relat\u00f3rio da Comiss\u00e3o Econ\u00f4mica para a Am\u00e9rica Latina e o Caribe (CEPAL). De [&hellip;]","og_url":"https:\/\/blogs.funiber.org\/pt\/gerontologia\/2012\/06\/29\/seis-em-cada-dez-idosos-de-60-anos-nao-recebem-pensao-na-america-latina","og_site_name":"FuniBlogs - FUNIBER","article_publisher":"https:\/\/www.facebook.com\/funiber","article_published_time":"2012-06-29T20:13:11+00:00","article_modified_time":"2012-06-29T20:13:22+00:00","author":"Administrador Blogs CT","twitter_card":"summary_large_image","twitter_creator":"@FUNIBER","twitter_site":"@FUNIBER","twitter_misc":{"Escrito por":"Administrador Blogs CT","Est. tempo de leitura":"2 minutos"},"schema":{"@context":"https:\/\/schema.org","@graph":[{"@type":"Article","@id":"https:\/\/blogs.funiber.org\/pt\/gerontologia\/2012\/06\/29\/seis-em-cada-dez-idosos-de-60-anos-nao-recebem-pensao-na-america-latina#article","isPartOf":{"@id":"https:\/\/blogs.funiber.org\/pt\/gerontologia\/2012\/06\/29\/seis-em-cada-dez-idosos-de-60-anos-nao-recebem-pensao-na-america-latina"},"author":{"name":"Administrador Blogs CT","@id":"https:\/\/blogs.funiber.org\/pt\/#\/schema\/person\/0eae3cfb523a46b015366e49f7c79e8f"},"headline":"Seis em cada dez idosos de 60 anos n\u00e3o recebem pens\u00e3o na Am\u00e9rica Latina","datePublished":"2012-06-29T20:13:11+00:00","dateModified":"2012-06-29T20:13:22+00:00","mainEntityOfPage":{"@id":"https:\/\/blogs.funiber.org\/pt\/gerontologia\/2012\/06\/29\/seis-em-cada-dez-idosos-de-60-anos-nao-recebem-pensao-na-america-latina"},"wordCount":486,"commentCount":0,"publisher":{"@id":"https:\/\/blogs.funiber.org\/pt\/#organization"},"articleSection":["Gerontologia"],"inLanguage":"pt-BR"},{"@type":"WebPage","@id":"https:\/\/blogs.funiber.org\/pt\/gerontologia\/2012\/06\/29\/seis-em-cada-dez-idosos-de-60-anos-nao-recebem-pensao-na-america-latina","url":"https:\/\/blogs.funiber.org\/pt\/gerontologia\/2012\/06\/29\/seis-em-cada-dez-idosos-de-60-anos-nao-recebem-pensao-na-america-latina","name":"Seis em cada dez idosos de 60 anos n\u00e3o recebem pens\u00e3o na Am\u00e9rica Latina - FuniBlogs - FUNIBER","isPartOf":{"@id":"https:\/\/blogs.funiber.org\/pt\/#website"},"datePublished":"2012-06-29T20:13:11+00:00","dateModified":"2012-06-29T20:13:22+00:00","breadcrumb":{"@id":"https:\/\/blogs.funiber.org\/pt\/gerontologia\/2012\/06\/29\/seis-em-cada-dez-idosos-de-60-anos-nao-recebem-pensao-na-america-latina#breadcrumb"},"inLanguage":"pt-BR","potentialAction":[{"@type":"ReadAction","target":["https:\/\/blogs.funiber.org\/pt\/gerontologia\/2012\/06\/29\/seis-em-cada-dez-idosos-de-60-anos-nao-recebem-pensao-na-america-latina"]}]},{"@type":"BreadcrumbList","@id":"https:\/\/blogs.funiber.org\/pt\/gerontologia\/2012\/06\/29\/seis-em-cada-dez-idosos-de-60-anos-nao-recebem-pensao-na-america-latina#breadcrumb","itemListElement":[{"@type":"ListItem","position":1,"name":"In\u00edcio","item":"https:\/\/blogs.funiber.org\/pt"},{"@type":"ListItem","position":2,"name":"Seis em cada dez idosos de 60 anos n\u00e3o recebem pens\u00e3o na Am\u00e9rica Latina"}]},{"@type":"WebSite","@id":"https:\/\/blogs.funiber.org\/pt\/#website","url":"https:\/\/blogs.funiber.org\/pt\/","name":"FuniBlogs - FUNIBER","description":"","publisher":{"@id":"https:\/\/blogs.funiber.org\/pt\/#organization"},"potentialAction":[{"@type":"SearchAction","target":{"@type":"EntryPoint","urlTemplate":"https:\/\/blogs.funiber.org\/pt\/?s={search_term_string}"},"query-input":"required name=search_term_string"}],"inLanguage":"pt-BR"},{"@type":"Organization","@id":"https:\/\/blogs.funiber.org\/pt\/#organization","name":"FuniBlogs - FUNIBER","url":"https:\/\/blogs.funiber.org\/pt\/","logo":{"@type":"ImageObject","inLanguage":"pt-BR","@id":"https:\/\/blogs.funiber.org\/pt\/#\/schema\/logo\/image\/","url":"https:\/\/www.funiber.blog\/pt\/wp-content\/uploads\/2022\/02\/logo-funiber-pt-br-v-dos.svg","contentUrl":"https:\/\/www.funiber.blog\/pt\/wp-content\/uploads\/2022\/02\/logo-funiber-pt-br-v-dos.svg","width":1,"height":1,"caption":"FuniBlogs - FUNIBER"},"image":{"@id":"https:\/\/blogs.funiber.org\/pt\/#\/schema\/logo\/image\/"},"sameAs":["https:\/\/www.facebook.com\/funiber","https:\/\/twitter.com\/FUNIBER","https:\/\/www.instagram.com\/funiber_becas","https:\/\/www.youtube.com\/user\/funiber","https:\/\/www.linkedin.com\/company\/funiber"]},{"@type":"Person","@id":"https:\/\/blogs.funiber.org\/pt\/#\/schema\/person\/0eae3cfb523a46b015366e49f7c79e8f","name":"Administrador Blogs CT","image":{"@type":"ImageObject","inLanguage":"pt-BR","@id":"https:\/\/blogs.funiber.org\/pt\/#\/schema\/person\/image\/","url":"https:\/\/secure.gravatar.com\/avatar\/097db6469009a1dba4db4c0390a1e929?s=96&d=mm&r=g","contentUrl":"https:\/\/secure.gravatar.com\/avatar\/097db6469009a1dba4db4c0390a1e929?s=96&d=mm&r=g","caption":"Administrador Blogs CT"},"url":"https:\/\/www.funiber.blog\/pt\/author\/ct-admin"}]}},"jetpack_featured_media_url":"","jetpack_shortlink":"https:\/\/wp.me\/p7ee1t-Ap","jetpack_sharing_enabled":true,"_links":{"self":[{"href":"https:\/\/www.funiber.blog\/pt\/wp-json\/wp\/v2\/posts\/2257"}],"collection":[{"href":"https:\/\/www.funiber.blog\/pt\/wp-json\/wp\/v2\/posts"}],"about":[{"href":"https:\/\/www.funiber.blog\/pt\/wp-json\/wp\/v2\/types\/post"}],"author":[{"embeddable":true,"href":"https:\/\/www.funiber.blog\/pt\/wp-json\/wp\/v2\/users\/13"}],"replies":[{"embeddable":true,"href":"https:\/\/www.funiber.blog\/pt\/wp-json\/wp\/v2\/comments?post=2257"}],"version-history":[{"count":0,"href":"https:\/\/www.funiber.blog\/pt\/wp-json\/wp\/v2\/posts\/2257\/revisions"}],"wp:attachment":[{"href":"https:\/\/www.funiber.blog\/pt\/wp-json\/wp\/v2\/media?parent=2257"}],"wp:term":[{"taxonomy":"category","embeddable":true,"href":"https:\/\/www.funiber.blog\/pt\/wp-json\/wp\/v2\/categories?post=2257"},{"taxonomy":"post_tag","embeddable":true,"href":"https:\/\/www.funiber.blog\/pt\/wp-json\/wp\/v2\/tags?post=2257"}],"curies":[{"name":"wp","href":"https:\/\/api.w.org\/{rel}","templated":true}]}}