{"id":22680,"date":"2020-08-04T12:44:36","date_gmt":"2020-08-04T17:44:36","guid":{"rendered":"https:\/\/blogs.funiber.org\/pt\/?p=22680"},"modified":"2020-08-04T12:44:36","modified_gmt":"2020-08-04T17:44:36","slug":"funiber-educacao-prioridade","status":"publish","type":"post","link":"https:\/\/www.funiber.blog\/pt\/formacao-professores\/2020\/08\/04\/funiber-educacao-prioridade","title":{"rendered":"Prioridade para a educa\u00e7\u00e3o \u00e9 chave para salvar o futuro, alerta a ONU"},"content":{"rendered":"<h2>A ONU lan\u00e7ou recentemente a campanha <a href=\"https:\/\/saveourfuture.world\/pt\/\" target=\"_blank\" rel=\"noopener noreferrer\">\u201cSalve o Futuro\u201d<\/a> com o pronunciamento do secret\u00e1rio-geral, Ant\u00f3nio Guterres, alertando para os desafios provocados pela pandemia na educa\u00e7\u00e3o.<\/h2>\n<p>A partir deste documento, as Na\u00e7\u00f5es Unidas alerta para a necessidade de a\u00e7\u00f5es urgentes para oferecer educa\u00e7\u00e3o a todos os estudantes, e assim poder garantir o desenvolvimento das crian\u00e7as e adolescentes, especialmente daquelas que vivem em situa\u00e7\u00e3o de vulnerabilidade.<!--more--><\/p>\n<p>O secret\u00e1rio-geral da ONU afirma que o momento \u00e9 decisivo \u201cpara as crian\u00e7as e os jovens de todo o mundo\u201d, e que \u201cas decis\u00f5es que os governos e os parceiros tomarem agora ter\u00e3o um impacto duradouro em centenas de milh\u00f5es de jovens e nas perspectivas de desenvolvimento dos pa\u00edses nas pr\u00f3ximas d\u00e9cadas.\u201d<\/p>\n<p>Esta atua\u00e7\u00e3o urgente necessita algumas medidas, que segundo a proposta da ONU, seriam:<\/p>\n<ul>\n<li>Reabertura das escolas, cumprindo, seguindo medidas de conten\u00e7\u00e3o e de seguran\u00e7a.<\/li>\n<li>Prioridade \u00e0 educa\u00e7\u00e3o nos or\u00e7amentos p\u00fablicos.<\/li>\n<li>Atendimento \u00e0s pessoas em situa\u00e7\u00e3o vulner\u00e1vel como s\u00e3o as minorias, as pessoas deslocadas e com defici\u00eancia.<\/li>\n<li>Oportunidade para redesenhar a educa\u00e7\u00e3o, em dire\u00e7\u00e3o a um sistema que ofere\u00e7a educa\u00e7\u00e3o de qualidade para todos.<\/li>\n<\/ul>\n<p>Guterres destaca que as a\u00e7\u00f5es devem ser pensadas urgentemente, j\u00e1 que \u201cagora, enfrentamos uma cat\u00e1strofe geracional que pode desperdi\u00e7ar um potencial humano incalcul\u00e1vel, minar d\u00e9cadas de progresso e acentuar desigualdades enraizadas\u201d.<\/p>\n<p>A <a href=\"http:\/\/www.funiber.org.br\" target=\"_blank\" rel=\"noopener noreferrer\">FUNIBER<\/a> promove a educa\u00e7\u00e3o \u00e0 dist\u00e2ncia com programas de qualidade na \u00e1rea de Forma\u00e7\u00e3o de Professorado, como s\u00e3o por exemplo, o\u00a0<a href=\"https:\/\/www.funiber.org.br\/mestrado-em-educaccao-com-especializacao-em-organizacao-e-gestao-de-centros-educativos\" hreflang=\"pt-br\">Mestrado em Educa\u00e7\u00e3o com especializa\u00e7\u00e3o em Organiza\u00e7\u00e3o e Gest\u00e3o de Centros Educativos\u00a0<\/a>e o <a href=\"https:\/\/www.funiber.org.br\/mestrado-em-intervencao-psicologica-no-desenvolvimento-e-na-educacao\" hreflang=\"pt-br\">Mestrado em Interven\u00e7\u00e3o Psicol\u00f3gica no Desenvolvimento e na Educa\u00e7\u00e3o<\/a>.<\/p>\n<p>Fontes: <a href=\"https:\/\/news.un.org\/pt\/story\/2020\/08\/1722052\" target=\"_blank\" rel=\"noopener noreferrer\">Guterres diz que mundo pode \u201credesenhar a educa\u00e7\u00e3o\u201d na era p\u00f3s-Covid-19<\/a><\/p>\n<p><a href=\"https:\/\/educacao.uol.com.br\/noticias\/2020\/08\/04\/onu-diz-que-reabrir-escolas-deve-ser-prioridade-para-evitar-catastrofe.htm\" target=\"_blank\" rel=\"noopener noreferrer\">ONU diz que reabrir escolas deve ser prioridade para evitar &#8216;cat\u00e1strofe&#8217;.\u00a0<\/a><\/p>\n<p>Foto: Todos os direitos reservados<\/p>\n","protected":false},"excerpt":{"rendered":"<p>A ONU lan\u00e7ou recentemente a campanha \u201cSalve o Futuro\u201d com o pronunciamento do secret\u00e1rio-geral, Ant\u00f3nio Guterres, alertando para os desafios provocados pela pandemia na educa\u00e7\u00e3o. A partir deste documento, as Na\u00e7\u00f5es Unidas alerta para a necessidade de a\u00e7\u00f5es urgentes para oferecer educa\u00e7\u00e3o a todos os estudantes, e assim poder garantir o desenvolvimento das crian\u00e7as e [&hellip;]<\/p>\n","protected":false},"author":10,"featured_media":22684,"comment_status":"closed","ping_status":"closed","sticky":false,"template":"","format":"standard","meta":{"jetpack_post_was_ever_published":false,"_jetpack_newsletter_access":"","_jetpack_newsletter_tier_id":0,"footnotes":"","jetpack_publicize_message":"","jetpack_is_tweetstorm":false,"jetpack_publicize_feature_enabled":true,"jetpack_social_post_already_shared":true,"jetpack_social_options":{"image_generator_settings":{"template":"highway","enabled":false}}},"categories":[5],"tags":[105,1242,213,855,285,408,119,686,248,911,835,671,141,641,255,642],"jetpack_publicize_connections":[],"yoast_head":"<!-- This site is optimized with the Yoast SEO plugin v21.7 - https:\/\/yoast.com\/wordpress\/plugins\/seo\/ -->\n<title>Prioridade para a educa\u00e7\u00e3o \u00e9 chave para salvar o futuro, alerta a ONU<\/title>\n<meta name=\"description\" content=\"A ONU lan\u00e7ou recentemente a campanha \u201cSalve o Futuro\u201d com o pronunciamento do secret\u00e1rio-geral, Ant\u00f3nio Guterres, alertando para os desafios provocados pela pandemia na educa\u00e7\u00e3o.\" \/>\n<meta name=\"robots\" content=\"index, follow, max-snippet:-1, max-image-preview:large, max-video-preview:-1\" \/>\n<link rel=\"canonical\" href=\"https:\/\/blogs.funiber.org\/pt\/formacao-professores\/2020\/08\/04\/funiber-educacao-prioridade\" \/>\n<meta property=\"og:locale\" content=\"pt_BR\" \/>\n<meta property=\"og:type\" content=\"article\" \/>\n<meta property=\"og:title\" content=\"Prioridade para a educa\u00e7\u00e3o \u00e9 chave para salvar o futuro, alerta a ONU\" \/>\n<meta property=\"og:description\" content=\"A ONU lan\u00e7ou recentemente a campanha \u201cSalve o Futuro\u201d com o pronunciamento do secret\u00e1rio-geral, Ant\u00f3nio Guterres, alertando para os desafios provocados pela pandemia na educa\u00e7\u00e3o.\" \/>\n<meta property=\"og:url\" content=\"https:\/\/blogs.funiber.org\/pt\/formacao-professores\/2020\/08\/04\/funiber-educacao-prioridade\" \/>\n<meta property=\"og:site_name\" content=\"FuniBlogs - FUNIBER\" \/>\n<meta property=\"article:publisher\" content=\"https:\/\/www.facebook.com\/funiber\" \/>\n<meta property=\"article:published_time\" content=\"2020-08-04T17:44:36+00:00\" \/>\n<meta property=\"og:image\" content=\"https:\/\/blogs.funiber.org\/pt\/wp-content\/uploads\/2020\/08\/funiber-futuro-educacao.jpg\" \/>\n\t<meta property=\"og:image:width\" content=\"1350\" \/>\n\t<meta property=\"og:image:height\" content=\"900\" \/>\n\t<meta property=\"og:image:type\" content=\"image\/jpeg\" \/>\n<meta name=\"author\" content=\"Michelle\" \/>\n<meta name=\"twitter:card\" content=\"summary_large_image\" \/>\n<meta name=\"twitter:creator\" content=\"@FUNIBER\" \/>\n<meta name=\"twitter:site\" content=\"@FUNIBER\" \/>\n<meta name=\"twitter:label1\" content=\"Escrito por\" \/>\n\t<meta name=\"twitter:data1\" content=\"Michelle\" \/>\n\t<meta name=\"twitter:label2\" content=\"Est. tempo de leitura\" \/>\n\t<meta name=\"twitter:data2\" content=\"2 minutos\" \/>\n<script type=\"application\/ld+json\" class=\"yoast-schema-graph\">{\"@context\":\"https:\/\/schema.org\",\"@graph\":[{\"@type\":\"Article\",\"@id\":\"https:\/\/blogs.funiber.org\/pt\/formacao-professores\/2020\/08\/04\/funiber-educacao-prioridade#article\",\"isPartOf\":{\"@id\":\"https:\/\/blogs.funiber.org\/pt\/formacao-professores\/2020\/08\/04\/funiber-educacao-prioridade\"},\"author\":{\"name\":\"Michelle\",\"@id\":\"https:\/\/blogs.funiber.org\/pt\/#\/schema\/person\/a1eaaa5e57eac866a8c5946946bcf80d\"},\"headline\":\"Prioridade para a educa\u00e7\u00e3o \u00e9 chave para salvar o futuro, alerta a ONU\",\"datePublished\":\"2020-08-04T17:44:36+00:00\",\"dateModified\":\"2020-08-04T17:44:36+00:00\",\"mainEntityOfPage\":{\"@id\":\"https:\/\/blogs.funiber.org\/pt\/formacao-professores\/2020\/08\/04\/funiber-educacao-prioridade\"},\"wordCount\":343,\"publisher\":{\"@id\":\"https:\/\/blogs.funiber.org\/pt\/#organization\"},\"keywords\":[\"Aquecimento Global\",\"Bolsas\",\"Conserva\u00e7\u00e3o\",\"Doutorado\",\"Educa\u00e7\u00e3o\",\"Educa\u00e7\u00e3o a Dist\u00e2ncia\",\"Estudos\",\"Forma\u00e7\u00e3o de Professores\",\"Funiber\",\"FUNIBER Opini\u00f5es\",\"Meio Ambiente\",\"mestrado\",\"Mudan\u00e7as clim\u00e1ticas\",\"Opini\u00e3o FUNIBER\",\"Opini\u00f5es Funiber\",\"Professores\"],\"articleSection\":[\"Educa\u00e7\u00e3o,\u00a0Forma\u00e7\u00e3o Professores\"],\"inLanguage\":\"pt-BR\"},{\"@type\":\"WebPage\",\"@id\":\"https:\/\/blogs.funiber.org\/pt\/formacao-professores\/2020\/08\/04\/funiber-educacao-prioridade\",\"url\":\"https:\/\/blogs.funiber.org\/pt\/formacao-professores\/2020\/08\/04\/funiber-educacao-prioridade\",\"name\":\"Prioridade para a educa\u00e7\u00e3o \u00e9 chave para salvar o futuro, alerta a ONU\",\"isPartOf\":{\"@id\":\"https:\/\/blogs.funiber.org\/pt\/#website\"},\"datePublished\":\"2020-08-04T17:44:36+00:00\",\"dateModified\":\"2020-08-04T17:44:36+00:00\",\"description\":\"A ONU lan\u00e7ou recentemente a campanha \u201cSalve o Futuro\u201d com o pronunciamento do secret\u00e1rio-geral, Ant\u00f3nio Guterres, alertando para os desafios provocados pela pandemia na educa\u00e7\u00e3o.\",\"breadcrumb\":{\"@id\":\"https:\/\/blogs.funiber.org\/pt\/formacao-professores\/2020\/08\/04\/funiber-educacao-prioridade#breadcrumb\"},\"inLanguage\":\"pt-BR\",\"potentialAction\":[{\"@type\":\"ReadAction\",\"target\":[\"https:\/\/blogs.funiber.org\/pt\/formacao-professores\/2020\/08\/04\/funiber-educacao-prioridade\"]}]},{\"@type\":\"BreadcrumbList\",\"@id\":\"https:\/\/blogs.funiber.org\/pt\/formacao-professores\/2020\/08\/04\/funiber-educacao-prioridade#breadcrumb\",\"itemListElement\":[{\"@type\":\"ListItem\",\"position\":1,\"name\":\"In\u00edcio\",\"item\":\"https:\/\/blogs.funiber.org\/pt\"},{\"@type\":\"ListItem\",\"position\":2,\"name\":\"Prioridade para a educa\u00e7\u00e3o \u00e9 chave para salvar o futuro, alerta a ONU\"}]},{\"@type\":\"WebSite\",\"@id\":\"https:\/\/blogs.funiber.org\/pt\/#website\",\"url\":\"https:\/\/blogs.funiber.org\/pt\/\",\"name\":\"FuniBlogs - FUNIBER\",\"description\":\"\",\"publisher\":{\"@id\":\"https:\/\/blogs.funiber.org\/pt\/#organization\"},\"potentialAction\":[{\"@type\":\"SearchAction\",\"target\":{\"@type\":\"EntryPoint\",\"urlTemplate\":\"https:\/\/blogs.funiber.org\/pt\/?s={search_term_string}\"},\"query-input\":\"required name=search_term_string\"}],\"inLanguage\":\"pt-BR\"},{\"@type\":\"Organization\",\"@id\":\"https:\/\/blogs.funiber.org\/pt\/#organization\",\"name\":\"FuniBlogs - FUNIBER\",\"url\":\"https:\/\/blogs.funiber.org\/pt\/\",\"logo\":{\"@type\":\"ImageObject\",\"inLanguage\":\"pt-BR\",\"@id\":\"https:\/\/blogs.funiber.org\/pt\/#\/schema\/logo\/image\/\",\"url\":\"https:\/\/www.funiber.blog\/pt\/wp-content\/uploads\/2022\/02\/logo-funiber-pt-br-v-dos.svg\",\"contentUrl\":\"https:\/\/www.funiber.blog\/pt\/wp-content\/uploads\/2022\/02\/logo-funiber-pt-br-v-dos.svg\",\"width\":1,\"height\":1,\"caption\":\"FuniBlogs - FUNIBER\"},\"image\":{\"@id\":\"https:\/\/blogs.funiber.org\/pt\/#\/schema\/logo\/image\/\"},\"sameAs\":[\"https:\/\/www.facebook.com\/funiber\",\"https:\/\/twitter.com\/FUNIBER\",\"https:\/\/www.instagram.com\/funiber_becas\",\"https:\/\/www.youtube.com\/user\/funiber\",\"https:\/\/www.linkedin.com\/company\/funiber\"]},{\"@type\":\"Person\",\"@id\":\"https:\/\/blogs.funiber.org\/pt\/#\/schema\/person\/a1eaaa5e57eac866a8c5946946bcf80d\",\"name\":\"Michelle\",\"image\":{\"@type\":\"ImageObject\",\"inLanguage\":\"pt-BR\",\"@id\":\"https:\/\/blogs.funiber.org\/pt\/#\/schema\/person\/image\/\",\"url\":\"https:\/\/secure.gravatar.com\/avatar\/5e87041f7609dc50493cf216754fece1?s=96&d=mm&r=g\",\"contentUrl\":\"https:\/\/secure.gravatar.com\/avatar\/5e87041f7609dc50493cf216754fece1?s=96&d=mm&r=g\",\"caption\":\"Michelle\"},\"url\":\"https:\/\/www.funiber.blog\/pt\/author\/michelle-moreira\"}]}<\/script>\n<!-- \/ Yoast SEO plugin. -->","yoast_head_json":{"title":"Prioridade para a educa\u00e7\u00e3o \u00e9 chave para salvar o futuro, alerta a ONU","description":"A ONU lan\u00e7ou recentemente a campanha \u201cSalve o Futuro\u201d com o pronunciamento do secret\u00e1rio-geral, Ant\u00f3nio Guterres, alertando para os desafios provocados pela pandemia na educa\u00e7\u00e3o.","robots":{"index":"index","follow":"follow","max-snippet":"max-snippet:-1","max-image-preview":"max-image-preview:large","max-video-preview":"max-video-preview:-1"},"canonical":"https:\/\/blogs.funiber.org\/pt\/formacao-professores\/2020\/08\/04\/funiber-educacao-prioridade","og_locale":"pt_BR","og_type":"article","og_title":"Prioridade para a educa\u00e7\u00e3o \u00e9 chave para salvar o futuro, alerta a ONU","og_description":"A ONU lan\u00e7ou recentemente a campanha \u201cSalve o Futuro\u201d com o pronunciamento do secret\u00e1rio-geral, Ant\u00f3nio Guterres, alertando para os desafios provocados pela pandemia na educa\u00e7\u00e3o.","og_url":"https:\/\/blogs.funiber.org\/pt\/formacao-professores\/2020\/08\/04\/funiber-educacao-prioridade","og_site_name":"FuniBlogs - FUNIBER","article_publisher":"https:\/\/www.facebook.com\/funiber","article_published_time":"2020-08-04T17:44:36+00:00","og_image":[{"width":1350,"height":900,"url":"https:\/\/blogs.funiber.org\/pt\/wp-content\/uploads\/2020\/08\/funiber-futuro-educacao.jpg","type":"image\/jpeg"}],"author":"Michelle","twitter_card":"summary_large_image","twitter_creator":"@FUNIBER","twitter_site":"@FUNIBER","twitter_misc":{"Escrito por":"Michelle","Est. tempo de leitura":"2 minutos"},"schema":{"@context":"https:\/\/schema.org","@graph":[{"@type":"Article","@id":"https:\/\/blogs.funiber.org\/pt\/formacao-professores\/2020\/08\/04\/funiber-educacao-prioridade#article","isPartOf":{"@id":"https:\/\/blogs.funiber.org\/pt\/formacao-professores\/2020\/08\/04\/funiber-educacao-prioridade"},"author":{"name":"Michelle","@id":"https:\/\/blogs.funiber.org\/pt\/#\/schema\/person\/a1eaaa5e57eac866a8c5946946bcf80d"},"headline":"Prioridade para a educa\u00e7\u00e3o \u00e9 chave para salvar o futuro, alerta a ONU","datePublished":"2020-08-04T17:44:36+00:00","dateModified":"2020-08-04T17:44:36+00:00","mainEntityOfPage":{"@id":"https:\/\/blogs.funiber.org\/pt\/formacao-professores\/2020\/08\/04\/funiber-educacao-prioridade"},"wordCount":343,"publisher":{"@id":"https:\/\/blogs.funiber.org\/pt\/#organization"},"keywords":["Aquecimento Global","Bolsas","Conserva\u00e7\u00e3o","Doutorado","Educa\u00e7\u00e3o","Educa\u00e7\u00e3o a Dist\u00e2ncia","Estudos","Forma\u00e7\u00e3o de Professores","Funiber","FUNIBER Opini\u00f5es","Meio Ambiente","mestrado","Mudan\u00e7as clim\u00e1ticas","Opini\u00e3o FUNIBER","Opini\u00f5es Funiber","Professores"],"articleSection":["Educa\u00e7\u00e3o,\u00a0Forma\u00e7\u00e3o Professores"],"inLanguage":"pt-BR"},{"@type":"WebPage","@id":"https:\/\/blogs.funiber.org\/pt\/formacao-professores\/2020\/08\/04\/funiber-educacao-prioridade","url":"https:\/\/blogs.funiber.org\/pt\/formacao-professores\/2020\/08\/04\/funiber-educacao-prioridade","name":"Prioridade para a educa\u00e7\u00e3o \u00e9 chave para salvar o futuro, alerta a ONU","isPartOf":{"@id":"https:\/\/blogs.funiber.org\/pt\/#website"},"datePublished":"2020-08-04T17:44:36+00:00","dateModified":"2020-08-04T17:44:36+00:00","description":"A ONU lan\u00e7ou recentemente a campanha \u201cSalve o Futuro\u201d com o pronunciamento do secret\u00e1rio-geral, Ant\u00f3nio Guterres, alertando para os desafios provocados pela pandemia na educa\u00e7\u00e3o.","breadcrumb":{"@id":"https:\/\/blogs.funiber.org\/pt\/formacao-professores\/2020\/08\/04\/funiber-educacao-prioridade#breadcrumb"},"inLanguage":"pt-BR","potentialAction":[{"@type":"ReadAction","target":["https:\/\/blogs.funiber.org\/pt\/formacao-professores\/2020\/08\/04\/funiber-educacao-prioridade"]}]},{"@type":"BreadcrumbList","@id":"https:\/\/blogs.funiber.org\/pt\/formacao-professores\/2020\/08\/04\/funiber-educacao-prioridade#breadcrumb","itemListElement":[{"@type":"ListItem","position":1,"name":"In\u00edcio","item":"https:\/\/blogs.funiber.org\/pt"},{"@type":"ListItem","position":2,"name":"Prioridade para a educa\u00e7\u00e3o \u00e9 chave para salvar o futuro, alerta a ONU"}]},{"@type":"WebSite","@id":"https:\/\/blogs.funiber.org\/pt\/#website","url":"https:\/\/blogs.funiber.org\/pt\/","name":"FuniBlogs - FUNIBER","description":"","publisher":{"@id":"https:\/\/blogs.funiber.org\/pt\/#organization"},"potentialAction":[{"@type":"SearchAction","target":{"@type":"EntryPoint","urlTemplate":"https:\/\/blogs.funiber.org\/pt\/?s={search_term_string}"},"query-input":"required name=search_term_string"}],"inLanguage":"pt-BR"},{"@type":"Organization","@id":"https:\/\/blogs.funiber.org\/pt\/#organization","name":"FuniBlogs - FUNIBER","url":"https:\/\/blogs.funiber.org\/pt\/","logo":{"@type":"ImageObject","inLanguage":"pt-BR","@id":"https:\/\/blogs.funiber.org\/pt\/#\/schema\/logo\/image\/","url":"https:\/\/www.funiber.blog\/pt\/wp-content\/uploads\/2022\/02\/logo-funiber-pt-br-v-dos.svg","contentUrl":"https:\/\/www.funiber.blog\/pt\/wp-content\/uploads\/2022\/02\/logo-funiber-pt-br-v-dos.svg","width":1,"height":1,"caption":"FuniBlogs - FUNIBER"},"image":{"@id":"https:\/\/blogs.funiber.org\/pt\/#\/schema\/logo\/image\/"},"sameAs":["https:\/\/www.facebook.com\/funiber","https:\/\/twitter.com\/FUNIBER","https:\/\/www.instagram.com\/funiber_becas","https:\/\/www.youtube.com\/user\/funiber","https:\/\/www.linkedin.com\/company\/funiber"]},{"@type":"Person","@id":"https:\/\/blogs.funiber.org\/pt\/#\/schema\/person\/a1eaaa5e57eac866a8c5946946bcf80d","name":"Michelle","image":{"@type":"ImageObject","inLanguage":"pt-BR","@id":"https:\/\/blogs.funiber.org\/pt\/#\/schema\/person\/image\/","url":"https:\/\/secure.gravatar.com\/avatar\/5e87041f7609dc50493cf216754fece1?s=96&d=mm&r=g","contentUrl":"https:\/\/secure.gravatar.com\/avatar\/5e87041f7609dc50493cf216754fece1?s=96&d=mm&r=g","caption":"Michelle"},"url":"https:\/\/www.funiber.blog\/pt\/author\/michelle-moreira"}]}},"jetpack_featured_media_url":"https:\/\/www.funiber.blog\/pt\/wp-content\/uploads\/2020\/08\/funiber-futuro-educacao.jpg","jetpack_shortlink":"https:\/\/wp.me\/p7ee1t-5TO","jetpack_sharing_enabled":true,"_links":{"self":[{"href":"https:\/\/www.funiber.blog\/pt\/wp-json\/wp\/v2\/posts\/22680"}],"collection":[{"href":"https:\/\/www.funiber.blog\/pt\/wp-json\/wp\/v2\/posts"}],"about":[{"href":"https:\/\/www.funiber.blog\/pt\/wp-json\/wp\/v2\/types\/post"}],"author":[{"embeddable":true,"href":"https:\/\/www.funiber.blog\/pt\/wp-json\/wp\/v2\/users\/10"}],"replies":[{"embeddable":true,"href":"https:\/\/www.funiber.blog\/pt\/wp-json\/wp\/v2\/comments?post=22680"}],"version-history":[{"count":1,"href":"https:\/\/www.funiber.blog\/pt\/wp-json\/wp\/v2\/posts\/22680\/revisions"}],"predecessor-version":[{"id":22681,"href":"https:\/\/www.funiber.blog\/pt\/wp-json\/wp\/v2\/posts\/22680\/revisions\/22681"}],"wp:featuredmedia":[{"embeddable":true,"href":"https:\/\/www.funiber.blog\/pt\/wp-json\/wp\/v2\/media\/22684"}],"wp:attachment":[{"href":"https:\/\/www.funiber.blog\/pt\/wp-json\/wp\/v2\/media?parent=22680"}],"wp:term":[{"taxonomy":"category","embeddable":true,"href":"https:\/\/www.funiber.blog\/pt\/wp-json\/wp\/v2\/categories?post=22680"},{"taxonomy":"post_tag","embeddable":true,"href":"https:\/\/www.funiber.blog\/pt\/wp-json\/wp\/v2\/tags?post=22680"}],"curies":[{"name":"wp","href":"https:\/\/api.w.org\/{rel}","templated":true}]}}