{"id":23022,"date":"2020-09-26T03:58:14","date_gmt":"2020-09-26T08:58:14","guid":{"rendered":"https:\/\/blogs.funiber.org\/pt\/?p=23022"},"modified":"2020-09-21T04:15:40","modified_gmt":"2020-09-21T09:15:40","slug":"funiber-trabalhadores-volateis","status":"publish","type":"post","link":"https:\/\/www.funiber.blog\/pt\/empresas-e-rh\/2020\/09\/26\/funiber-trabalhadores-volateis","title":{"rendered":"Gest\u00e3o de trabalhadores vol\u00e1teis"},"content":{"rendered":"<p><strong>Reten\u00e7\u00e3o de talentos \u00e9 um dos objetivos da \u00e1rea de Recursos Humanos. <\/strong><\/p>\n<p>Essas pessoas que mudam de emprego com frequ\u00eancia e voluntariamente s\u00e3o conhecidas como <strong><em>Job Hoppers<\/em> ou <em>Job Jumpers<\/em><\/strong>.<!--more--><\/p>\n<p>Esse grupo de trabalhadores, segundo a empresa especializada em RH <a href=\"https:\/\/www.bizneo.com\" target=\"_blank\" rel=\"noopener noreferrer\">Bizneo<\/a>, est\u00e1 constantemente \u00e0 procura de novos desafios laborais e a sua perman\u00eancia na empresa n\u00e3o \u00e9 assegurada.<\/p>\n<p>\u201cAceitando que o <em>Job Hopping<\/em> n\u00e3o tem que ser necessariamente uma fonte de problemas para as empresas, elas devem adotar uma s\u00e9rie de mudan\u00e7as se quiserem aproveitar ao m\u00e1ximo o potencial desses trabalhadores. Por isso, \u00e9 conveniente adaptar a gest\u00e3o de talentos a esta realidade \u201d, indica Bizneo.<\/p>\n<p>Embora existam aspectos negativos, como falta de comprometimento ou especializa\u00e7\u00e3o, tamb\u00e9m pode ser uma vantagem para as empresas ter esses perfis pelos seguintes motivos:<\/p>\n<ul>\n<li>Observam-se maiores facilidades na hora da contrata\u00e7\u00e3o.<\/li>\n<li>Oferecem altos n\u00edveis de <strong>produtividade<\/strong>.<\/li>\n<li>A vasta experi\u00eancia d\u00e1-lhes uma vis\u00e3o ampla.<\/li>\n<li>Bom clima laboral.<\/li>\n<li>Buscam continuamente melhorar suas habilidades.<\/li>\n<li>Adaptam-se melhor a mudan\u00e7as.<\/li>\n<li>Eles t\u00eam uma ampla rede de contatos, formada gra\u00e7as \u00e0s suas mudan\u00e7as de emprego.<\/li>\n<\/ul>\n<p>Segundo relat\u00f3rio da empresa <a href=\"https:\/\/www.randstad.es\" target=\"_blank\" rel=\"noopener noreferrer\">Randstad<\/a>, <strong>Alemanha, Reino Unido e Fran\u00e7a lideram a lista de pa\u00edses com maior mobilidade trabalhista. <\/strong>Especificamente, o estudo analisou dados do \u00faltimo trimestre de 2019. No caso da Espanha, que ocupa o quarto lugar da lista, sua popula\u00e7\u00e3o mais jovem \u00e9 a mais propensa a uma mudan\u00e7a profissional, tamb\u00e9m influenciada pelo n\u00edvel acad\u00eamico.<\/p>\n<p>odos os profissionais que desejam ampliar sua experi\u00eancia e entender os mecanismos que regem os diferentes departamentos das empresas, poder\u00e3o alcan\u00e7ar seu objetivo com os programas universit\u00e1rios patrocinados pela <a href=\"https:\/\/www.funiber.org\">FUNIBER<\/a>. Um dos cursos oferecidos \u00e9 o <a href=\"https:\/\/www.funiber.org.br\/mestrado-em-administracao-e-direcao-de-empresas-mba\" target=\"_blank\" rel=\"noopener noreferrer\">Mestrado em Administra\u00e7\u00e3o e Dire\u00e7\u00e3o de Empresas (MBA)<\/a>.<\/p>\n<p>Fontes: <a href=\"https:\/\/www.bizneo.com\/blog\/job-hopper\/#Por_que_contratar_Job_Hoppers_7_razones_de_peso\" target=\"_blank\" rel=\"noopener noreferrer\">Job Hopper: los beneficios de una nueva generaci\u00f3n de trabajadores<\/a>.<\/p>\n<p>Estudo: <a href=\"https:\/\/www.randstad.es\/nosotros\/sala-prensa\/el-294-de-los-trabajadores-espanoles-ha-cambiado-de-empleo-en-los-ultimos-seis-meses-siete-puntos-mas-que-en-2018\/\" target=\"_blank\" rel=\"noopener noreferrer\">El 29,4% de los trabajadores espa\u00f1oles ha cambiado de empleo en los \u00faltimos seis meses, siete puntos m\u00e1s que en 2018<\/a>.<\/p>\n<p>Foto: Todos os direitos reservados<\/p>\n","protected":false},"excerpt":{"rendered":"<p>Reten\u00e7\u00e3o de talentos \u00e9 um dos objetivos da \u00e1rea de Recursos Humanos. Essas pessoas que mudam de emprego com frequ\u00eancia e voluntariamente s\u00e3o conhecidas como Job Hoppers ou Job Jumpers.<\/p>\n","protected":false},"author":10,"featured_media":23023,"comment_status":"closed","ping_status":"closed","sticky":false,"template":"","format":"standard","meta":{"jetpack_post_was_ever_published":false,"_jetpack_newsletter_access":"","_jetpack_newsletter_tier_id":0,"footnotes":"","jetpack_publicize_message":"","jetpack_is_tweetstorm":false,"jetpack_publicize_feature_enabled":true,"jetpack_social_post_already_shared":true,"jetpack_social_options":{"image_generator_settings":{"template":"highway","enabled":false}}},"categories":[8],"tags":[1242,855,285,408,491,119,1082,248,911,6552,6551,6550,671,6549,79,641,255,320,168,718,6548],"jetpack_publicize_connections":[],"yoast_head":"<!-- This site is optimized with the Yoast SEO plugin v21.7 - https:\/\/yoast.com\/wordpress\/plugins\/seo\/ -->\n<title>Gest\u00e3o de trabalhadores vol\u00e1teis<\/title>\n<meta name=\"description\" content=\"Reten\u00e7\u00e3o de talentos \u00e9 um dos objetivos da \u00e1rea de Recursos Humanos.\" \/>\n<meta name=\"robots\" content=\"noindex, nofollow\" \/>\n<meta property=\"og:locale\" content=\"pt_BR\" \/>\n<meta property=\"og:type\" content=\"article\" \/>\n<meta property=\"og:title\" content=\"Gest\u00e3o de trabalhadores vol\u00e1teis\" \/>\n<meta property=\"og:description\" content=\"Reten\u00e7\u00e3o de talentos \u00e9 um dos objetivos da \u00e1rea de Recursos Humanos.\" \/>\n<meta property=\"og:url\" content=\"https:\/\/blogs.funiber.org\/pt\/empresas-e-rh\/2020\/09\/26\/funiber-trabalhadores-volateis\" \/>\n<meta property=\"og:site_name\" content=\"FuniBlogs - FUNIBER\" \/>\n<meta property=\"article:publisher\" content=\"https:\/\/www.facebook.com\/funiber\" \/>\n<meta property=\"article:published_time\" content=\"2020-09-26T08:58:14+00:00\" \/>\n<meta property=\"article:modified_time\" content=\"2020-09-21T09:15:40+00:00\" \/>\n<meta property=\"og:image\" content=\"https:\/\/blogs.funiber.org\/pt\/wp-content\/uploads\/2020\/09\/funiber-gestao-talentos.jpg\" \/>\n\t<meta property=\"og:image:width\" content=\"587\" \/>\n\t<meta property=\"og:image:height\" content=\"396\" \/>\n\t<meta property=\"og:image:type\" content=\"image\/jpeg\" \/>\n<meta name=\"author\" content=\"Michelle\" \/>\n<meta name=\"twitter:card\" content=\"summary_large_image\" \/>\n<meta name=\"twitter:creator\" content=\"@FUNIBER\" \/>\n<meta name=\"twitter:site\" content=\"@FUNIBER\" \/>\n<meta name=\"twitter:label1\" content=\"Escrito por\" \/>\n\t<meta name=\"twitter:data1\" content=\"Michelle\" \/>\n\t<meta name=\"twitter:label2\" content=\"Est. tempo de leitura\" \/>\n\t<meta name=\"twitter:data2\" content=\"2 minutos\" \/>\n<script type=\"application\/ld+json\" class=\"yoast-schema-graph\">{\"@context\":\"https:\/\/schema.org\",\"@graph\":[{\"@type\":\"Article\",\"@id\":\"https:\/\/blogs.funiber.org\/pt\/empresas-e-rh\/2020\/09\/26\/funiber-trabalhadores-volateis#article\",\"isPartOf\":{\"@id\":\"https:\/\/blogs.funiber.org\/pt\/empresas-e-rh\/2020\/09\/26\/funiber-trabalhadores-volateis\"},\"author\":{\"name\":\"Michelle\",\"@id\":\"https:\/\/blogs.funiber.org\/pt\/#\/schema\/person\/a1eaaa5e57eac866a8c5946946bcf80d\"},\"headline\":\"Gest\u00e3o de trabalhadores vol\u00e1teis\",\"datePublished\":\"2020-09-26T08:58:14+00:00\",\"dateModified\":\"2020-09-21T09:15:40+00:00\",\"mainEntityOfPage\":{\"@id\":\"https:\/\/blogs.funiber.org\/pt\/empresas-e-rh\/2020\/09\/26\/funiber-trabalhadores-volateis\"},\"wordCount\":348,\"publisher\":{\"@id\":\"https:\/\/blogs.funiber.org\/pt\/#organization\"},\"keywords\":[\"Bolsas\",\"Doutorado\",\"Educa\u00e7\u00e3o\",\"Educa\u00e7\u00e3o a Dist\u00e2ncia\",\"Equipe\",\"Estudos\",\"Flexibilidade\",\"Funiber\",\"FUNIBER Opini\u00f5es\",\"gest\u00e3o de talentos\",\"job hoppers\",\"job jumpers\",\"mestrado\",\"mobilidade trabalhista\",\"Negocios\",\"Opini\u00e3o FUNIBER\",\"Opini\u00f5es Funiber\",\"Produtividade\",\"Recursos Humanos\",\"RH\",\"trabalhadores vol\u00e1teis\"],\"articleSection\":[\"Empresas, Dire\u00e7\u00e3o e RH\"],\"inLanguage\":\"pt-BR\"},{\"@type\":\"WebPage\",\"@id\":\"https:\/\/blogs.funiber.org\/pt\/empresas-e-rh\/2020\/09\/26\/funiber-trabalhadores-volateis\",\"url\":\"https:\/\/blogs.funiber.org\/pt\/empresas-e-rh\/2020\/09\/26\/funiber-trabalhadores-volateis\",\"name\":\"Gest\u00e3o de trabalhadores vol\u00e1teis\",\"isPartOf\":{\"@id\":\"https:\/\/blogs.funiber.org\/pt\/#website\"},\"datePublished\":\"2020-09-26T08:58:14+00:00\",\"dateModified\":\"2020-09-21T09:15:40+00:00\",\"description\":\"Reten\u00e7\u00e3o de talentos \u00e9 um dos objetivos da \u00e1rea de Recursos Humanos.\",\"breadcrumb\":{\"@id\":\"https:\/\/blogs.funiber.org\/pt\/empresas-e-rh\/2020\/09\/26\/funiber-trabalhadores-volateis#breadcrumb\"},\"inLanguage\":\"pt-BR\",\"potentialAction\":[{\"@type\":\"ReadAction\",\"target\":[\"https:\/\/blogs.funiber.org\/pt\/empresas-e-rh\/2020\/09\/26\/funiber-trabalhadores-volateis\"]}]},{\"@type\":\"BreadcrumbList\",\"@id\":\"https:\/\/blogs.funiber.org\/pt\/empresas-e-rh\/2020\/09\/26\/funiber-trabalhadores-volateis#breadcrumb\",\"itemListElement\":[{\"@type\":\"ListItem\",\"position\":1,\"name\":\"In\u00edcio\",\"item\":\"https:\/\/blogs.funiber.org\/pt\"},{\"@type\":\"ListItem\",\"position\":2,\"name\":\"Gest\u00e3o de trabalhadores vol\u00e1teis\"}]},{\"@type\":\"WebSite\",\"@id\":\"https:\/\/blogs.funiber.org\/pt\/#website\",\"url\":\"https:\/\/blogs.funiber.org\/pt\/\",\"name\":\"FuniBlogs - FUNIBER\",\"description\":\"\",\"publisher\":{\"@id\":\"https:\/\/blogs.funiber.org\/pt\/#organization\"},\"potentialAction\":[{\"@type\":\"SearchAction\",\"target\":{\"@type\":\"EntryPoint\",\"urlTemplate\":\"https:\/\/blogs.funiber.org\/pt\/?s={search_term_string}\"},\"query-input\":\"required name=search_term_string\"}],\"inLanguage\":\"pt-BR\"},{\"@type\":\"Organization\",\"@id\":\"https:\/\/blogs.funiber.org\/pt\/#organization\",\"name\":\"FuniBlogs - FUNIBER\",\"url\":\"https:\/\/blogs.funiber.org\/pt\/\",\"logo\":{\"@type\":\"ImageObject\",\"inLanguage\":\"pt-BR\",\"@id\":\"https:\/\/blogs.funiber.org\/pt\/#\/schema\/logo\/image\/\",\"url\":\"https:\/\/www.funiber.blog\/pt\/wp-content\/uploads\/2022\/02\/logo-funiber-pt-br-v-dos.svg\",\"contentUrl\":\"https:\/\/www.funiber.blog\/pt\/wp-content\/uploads\/2022\/02\/logo-funiber-pt-br-v-dos.svg\",\"width\":1,\"height\":1,\"caption\":\"FuniBlogs - FUNIBER\"},\"image\":{\"@id\":\"https:\/\/blogs.funiber.org\/pt\/#\/schema\/logo\/image\/\"},\"sameAs\":[\"https:\/\/www.facebook.com\/funiber\",\"https:\/\/twitter.com\/FUNIBER\",\"https:\/\/www.instagram.com\/funiber_becas\",\"https:\/\/www.youtube.com\/user\/funiber\",\"https:\/\/www.linkedin.com\/company\/funiber\"]},{\"@type\":\"Person\",\"@id\":\"https:\/\/blogs.funiber.org\/pt\/#\/schema\/person\/a1eaaa5e57eac866a8c5946946bcf80d\",\"name\":\"Michelle\",\"image\":{\"@type\":\"ImageObject\",\"inLanguage\":\"pt-BR\",\"@id\":\"https:\/\/blogs.funiber.org\/pt\/#\/schema\/person\/image\/\",\"url\":\"https:\/\/secure.gravatar.com\/avatar\/5e87041f7609dc50493cf216754fece1?s=96&d=mm&r=g\",\"contentUrl\":\"https:\/\/secure.gravatar.com\/avatar\/5e87041f7609dc50493cf216754fece1?s=96&d=mm&r=g\",\"caption\":\"Michelle\"},\"url\":\"https:\/\/www.funiber.blog\/pt\/author\/michelle-moreira\"}]}<\/script>\n<!-- \/ Yoast SEO plugin. -->","yoast_head_json":{"title":"Gest\u00e3o de trabalhadores vol\u00e1teis","description":"Reten\u00e7\u00e3o de talentos \u00e9 um dos objetivos da \u00e1rea de Recursos Humanos.","robots":{"index":"noindex","follow":"nofollow"},"og_locale":"pt_BR","og_type":"article","og_title":"Gest\u00e3o de trabalhadores vol\u00e1teis","og_description":"Reten\u00e7\u00e3o de talentos \u00e9 um dos objetivos da \u00e1rea de Recursos Humanos.","og_url":"https:\/\/blogs.funiber.org\/pt\/empresas-e-rh\/2020\/09\/26\/funiber-trabalhadores-volateis","og_site_name":"FuniBlogs - FUNIBER","article_publisher":"https:\/\/www.facebook.com\/funiber","article_published_time":"2020-09-26T08:58:14+00:00","article_modified_time":"2020-09-21T09:15:40+00:00","og_image":[{"width":587,"height":396,"url":"https:\/\/blogs.funiber.org\/pt\/wp-content\/uploads\/2020\/09\/funiber-gestao-talentos.jpg","type":"image\/jpeg"}],"author":"Michelle","twitter_card":"summary_large_image","twitter_creator":"@FUNIBER","twitter_site":"@FUNIBER","twitter_misc":{"Escrito por":"Michelle","Est. tempo de leitura":"2 minutos"},"schema":{"@context":"https:\/\/schema.org","@graph":[{"@type":"Article","@id":"https:\/\/blogs.funiber.org\/pt\/empresas-e-rh\/2020\/09\/26\/funiber-trabalhadores-volateis#article","isPartOf":{"@id":"https:\/\/blogs.funiber.org\/pt\/empresas-e-rh\/2020\/09\/26\/funiber-trabalhadores-volateis"},"author":{"name":"Michelle","@id":"https:\/\/blogs.funiber.org\/pt\/#\/schema\/person\/a1eaaa5e57eac866a8c5946946bcf80d"},"headline":"Gest\u00e3o de trabalhadores vol\u00e1teis","datePublished":"2020-09-26T08:58:14+00:00","dateModified":"2020-09-21T09:15:40+00:00","mainEntityOfPage":{"@id":"https:\/\/blogs.funiber.org\/pt\/empresas-e-rh\/2020\/09\/26\/funiber-trabalhadores-volateis"},"wordCount":348,"publisher":{"@id":"https:\/\/blogs.funiber.org\/pt\/#organization"},"keywords":["Bolsas","Doutorado","Educa\u00e7\u00e3o","Educa\u00e7\u00e3o a Dist\u00e2ncia","Equipe","Estudos","Flexibilidade","Funiber","FUNIBER Opini\u00f5es","gest\u00e3o de talentos","job hoppers","job jumpers","mestrado","mobilidade trabalhista","Negocios","Opini\u00e3o FUNIBER","Opini\u00f5es Funiber","Produtividade","Recursos Humanos","RH","trabalhadores vol\u00e1teis"],"articleSection":["Empresas, Dire\u00e7\u00e3o e RH"],"inLanguage":"pt-BR"},{"@type":"WebPage","@id":"https:\/\/blogs.funiber.org\/pt\/empresas-e-rh\/2020\/09\/26\/funiber-trabalhadores-volateis","url":"https:\/\/blogs.funiber.org\/pt\/empresas-e-rh\/2020\/09\/26\/funiber-trabalhadores-volateis","name":"Gest\u00e3o de trabalhadores vol\u00e1teis","isPartOf":{"@id":"https:\/\/blogs.funiber.org\/pt\/#website"},"datePublished":"2020-09-26T08:58:14+00:00","dateModified":"2020-09-21T09:15:40+00:00","description":"Reten\u00e7\u00e3o de talentos \u00e9 um dos objetivos da \u00e1rea de Recursos Humanos.","breadcrumb":{"@id":"https:\/\/blogs.funiber.org\/pt\/empresas-e-rh\/2020\/09\/26\/funiber-trabalhadores-volateis#breadcrumb"},"inLanguage":"pt-BR","potentialAction":[{"@type":"ReadAction","target":["https:\/\/blogs.funiber.org\/pt\/empresas-e-rh\/2020\/09\/26\/funiber-trabalhadores-volateis"]}]},{"@type":"BreadcrumbList","@id":"https:\/\/blogs.funiber.org\/pt\/empresas-e-rh\/2020\/09\/26\/funiber-trabalhadores-volateis#breadcrumb","itemListElement":[{"@type":"ListItem","position":1,"name":"In\u00edcio","item":"https:\/\/blogs.funiber.org\/pt"},{"@type":"ListItem","position":2,"name":"Gest\u00e3o de trabalhadores vol\u00e1teis"}]},{"@type":"WebSite","@id":"https:\/\/blogs.funiber.org\/pt\/#website","url":"https:\/\/blogs.funiber.org\/pt\/","name":"FuniBlogs - FUNIBER","description":"","publisher":{"@id":"https:\/\/blogs.funiber.org\/pt\/#organization"},"potentialAction":[{"@type":"SearchAction","target":{"@type":"EntryPoint","urlTemplate":"https:\/\/blogs.funiber.org\/pt\/?s={search_term_string}"},"query-input":"required name=search_term_string"}],"inLanguage":"pt-BR"},{"@type":"Organization","@id":"https:\/\/blogs.funiber.org\/pt\/#organization","name":"FuniBlogs - FUNIBER","url":"https:\/\/blogs.funiber.org\/pt\/","logo":{"@type":"ImageObject","inLanguage":"pt-BR","@id":"https:\/\/blogs.funiber.org\/pt\/#\/schema\/logo\/image\/","url":"https:\/\/www.funiber.blog\/pt\/wp-content\/uploads\/2022\/02\/logo-funiber-pt-br-v-dos.svg","contentUrl":"https:\/\/www.funiber.blog\/pt\/wp-content\/uploads\/2022\/02\/logo-funiber-pt-br-v-dos.svg","width":1,"height":1,"caption":"FuniBlogs - FUNIBER"},"image":{"@id":"https:\/\/blogs.funiber.org\/pt\/#\/schema\/logo\/image\/"},"sameAs":["https:\/\/www.facebook.com\/funiber","https:\/\/twitter.com\/FUNIBER","https:\/\/www.instagram.com\/funiber_becas","https:\/\/www.youtube.com\/user\/funiber","https:\/\/www.linkedin.com\/company\/funiber"]},{"@type":"Person","@id":"https:\/\/blogs.funiber.org\/pt\/#\/schema\/person\/a1eaaa5e57eac866a8c5946946bcf80d","name":"Michelle","image":{"@type":"ImageObject","inLanguage":"pt-BR","@id":"https:\/\/blogs.funiber.org\/pt\/#\/schema\/person\/image\/","url":"https:\/\/secure.gravatar.com\/avatar\/5e87041f7609dc50493cf216754fece1?s=96&d=mm&r=g","contentUrl":"https:\/\/secure.gravatar.com\/avatar\/5e87041f7609dc50493cf216754fece1?s=96&d=mm&r=g","caption":"Michelle"},"url":"https:\/\/www.funiber.blog\/pt\/author\/michelle-moreira"}]}},"jetpack_featured_media_url":"https:\/\/www.funiber.blog\/pt\/wp-content\/uploads\/2020\/09\/funiber-gestao-talentos.jpg","jetpack_shortlink":"https:\/\/wp.me\/p7ee1t-5Zk","jetpack_sharing_enabled":true,"_links":{"self":[{"href":"https:\/\/www.funiber.blog\/pt\/wp-json\/wp\/v2\/posts\/23022"}],"collection":[{"href":"https:\/\/www.funiber.blog\/pt\/wp-json\/wp\/v2\/posts"}],"about":[{"href":"https:\/\/www.funiber.blog\/pt\/wp-json\/wp\/v2\/types\/post"}],"author":[{"embeddable":true,"href":"https:\/\/www.funiber.blog\/pt\/wp-json\/wp\/v2\/users\/10"}],"replies":[{"embeddable":true,"href":"https:\/\/www.funiber.blog\/pt\/wp-json\/wp\/v2\/comments?post=23022"}],"version-history":[{"count":1,"href":"https:\/\/www.funiber.blog\/pt\/wp-json\/wp\/v2\/posts\/23022\/revisions"}],"predecessor-version":[{"id":23024,"href":"https:\/\/www.funiber.blog\/pt\/wp-json\/wp\/v2\/posts\/23022\/revisions\/23024"}],"wp:featuredmedia":[{"embeddable":true,"href":"https:\/\/www.funiber.blog\/pt\/wp-json\/wp\/v2\/media\/23023"}],"wp:attachment":[{"href":"https:\/\/www.funiber.blog\/pt\/wp-json\/wp\/v2\/media?parent=23022"}],"wp:term":[{"taxonomy":"category","embeddable":true,"href":"https:\/\/www.funiber.blog\/pt\/wp-json\/wp\/v2\/categories?post=23022"},{"taxonomy":"post_tag","embeddable":true,"href":"https:\/\/www.funiber.blog\/pt\/wp-json\/wp\/v2\/tags?post=23022"}],"curies":[{"name":"wp","href":"https:\/\/api.w.org\/{rel}","templated":true}]}}