{"id":23143,"date":"2020-10-09T05:12:47","date_gmt":"2020-10-09T10:12:47","guid":{"rendered":"https:\/\/blogs.funiber.org\/pt\/?p=23143"},"modified":"2020-10-07T05:22:44","modified_gmt":"2020-10-07T10:22:44","slug":"funiber-professorado-tipos","status":"publish","type":"post","link":"https:\/\/www.funiber.blog\/pt\/formacao-professores\/2020\/10\/09\/funiber-professorado-tipos","title":{"rendered":"Os tr\u00eas tipos de professorado"},"content":{"rendered":"<h2>\u201cTenho certeza que poder\u00edamos agrupar a todos os nossos professores em tr\u00eas tipos de docentes: os bons, os an\u00f3dinos e os maus\u201d, afirma o diretor do <a href=\"https:\/\/www.funiber.org.br\/mestrado-em-formacao-de-professores-de-educacao-secundaria-obrigatoria-e-ensino-medio-formacao-profissionalizante-e-ensino-de-idiomas\" target=\"_blank\" rel=\"noopener noreferrer\">Mestrado em Forma\u00e7\u00e3o de Professorado<\/a> na <a href=\"https:\/\/www.uneatlantico.es\/\" target=\"_blank\" rel=\"noopener noreferrer\">Universidade Europea del Atl\u00e1ntico<\/a>, Gonzalo Sili\u00f3 S\u00e1iz, <a href=\"https:\/\/www.uneatlantico.es\/\" target=\"_blank\" rel=\"noopener noreferrer\">em artigo publicado no jornal El Diario Monta\u00f1\u00e9s<\/a>, por ocasi\u00e3o do <a href=\"https:\/\/www.youtube.com\/watch?v=wN_JCqulmes\" target=\"_blank\" rel=\"noopener noreferrer\">Dia Mundial dos Professores<\/a>, comemorado no passado 05 de outubro.<\/h2>\n<p>Ele comenta que um mau professor pode nos tirar a vontade de aprender, e ainda prejudicar o nosso desenvolvimento quando sua atitude \u00e9 abusiva em sala de aula. Para estes professores, falha o sistema que \u00e9 incapaz de detectar os casos e corrigir de forma adequada este comportamento.<!--more--><\/p>\n<p>O segundo tipo de professor, o an\u00f3dino, \u00e9 aquele que cumpre com suas fun\u00e7\u00f5es sem se comprometer muito, quase desinteressado pelo pr\u00f3prio trabalho e pelos alunos que est\u00e3o ali aprendendo.<\/p>\n<p>O terceiro tipo, os bons professores, estes s\u00e3o educadores que se esfor\u00e7am pela aprendizado dos alunos, tratando de \u201cinfluir no que o estudante faz e pensa para garantir maiores oportunidades de aprendizado\u201d, comenta.<\/p>\n<p>\u201cO bom docente, em situa\u00e7\u00f5es adversas, como vemos agora nestes tempos de pandemia e \u201cnovos normais\u201d, nos que, uma vez mais, v\u00ea que o sistema educativo funciona porque descansa sobre os ombros de gigantes\u201d, afirma o professor Gonzalo Sili\u00f3.<\/p>\n<p>Estes professores, capazes de superar estas adversidades, necessitam entretanto mais apoio. Entre estes, melhorar a autonomia, os meios e recursos de trabalho, maior compreens\u00e3o dos desafios do sistema educativo e da necessidade de seguran\u00e7a.<\/p>\n<p>A Universidad Europea del Atl\u00e1ntico forma parte da rede universit\u00e1ria em que atua a <a href=\"http:\/\/www.funiber.org.br\" target=\"_blank\" rel=\"noopener noreferrer\">FUNIBER.<\/a><\/p>\n<p>Fonte: <a href=\"https:\/\/www.eldiariomontanes.es\/opinion\/gigantes-mundial-docentes-20201005204759-nt.html\" target=\"_blank\" rel=\"noopener noreferrer\">Gigantes en el D\u00eda Mundial de los Docentes<\/a><\/p>\n<p>Foto: Todos os direitos reservados<\/p>\n","protected":false},"excerpt":{"rendered":"<p>\u201cTenho certeza que poder\u00edamos agrupar a todos os nossos professores em tr\u00eas tipos de docentes: os bons, os an\u00f3dinos e os maus\u201d, afirma o diretor do Mestrado em Forma\u00e7\u00e3o de Professorado na Universidade Europea del Atl\u00e1ntico, Gonzalo Sili\u00f3 S\u00e1iz, em artigo publicado no jornal El Diario Monta\u00f1\u00e9s, por ocasi\u00e3o do Dia Mundial dos Professores, comemorado [&hellip;]<\/p>\n","protected":false},"author":10,"featured_media":23144,"comment_status":"closed","ping_status":"closed","sticky":false,"template":"","format":"standard","meta":{"jetpack_post_was_ever_published":false,"_jetpack_newsletter_access":"","_jetpack_newsletter_tier_id":0,"footnotes":"","jetpack_publicize_message":"","jetpack_is_tweetstorm":false,"jetpack_publicize_feature_enabled":true,"jetpack_social_post_already_shared":true,"jetpack_social_options":{"image_generator_settings":{"template":"highway","enabled":false}}},"categories":[5],"tags":[1242,855,285,408,119,504,686,671,641,255,1727,6580,642,4372,4126],"jetpack_publicize_connections":[],"yoast_head":"<!-- This site is optimized with the Yoast SEO plugin v21.7 - https:\/\/yoast.com\/wordpress\/plugins\/seo\/ -->\n<title>Os tr\u00eas tipos de professorado<\/title>\n<meta name=\"description\" content=\"\u201cTenho certeza que poder\u00edamos agrupar a todos os nossos professores em tr\u00eas tipos de docentes: os bons, os an\u00f3dinos e os maus\u201d, afirma o diretor do Mestrado em Forma\u00e7\u00e3o de Professorado na Universidade Europea del Atl\u00e1ntico, Gonzalo Sili\u00f3 S\u00e1iz, em artigo publicado no jornal El Diario Monta\u00f1\u00e9s, por ocasi\u00e3o do Dia Mundial dos Professores, comemorado no passado 05 de outubro.\" \/>\n<meta name=\"robots\" content=\"noindex, nofollow\" \/>\n<meta property=\"og:locale\" content=\"pt_BR\" \/>\n<meta property=\"og:type\" content=\"article\" \/>\n<meta property=\"og:title\" content=\"Os tr\u00eas tipos de professorado\" \/>\n<meta property=\"og:description\" content=\"\u201cTenho certeza que poder\u00edamos agrupar a todos os nossos professores em tr\u00eas tipos de docentes: os bons, os an\u00f3dinos e os maus\u201d, afirma o diretor do Mestrado em Forma\u00e7\u00e3o de Professorado na Universidade Europea del Atl\u00e1ntico, Gonzalo Sili\u00f3 S\u00e1iz, em artigo publicado no jornal El Diario Monta\u00f1\u00e9s, por ocasi\u00e3o do Dia Mundial dos Professores, comemorado no passado 05 de outubro.\" \/>\n<meta property=\"og:url\" content=\"https:\/\/blogs.funiber.org\/pt\/formacao-professores\/2020\/10\/09\/funiber-professorado-tipos\" \/>\n<meta property=\"og:site_name\" content=\"FuniBlogs - FUNIBER\" \/>\n<meta property=\"article:publisher\" content=\"https:\/\/www.facebook.com\/funiber\" \/>\n<meta property=\"article:published_time\" content=\"2020-10-09T10:12:47+00:00\" \/>\n<meta property=\"article:modified_time\" content=\"2020-10-07T10:22:44+00:00\" \/>\n<meta property=\"og:image\" content=\"https:\/\/blogs.funiber.org\/pt\/wp-content\/uploads\/2020\/10\/funiber-tipos-professorado.jpg\" \/>\n\t<meta property=\"og:image:width\" content=\"1377\" \/>\n\t<meta property=\"og:image:height\" content=\"900\" \/>\n\t<meta property=\"og:image:type\" content=\"image\/jpeg\" \/>\n<meta name=\"author\" content=\"Michelle\" \/>\n<meta name=\"twitter:card\" content=\"summary_large_image\" \/>\n<meta name=\"twitter:creator\" content=\"@FUNIBER\" \/>\n<meta name=\"twitter:site\" content=\"@FUNIBER\" \/>\n<meta name=\"twitter:label1\" content=\"Escrito por\" \/>\n\t<meta name=\"twitter:data1\" content=\"Michelle\" \/>\n\t<meta name=\"twitter:label2\" content=\"Est. tempo de leitura\" \/>\n\t<meta name=\"twitter:data2\" content=\"1 minuto\" \/>\n<script type=\"application\/ld+json\" class=\"yoast-schema-graph\">{\"@context\":\"https:\/\/schema.org\",\"@graph\":[{\"@type\":\"Article\",\"@id\":\"https:\/\/blogs.funiber.org\/pt\/formacao-professores\/2020\/10\/09\/funiber-professorado-tipos#article\",\"isPartOf\":{\"@id\":\"https:\/\/blogs.funiber.org\/pt\/formacao-professores\/2020\/10\/09\/funiber-professorado-tipos\"},\"author\":{\"name\":\"Michelle\",\"@id\":\"https:\/\/blogs.funiber.org\/pt\/#\/schema\/person\/a1eaaa5e57eac866a8c5946946bcf80d\"},\"headline\":\"Os tr\u00eas tipos de professorado\",\"datePublished\":\"2020-10-09T10:12:47+00:00\",\"dateModified\":\"2020-10-07T10:22:44+00:00\",\"mainEntityOfPage\":{\"@id\":\"https:\/\/blogs.funiber.org\/pt\/formacao-professores\/2020\/10\/09\/funiber-professorado-tipos\"},\"wordCount\":295,\"publisher\":{\"@id\":\"https:\/\/blogs.funiber.org\/pt\/#organization\"},\"keywords\":[\"Bolsas\",\"Doutorado\",\"Educa\u00e7\u00e3o\",\"Educa\u00e7\u00e3o a Dist\u00e2ncia\",\"Estudos\",\"Forma\u00e7\u00e3o\",\"Forma\u00e7\u00e3o de Professores\",\"mestrado\",\"Opini\u00e3o FUNIBER\",\"Opini\u00f5es Funiber\",\"Professorado\",\"professoras\",\"Professores\",\"sistema educativo\",\"tipos\"],\"articleSection\":[\"Educa\u00e7\u00e3o,\u00a0Forma\u00e7\u00e3o Professores\"],\"inLanguage\":\"pt-BR\"},{\"@type\":\"WebPage\",\"@id\":\"https:\/\/blogs.funiber.org\/pt\/formacao-professores\/2020\/10\/09\/funiber-professorado-tipos\",\"url\":\"https:\/\/blogs.funiber.org\/pt\/formacao-professores\/2020\/10\/09\/funiber-professorado-tipos\",\"name\":\"Os tr\u00eas tipos de professorado\",\"isPartOf\":{\"@id\":\"https:\/\/blogs.funiber.org\/pt\/#website\"},\"datePublished\":\"2020-10-09T10:12:47+00:00\",\"dateModified\":\"2020-10-07T10:22:44+00:00\",\"description\":\"\u201cTenho certeza que poder\u00edamos agrupar a todos os nossos professores em tr\u00eas tipos de docentes: os bons, os an\u00f3dinos e os maus\u201d, afirma o diretor do Mestrado em Forma\u00e7\u00e3o de Professorado na Universidade Europea del Atl\u00e1ntico, Gonzalo Sili\u00f3 S\u00e1iz, em artigo publicado no jornal El Diario Monta\u00f1\u00e9s, por ocasi\u00e3o do Dia Mundial dos Professores, comemorado no passado 05 de outubro.\",\"breadcrumb\":{\"@id\":\"https:\/\/blogs.funiber.org\/pt\/formacao-professores\/2020\/10\/09\/funiber-professorado-tipos#breadcrumb\"},\"inLanguage\":\"pt-BR\",\"potentialAction\":[{\"@type\":\"ReadAction\",\"target\":[\"https:\/\/blogs.funiber.org\/pt\/formacao-professores\/2020\/10\/09\/funiber-professorado-tipos\"]}]},{\"@type\":\"BreadcrumbList\",\"@id\":\"https:\/\/blogs.funiber.org\/pt\/formacao-professores\/2020\/10\/09\/funiber-professorado-tipos#breadcrumb\",\"itemListElement\":[{\"@type\":\"ListItem\",\"position\":1,\"name\":\"In\u00edcio\",\"item\":\"https:\/\/blogs.funiber.org\/pt\"},{\"@type\":\"ListItem\",\"position\":2,\"name\":\"Os tr\u00eas tipos de professorado\"}]},{\"@type\":\"WebSite\",\"@id\":\"https:\/\/blogs.funiber.org\/pt\/#website\",\"url\":\"https:\/\/blogs.funiber.org\/pt\/\",\"name\":\"FuniBlogs - FUNIBER\",\"description\":\"\",\"publisher\":{\"@id\":\"https:\/\/blogs.funiber.org\/pt\/#organization\"},\"potentialAction\":[{\"@type\":\"SearchAction\",\"target\":{\"@type\":\"EntryPoint\",\"urlTemplate\":\"https:\/\/blogs.funiber.org\/pt\/?s={search_term_string}\"},\"query-input\":\"required name=search_term_string\"}],\"inLanguage\":\"pt-BR\"},{\"@type\":\"Organization\",\"@id\":\"https:\/\/blogs.funiber.org\/pt\/#organization\",\"name\":\"FuniBlogs - FUNIBER\",\"url\":\"https:\/\/blogs.funiber.org\/pt\/\",\"logo\":{\"@type\":\"ImageObject\",\"inLanguage\":\"pt-BR\",\"@id\":\"https:\/\/blogs.funiber.org\/pt\/#\/schema\/logo\/image\/\",\"url\":\"https:\/\/www.funiber.blog\/pt\/wp-content\/uploads\/2022\/02\/logo-funiber-pt-br-v-dos.svg\",\"contentUrl\":\"https:\/\/www.funiber.blog\/pt\/wp-content\/uploads\/2022\/02\/logo-funiber-pt-br-v-dos.svg\",\"width\":1,\"height\":1,\"caption\":\"FuniBlogs - FUNIBER\"},\"image\":{\"@id\":\"https:\/\/blogs.funiber.org\/pt\/#\/schema\/logo\/image\/\"},\"sameAs\":[\"https:\/\/www.facebook.com\/funiber\",\"https:\/\/twitter.com\/FUNIBER\",\"https:\/\/www.instagram.com\/funiber_becas\",\"https:\/\/www.youtube.com\/user\/funiber\",\"https:\/\/www.linkedin.com\/company\/funiber\"]},{\"@type\":\"Person\",\"@id\":\"https:\/\/blogs.funiber.org\/pt\/#\/schema\/person\/a1eaaa5e57eac866a8c5946946bcf80d\",\"name\":\"Michelle\",\"image\":{\"@type\":\"ImageObject\",\"inLanguage\":\"pt-BR\",\"@id\":\"https:\/\/blogs.funiber.org\/pt\/#\/schema\/person\/image\/\",\"url\":\"https:\/\/secure.gravatar.com\/avatar\/5e87041f7609dc50493cf216754fece1?s=96&d=mm&r=g\",\"contentUrl\":\"https:\/\/secure.gravatar.com\/avatar\/5e87041f7609dc50493cf216754fece1?s=96&d=mm&r=g\",\"caption\":\"Michelle\"},\"url\":\"https:\/\/www.funiber.blog\/pt\/author\/michelle-moreira\"}]}<\/script>\n<!-- \/ Yoast SEO plugin. -->","yoast_head_json":{"title":"Os tr\u00eas tipos de professorado","description":"\u201cTenho certeza que poder\u00edamos agrupar a todos os nossos professores em tr\u00eas tipos de docentes: os bons, os an\u00f3dinos e os maus\u201d, afirma o diretor do Mestrado em Forma\u00e7\u00e3o de Professorado na Universidade Europea del Atl\u00e1ntico, Gonzalo Sili\u00f3 S\u00e1iz, em artigo publicado no jornal El Diario Monta\u00f1\u00e9s, por ocasi\u00e3o do Dia Mundial dos Professores, comemorado no passado 05 de outubro.","robots":{"index":"noindex","follow":"nofollow"},"og_locale":"pt_BR","og_type":"article","og_title":"Os tr\u00eas tipos de professorado","og_description":"\u201cTenho certeza que poder\u00edamos agrupar a todos os nossos professores em tr\u00eas tipos de docentes: os bons, os an\u00f3dinos e os maus\u201d, afirma o diretor do Mestrado em Forma\u00e7\u00e3o de Professorado na Universidade Europea del Atl\u00e1ntico, Gonzalo Sili\u00f3 S\u00e1iz, em artigo publicado no jornal El Diario Monta\u00f1\u00e9s, por ocasi\u00e3o do Dia Mundial dos Professores, comemorado no passado 05 de outubro.","og_url":"https:\/\/blogs.funiber.org\/pt\/formacao-professores\/2020\/10\/09\/funiber-professorado-tipos","og_site_name":"FuniBlogs - FUNIBER","article_publisher":"https:\/\/www.facebook.com\/funiber","article_published_time":"2020-10-09T10:12:47+00:00","article_modified_time":"2020-10-07T10:22:44+00:00","og_image":[{"width":1377,"height":900,"url":"https:\/\/blogs.funiber.org\/pt\/wp-content\/uploads\/2020\/10\/funiber-tipos-professorado.jpg","type":"image\/jpeg"}],"author":"Michelle","twitter_card":"summary_large_image","twitter_creator":"@FUNIBER","twitter_site":"@FUNIBER","twitter_misc":{"Escrito por":"Michelle","Est. tempo de leitura":"1 minuto"},"schema":{"@context":"https:\/\/schema.org","@graph":[{"@type":"Article","@id":"https:\/\/blogs.funiber.org\/pt\/formacao-professores\/2020\/10\/09\/funiber-professorado-tipos#article","isPartOf":{"@id":"https:\/\/blogs.funiber.org\/pt\/formacao-professores\/2020\/10\/09\/funiber-professorado-tipos"},"author":{"name":"Michelle","@id":"https:\/\/blogs.funiber.org\/pt\/#\/schema\/person\/a1eaaa5e57eac866a8c5946946bcf80d"},"headline":"Os tr\u00eas tipos de professorado","datePublished":"2020-10-09T10:12:47+00:00","dateModified":"2020-10-07T10:22:44+00:00","mainEntityOfPage":{"@id":"https:\/\/blogs.funiber.org\/pt\/formacao-professores\/2020\/10\/09\/funiber-professorado-tipos"},"wordCount":295,"publisher":{"@id":"https:\/\/blogs.funiber.org\/pt\/#organization"},"keywords":["Bolsas","Doutorado","Educa\u00e7\u00e3o","Educa\u00e7\u00e3o a Dist\u00e2ncia","Estudos","Forma\u00e7\u00e3o","Forma\u00e7\u00e3o de Professores","mestrado","Opini\u00e3o FUNIBER","Opini\u00f5es Funiber","Professorado","professoras","Professores","sistema educativo","tipos"],"articleSection":["Educa\u00e7\u00e3o,\u00a0Forma\u00e7\u00e3o Professores"],"inLanguage":"pt-BR"},{"@type":"WebPage","@id":"https:\/\/blogs.funiber.org\/pt\/formacao-professores\/2020\/10\/09\/funiber-professorado-tipos","url":"https:\/\/blogs.funiber.org\/pt\/formacao-professores\/2020\/10\/09\/funiber-professorado-tipos","name":"Os tr\u00eas tipos de professorado","isPartOf":{"@id":"https:\/\/blogs.funiber.org\/pt\/#website"},"datePublished":"2020-10-09T10:12:47+00:00","dateModified":"2020-10-07T10:22:44+00:00","description":"\u201cTenho certeza que poder\u00edamos agrupar a todos os nossos professores em tr\u00eas tipos de docentes: os bons, os an\u00f3dinos e os maus\u201d, afirma o diretor do Mestrado em Forma\u00e7\u00e3o de Professorado na Universidade Europea del Atl\u00e1ntico, Gonzalo Sili\u00f3 S\u00e1iz, em artigo publicado no jornal El Diario Monta\u00f1\u00e9s, por ocasi\u00e3o do Dia Mundial dos Professores, comemorado no passado 05 de outubro.","breadcrumb":{"@id":"https:\/\/blogs.funiber.org\/pt\/formacao-professores\/2020\/10\/09\/funiber-professorado-tipos#breadcrumb"},"inLanguage":"pt-BR","potentialAction":[{"@type":"ReadAction","target":["https:\/\/blogs.funiber.org\/pt\/formacao-professores\/2020\/10\/09\/funiber-professorado-tipos"]}]},{"@type":"BreadcrumbList","@id":"https:\/\/blogs.funiber.org\/pt\/formacao-professores\/2020\/10\/09\/funiber-professorado-tipos#breadcrumb","itemListElement":[{"@type":"ListItem","position":1,"name":"In\u00edcio","item":"https:\/\/blogs.funiber.org\/pt"},{"@type":"ListItem","position":2,"name":"Os tr\u00eas tipos de professorado"}]},{"@type":"WebSite","@id":"https:\/\/blogs.funiber.org\/pt\/#website","url":"https:\/\/blogs.funiber.org\/pt\/","name":"FuniBlogs - FUNIBER","description":"","publisher":{"@id":"https:\/\/blogs.funiber.org\/pt\/#organization"},"potentialAction":[{"@type":"SearchAction","target":{"@type":"EntryPoint","urlTemplate":"https:\/\/blogs.funiber.org\/pt\/?s={search_term_string}"},"query-input":"required name=search_term_string"}],"inLanguage":"pt-BR"},{"@type":"Organization","@id":"https:\/\/blogs.funiber.org\/pt\/#organization","name":"FuniBlogs - FUNIBER","url":"https:\/\/blogs.funiber.org\/pt\/","logo":{"@type":"ImageObject","inLanguage":"pt-BR","@id":"https:\/\/blogs.funiber.org\/pt\/#\/schema\/logo\/image\/","url":"https:\/\/www.funiber.blog\/pt\/wp-content\/uploads\/2022\/02\/logo-funiber-pt-br-v-dos.svg","contentUrl":"https:\/\/www.funiber.blog\/pt\/wp-content\/uploads\/2022\/02\/logo-funiber-pt-br-v-dos.svg","width":1,"height":1,"caption":"FuniBlogs - FUNIBER"},"image":{"@id":"https:\/\/blogs.funiber.org\/pt\/#\/schema\/logo\/image\/"},"sameAs":["https:\/\/www.facebook.com\/funiber","https:\/\/twitter.com\/FUNIBER","https:\/\/www.instagram.com\/funiber_becas","https:\/\/www.youtube.com\/user\/funiber","https:\/\/www.linkedin.com\/company\/funiber"]},{"@type":"Person","@id":"https:\/\/blogs.funiber.org\/pt\/#\/schema\/person\/a1eaaa5e57eac866a8c5946946bcf80d","name":"Michelle","image":{"@type":"ImageObject","inLanguage":"pt-BR","@id":"https:\/\/blogs.funiber.org\/pt\/#\/schema\/person\/image\/","url":"https:\/\/secure.gravatar.com\/avatar\/5e87041f7609dc50493cf216754fece1?s=96&d=mm&r=g","contentUrl":"https:\/\/secure.gravatar.com\/avatar\/5e87041f7609dc50493cf216754fece1?s=96&d=mm&r=g","caption":"Michelle"},"url":"https:\/\/www.funiber.blog\/pt\/author\/michelle-moreira"}]}},"jetpack_featured_media_url":"https:\/\/www.funiber.blog\/pt\/wp-content\/uploads\/2020\/10\/funiber-tipos-professorado.jpg","jetpack_shortlink":"https:\/\/wp.me\/p7ee1t-61h","jetpack_sharing_enabled":true,"_links":{"self":[{"href":"https:\/\/www.funiber.blog\/pt\/wp-json\/wp\/v2\/posts\/23143"}],"collection":[{"href":"https:\/\/www.funiber.blog\/pt\/wp-json\/wp\/v2\/posts"}],"about":[{"href":"https:\/\/www.funiber.blog\/pt\/wp-json\/wp\/v2\/types\/post"}],"author":[{"embeddable":true,"href":"https:\/\/www.funiber.blog\/pt\/wp-json\/wp\/v2\/users\/10"}],"replies":[{"embeddable":true,"href":"https:\/\/www.funiber.blog\/pt\/wp-json\/wp\/v2\/comments?post=23143"}],"version-history":[{"count":2,"href":"https:\/\/www.funiber.blog\/pt\/wp-json\/wp\/v2\/posts\/23143\/revisions"}],"predecessor-version":[{"id":23146,"href":"https:\/\/www.funiber.blog\/pt\/wp-json\/wp\/v2\/posts\/23143\/revisions\/23146"}],"wp:featuredmedia":[{"embeddable":true,"href":"https:\/\/www.funiber.blog\/pt\/wp-json\/wp\/v2\/media\/23144"}],"wp:attachment":[{"href":"https:\/\/www.funiber.blog\/pt\/wp-json\/wp\/v2\/media?parent=23143"}],"wp:term":[{"taxonomy":"category","embeddable":true,"href":"https:\/\/www.funiber.blog\/pt\/wp-json\/wp\/v2\/categories?post=23143"},{"taxonomy":"post_tag","embeddable":true,"href":"https:\/\/www.funiber.blog\/pt\/wp-json\/wp\/v2\/tags?post=23143"}],"curies":[{"name":"wp","href":"https:\/\/api.w.org\/{rel}","templated":true}]}}