{"id":23561,"date":"2020-12-05T06:31:57","date_gmt":"2020-12-05T11:31:57","guid":{"rendered":"https:\/\/blogs.funiber.org\/pt\/?p=23561"},"modified":"2020-12-04T06:41:16","modified_gmt":"2020-12-04T11:41:16","slug":"funiber-espirito-critico","status":"publish","type":"post","link":"https:\/\/www.funiber.blog\/pt\/formacao-professores\/2020\/12\/05\/funiber-espirito-critico","title":{"rendered":"Como desenvolver o pensamento cr\u00edtico construtivo"},"content":{"rendered":"<h2>O professor Francisco Esteban \u00e9 doutor em Pedagogia e Filosofia e pesquisador sobre a forma\u00e7\u00e3o \u00e9tica dos profissionais da educa\u00e7\u00e3o e sobre a filosofia da forma\u00e7\u00e3o universit\u00e1ria. O te\u00f3rico publicou recentemente um artigo em que reflexiona sobre a forma\u00e7\u00e3o do pensamento cr\u00edtico entre jovens, na p\u00e1gina <a href=\"https:\/\/theconversation.com\/como-fomentar-el-espiritu-critico-en-los-jovenes-sin-convertirlos-en-opinadores-de-todo-149417\" target=\"_blank\" rel=\"noopener noreferrer\"><em>The<\/em> <em>Conversation<\/em>.<\/a><\/h2>\n<p>\u201cO esp\u00edrito cr\u00edtico nos libera da ignor\u00e2ncia, ou seja, de qualquer pessoa ou coisa que pretenda pensar por n\u00f3s, e j\u00e1 sabemos que estamos rodeados de pessoas e dispositivos tecnol\u00f3gicos dispostos a tal coisa\u201d, afirma o professor Esteban.<!--more--><\/p>\n<p>Ele destaca a import\u00e2ncia dos profissionais do futuro, que agora se encontram nas escolas e universidades, possam desenvolver este esp\u00edrito cr\u00edtico, seja qual seja a profiss\u00e3o. Para isso, devemos repensar a educa\u00e7\u00e3o e as pol\u00edticas, para valorizar mais os esp\u00edritos cr\u00edticos do que aqueles que bajulam ou imitam a famosos.<\/p>\n<p>Tanto o professorado como as fam\u00edlias devem fomentar um exerc\u00edcio que cultive estas compet\u00eancias. Mas h\u00e1 limita\u00e7\u00f5es, e ele analisa tr\u00eas:<\/p>\n<ul>\n<li><strong>O esp\u00edrito cr\u00edtico \u00e9 o conjunto de opini\u00f5es defendidas por uma pessoa.<\/strong> Muitas vezes, um aluno n\u00e3o est\u00e1 em condi\u00e7\u00f5es de assumir algumas posi\u00e7\u00f5es de protagonismo porque necessita desenvolver tanto intelectualmente como moralmente. Com isso, evita-se formar \u201copin\u00f3logos\u201d, em palavras de Esteban, \u201cum individuo convencido de que sua opini\u00e3o \u00e9 t\u00e3o v\u00e1lida como a de qualquer pessoa.<\/li>\n<\/ul>\n<p>Afirma Esteban que \u201cpara opinar antes tem que conhecer\u201d, o que requer um amplo caminho de leituras e reflex\u00f5es, di\u00e1logos e contrastes de opini\u00f5es.<\/p>\n<ul>\n<li><strong>O esp\u00edrito cr\u00edtico \u00e9 o dom\u00ednio e o conhecimento do que se constr\u00f3i hoje e agora. <\/strong>Algumas das perguntas mais comuns estimuladas aos jovens se referem \u00e0s demandas profissionais que possam gerar respostas eficazes e \u00fateis. Por\u00e9m, h\u00e1 algumas perguntas mais profundas que indagam quem somos e em que mundo vivemos.<\/li>\n<\/ul>\n<p>Para buscar estas perguntas, \u00e9 importante consultar \u00e0s obras cl\u00e1ssicas da literatura e das artes. \u201cPor muito que nos custe acreditar, um esp\u00edrito cr\u00edtico sem cl\u00e1ssicos anda a cegas, se \u00e9 que realmente anda, e \u00e9 estranho que os universit\u00e1rios estudem sem ter um primeiro curso de artes liberais, de grandes ideias, humanidades, cultura geral e como queira chamar\u201d, comenta.<\/p>\n<ul>\n<li><strong>O esp\u00edrito cr\u00edtico se demonstra de muitas formas, vai com o car\u00e1ter de cada um. <\/strong>Apesar de ter hoje em dia muitas formas de apresentar nossas ideias, seja atrav\u00e9s de meios de comunica\u00e7\u00e3o massivos ou das redes sociais, h\u00e1 muitas maneiras mais humildes para desenvolver di\u00e1logos que permitam filosofar com delicadeza, com prud\u00eancia e respeito.<\/li>\n<\/ul>\n<p>A <a href=\"https:\/\/www.funiber.org\/\">FUNIBER<\/a> patrocina diversos programas universit\u00e1rios com o objetivo de oferecer aos profissionais possibilidades para continuar formando-se, como por exemplo o <a href=\"https:\/\/www.funiber.org.br\/mestrado-em-docencia-universitaria\">Mestrado em Doc\u00eancia Universit\u00e1ria<\/a><\/p>\n<p><a href=\"https:\/\/www.bbc.com\/mundo\/noticias-55031619\" target=\"_blank\" rel=\"noopener noreferrer\">Fonte:\u00a0C\u00f3mo fomentar el esp\u00edritu cr\u00edtico en los j\u00f3venes sin convertirlos en opinadores de todo<\/a><\/p>\n<p>Foto: Todos os direitos reservados.<\/p>\n","protected":false},"excerpt":{"rendered":"<p>O professor Francisco Esteban \u00e9 doutor em Pedagogia e Filosofia e pesquisador sobre a forma\u00e7\u00e3o \u00e9tica dos profissionais da educa\u00e7\u00e3o e sobre a filosofia da forma\u00e7\u00e3o universit\u00e1ria. O te\u00f3rico publicou recentemente um artigo em que reflexiona sobre a forma\u00e7\u00e3o do pensamento cr\u00edtico entre jovens, na p\u00e1gina The Conversation. \u201cO esp\u00edrito cr\u00edtico nos libera da ignor\u00e2ncia, [&hellip;]<\/p>\n","protected":false},"author":10,"featured_media":23562,"comment_status":"closed","ping_status":"closed","sticky":false,"template":"","format":"standard","meta":{"jetpack_post_was_ever_published":false,"_jetpack_newsletter_access":"","_jetpack_newsletter_tier_id":0,"footnotes":"","jetpack_publicize_message":"","jetpack_is_tweetstorm":false,"jetpack_publicize_feature_enabled":true,"jetpack_social_post_already_shared":true,"jetpack_social_options":{"image_generator_settings":{"template":"highway","enabled":false}}},"categories":[5],"tags":[603,1242,6769,6770,712,3748,686,248,911,754,671,641,255,1845,4565,1049],"jetpack_publicize_connections":[],"yoast_head":"<!-- This site is optimized with the Yoast SEO plugin v21.7 - https:\/\/yoast.com\/wordpress\/plugins\/seo\/ -->\n<title>Como desenvolver o pensamento cr\u00edtico construtivo<\/title>\n<meta name=\"description\" content=\"O professor Francisco Esteban \u00e9 doutor em Pedagogia e Filosofia e pesquisador sobre a forma\u00e7\u00e3o \u00e9tica dos profissionais da educa\u00e7\u00e3o e sobre a filosofia da forma\u00e7\u00e3o universit\u00e1ria. O te\u00f3rico publicou recentemente um artigo em que reflexiona sobre a forma\u00e7\u00e3o do pensamento cr\u00edtico entre jovens, na p\u00e1gina The Conversation.\" \/>\n<meta name=\"robots\" content=\"noindex, nofollow\" \/>\n<meta property=\"og:locale\" content=\"pt_BR\" \/>\n<meta property=\"og:type\" content=\"article\" \/>\n<meta property=\"og:title\" content=\"Como desenvolver o pensamento cr\u00edtico construtivo\" \/>\n<meta property=\"og:description\" content=\"O professor Francisco Esteban \u00e9 doutor em Pedagogia e Filosofia e pesquisador sobre a forma\u00e7\u00e3o \u00e9tica dos profissionais da educa\u00e7\u00e3o e sobre a filosofia da forma\u00e7\u00e3o universit\u00e1ria. O te\u00f3rico publicou recentemente um artigo em que reflexiona sobre a forma\u00e7\u00e3o do pensamento cr\u00edtico entre jovens, na p\u00e1gina The Conversation.\" \/>\n<meta property=\"og:url\" content=\"https:\/\/blogs.funiber.org\/pt\/formacao-professores\/2020\/12\/05\/funiber-espirito-critico\" \/>\n<meta property=\"og:site_name\" content=\"FuniBlogs - FUNIBER\" \/>\n<meta property=\"article:publisher\" content=\"https:\/\/www.facebook.com\/funiber\" \/>\n<meta property=\"article:published_time\" content=\"2020-12-05T11:31:57+00:00\" \/>\n<meta property=\"article:modified_time\" content=\"2020-12-04T11:41:16+00:00\" \/>\n<meta property=\"og:image\" content=\"https:\/\/blogs.funiber.org\/pt\/wp-content\/uploads\/2020\/12\/funiber-pensamento-critico.jpg\" \/>\n\t<meta property=\"og:image:width\" content=\"900\" \/>\n\t<meta property=\"og:image:height\" content=\"586\" \/>\n\t<meta property=\"og:image:type\" content=\"image\/jpeg\" \/>\n<meta name=\"author\" content=\"Michelle\" \/>\n<meta name=\"twitter:card\" content=\"summary_large_image\" \/>\n<meta name=\"twitter:creator\" content=\"@FUNIBER\" \/>\n<meta name=\"twitter:site\" content=\"@FUNIBER\" \/>\n<meta name=\"twitter:label1\" content=\"Escrito por\" \/>\n\t<meta name=\"twitter:data1\" content=\"Michelle\" \/>\n\t<meta name=\"twitter:label2\" content=\"Est. tempo de leitura\" \/>\n\t<meta name=\"twitter:data2\" content=\"3 minutos\" \/>\n<script type=\"application\/ld+json\" class=\"yoast-schema-graph\">{\"@context\":\"https:\/\/schema.org\",\"@graph\":[{\"@type\":\"Article\",\"@id\":\"https:\/\/blogs.funiber.org\/pt\/formacao-professores\/2020\/12\/05\/funiber-espirito-critico#article\",\"isPartOf\":{\"@id\":\"https:\/\/blogs.funiber.org\/pt\/formacao-professores\/2020\/12\/05\/funiber-espirito-critico\"},\"author\":{\"name\":\"Michelle\",\"@id\":\"https:\/\/blogs.funiber.org\/pt\/#\/schema\/person\/a1eaaa5e57eac866a8c5946946bcf80d\"},\"headline\":\"Como desenvolver o pensamento cr\u00edtico construtivo\",\"datePublished\":\"2020-12-05T11:31:57+00:00\",\"dateModified\":\"2020-12-04T11:41:16+00:00\",\"mainEntityOfPage\":{\"@id\":\"https:\/\/blogs.funiber.org\/pt\/formacao-professores\/2020\/12\/05\/funiber-espirito-critico\"},\"wordCount\":512,\"publisher\":{\"@id\":\"https:\/\/blogs.funiber.org\/pt\/#organization\"},\"keywords\":[\"Arte\",\"Bolsas\",\"esp\u00edrito cr\u00edtico\",\"est\u00e9tica\",\"\u00c9tica\",\"filosofia\",\"Forma\u00e7\u00e3o de Professores\",\"Funiber\",\"FUNIBER Opini\u00f5es\",\"Literatura\",\"mestrado\",\"Opini\u00e3o FUNIBER\",\"Opini\u00f5es Funiber\",\"Pensamento\",\"pensamento cr\u00edtico\",\"universidades\"],\"articleSection\":[\"Educa\u00e7\u00e3o,\u00a0Forma\u00e7\u00e3o Professores\"],\"inLanguage\":\"pt-BR\"},{\"@type\":\"WebPage\",\"@id\":\"https:\/\/blogs.funiber.org\/pt\/formacao-professores\/2020\/12\/05\/funiber-espirito-critico\",\"url\":\"https:\/\/blogs.funiber.org\/pt\/formacao-professores\/2020\/12\/05\/funiber-espirito-critico\",\"name\":\"Como desenvolver o pensamento cr\u00edtico construtivo\",\"isPartOf\":{\"@id\":\"https:\/\/blogs.funiber.org\/pt\/#website\"},\"datePublished\":\"2020-12-05T11:31:57+00:00\",\"dateModified\":\"2020-12-04T11:41:16+00:00\",\"description\":\"O professor Francisco Esteban \u00e9 doutor em Pedagogia e Filosofia e pesquisador sobre a forma\u00e7\u00e3o \u00e9tica dos profissionais da educa\u00e7\u00e3o e sobre a filosofia da forma\u00e7\u00e3o universit\u00e1ria. O te\u00f3rico publicou recentemente um artigo em que reflexiona sobre a forma\u00e7\u00e3o do pensamento cr\u00edtico entre jovens, na p\u00e1gina The Conversation.\",\"breadcrumb\":{\"@id\":\"https:\/\/blogs.funiber.org\/pt\/formacao-professores\/2020\/12\/05\/funiber-espirito-critico#breadcrumb\"},\"inLanguage\":\"pt-BR\",\"potentialAction\":[{\"@type\":\"ReadAction\",\"target\":[\"https:\/\/blogs.funiber.org\/pt\/formacao-professores\/2020\/12\/05\/funiber-espirito-critico\"]}]},{\"@type\":\"BreadcrumbList\",\"@id\":\"https:\/\/blogs.funiber.org\/pt\/formacao-professores\/2020\/12\/05\/funiber-espirito-critico#breadcrumb\",\"itemListElement\":[{\"@type\":\"ListItem\",\"position\":1,\"name\":\"In\u00edcio\",\"item\":\"https:\/\/blogs.funiber.org\/pt\"},{\"@type\":\"ListItem\",\"position\":2,\"name\":\"Como desenvolver o pensamento cr\u00edtico construtivo\"}]},{\"@type\":\"WebSite\",\"@id\":\"https:\/\/blogs.funiber.org\/pt\/#website\",\"url\":\"https:\/\/blogs.funiber.org\/pt\/\",\"name\":\"FuniBlogs - FUNIBER\",\"description\":\"\",\"publisher\":{\"@id\":\"https:\/\/blogs.funiber.org\/pt\/#organization\"},\"potentialAction\":[{\"@type\":\"SearchAction\",\"target\":{\"@type\":\"EntryPoint\",\"urlTemplate\":\"https:\/\/blogs.funiber.org\/pt\/?s={search_term_string}\"},\"query-input\":\"required name=search_term_string\"}],\"inLanguage\":\"pt-BR\"},{\"@type\":\"Organization\",\"@id\":\"https:\/\/blogs.funiber.org\/pt\/#organization\",\"name\":\"FuniBlogs - FUNIBER\",\"url\":\"https:\/\/blogs.funiber.org\/pt\/\",\"logo\":{\"@type\":\"ImageObject\",\"inLanguage\":\"pt-BR\",\"@id\":\"https:\/\/blogs.funiber.org\/pt\/#\/schema\/logo\/image\/\",\"url\":\"https:\/\/www.funiber.blog\/pt\/wp-content\/uploads\/2022\/02\/logo-funiber-pt-br-v-dos.svg\",\"contentUrl\":\"https:\/\/www.funiber.blog\/pt\/wp-content\/uploads\/2022\/02\/logo-funiber-pt-br-v-dos.svg\",\"width\":1,\"height\":1,\"caption\":\"FuniBlogs - FUNIBER\"},\"image\":{\"@id\":\"https:\/\/blogs.funiber.org\/pt\/#\/schema\/logo\/image\/\"},\"sameAs\":[\"https:\/\/www.facebook.com\/funiber\",\"https:\/\/twitter.com\/FUNIBER\",\"https:\/\/www.instagram.com\/funiber_becas\",\"https:\/\/www.youtube.com\/user\/funiber\",\"https:\/\/www.linkedin.com\/company\/funiber\"]},{\"@type\":\"Person\",\"@id\":\"https:\/\/blogs.funiber.org\/pt\/#\/schema\/person\/a1eaaa5e57eac866a8c5946946bcf80d\",\"name\":\"Michelle\",\"image\":{\"@type\":\"ImageObject\",\"inLanguage\":\"pt-BR\",\"@id\":\"https:\/\/blogs.funiber.org\/pt\/#\/schema\/person\/image\/\",\"url\":\"https:\/\/secure.gravatar.com\/avatar\/5e87041f7609dc50493cf216754fece1?s=96&d=mm&r=g\",\"contentUrl\":\"https:\/\/secure.gravatar.com\/avatar\/5e87041f7609dc50493cf216754fece1?s=96&d=mm&r=g\",\"caption\":\"Michelle\"},\"url\":\"https:\/\/www.funiber.blog\/pt\/author\/michelle-moreira\"}]}<\/script>\n<!-- \/ Yoast SEO plugin. -->","yoast_head_json":{"title":"Como desenvolver o pensamento cr\u00edtico construtivo","description":"O professor Francisco Esteban \u00e9 doutor em Pedagogia e Filosofia e pesquisador sobre a forma\u00e7\u00e3o \u00e9tica dos profissionais da educa\u00e7\u00e3o e sobre a filosofia da forma\u00e7\u00e3o universit\u00e1ria. O te\u00f3rico publicou recentemente um artigo em que reflexiona sobre a forma\u00e7\u00e3o do pensamento cr\u00edtico entre jovens, na p\u00e1gina The Conversation.","robots":{"index":"noindex","follow":"nofollow"},"og_locale":"pt_BR","og_type":"article","og_title":"Como desenvolver o pensamento cr\u00edtico construtivo","og_description":"O professor Francisco Esteban \u00e9 doutor em Pedagogia e Filosofia e pesquisador sobre a forma\u00e7\u00e3o \u00e9tica dos profissionais da educa\u00e7\u00e3o e sobre a filosofia da forma\u00e7\u00e3o universit\u00e1ria. O te\u00f3rico publicou recentemente um artigo em que reflexiona sobre a forma\u00e7\u00e3o do pensamento cr\u00edtico entre jovens, na p\u00e1gina The Conversation.","og_url":"https:\/\/blogs.funiber.org\/pt\/formacao-professores\/2020\/12\/05\/funiber-espirito-critico","og_site_name":"FuniBlogs - FUNIBER","article_publisher":"https:\/\/www.facebook.com\/funiber","article_published_time":"2020-12-05T11:31:57+00:00","article_modified_time":"2020-12-04T11:41:16+00:00","og_image":[{"width":900,"height":586,"url":"https:\/\/blogs.funiber.org\/pt\/wp-content\/uploads\/2020\/12\/funiber-pensamento-critico.jpg","type":"image\/jpeg"}],"author":"Michelle","twitter_card":"summary_large_image","twitter_creator":"@FUNIBER","twitter_site":"@FUNIBER","twitter_misc":{"Escrito por":"Michelle","Est. tempo de leitura":"3 minutos"},"schema":{"@context":"https:\/\/schema.org","@graph":[{"@type":"Article","@id":"https:\/\/blogs.funiber.org\/pt\/formacao-professores\/2020\/12\/05\/funiber-espirito-critico#article","isPartOf":{"@id":"https:\/\/blogs.funiber.org\/pt\/formacao-professores\/2020\/12\/05\/funiber-espirito-critico"},"author":{"name":"Michelle","@id":"https:\/\/blogs.funiber.org\/pt\/#\/schema\/person\/a1eaaa5e57eac866a8c5946946bcf80d"},"headline":"Como desenvolver o pensamento cr\u00edtico construtivo","datePublished":"2020-12-05T11:31:57+00:00","dateModified":"2020-12-04T11:41:16+00:00","mainEntityOfPage":{"@id":"https:\/\/blogs.funiber.org\/pt\/formacao-professores\/2020\/12\/05\/funiber-espirito-critico"},"wordCount":512,"publisher":{"@id":"https:\/\/blogs.funiber.org\/pt\/#organization"},"keywords":["Arte","Bolsas","esp\u00edrito cr\u00edtico","est\u00e9tica","\u00c9tica","filosofia","Forma\u00e7\u00e3o de Professores","Funiber","FUNIBER Opini\u00f5es","Literatura","mestrado","Opini\u00e3o FUNIBER","Opini\u00f5es Funiber","Pensamento","pensamento cr\u00edtico","universidades"],"articleSection":["Educa\u00e7\u00e3o,\u00a0Forma\u00e7\u00e3o Professores"],"inLanguage":"pt-BR"},{"@type":"WebPage","@id":"https:\/\/blogs.funiber.org\/pt\/formacao-professores\/2020\/12\/05\/funiber-espirito-critico","url":"https:\/\/blogs.funiber.org\/pt\/formacao-professores\/2020\/12\/05\/funiber-espirito-critico","name":"Como desenvolver o pensamento cr\u00edtico construtivo","isPartOf":{"@id":"https:\/\/blogs.funiber.org\/pt\/#website"},"datePublished":"2020-12-05T11:31:57+00:00","dateModified":"2020-12-04T11:41:16+00:00","description":"O professor Francisco Esteban \u00e9 doutor em Pedagogia e Filosofia e pesquisador sobre a forma\u00e7\u00e3o \u00e9tica dos profissionais da educa\u00e7\u00e3o e sobre a filosofia da forma\u00e7\u00e3o universit\u00e1ria. O te\u00f3rico publicou recentemente um artigo em que reflexiona sobre a forma\u00e7\u00e3o do pensamento cr\u00edtico entre jovens, na p\u00e1gina The Conversation.","breadcrumb":{"@id":"https:\/\/blogs.funiber.org\/pt\/formacao-professores\/2020\/12\/05\/funiber-espirito-critico#breadcrumb"},"inLanguage":"pt-BR","potentialAction":[{"@type":"ReadAction","target":["https:\/\/blogs.funiber.org\/pt\/formacao-professores\/2020\/12\/05\/funiber-espirito-critico"]}]},{"@type":"BreadcrumbList","@id":"https:\/\/blogs.funiber.org\/pt\/formacao-professores\/2020\/12\/05\/funiber-espirito-critico#breadcrumb","itemListElement":[{"@type":"ListItem","position":1,"name":"In\u00edcio","item":"https:\/\/blogs.funiber.org\/pt"},{"@type":"ListItem","position":2,"name":"Como desenvolver o pensamento cr\u00edtico construtivo"}]},{"@type":"WebSite","@id":"https:\/\/blogs.funiber.org\/pt\/#website","url":"https:\/\/blogs.funiber.org\/pt\/","name":"FuniBlogs - FUNIBER","description":"","publisher":{"@id":"https:\/\/blogs.funiber.org\/pt\/#organization"},"potentialAction":[{"@type":"SearchAction","target":{"@type":"EntryPoint","urlTemplate":"https:\/\/blogs.funiber.org\/pt\/?s={search_term_string}"},"query-input":"required name=search_term_string"}],"inLanguage":"pt-BR"},{"@type":"Organization","@id":"https:\/\/blogs.funiber.org\/pt\/#organization","name":"FuniBlogs - FUNIBER","url":"https:\/\/blogs.funiber.org\/pt\/","logo":{"@type":"ImageObject","inLanguage":"pt-BR","@id":"https:\/\/blogs.funiber.org\/pt\/#\/schema\/logo\/image\/","url":"https:\/\/www.funiber.blog\/pt\/wp-content\/uploads\/2022\/02\/logo-funiber-pt-br-v-dos.svg","contentUrl":"https:\/\/www.funiber.blog\/pt\/wp-content\/uploads\/2022\/02\/logo-funiber-pt-br-v-dos.svg","width":1,"height":1,"caption":"FuniBlogs - FUNIBER"},"image":{"@id":"https:\/\/blogs.funiber.org\/pt\/#\/schema\/logo\/image\/"},"sameAs":["https:\/\/www.facebook.com\/funiber","https:\/\/twitter.com\/FUNIBER","https:\/\/www.instagram.com\/funiber_becas","https:\/\/www.youtube.com\/user\/funiber","https:\/\/www.linkedin.com\/company\/funiber"]},{"@type":"Person","@id":"https:\/\/blogs.funiber.org\/pt\/#\/schema\/person\/a1eaaa5e57eac866a8c5946946bcf80d","name":"Michelle","image":{"@type":"ImageObject","inLanguage":"pt-BR","@id":"https:\/\/blogs.funiber.org\/pt\/#\/schema\/person\/image\/","url":"https:\/\/secure.gravatar.com\/avatar\/5e87041f7609dc50493cf216754fece1?s=96&d=mm&r=g","contentUrl":"https:\/\/secure.gravatar.com\/avatar\/5e87041f7609dc50493cf216754fece1?s=96&d=mm&r=g","caption":"Michelle"},"url":"https:\/\/www.funiber.blog\/pt\/author\/michelle-moreira"}]}},"jetpack_featured_media_url":"https:\/\/www.funiber.blog\/pt\/wp-content\/uploads\/2020\/12\/funiber-pensamento-critico.jpg","jetpack_shortlink":"https:\/\/wp.me\/p7ee1t-681","jetpack_sharing_enabled":true,"_links":{"self":[{"href":"https:\/\/www.funiber.blog\/pt\/wp-json\/wp\/v2\/posts\/23561"}],"collection":[{"href":"https:\/\/www.funiber.blog\/pt\/wp-json\/wp\/v2\/posts"}],"about":[{"href":"https:\/\/www.funiber.blog\/pt\/wp-json\/wp\/v2\/types\/post"}],"author":[{"embeddable":true,"href":"https:\/\/www.funiber.blog\/pt\/wp-json\/wp\/v2\/users\/10"}],"replies":[{"embeddable":true,"href":"https:\/\/www.funiber.blog\/pt\/wp-json\/wp\/v2\/comments?post=23561"}],"version-history":[{"count":1,"href":"https:\/\/www.funiber.blog\/pt\/wp-json\/wp\/v2\/posts\/23561\/revisions"}],"predecessor-version":[{"id":23563,"href":"https:\/\/www.funiber.blog\/pt\/wp-json\/wp\/v2\/posts\/23561\/revisions\/23563"}],"wp:featuredmedia":[{"embeddable":true,"href":"https:\/\/www.funiber.blog\/pt\/wp-json\/wp\/v2\/media\/23562"}],"wp:attachment":[{"href":"https:\/\/www.funiber.blog\/pt\/wp-json\/wp\/v2\/media?parent=23561"}],"wp:term":[{"taxonomy":"category","embeddable":true,"href":"https:\/\/www.funiber.blog\/pt\/wp-json\/wp\/v2\/categories?post=23561"},{"taxonomy":"post_tag","embeddable":true,"href":"https:\/\/www.funiber.blog\/pt\/wp-json\/wp\/v2\/tags?post=23561"}],"curies":[{"name":"wp","href":"https:\/\/api.w.org\/{rel}","templated":true}]}}