{"id":2360,"date":"2013-06-27T12:17:48","date_gmt":"2013-06-27T12:17:48","guid":{"rendered":"http:\/\/blogs.funiber.org\/pt\/?p=2360"},"modified":"2013-07-23T12:24:12","modified_gmt":"2013-07-23T12:24:12","slug":"comunicacao-interna-nas-empresas-com-redes-sociais","status":"publish","type":"post","link":"https:\/\/www.funiber.blog\/pt\/empresas-e-rh\/2013\/06\/27\/comunicacao-interna-nas-empresas-com-redes-sociais","title":{"rendered":"Comunica\u00e7\u00e3o interna nas empresas com redes sociais"},"content":{"rendered":"<p>Atualmente a comunica\u00e7\u00e3o interna nas empresas \u00e9 gerida fundamentalmente atrav\u00e9s de e-mails e reuni\u00f5es presenciais, um esquema de comunica\u00e7\u00e3o hier\u00e1rquico ligado atrav\u00e9s de um estilo de dire\u00e7\u00e3o tradicional. Mas, pouco a pouco, a tecnologia das redes sociais est\u00e1 se infiltrando nas organiza\u00e7\u00f5es e propondo novas metas ao expor um estilo de comunica\u00e7\u00e3o mais aberto, colaborativo e menos hier\u00e1rquico.<\/p>\n<p>As intranets, como portais est\u00e1ticos, s\u00e3o o equivalente das p\u00e1ginas web da gera\u00e7\u00e3o 1.0, com pouca intera\u00e7\u00e3o entre os usu\u00e1rios. As novas tecnologias de comunica\u00e7\u00e3o interna desenvolvidas por empresas como a IBM, Oracle, Microsoft e outras, permitem uma intera\u00e7\u00e3o muito mais din\u00e2mica e fluida entre todos os funcion\u00e1rios, permitindo que se crie uma cultura em que se priorize a comunica\u00e7\u00e3o de estilo horizontal, diluindo as barreiras hier\u00e1rquicas.<!--more--><\/p>\n<p>Os portais internos que incorporam tecnologias de redes sociais permitem que os funcion\u00e1rios busquem dentro da corpora\u00e7\u00e3o por outros com conhecimentos espec\u00edficos sobre produtos ou servi\u00e7os, ou mesmo compartilhar hobbies ou afei\u00e7\u00f5es que permitam estabelecer novas modalidades de integra\u00e7\u00e3o. As comunica\u00e7\u00f5es tamb\u00e9m mudam, porque mesmo as chamadas telef\u00f4nicas podem ser vinculadas a comunica\u00e7\u00f5es VOIP e deixar mensagens nas contas de e-mail utilizando os celulares dos funcion\u00e1rios. Estas caracter\u00edsticas ampliam as capacidades de comunica\u00e7\u00f5es m\u00f3veis e reduzem os custos de comunica\u00e7\u00f5es telef\u00f4nicas j\u00e1 que os funcion\u00e1rios podem usar as redes WiFi para acessar de seus celulares as m\u00faltiplas ferramentas dos portais de comunica\u00e7\u00e3o interna com redes sociais.<\/p>\n<p>A consultora de estrat\u00e9gia digital Tanta (tantacom.com) aponta em seu blog: \u201cuma intranet ou portal do funcion\u00e1rio apresentado corretamente tanto do ponto de vista das necessidades inter e intra departamentais e sua cobertura, como da plataforma t\u00e9cnica ou de servi\u00e7o, podem favorecer, de fato, esta rela\u00e7\u00e3o, potencializando o trabalho colaborativo e a conex\u00e3o direta com os valores da organiza\u00e7\u00e3o sem contamina\u00e7\u00e3o externa\u201d, permitindo que se consolide a cultura organizacional e otimizando o fluxo de comunica\u00e7\u00f5es para o p\u00fablico-alvo da empresa.<\/p>\n<p>Fonte: http:\/\/blog.tantacom.com\/general\/la-importancia-de-la-comunicacion-interna-en-las-empresas-con-la-intranet-como-protagonista<\/p>\n","protected":false},"excerpt":{"rendered":"<p>Atualmente a comunica\u00e7\u00e3o interna nas empresas \u00e9 gerida fundamentalmente atrav\u00e9s de e-mails e reuni\u00f5es presenciais, um esquema de comunica\u00e7\u00e3o hier\u00e1rquico ligado atrav\u00e9s de um estilo de dire\u00e7\u00e3o tradicional. Mas, pouco a pouco, a tecnologia das redes sociais est\u00e1 se infiltrando nas organiza\u00e7\u00f5es e propondo novas metas ao expor um estilo de comunica\u00e7\u00e3o mais aberto, colaborativo [&hellip;]<\/p>\n","protected":false},"author":9,"featured_media":0,"comment_status":"closed","ping_status":"closed","sticky":false,"template":"","format":"standard","meta":{"jetpack_post_was_ever_published":false,"_jetpack_newsletter_access":"","_jetpack_newsletter_tier_id":0,"footnotes":"","jetpack_publicize_message":"","jetpack_is_tweetstorm":false,"jetpack_publicize_feature_enabled":true,"jetpack_social_post_already_shared":false,"jetpack_social_options":{"image_generator_settings":{"template":"highway","enabled":false}}},"categories":[8],"tags":[],"jetpack_publicize_connections":[],"yoast_head":"<!-- This site is optimized with the Yoast SEO plugin v21.7 - https:\/\/yoast.com\/wordpress\/plugins\/seo\/ -->\n<title>Comunica\u00e7\u00e3o interna nas empresas com redes sociais - FuniBlogs - FUNIBER<\/title>\n<meta name=\"robots\" content=\"index, follow, max-snippet:-1, max-image-preview:large, max-video-preview:-1\" \/>\n<link rel=\"canonical\" href=\"https:\/\/blogs.funiber.org\/pt\/empresas-e-rh\/2013\/06\/27\/comunicacao-interna-nas-empresas-com-redes-sociais\" \/>\n<meta property=\"og:locale\" content=\"pt_BR\" \/>\n<meta property=\"og:type\" content=\"article\" \/>\n<meta property=\"og:title\" content=\"Comunica\u00e7\u00e3o interna nas empresas com redes sociais - FuniBlogs - FUNIBER\" \/>\n<meta property=\"og:description\" content=\"Atualmente a comunica\u00e7\u00e3o interna nas empresas \u00e9 gerida fundamentalmente atrav\u00e9s de e-mails e reuni\u00f5es presenciais, um esquema de comunica\u00e7\u00e3o hier\u00e1rquico ligado atrav\u00e9s de um estilo de dire\u00e7\u00e3o tradicional. Mas, pouco a pouco, a tecnologia das redes sociais est\u00e1 se infiltrando nas organiza\u00e7\u00f5es e propondo novas metas ao expor um estilo de comunica\u00e7\u00e3o mais aberto, colaborativo [&hellip;]\" \/>\n<meta property=\"og:url\" content=\"https:\/\/blogs.funiber.org\/pt\/empresas-e-rh\/2013\/06\/27\/comunicacao-interna-nas-empresas-com-redes-sociais\" \/>\n<meta property=\"og:site_name\" content=\"FuniBlogs - FUNIBER\" \/>\n<meta property=\"article:publisher\" content=\"https:\/\/www.facebook.com\/funiber\" \/>\n<meta property=\"article:published_time\" content=\"2013-06-27T12:17:48+00:00\" \/>\n<meta property=\"article:modified_time\" content=\"2013-07-23T12:24:12+00:00\" \/>\n<meta name=\"author\" content=\"Luis Dillon\" \/>\n<meta name=\"twitter:card\" content=\"summary_large_image\" \/>\n<meta name=\"twitter:creator\" content=\"@FUNIBER\" \/>\n<meta name=\"twitter:site\" content=\"@FUNIBER\" \/>\n<meta name=\"twitter:label1\" content=\"Escrito por\" \/>\n\t<meta name=\"twitter:data1\" content=\"Luis Dillon\" \/>\n\t<meta name=\"twitter:label2\" content=\"Est. tempo de leitura\" \/>\n\t<meta name=\"twitter:data2\" content=\"2 minutos\" \/>\n<script type=\"application\/ld+json\" class=\"yoast-schema-graph\">{\"@context\":\"https:\/\/schema.org\",\"@graph\":[{\"@type\":\"Article\",\"@id\":\"https:\/\/blogs.funiber.org\/pt\/empresas-e-rh\/2013\/06\/27\/comunicacao-interna-nas-empresas-com-redes-sociais#article\",\"isPartOf\":{\"@id\":\"https:\/\/blogs.funiber.org\/pt\/empresas-e-rh\/2013\/06\/27\/comunicacao-interna-nas-empresas-com-redes-sociais\"},\"author\":{\"name\":\"Luis Dillon\",\"@id\":\"https:\/\/blogs.funiber.org\/pt\/#\/schema\/person\/6b6220e117726f693e71374bd9cf773c\"},\"headline\":\"Comunica\u00e7\u00e3o interna nas empresas com redes sociais\",\"datePublished\":\"2013-06-27T12:17:48+00:00\",\"dateModified\":\"2013-07-23T12:24:12+00:00\",\"mainEntityOfPage\":{\"@id\":\"https:\/\/blogs.funiber.org\/pt\/empresas-e-rh\/2013\/06\/27\/comunicacao-interna-nas-empresas-com-redes-sociais\"},\"wordCount\":376,\"publisher\":{\"@id\":\"https:\/\/blogs.funiber.org\/pt\/#organization\"},\"articleSection\":[\"Empresas, Dire\u00e7\u00e3o e RH\"],\"inLanguage\":\"pt-BR\"},{\"@type\":\"WebPage\",\"@id\":\"https:\/\/blogs.funiber.org\/pt\/empresas-e-rh\/2013\/06\/27\/comunicacao-interna-nas-empresas-com-redes-sociais\",\"url\":\"https:\/\/blogs.funiber.org\/pt\/empresas-e-rh\/2013\/06\/27\/comunicacao-interna-nas-empresas-com-redes-sociais\",\"name\":\"Comunica\u00e7\u00e3o interna nas empresas com redes sociais - FuniBlogs - FUNIBER\",\"isPartOf\":{\"@id\":\"https:\/\/blogs.funiber.org\/pt\/#website\"},\"datePublished\":\"2013-06-27T12:17:48+00:00\",\"dateModified\":\"2013-07-23T12:24:12+00:00\",\"breadcrumb\":{\"@id\":\"https:\/\/blogs.funiber.org\/pt\/empresas-e-rh\/2013\/06\/27\/comunicacao-interna-nas-empresas-com-redes-sociais#breadcrumb\"},\"inLanguage\":\"pt-BR\",\"potentialAction\":[{\"@type\":\"ReadAction\",\"target\":[\"https:\/\/blogs.funiber.org\/pt\/empresas-e-rh\/2013\/06\/27\/comunicacao-interna-nas-empresas-com-redes-sociais\"]}]},{\"@type\":\"BreadcrumbList\",\"@id\":\"https:\/\/blogs.funiber.org\/pt\/empresas-e-rh\/2013\/06\/27\/comunicacao-interna-nas-empresas-com-redes-sociais#breadcrumb\",\"itemListElement\":[{\"@type\":\"ListItem\",\"position\":1,\"name\":\"In\u00edcio\",\"item\":\"https:\/\/blogs.funiber.org\/pt\"},{\"@type\":\"ListItem\",\"position\":2,\"name\":\"Comunica\u00e7\u00e3o interna nas empresas com redes sociais\"}]},{\"@type\":\"WebSite\",\"@id\":\"https:\/\/blogs.funiber.org\/pt\/#website\",\"url\":\"https:\/\/blogs.funiber.org\/pt\/\",\"name\":\"FuniBlogs - FUNIBER\",\"description\":\"\",\"publisher\":{\"@id\":\"https:\/\/blogs.funiber.org\/pt\/#organization\"},\"potentialAction\":[{\"@type\":\"SearchAction\",\"target\":{\"@type\":\"EntryPoint\",\"urlTemplate\":\"https:\/\/blogs.funiber.org\/pt\/?s={search_term_string}\"},\"query-input\":\"required name=search_term_string\"}],\"inLanguage\":\"pt-BR\"},{\"@type\":\"Organization\",\"@id\":\"https:\/\/blogs.funiber.org\/pt\/#organization\",\"name\":\"FuniBlogs - FUNIBER\",\"url\":\"https:\/\/blogs.funiber.org\/pt\/\",\"logo\":{\"@type\":\"ImageObject\",\"inLanguage\":\"pt-BR\",\"@id\":\"https:\/\/blogs.funiber.org\/pt\/#\/schema\/logo\/image\/\",\"url\":\"https:\/\/www.funiber.blog\/pt\/wp-content\/uploads\/2022\/02\/logo-funiber-pt-br-v-dos.svg\",\"contentUrl\":\"https:\/\/www.funiber.blog\/pt\/wp-content\/uploads\/2022\/02\/logo-funiber-pt-br-v-dos.svg\",\"width\":1,\"height\":1,\"caption\":\"FuniBlogs - FUNIBER\"},\"image\":{\"@id\":\"https:\/\/blogs.funiber.org\/pt\/#\/schema\/logo\/image\/\"},\"sameAs\":[\"https:\/\/www.facebook.com\/funiber\",\"https:\/\/twitter.com\/FUNIBER\",\"https:\/\/www.instagram.com\/funiber_becas\",\"https:\/\/www.youtube.com\/user\/funiber\",\"https:\/\/www.linkedin.com\/company\/funiber\"]},{\"@type\":\"Person\",\"@id\":\"https:\/\/blogs.funiber.org\/pt\/#\/schema\/person\/6b6220e117726f693e71374bd9cf773c\",\"name\":\"Luis Dillon\",\"image\":{\"@type\":\"ImageObject\",\"inLanguage\":\"pt-BR\",\"@id\":\"https:\/\/blogs.funiber.org\/pt\/#\/schema\/person\/image\/\",\"url\":\"https:\/\/secure.gravatar.com\/avatar\/0cb73ab252c84aefdd599cab6945cd1f?s=96&d=mm&r=g\",\"contentUrl\":\"https:\/\/secure.gravatar.com\/avatar\/0cb73ab252c84aefdd599cab6945cd1f?s=96&d=mm&r=g\",\"caption\":\"Luis Dillon\"},\"url\":\"https:\/\/www.funiber.blog\/pt\/author\/luis-dillon\"}]}<\/script>\n<!-- \/ Yoast SEO plugin. -->","yoast_head_json":{"title":"Comunica\u00e7\u00e3o interna nas empresas com redes sociais - FuniBlogs - FUNIBER","robots":{"index":"index","follow":"follow","max-snippet":"max-snippet:-1","max-image-preview":"max-image-preview:large","max-video-preview":"max-video-preview:-1"},"canonical":"https:\/\/blogs.funiber.org\/pt\/empresas-e-rh\/2013\/06\/27\/comunicacao-interna-nas-empresas-com-redes-sociais","og_locale":"pt_BR","og_type":"article","og_title":"Comunica\u00e7\u00e3o interna nas empresas com redes sociais - FuniBlogs - FUNIBER","og_description":"Atualmente a comunica\u00e7\u00e3o interna nas empresas \u00e9 gerida fundamentalmente atrav\u00e9s de e-mails e reuni\u00f5es presenciais, um esquema de comunica\u00e7\u00e3o hier\u00e1rquico ligado atrav\u00e9s de um estilo de dire\u00e7\u00e3o tradicional. Mas, pouco a pouco, a tecnologia das redes sociais est\u00e1 se infiltrando nas organiza\u00e7\u00f5es e propondo novas metas ao expor um estilo de comunica\u00e7\u00e3o mais aberto, colaborativo [&hellip;]","og_url":"https:\/\/blogs.funiber.org\/pt\/empresas-e-rh\/2013\/06\/27\/comunicacao-interna-nas-empresas-com-redes-sociais","og_site_name":"FuniBlogs - FUNIBER","article_publisher":"https:\/\/www.facebook.com\/funiber","article_published_time":"2013-06-27T12:17:48+00:00","article_modified_time":"2013-07-23T12:24:12+00:00","author":"Luis Dillon","twitter_card":"summary_large_image","twitter_creator":"@FUNIBER","twitter_site":"@FUNIBER","twitter_misc":{"Escrito por":"Luis Dillon","Est. tempo de leitura":"2 minutos"},"schema":{"@context":"https:\/\/schema.org","@graph":[{"@type":"Article","@id":"https:\/\/blogs.funiber.org\/pt\/empresas-e-rh\/2013\/06\/27\/comunicacao-interna-nas-empresas-com-redes-sociais#article","isPartOf":{"@id":"https:\/\/blogs.funiber.org\/pt\/empresas-e-rh\/2013\/06\/27\/comunicacao-interna-nas-empresas-com-redes-sociais"},"author":{"name":"Luis Dillon","@id":"https:\/\/blogs.funiber.org\/pt\/#\/schema\/person\/6b6220e117726f693e71374bd9cf773c"},"headline":"Comunica\u00e7\u00e3o interna nas empresas com redes sociais","datePublished":"2013-06-27T12:17:48+00:00","dateModified":"2013-07-23T12:24:12+00:00","mainEntityOfPage":{"@id":"https:\/\/blogs.funiber.org\/pt\/empresas-e-rh\/2013\/06\/27\/comunicacao-interna-nas-empresas-com-redes-sociais"},"wordCount":376,"publisher":{"@id":"https:\/\/blogs.funiber.org\/pt\/#organization"},"articleSection":["Empresas, Dire\u00e7\u00e3o e RH"],"inLanguage":"pt-BR"},{"@type":"WebPage","@id":"https:\/\/blogs.funiber.org\/pt\/empresas-e-rh\/2013\/06\/27\/comunicacao-interna-nas-empresas-com-redes-sociais","url":"https:\/\/blogs.funiber.org\/pt\/empresas-e-rh\/2013\/06\/27\/comunicacao-interna-nas-empresas-com-redes-sociais","name":"Comunica\u00e7\u00e3o interna nas empresas com redes sociais - FuniBlogs - FUNIBER","isPartOf":{"@id":"https:\/\/blogs.funiber.org\/pt\/#website"},"datePublished":"2013-06-27T12:17:48+00:00","dateModified":"2013-07-23T12:24:12+00:00","breadcrumb":{"@id":"https:\/\/blogs.funiber.org\/pt\/empresas-e-rh\/2013\/06\/27\/comunicacao-interna-nas-empresas-com-redes-sociais#breadcrumb"},"inLanguage":"pt-BR","potentialAction":[{"@type":"ReadAction","target":["https:\/\/blogs.funiber.org\/pt\/empresas-e-rh\/2013\/06\/27\/comunicacao-interna-nas-empresas-com-redes-sociais"]}]},{"@type":"BreadcrumbList","@id":"https:\/\/blogs.funiber.org\/pt\/empresas-e-rh\/2013\/06\/27\/comunicacao-interna-nas-empresas-com-redes-sociais#breadcrumb","itemListElement":[{"@type":"ListItem","position":1,"name":"In\u00edcio","item":"https:\/\/blogs.funiber.org\/pt"},{"@type":"ListItem","position":2,"name":"Comunica\u00e7\u00e3o interna nas empresas com redes sociais"}]},{"@type":"WebSite","@id":"https:\/\/blogs.funiber.org\/pt\/#website","url":"https:\/\/blogs.funiber.org\/pt\/","name":"FuniBlogs - FUNIBER","description":"","publisher":{"@id":"https:\/\/blogs.funiber.org\/pt\/#organization"},"potentialAction":[{"@type":"SearchAction","target":{"@type":"EntryPoint","urlTemplate":"https:\/\/blogs.funiber.org\/pt\/?s={search_term_string}"},"query-input":"required name=search_term_string"}],"inLanguage":"pt-BR"},{"@type":"Organization","@id":"https:\/\/blogs.funiber.org\/pt\/#organization","name":"FuniBlogs - FUNIBER","url":"https:\/\/blogs.funiber.org\/pt\/","logo":{"@type":"ImageObject","inLanguage":"pt-BR","@id":"https:\/\/blogs.funiber.org\/pt\/#\/schema\/logo\/image\/","url":"https:\/\/www.funiber.blog\/pt\/wp-content\/uploads\/2022\/02\/logo-funiber-pt-br-v-dos.svg","contentUrl":"https:\/\/www.funiber.blog\/pt\/wp-content\/uploads\/2022\/02\/logo-funiber-pt-br-v-dos.svg","width":1,"height":1,"caption":"FuniBlogs - FUNIBER"},"image":{"@id":"https:\/\/blogs.funiber.org\/pt\/#\/schema\/logo\/image\/"},"sameAs":["https:\/\/www.facebook.com\/funiber","https:\/\/twitter.com\/FUNIBER","https:\/\/www.instagram.com\/funiber_becas","https:\/\/www.youtube.com\/user\/funiber","https:\/\/www.linkedin.com\/company\/funiber"]},{"@type":"Person","@id":"https:\/\/blogs.funiber.org\/pt\/#\/schema\/person\/6b6220e117726f693e71374bd9cf773c","name":"Luis Dillon","image":{"@type":"ImageObject","inLanguage":"pt-BR","@id":"https:\/\/blogs.funiber.org\/pt\/#\/schema\/person\/image\/","url":"https:\/\/secure.gravatar.com\/avatar\/0cb73ab252c84aefdd599cab6945cd1f?s=96&d=mm&r=g","contentUrl":"https:\/\/secure.gravatar.com\/avatar\/0cb73ab252c84aefdd599cab6945cd1f?s=96&d=mm&r=g","caption":"Luis Dillon"},"url":"https:\/\/www.funiber.blog\/pt\/author\/luis-dillon"}]}},"jetpack_featured_media_url":"","jetpack_shortlink":"https:\/\/wp.me\/p7ee1t-C4","jetpack_sharing_enabled":true,"_links":{"self":[{"href":"https:\/\/www.funiber.blog\/pt\/wp-json\/wp\/v2\/posts\/2360"}],"collection":[{"href":"https:\/\/www.funiber.blog\/pt\/wp-json\/wp\/v2\/posts"}],"about":[{"href":"https:\/\/www.funiber.blog\/pt\/wp-json\/wp\/v2\/types\/post"}],"author":[{"embeddable":true,"href":"https:\/\/www.funiber.blog\/pt\/wp-json\/wp\/v2\/users\/9"}],"replies":[{"embeddable":true,"href":"https:\/\/www.funiber.blog\/pt\/wp-json\/wp\/v2\/comments?post=2360"}],"version-history":[{"count":2,"href":"https:\/\/www.funiber.blog\/pt\/wp-json\/wp\/v2\/posts\/2360\/revisions"}],"predecessor-version":[{"id":2377,"href":"https:\/\/www.funiber.blog\/pt\/wp-json\/wp\/v2\/posts\/2360\/revisions\/2377"}],"wp:attachment":[{"href":"https:\/\/www.funiber.blog\/pt\/wp-json\/wp\/v2\/media?parent=2360"}],"wp:term":[{"taxonomy":"category","embeddable":true,"href":"https:\/\/www.funiber.blog\/pt\/wp-json\/wp\/v2\/categories?post=2360"},{"taxonomy":"post_tag","embeddable":true,"href":"https:\/\/www.funiber.blog\/pt\/wp-json\/wp\/v2\/tags?post=2360"}],"curies":[{"name":"wp","href":"https:\/\/api.w.org\/{rel}","templated":true}]}}