{"id":24143,"date":"2021-02-28T06:58:09","date_gmt":"2021-02-28T11:58:09","guid":{"rendered":"https:\/\/blogs.funiber.org\/pt\/?p=24143"},"modified":"2021-02-26T07:17:16","modified_gmt":"2021-02-26T12:17:16","slug":"funiber-futuro-arquitetonico-refrigeracao-domestica","status":"publish","type":"post","link":"https:\/\/www.funiber.blog\/pt\/arquitetura-e-desenho\/2021\/02\/28\/funiber-futuro-arquitetonico-refrigeracao-domestica","title":{"rendered":"O futuro arquitet\u00f4nico: a refrigera\u00e7\u00e3o dom\u00e9stica"},"content":{"rendered":"<h2>Refrigerar casas e interiores \u00e9 o desafio enfrentado pelos arquitetos do futuro.<\/h2>\n<p>Com o aquecimento global e como os eventos clim\u00e1ticos extremos continuam a aumentar, o resfriamento do planeta \u00e9 um problema para a sociedade como um todo. \u00c9 por esta raz\u00e3o que, assim como \u00e9 uma quest\u00e3o de reduzir as temperaturas ambientes, o resfriamento das casas \u00e9 o desafio arquitet\u00f4nico e industrial do futuro.<!--more--><\/p>\n<p><strong>Desafios a serem enfrentados <\/strong><\/p>\n<p>A ind\u00fastria da constru\u00e7\u00e3o civil \u00e9 atualmente respons\u00e1vel por<strong> 39% das emiss\u00f5es <\/strong>globais de gases de efeito estufa. Portanto, n\u00e3o se deve esquecer seu papel na atenua\u00e7\u00e3o dos efeitos da crise clim\u00e1tica que estamos vivenciando de forma cada vez mais preocupante. Nesta mudan\u00e7a em dire\u00e7\u00e3o \u00e0 sustentabilidade, a refrigera\u00e7\u00e3o ambientalmente correta \u00e9 o principal desafio a ser enfrentado. Partindo do princ\u00edpio que qualquer forma de energia pode ser transformada em calor, o resfriamento se torna um desafio visivelmente mais complexo que o aquecimento. Os sistemas de refrigera\u00e7\u00e3o s\u00e3o mais caros, dif\u00edceis de implementar e geralmente requerem grandes investimentos em eletricidade para serem eficientes. Se acrescentarmos a isto o fato de que o aquecimento global em si n\u00e3o d\u00e1 tr\u00e9guas, a busca e a consecu\u00e7\u00e3o do resfriamento artificial torna-se iminente.<\/p>\n<p>&nbsp;<\/p>\n<p><strong>Projetos sustent\u00e1veis<\/strong><\/p>\n<p>Felizmente, arquitetos e engenheiros j\u00e1 deram seus primeiros passos em dire\u00e7\u00e3o a projetos de resfriamento sustent\u00e1vel. O grupo <a href=\"https:\/\/www.isover.pt\" target=\"_blank\" rel=\"noopener noreferrer\">Saint Gobain Isover<\/a>, l\u00edder em solu\u00e7\u00f5es de energia e refer\u00eancia no mercado de isolamento e climatiza\u00e7\u00e3o, produziu um guia espec\u00edfico para o resfriamento de resid\u00eancias e interiores que inclui:<\/p>\n<ul>\n<li>Projetar edif\u00edcios compactos com uma orienta\u00e7\u00e3o favor\u00e1vel.<\/li>\n<li>Usar isolamento t\u00e9rmico e revestimento herm\u00e9tico.<\/li>\n<li>Optar por janelas com efici\u00eancia energ\u00e9tica que combinam vidro de controle solar e\/ou cortinas exteriores.<\/li>\n<li>Usar sistemas de ventila\u00e7\u00e3o com recupera\u00e7\u00e3o de calor.<\/li>\n<li>Lembrar-se da import\u00e2ncia da ventila\u00e7\u00e3o natural \u00e0 noite.<\/li>\n<\/ul>\n<p>&nbsp;<\/p>\n<p>Tamb\u00e9m enfatiza a necessidade de isolamento t\u00e9rmico espec\u00edfico para eletrodom\u00e9sticos, sistemas de aquecimento, sistemas de \u00e1gua dom\u00e9stica, unidades de tratamento de ar e similares.<\/p>\n<p>Estas estrat\u00e9gias e solu\u00e7\u00f5es s\u00e3o apenas o in\u00edcio de uma reforma industrial e arquitet\u00f4nica que mudar\u00e1 o paradigma em termos das exig\u00eancias e necessidades dos lares do futuro.<\/p>\n<p>A <a href=\"https:\/\/www.funiber.org.br\/\" target=\"_blank\" rel=\"noopener noreferrer\">FUNIBER<\/a> patrocina uma variedade de programas universit\u00e1rios focados em fornecer aos profissionais informa\u00e7\u00f5es abrangentes e atuais sobre os estudos mais recentes em mat\u00e9ria de urbanismo. Um dos cursos oferecidos \u00e9 o <a href=\"https:\/\/www.funiber.org.br\/mestrado-em-projetos-de-arquitetura-e-urbanismo\" target=\"_blank\" rel=\"noopener noreferrer\">Mestrado em Projetos de Arquitetura e Urbanismo<\/a>.<\/p>\n<p>Fonte: <a href=\"https:\/\/www.plataformaarquitectura.cl\/cl\/956540\/enfriar-los-interiores-sera-el-desafio-arquitectonico-del-futuro\" target=\"_blank\" rel=\"noopener noreferrer\">Enfriar los interiores ser\u00e1 el desaf\u00edo arquitect\u00f3nico del futuro<\/a><\/p>\n<p>Foto: Todos os direitos reservados.<\/p>\n","protected":false},"excerpt":{"rendered":"<p>Refrigerar casas e interiores \u00e9 o desafio enfrentado pelos arquitetos do futuro. Com o aquecimento global e como os eventos clim\u00e1ticos extremos continuam a aumentar, o resfriamento do planeta \u00e9 um problema para a sociedade como um todo. \u00c9 por esta raz\u00e3o que, assim como \u00e9 uma quest\u00e3o de reduzir as temperaturas ambientes, o resfriamento [&hellip;]<\/p>\n","protected":false},"author":27,"featured_media":24144,"comment_status":"closed","ping_status":"closed","sticky":false,"template":"","format":"standard","meta":{"jetpack_post_was_ever_published":false,"_jetpack_newsletter_access":"","_jetpack_newsletter_tier_id":0,"footnotes":"","jetpack_publicize_message":"","jetpack_is_tweetstorm":false,"jetpack_publicize_feature_enabled":true,"jetpack_social_post_already_shared":true,"jetpack_social_options":{"image_generator_settings":{"template":"highway","enabled":false}}},"categories":[7],"tags":[1242,855,285,408,119,911,671,641,255,112],"jetpack_publicize_connections":[],"yoast_head":"<!-- This site is optimized with the Yoast SEO plugin v21.7 - https:\/\/yoast.com\/wordpress\/plugins\/seo\/ -->\n<title>O futuro arquitet\u00f4nico: a refrigera\u00e7\u00e3o dom\u00e9stica<\/title>\n<meta name=\"description\" content=\"Refrigerar casas e interiores \u00e9 o desafio enfrentado pelos arquitetos do futuro.\" \/>\n<meta name=\"robots\" content=\"index, follow, max-snippet:-1, max-image-preview:large, max-video-preview:-1\" \/>\n<link rel=\"canonical\" href=\"https:\/\/blogs.funiber.org\/pt\/arquitetura-e-desenho\/2021\/02\/28\/funiber-futuro-arquitetonico-refrigeracao-domestica\" \/>\n<meta property=\"og:locale\" content=\"pt_BR\" \/>\n<meta property=\"og:type\" content=\"article\" \/>\n<meta property=\"og:title\" content=\"O futuro arquitet\u00f4nico: a refrigera\u00e7\u00e3o dom\u00e9stica\" \/>\n<meta property=\"og:description\" content=\"Refrigerar casas e interiores \u00e9 o desafio enfrentado pelos arquitetos do futuro.\" \/>\n<meta property=\"og:url\" content=\"https:\/\/blogs.funiber.org\/pt\/arquitetura-e-desenho\/2021\/02\/28\/funiber-futuro-arquitetonico-refrigeracao-domestica\" \/>\n<meta property=\"og:site_name\" content=\"FuniBlogs - FUNIBER\" \/>\n<meta property=\"article:publisher\" content=\"https:\/\/www.facebook.com\/funiber\" \/>\n<meta property=\"article:published_time\" content=\"2021-02-28T11:58:09+00:00\" \/>\n<meta property=\"article:modified_time\" content=\"2021-02-26T12:17:16+00:00\" \/>\n<meta property=\"og:image\" content=\"https:\/\/blogs.funiber.org\/pt\/wp-content\/uploads\/2021\/02\/funiblog-pro-futuro.jpg\" \/>\n\t<meta property=\"og:image:width\" content=\"800\" \/>\n\t<meta property=\"og:image:height\" content=\"533\" \/>\n\t<meta property=\"og:image:type\" content=\"image\/jpeg\" \/>\n<meta name=\"author\" content=\"Ruth Congregado\" \/>\n<meta name=\"twitter:card\" content=\"summary_large_image\" \/>\n<meta name=\"twitter:creator\" content=\"@FUNIBER\" \/>\n<meta name=\"twitter:site\" content=\"@FUNIBER\" \/>\n<meta name=\"twitter:label1\" content=\"Escrito por\" \/>\n\t<meta name=\"twitter:data1\" content=\"Ruth Congregado\" \/>\n\t<meta name=\"twitter:label2\" content=\"Est. tempo de leitura\" \/>\n\t<meta name=\"twitter:data2\" content=\"2 minutos\" \/>\n<script type=\"application\/ld+json\" class=\"yoast-schema-graph\">{\"@context\":\"https:\/\/schema.org\",\"@graph\":[{\"@type\":\"Article\",\"@id\":\"https:\/\/blogs.funiber.org\/pt\/arquitetura-e-desenho\/2021\/02\/28\/funiber-futuro-arquitetonico-refrigeracao-domestica#article\",\"isPartOf\":{\"@id\":\"https:\/\/blogs.funiber.org\/pt\/arquitetura-e-desenho\/2021\/02\/28\/funiber-futuro-arquitetonico-refrigeracao-domestica\"},\"author\":{\"name\":\"Ruth Congregado\",\"@id\":\"https:\/\/blogs.funiber.org\/pt\/#\/schema\/person\/d1f71292335f509051d4b7c96f3a388a\"},\"headline\":\"O futuro arquitet\u00f4nico: a refrigera\u00e7\u00e3o dom\u00e9stica\",\"datePublished\":\"2021-02-28T11:58:09+00:00\",\"dateModified\":\"2021-02-26T12:17:16+00:00\",\"mainEntityOfPage\":{\"@id\":\"https:\/\/blogs.funiber.org\/pt\/arquitetura-e-desenho\/2021\/02\/28\/funiber-futuro-arquitetonico-refrigeracao-domestica\"},\"wordCount\":455,\"publisher\":{\"@id\":\"https:\/\/blogs.funiber.org\/pt\/#organization\"},\"keywords\":[\"Bolsas\",\"Doutorado\",\"Educa\u00e7\u00e3o\",\"Educa\u00e7\u00e3o a Dist\u00e2ncia\",\"Estudos\",\"FUNIBER Opini\u00f5es\",\"mestrado\",\"Opini\u00e3o FUNIBER\",\"Opini\u00f5es Funiber\",\"Projetos\"],\"articleSection\":[\"Projetos\"],\"inLanguage\":\"pt-BR\"},{\"@type\":\"WebPage\",\"@id\":\"https:\/\/blogs.funiber.org\/pt\/arquitetura-e-desenho\/2021\/02\/28\/funiber-futuro-arquitetonico-refrigeracao-domestica\",\"url\":\"https:\/\/blogs.funiber.org\/pt\/arquitetura-e-desenho\/2021\/02\/28\/funiber-futuro-arquitetonico-refrigeracao-domestica\",\"name\":\"O futuro arquitet\u00f4nico: a refrigera\u00e7\u00e3o dom\u00e9stica\",\"isPartOf\":{\"@id\":\"https:\/\/blogs.funiber.org\/pt\/#website\"},\"datePublished\":\"2021-02-28T11:58:09+00:00\",\"dateModified\":\"2021-02-26T12:17:16+00:00\",\"description\":\"Refrigerar casas e interiores \u00e9 o desafio enfrentado pelos arquitetos do futuro.\",\"breadcrumb\":{\"@id\":\"https:\/\/blogs.funiber.org\/pt\/arquitetura-e-desenho\/2021\/02\/28\/funiber-futuro-arquitetonico-refrigeracao-domestica#breadcrumb\"},\"inLanguage\":\"pt-BR\",\"potentialAction\":[{\"@type\":\"ReadAction\",\"target\":[\"https:\/\/blogs.funiber.org\/pt\/arquitetura-e-desenho\/2021\/02\/28\/funiber-futuro-arquitetonico-refrigeracao-domestica\"]}]},{\"@type\":\"BreadcrumbList\",\"@id\":\"https:\/\/blogs.funiber.org\/pt\/arquitetura-e-desenho\/2021\/02\/28\/funiber-futuro-arquitetonico-refrigeracao-domestica#breadcrumb\",\"itemListElement\":[{\"@type\":\"ListItem\",\"position\":1,\"name\":\"In\u00edcio\",\"item\":\"https:\/\/blogs.funiber.org\/pt\"},{\"@type\":\"ListItem\",\"position\":2,\"name\":\"O futuro arquitet\u00f4nico: a refrigera\u00e7\u00e3o dom\u00e9stica\"}]},{\"@type\":\"WebSite\",\"@id\":\"https:\/\/blogs.funiber.org\/pt\/#website\",\"url\":\"https:\/\/blogs.funiber.org\/pt\/\",\"name\":\"FuniBlogs - FUNIBER\",\"description\":\"\",\"publisher\":{\"@id\":\"https:\/\/blogs.funiber.org\/pt\/#organization\"},\"potentialAction\":[{\"@type\":\"SearchAction\",\"target\":{\"@type\":\"EntryPoint\",\"urlTemplate\":\"https:\/\/blogs.funiber.org\/pt\/?s={search_term_string}\"},\"query-input\":\"required name=search_term_string\"}],\"inLanguage\":\"pt-BR\"},{\"@type\":\"Organization\",\"@id\":\"https:\/\/blogs.funiber.org\/pt\/#organization\",\"name\":\"FuniBlogs - FUNIBER\",\"url\":\"https:\/\/blogs.funiber.org\/pt\/\",\"logo\":{\"@type\":\"ImageObject\",\"inLanguage\":\"pt-BR\",\"@id\":\"https:\/\/blogs.funiber.org\/pt\/#\/schema\/logo\/image\/\",\"url\":\"https:\/\/www.funiber.blog\/pt\/wp-content\/uploads\/2022\/02\/logo-funiber-pt-br-v-dos.svg\",\"contentUrl\":\"https:\/\/www.funiber.blog\/pt\/wp-content\/uploads\/2022\/02\/logo-funiber-pt-br-v-dos.svg\",\"width\":1,\"height\":1,\"caption\":\"FuniBlogs - FUNIBER\"},\"image\":{\"@id\":\"https:\/\/blogs.funiber.org\/pt\/#\/schema\/logo\/image\/\"},\"sameAs\":[\"https:\/\/www.facebook.com\/funiber\",\"https:\/\/twitter.com\/FUNIBER\",\"https:\/\/www.instagram.com\/funiber_becas\",\"https:\/\/www.youtube.com\/user\/funiber\",\"https:\/\/www.linkedin.com\/company\/funiber\"]},{\"@type\":\"Person\",\"@id\":\"https:\/\/blogs.funiber.org\/pt\/#\/schema\/person\/d1f71292335f509051d4b7c96f3a388a\",\"name\":\"Ruth Congregado\",\"image\":{\"@type\":\"ImageObject\",\"inLanguage\":\"pt-BR\",\"@id\":\"https:\/\/blogs.funiber.org\/pt\/#\/schema\/person\/image\/\",\"url\":\"https:\/\/secure.gravatar.com\/avatar\/ad1938e89a5f73dc96b83b7d1960a1a1?s=96&d=mm&r=g\",\"contentUrl\":\"https:\/\/secure.gravatar.com\/avatar\/ad1938e89a5f73dc96b83b7d1960a1a1?s=96&d=mm&r=g\",\"caption\":\"Ruth Congregado\"},\"url\":\"https:\/\/www.funiber.blog\/pt\/author\/ruth-congregado\"}]}<\/script>\n<!-- \/ Yoast SEO plugin. -->","yoast_head_json":{"title":"O futuro arquitet\u00f4nico: a refrigera\u00e7\u00e3o dom\u00e9stica","description":"Refrigerar casas e interiores \u00e9 o desafio enfrentado pelos arquitetos do futuro.","robots":{"index":"index","follow":"follow","max-snippet":"max-snippet:-1","max-image-preview":"max-image-preview:large","max-video-preview":"max-video-preview:-1"},"canonical":"https:\/\/blogs.funiber.org\/pt\/arquitetura-e-desenho\/2021\/02\/28\/funiber-futuro-arquitetonico-refrigeracao-domestica","og_locale":"pt_BR","og_type":"article","og_title":"O futuro arquitet\u00f4nico: a refrigera\u00e7\u00e3o dom\u00e9stica","og_description":"Refrigerar casas e interiores \u00e9 o desafio enfrentado pelos arquitetos do futuro.","og_url":"https:\/\/blogs.funiber.org\/pt\/arquitetura-e-desenho\/2021\/02\/28\/funiber-futuro-arquitetonico-refrigeracao-domestica","og_site_name":"FuniBlogs - FUNIBER","article_publisher":"https:\/\/www.facebook.com\/funiber","article_published_time":"2021-02-28T11:58:09+00:00","article_modified_time":"2021-02-26T12:17:16+00:00","og_image":[{"width":800,"height":533,"url":"https:\/\/blogs.funiber.org\/pt\/wp-content\/uploads\/2021\/02\/funiblog-pro-futuro.jpg","type":"image\/jpeg"}],"author":"Ruth Congregado","twitter_card":"summary_large_image","twitter_creator":"@FUNIBER","twitter_site":"@FUNIBER","twitter_misc":{"Escrito por":"Ruth Congregado","Est. tempo de leitura":"2 minutos"},"schema":{"@context":"https:\/\/schema.org","@graph":[{"@type":"Article","@id":"https:\/\/blogs.funiber.org\/pt\/arquitetura-e-desenho\/2021\/02\/28\/funiber-futuro-arquitetonico-refrigeracao-domestica#article","isPartOf":{"@id":"https:\/\/blogs.funiber.org\/pt\/arquitetura-e-desenho\/2021\/02\/28\/funiber-futuro-arquitetonico-refrigeracao-domestica"},"author":{"name":"Ruth Congregado","@id":"https:\/\/blogs.funiber.org\/pt\/#\/schema\/person\/d1f71292335f509051d4b7c96f3a388a"},"headline":"O futuro arquitet\u00f4nico: a refrigera\u00e7\u00e3o dom\u00e9stica","datePublished":"2021-02-28T11:58:09+00:00","dateModified":"2021-02-26T12:17:16+00:00","mainEntityOfPage":{"@id":"https:\/\/blogs.funiber.org\/pt\/arquitetura-e-desenho\/2021\/02\/28\/funiber-futuro-arquitetonico-refrigeracao-domestica"},"wordCount":455,"publisher":{"@id":"https:\/\/blogs.funiber.org\/pt\/#organization"},"keywords":["Bolsas","Doutorado","Educa\u00e7\u00e3o","Educa\u00e7\u00e3o a Dist\u00e2ncia","Estudos","FUNIBER Opini\u00f5es","mestrado","Opini\u00e3o FUNIBER","Opini\u00f5es Funiber","Projetos"],"articleSection":["Projetos"],"inLanguage":"pt-BR"},{"@type":"WebPage","@id":"https:\/\/blogs.funiber.org\/pt\/arquitetura-e-desenho\/2021\/02\/28\/funiber-futuro-arquitetonico-refrigeracao-domestica","url":"https:\/\/blogs.funiber.org\/pt\/arquitetura-e-desenho\/2021\/02\/28\/funiber-futuro-arquitetonico-refrigeracao-domestica","name":"O futuro arquitet\u00f4nico: a refrigera\u00e7\u00e3o dom\u00e9stica","isPartOf":{"@id":"https:\/\/blogs.funiber.org\/pt\/#website"},"datePublished":"2021-02-28T11:58:09+00:00","dateModified":"2021-02-26T12:17:16+00:00","description":"Refrigerar casas e interiores \u00e9 o desafio enfrentado pelos arquitetos do futuro.","breadcrumb":{"@id":"https:\/\/blogs.funiber.org\/pt\/arquitetura-e-desenho\/2021\/02\/28\/funiber-futuro-arquitetonico-refrigeracao-domestica#breadcrumb"},"inLanguage":"pt-BR","potentialAction":[{"@type":"ReadAction","target":["https:\/\/blogs.funiber.org\/pt\/arquitetura-e-desenho\/2021\/02\/28\/funiber-futuro-arquitetonico-refrigeracao-domestica"]}]},{"@type":"BreadcrumbList","@id":"https:\/\/blogs.funiber.org\/pt\/arquitetura-e-desenho\/2021\/02\/28\/funiber-futuro-arquitetonico-refrigeracao-domestica#breadcrumb","itemListElement":[{"@type":"ListItem","position":1,"name":"In\u00edcio","item":"https:\/\/blogs.funiber.org\/pt"},{"@type":"ListItem","position":2,"name":"O futuro arquitet\u00f4nico: a refrigera\u00e7\u00e3o dom\u00e9stica"}]},{"@type":"WebSite","@id":"https:\/\/blogs.funiber.org\/pt\/#website","url":"https:\/\/blogs.funiber.org\/pt\/","name":"FuniBlogs - FUNIBER","description":"","publisher":{"@id":"https:\/\/blogs.funiber.org\/pt\/#organization"},"potentialAction":[{"@type":"SearchAction","target":{"@type":"EntryPoint","urlTemplate":"https:\/\/blogs.funiber.org\/pt\/?s={search_term_string}"},"query-input":"required name=search_term_string"}],"inLanguage":"pt-BR"},{"@type":"Organization","@id":"https:\/\/blogs.funiber.org\/pt\/#organization","name":"FuniBlogs - FUNIBER","url":"https:\/\/blogs.funiber.org\/pt\/","logo":{"@type":"ImageObject","inLanguage":"pt-BR","@id":"https:\/\/blogs.funiber.org\/pt\/#\/schema\/logo\/image\/","url":"https:\/\/www.funiber.blog\/pt\/wp-content\/uploads\/2022\/02\/logo-funiber-pt-br-v-dos.svg","contentUrl":"https:\/\/www.funiber.blog\/pt\/wp-content\/uploads\/2022\/02\/logo-funiber-pt-br-v-dos.svg","width":1,"height":1,"caption":"FuniBlogs - FUNIBER"},"image":{"@id":"https:\/\/blogs.funiber.org\/pt\/#\/schema\/logo\/image\/"},"sameAs":["https:\/\/www.facebook.com\/funiber","https:\/\/twitter.com\/FUNIBER","https:\/\/www.instagram.com\/funiber_becas","https:\/\/www.youtube.com\/user\/funiber","https:\/\/www.linkedin.com\/company\/funiber"]},{"@type":"Person","@id":"https:\/\/blogs.funiber.org\/pt\/#\/schema\/person\/d1f71292335f509051d4b7c96f3a388a","name":"Ruth Congregado","image":{"@type":"ImageObject","inLanguage":"pt-BR","@id":"https:\/\/blogs.funiber.org\/pt\/#\/schema\/person\/image\/","url":"https:\/\/secure.gravatar.com\/avatar\/ad1938e89a5f73dc96b83b7d1960a1a1?s=96&d=mm&r=g","contentUrl":"https:\/\/secure.gravatar.com\/avatar\/ad1938e89a5f73dc96b83b7d1960a1a1?s=96&d=mm&r=g","caption":"Ruth Congregado"},"url":"https:\/\/www.funiber.blog\/pt\/author\/ruth-congregado"}]}},"jetpack_featured_media_url":"https:\/\/www.funiber.blog\/pt\/wp-content\/uploads\/2021\/02\/funiblog-pro-futuro.jpg","jetpack_shortlink":"https:\/\/wp.me\/p7ee1t-6hp","jetpack_sharing_enabled":true,"_links":{"self":[{"href":"https:\/\/www.funiber.blog\/pt\/wp-json\/wp\/v2\/posts\/24143"}],"collection":[{"href":"https:\/\/www.funiber.blog\/pt\/wp-json\/wp\/v2\/posts"}],"about":[{"href":"https:\/\/www.funiber.blog\/pt\/wp-json\/wp\/v2\/types\/post"}],"author":[{"embeddable":true,"href":"https:\/\/www.funiber.blog\/pt\/wp-json\/wp\/v2\/users\/27"}],"replies":[{"embeddable":true,"href":"https:\/\/www.funiber.blog\/pt\/wp-json\/wp\/v2\/comments?post=24143"}],"version-history":[{"count":2,"href":"https:\/\/www.funiber.blog\/pt\/wp-json\/wp\/v2\/posts\/24143\/revisions"}],"predecessor-version":[{"id":24146,"href":"https:\/\/www.funiber.blog\/pt\/wp-json\/wp\/v2\/posts\/24143\/revisions\/24146"}],"wp:featuredmedia":[{"embeddable":true,"href":"https:\/\/www.funiber.blog\/pt\/wp-json\/wp\/v2\/media\/24144"}],"wp:attachment":[{"href":"https:\/\/www.funiber.blog\/pt\/wp-json\/wp\/v2\/media?parent=24143"}],"wp:term":[{"taxonomy":"category","embeddable":true,"href":"https:\/\/www.funiber.blog\/pt\/wp-json\/wp\/v2\/categories?post=24143"},{"taxonomy":"post_tag","embeddable":true,"href":"https:\/\/www.funiber.blog\/pt\/wp-json\/wp\/v2\/tags?post=24143"}],"curies":[{"name":"wp","href":"https:\/\/api.w.org\/{rel}","templated":true}]}}