{"id":24147,"date":"2021-03-01T07:27:21","date_gmt":"2021-03-01T12:27:21","guid":{"rendered":"https:\/\/blogs.funiber.org\/pt\/?p=24147"},"modified":"2021-02-26T07:34:34","modified_gmt":"2021-02-26T12:34:34","slug":"funiber-consequencias-ruido-oceanos","status":"publish","type":"post","link":"https:\/\/www.funiber.blog\/pt\/meio-ambiente\/2021\/03\/01\/funiber-consequencias-ruido-oceanos","title":{"rendered":"As consequ\u00eancias do ru\u00eddo nos oceanos"},"content":{"rendered":"<h2>O ru\u00eddo produzido pela atividade humana mostrou ter um impacto negativo sobre os oceanos, segundo estudo na <a href=\"https:\/\/science.sciencemag.org\/content\/371\/6529\/eaba4658\" target=\"_blank\" rel=\"noopener noreferrer\">revista Science<\/a>.<\/h2>\n<p>O estudo dessas consequ\u00eancias tem como base a an\u00e1lise de mais de 10.000 artigos sobre o <strong>impacto do ru\u00eddo<\/strong> sobre a ac\u00fastica natural dos oceanos. Isto tem consequ\u00eancias negativas em<strong> todos os n\u00edveis marinhos<\/strong>, desde os grandes mam\u00edferos at\u00e9 as larvas e o zoopl\u00e2ncton que sustentam a vida nos oceanos.<!--more--><\/p>\n<p><strong>Carlos Duarte<\/strong>, bi\u00f3logo marinho da King Abdullah University of Science and Technology (KAUST) e cientista l\u00edder na pesquisa, explica como este problema passa despercebido em compara\u00e7\u00e3o com outros da mesma magnitude. \u201cA import\u00e2ncia da sa\u00fade ac\u00fastica do oceano foi subestimada e n\u00e3o atingiu o n\u00edvel de reconhecimento que outros vetores relacionados ao homem t\u00eam, por exemplo, a pesca predat\u00f3ria\u201d. Da\u00ed a import\u00e2ncia de tratar o problema o mais rapidamente poss\u00edvel antes que seus efeitos se tornem irrevers\u00edveis.<\/p>\n<p>&nbsp;<\/p>\n<p><strong>Mudan\u00e7a clim\u00e1tica, o principal culpado<\/strong><\/p>\n<p>O aquecimento global e suas consequ\u00eancias, como o derretimento do gelo marinho ou o aumento das tempestades e ondas de calor, degradam o ambiente marinho, alterando seu ru\u00eddo natural. Duarte conta como, quando um recife morre devido ao aumento da temperatura, o som do recife que guiava a vida marinha morre com ele, fazendo com que milhares de animais fiquem desorientados e incapazes de encontrar seu lar.<\/p>\n<p>Este <strong>aumento de temperatura<\/strong> tamb\u00e9m faz com que esp\u00e9cies de climas mais temperados cheguem \u00e0s \u00e1guas \u00e1rticas, onde s\u00e3o for\u00e7adas a competir com esp\u00e9cies nativas. \u00c9 o caso das baleias, que migram em busca de alimento e temperaturas mais baixas, deslocando as belugas residentes no \u00c1rtico e \u00e0s vezes causando sua morte.<\/p>\n<p>Al\u00e9m do aquecimento global, o ru\u00eddo \u00e9 um subproduto das<strong> atividades humanas<\/strong>. Tal como o produzido por navega\u00e7\u00e3o, sonar ou explora\u00e7\u00e3o s\u00edsmica de petr\u00f3leo e g\u00e1s. Todos eles modificam o <strong>comportamento natural<\/strong> dos animais marinhos. Alguns s\u00e3o for\u00e7ados a deixar seu habitat de alimenta\u00e7\u00e3o, enquanto outros descobrem que \u00e9 imposs\u00edvel escapar. Isto resulta em uma perda de coes\u00e3o social entre os animais e uma ruptura da cadeia alimentar pr\u00f3pria do oceano.<\/p>\n<p>Em resumo, a perturba\u00e7\u00e3o do ru\u00eddo marinho \u00e9 um problema que n\u00e3o pode mais ser adiado. A esperan\u00e7a est\u00e1 na redu\u00e7\u00e3o e elimina\u00e7\u00e3o parcial do ru\u00eddo antropog\u00eanico, assim como na grande resili\u00eancia dos animais.<\/p>\n<p>A\u00a0<a href=\"http:\/\/www.funiber.org.br\/\" target=\"_blank\" rel=\"noopener noreferrer\">FUNIBER<\/a>\u00a0promove estudos na \u00e1rea ambiental como programas como o\u00a0<a href=\"https:\/\/www.funiber.org.br\/mestrado-em-ciencia-e-tecnologia-marinha\" target=\"_blank\" rel=\"noopener noreferrer\">Mestrado em Ci\u00eancia e Tecnologia Marinha<\/a>, oferecendo bolsas de estudo para uma forma\u00e7\u00e3o de qualidade \u00e0 dist\u00e2ncia.<\/p>\n<p>Fonte: <a href=\"https:\/\/elpais.com\/clima-y-medio-ambiente\/2021-02-05\/el-cambio-climatico-y-el-ruido-ajeno-silencian-los-sonidos-del-mar.html\">El cambio clim\u00e1tico y el ruido ajeno silencian los sonidos del mar<\/a><\/p>\n<p><a href=\"https:\/\/science.sciencemag.org\/content\/371\/6529\/eaba4658\">The soundscape of the Anthropocene ocean<\/a><\/p>\n<p>Foto: Todos os direitos reservados<\/p>\n","protected":false},"excerpt":{"rendered":"<p>O ru\u00eddo produzido pela atividade humana mostrou ter um impacto negativo sobre os oceanos, segundo estudo na revista Science. O estudo dessas consequ\u00eancias tem como base a an\u00e1lise de mais de 10.000 artigos sobre o impacto do ru\u00eddo sobre a ac\u00fastica natural dos oceanos. Isto tem consequ\u00eancias negativas em todos os n\u00edveis marinhos, desde os [&hellip;]<\/p>\n","protected":false},"author":27,"featured_media":24148,"comment_status":"closed","ping_status":"closed","sticky":false,"template":"","format":"standard","meta":{"jetpack_post_was_ever_published":false,"_jetpack_newsletter_access":"","_jetpack_newsletter_tier_id":0,"footnotes":"","jetpack_publicize_message":"","jetpack_is_tweetstorm":false,"jetpack_publicize_feature_enabled":true,"jetpack_social_post_already_shared":true,"jetpack_social_options":{"image_generator_settings":{"template":"highway","enabled":false}}},"categories":[2],"tags":[1242,855,285,408,172,119,835,671,255],"jetpack_publicize_connections":[],"yoast_head":"<!-- This site is optimized with the Yoast SEO plugin v21.7 - https:\/\/yoast.com\/wordpress\/plugins\/seo\/ -->\n<title>As consequ\u00eancias do ru\u00eddo nos oceanos<\/title>\n<meta name=\"description\" content=\"O ru\u00eddo produzido pela atividade humana mostrou ter um impacto negativo sobre os oceanos, segundo estudo na revista Science.\" \/>\n<meta name=\"robots\" content=\"noindex, nofollow\" \/>\n<meta property=\"og:locale\" content=\"pt_BR\" \/>\n<meta property=\"og:type\" content=\"article\" \/>\n<meta property=\"og:title\" content=\"As consequ\u00eancias do ru\u00eddo nos oceanos\" \/>\n<meta property=\"og:description\" content=\"O ru\u00eddo produzido pela atividade humana mostrou ter um impacto negativo sobre os oceanos, segundo estudo na revista Science.\" \/>\n<meta property=\"og:url\" content=\"https:\/\/blogs.funiber.org\/pt\/meio-ambiente\/2021\/03\/01\/funiber-consequencias-ruido-oceanos\" \/>\n<meta property=\"og:site_name\" content=\"FuniBlogs - FUNIBER\" \/>\n<meta property=\"article:publisher\" content=\"https:\/\/www.facebook.com\/funiber\" \/>\n<meta property=\"article:published_time\" content=\"2021-03-01T12:27:21+00:00\" \/>\n<meta property=\"article:modified_time\" content=\"2021-02-26T12:34:34+00:00\" \/>\n<meta property=\"og:image\" content=\"https:\/\/blogs.funiber.org\/pt\/wp-content\/uploads\/2021\/02\/consecuencias.jpg\" \/>\n\t<meta property=\"og:image:width\" content=\"800\" \/>\n\t<meta property=\"og:image:height\" content=\"533\" \/>\n\t<meta property=\"og:image:type\" content=\"image\/jpeg\" \/>\n<meta name=\"author\" content=\"Ruth Congregado\" \/>\n<meta name=\"twitter:card\" content=\"summary_large_image\" \/>\n<meta name=\"twitter:creator\" content=\"@FUNIBER\" \/>\n<meta name=\"twitter:site\" content=\"@FUNIBER\" \/>\n<meta name=\"twitter:label1\" content=\"Escrito por\" \/>\n\t<meta name=\"twitter:data1\" content=\"Ruth Congregado\" \/>\n\t<meta name=\"twitter:label2\" content=\"Est. tempo de leitura\" \/>\n\t<meta name=\"twitter:data2\" content=\"2 minutos\" \/>\n<script type=\"application\/ld+json\" class=\"yoast-schema-graph\">{\"@context\":\"https:\/\/schema.org\",\"@graph\":[{\"@type\":\"Article\",\"@id\":\"https:\/\/blogs.funiber.org\/pt\/meio-ambiente\/2021\/03\/01\/funiber-consequencias-ruido-oceanos#article\",\"isPartOf\":{\"@id\":\"https:\/\/blogs.funiber.org\/pt\/meio-ambiente\/2021\/03\/01\/funiber-consequencias-ruido-oceanos\"},\"author\":{\"name\":\"Ruth Congregado\",\"@id\":\"https:\/\/blogs.funiber.org\/pt\/#\/schema\/person\/d1f71292335f509051d4b7c96f3a388a\"},\"headline\":\"As consequ\u00eancias do ru\u00eddo nos oceanos\",\"datePublished\":\"2021-03-01T12:27:21+00:00\",\"dateModified\":\"2021-02-26T12:34:34+00:00\",\"mainEntityOfPage\":{\"@id\":\"https:\/\/blogs.funiber.org\/pt\/meio-ambiente\/2021\/03\/01\/funiber-consequencias-ruido-oceanos\"},\"wordCount\":487,\"publisher\":{\"@id\":\"https:\/\/blogs.funiber.org\/pt\/#organization\"},\"keywords\":[\"Bolsas\",\"Doutorado\",\"Educa\u00e7\u00e3o\",\"Educa\u00e7\u00e3o a Dist\u00e2ncia\",\"Empresas\",\"Estudos\",\"Meio Ambiente\",\"mestrado\",\"Opini\u00f5es Funiber\"],\"articleSection\":[\"Meio Ambiente\"],\"inLanguage\":\"pt-BR\"},{\"@type\":\"WebPage\",\"@id\":\"https:\/\/blogs.funiber.org\/pt\/meio-ambiente\/2021\/03\/01\/funiber-consequencias-ruido-oceanos\",\"url\":\"https:\/\/blogs.funiber.org\/pt\/meio-ambiente\/2021\/03\/01\/funiber-consequencias-ruido-oceanos\",\"name\":\"As consequ\u00eancias do ru\u00eddo nos oceanos\",\"isPartOf\":{\"@id\":\"https:\/\/blogs.funiber.org\/pt\/#website\"},\"datePublished\":\"2021-03-01T12:27:21+00:00\",\"dateModified\":\"2021-02-26T12:34:34+00:00\",\"description\":\"O ru\u00eddo produzido pela atividade humana mostrou ter um impacto negativo sobre os oceanos, segundo estudo na revista Science.\",\"breadcrumb\":{\"@id\":\"https:\/\/blogs.funiber.org\/pt\/meio-ambiente\/2021\/03\/01\/funiber-consequencias-ruido-oceanos#breadcrumb\"},\"inLanguage\":\"pt-BR\",\"potentialAction\":[{\"@type\":\"ReadAction\",\"target\":[\"https:\/\/blogs.funiber.org\/pt\/meio-ambiente\/2021\/03\/01\/funiber-consequencias-ruido-oceanos\"]}]},{\"@type\":\"BreadcrumbList\",\"@id\":\"https:\/\/blogs.funiber.org\/pt\/meio-ambiente\/2021\/03\/01\/funiber-consequencias-ruido-oceanos#breadcrumb\",\"itemListElement\":[{\"@type\":\"ListItem\",\"position\":1,\"name\":\"In\u00edcio\",\"item\":\"https:\/\/blogs.funiber.org\/pt\"},{\"@type\":\"ListItem\",\"position\":2,\"name\":\"As consequ\u00eancias do ru\u00eddo nos oceanos\"}]},{\"@type\":\"WebSite\",\"@id\":\"https:\/\/blogs.funiber.org\/pt\/#website\",\"url\":\"https:\/\/blogs.funiber.org\/pt\/\",\"name\":\"FuniBlogs - FUNIBER\",\"description\":\"\",\"publisher\":{\"@id\":\"https:\/\/blogs.funiber.org\/pt\/#organization\"},\"potentialAction\":[{\"@type\":\"SearchAction\",\"target\":{\"@type\":\"EntryPoint\",\"urlTemplate\":\"https:\/\/blogs.funiber.org\/pt\/?s={search_term_string}\"},\"query-input\":\"required name=search_term_string\"}],\"inLanguage\":\"pt-BR\"},{\"@type\":\"Organization\",\"@id\":\"https:\/\/blogs.funiber.org\/pt\/#organization\",\"name\":\"FuniBlogs - FUNIBER\",\"url\":\"https:\/\/blogs.funiber.org\/pt\/\",\"logo\":{\"@type\":\"ImageObject\",\"inLanguage\":\"pt-BR\",\"@id\":\"https:\/\/blogs.funiber.org\/pt\/#\/schema\/logo\/image\/\",\"url\":\"https:\/\/www.funiber.blog\/pt\/wp-content\/uploads\/2022\/02\/logo-funiber-pt-br-v-dos.svg\",\"contentUrl\":\"https:\/\/www.funiber.blog\/pt\/wp-content\/uploads\/2022\/02\/logo-funiber-pt-br-v-dos.svg\",\"width\":1,\"height\":1,\"caption\":\"FuniBlogs - FUNIBER\"},\"image\":{\"@id\":\"https:\/\/blogs.funiber.org\/pt\/#\/schema\/logo\/image\/\"},\"sameAs\":[\"https:\/\/www.facebook.com\/funiber\",\"https:\/\/twitter.com\/FUNIBER\",\"https:\/\/www.instagram.com\/funiber_becas\",\"https:\/\/www.youtube.com\/user\/funiber\",\"https:\/\/www.linkedin.com\/company\/funiber\"]},{\"@type\":\"Person\",\"@id\":\"https:\/\/blogs.funiber.org\/pt\/#\/schema\/person\/d1f71292335f509051d4b7c96f3a388a\",\"name\":\"Ruth Congregado\",\"image\":{\"@type\":\"ImageObject\",\"inLanguage\":\"pt-BR\",\"@id\":\"https:\/\/blogs.funiber.org\/pt\/#\/schema\/person\/image\/\",\"url\":\"https:\/\/secure.gravatar.com\/avatar\/ad1938e89a5f73dc96b83b7d1960a1a1?s=96&d=mm&r=g\",\"contentUrl\":\"https:\/\/secure.gravatar.com\/avatar\/ad1938e89a5f73dc96b83b7d1960a1a1?s=96&d=mm&r=g\",\"caption\":\"Ruth Congregado\"},\"url\":\"https:\/\/www.funiber.blog\/pt\/author\/ruth-congregado\"}]}<\/script>\n<!-- \/ Yoast SEO plugin. -->","yoast_head_json":{"title":"As consequ\u00eancias do ru\u00eddo nos oceanos","description":"O ru\u00eddo produzido pela atividade humana mostrou ter um impacto negativo sobre os oceanos, segundo estudo na revista Science.","robots":{"index":"noindex","follow":"nofollow"},"og_locale":"pt_BR","og_type":"article","og_title":"As consequ\u00eancias do ru\u00eddo nos oceanos","og_description":"O ru\u00eddo produzido pela atividade humana mostrou ter um impacto negativo sobre os oceanos, segundo estudo na revista Science.","og_url":"https:\/\/blogs.funiber.org\/pt\/meio-ambiente\/2021\/03\/01\/funiber-consequencias-ruido-oceanos","og_site_name":"FuniBlogs - FUNIBER","article_publisher":"https:\/\/www.facebook.com\/funiber","article_published_time":"2021-03-01T12:27:21+00:00","article_modified_time":"2021-02-26T12:34:34+00:00","og_image":[{"width":800,"height":533,"url":"https:\/\/blogs.funiber.org\/pt\/wp-content\/uploads\/2021\/02\/consecuencias.jpg","type":"image\/jpeg"}],"author":"Ruth Congregado","twitter_card":"summary_large_image","twitter_creator":"@FUNIBER","twitter_site":"@FUNIBER","twitter_misc":{"Escrito por":"Ruth Congregado","Est. tempo de leitura":"2 minutos"},"schema":{"@context":"https:\/\/schema.org","@graph":[{"@type":"Article","@id":"https:\/\/blogs.funiber.org\/pt\/meio-ambiente\/2021\/03\/01\/funiber-consequencias-ruido-oceanos#article","isPartOf":{"@id":"https:\/\/blogs.funiber.org\/pt\/meio-ambiente\/2021\/03\/01\/funiber-consequencias-ruido-oceanos"},"author":{"name":"Ruth Congregado","@id":"https:\/\/blogs.funiber.org\/pt\/#\/schema\/person\/d1f71292335f509051d4b7c96f3a388a"},"headline":"As consequ\u00eancias do ru\u00eddo nos oceanos","datePublished":"2021-03-01T12:27:21+00:00","dateModified":"2021-02-26T12:34:34+00:00","mainEntityOfPage":{"@id":"https:\/\/blogs.funiber.org\/pt\/meio-ambiente\/2021\/03\/01\/funiber-consequencias-ruido-oceanos"},"wordCount":487,"publisher":{"@id":"https:\/\/blogs.funiber.org\/pt\/#organization"},"keywords":["Bolsas","Doutorado","Educa\u00e7\u00e3o","Educa\u00e7\u00e3o a Dist\u00e2ncia","Empresas","Estudos","Meio Ambiente","mestrado","Opini\u00f5es Funiber"],"articleSection":["Meio Ambiente"],"inLanguage":"pt-BR"},{"@type":"WebPage","@id":"https:\/\/blogs.funiber.org\/pt\/meio-ambiente\/2021\/03\/01\/funiber-consequencias-ruido-oceanos","url":"https:\/\/blogs.funiber.org\/pt\/meio-ambiente\/2021\/03\/01\/funiber-consequencias-ruido-oceanos","name":"As consequ\u00eancias do ru\u00eddo nos oceanos","isPartOf":{"@id":"https:\/\/blogs.funiber.org\/pt\/#website"},"datePublished":"2021-03-01T12:27:21+00:00","dateModified":"2021-02-26T12:34:34+00:00","description":"O ru\u00eddo produzido pela atividade humana mostrou ter um impacto negativo sobre os oceanos, segundo estudo na revista Science.","breadcrumb":{"@id":"https:\/\/blogs.funiber.org\/pt\/meio-ambiente\/2021\/03\/01\/funiber-consequencias-ruido-oceanos#breadcrumb"},"inLanguage":"pt-BR","potentialAction":[{"@type":"ReadAction","target":["https:\/\/blogs.funiber.org\/pt\/meio-ambiente\/2021\/03\/01\/funiber-consequencias-ruido-oceanos"]}]},{"@type":"BreadcrumbList","@id":"https:\/\/blogs.funiber.org\/pt\/meio-ambiente\/2021\/03\/01\/funiber-consequencias-ruido-oceanos#breadcrumb","itemListElement":[{"@type":"ListItem","position":1,"name":"In\u00edcio","item":"https:\/\/blogs.funiber.org\/pt"},{"@type":"ListItem","position":2,"name":"As consequ\u00eancias do ru\u00eddo nos oceanos"}]},{"@type":"WebSite","@id":"https:\/\/blogs.funiber.org\/pt\/#website","url":"https:\/\/blogs.funiber.org\/pt\/","name":"FuniBlogs - FUNIBER","description":"","publisher":{"@id":"https:\/\/blogs.funiber.org\/pt\/#organization"},"potentialAction":[{"@type":"SearchAction","target":{"@type":"EntryPoint","urlTemplate":"https:\/\/blogs.funiber.org\/pt\/?s={search_term_string}"},"query-input":"required name=search_term_string"}],"inLanguage":"pt-BR"},{"@type":"Organization","@id":"https:\/\/blogs.funiber.org\/pt\/#organization","name":"FuniBlogs - FUNIBER","url":"https:\/\/blogs.funiber.org\/pt\/","logo":{"@type":"ImageObject","inLanguage":"pt-BR","@id":"https:\/\/blogs.funiber.org\/pt\/#\/schema\/logo\/image\/","url":"https:\/\/www.funiber.blog\/pt\/wp-content\/uploads\/2022\/02\/logo-funiber-pt-br-v-dos.svg","contentUrl":"https:\/\/www.funiber.blog\/pt\/wp-content\/uploads\/2022\/02\/logo-funiber-pt-br-v-dos.svg","width":1,"height":1,"caption":"FuniBlogs - FUNIBER"},"image":{"@id":"https:\/\/blogs.funiber.org\/pt\/#\/schema\/logo\/image\/"},"sameAs":["https:\/\/www.facebook.com\/funiber","https:\/\/twitter.com\/FUNIBER","https:\/\/www.instagram.com\/funiber_becas","https:\/\/www.youtube.com\/user\/funiber","https:\/\/www.linkedin.com\/company\/funiber"]},{"@type":"Person","@id":"https:\/\/blogs.funiber.org\/pt\/#\/schema\/person\/d1f71292335f509051d4b7c96f3a388a","name":"Ruth Congregado","image":{"@type":"ImageObject","inLanguage":"pt-BR","@id":"https:\/\/blogs.funiber.org\/pt\/#\/schema\/person\/image\/","url":"https:\/\/secure.gravatar.com\/avatar\/ad1938e89a5f73dc96b83b7d1960a1a1?s=96&d=mm&r=g","contentUrl":"https:\/\/secure.gravatar.com\/avatar\/ad1938e89a5f73dc96b83b7d1960a1a1?s=96&d=mm&r=g","caption":"Ruth Congregado"},"url":"https:\/\/www.funiber.blog\/pt\/author\/ruth-congregado"}]}},"jetpack_featured_media_url":"https:\/\/www.funiber.blog\/pt\/wp-content\/uploads\/2021\/02\/consecuencias.jpg","jetpack_shortlink":"https:\/\/wp.me\/p7ee1t-6ht","jetpack_sharing_enabled":true,"_links":{"self":[{"href":"https:\/\/www.funiber.blog\/pt\/wp-json\/wp\/v2\/posts\/24147"}],"collection":[{"href":"https:\/\/www.funiber.blog\/pt\/wp-json\/wp\/v2\/posts"}],"about":[{"href":"https:\/\/www.funiber.blog\/pt\/wp-json\/wp\/v2\/types\/post"}],"author":[{"embeddable":true,"href":"https:\/\/www.funiber.blog\/pt\/wp-json\/wp\/v2\/users\/27"}],"replies":[{"embeddable":true,"href":"https:\/\/www.funiber.blog\/pt\/wp-json\/wp\/v2\/comments?post=24147"}],"version-history":[{"count":2,"href":"https:\/\/www.funiber.blog\/pt\/wp-json\/wp\/v2\/posts\/24147\/revisions"}],"predecessor-version":[{"id":24150,"href":"https:\/\/www.funiber.blog\/pt\/wp-json\/wp\/v2\/posts\/24147\/revisions\/24150"}],"wp:featuredmedia":[{"embeddable":true,"href":"https:\/\/www.funiber.blog\/pt\/wp-json\/wp\/v2\/media\/24148"}],"wp:attachment":[{"href":"https:\/\/www.funiber.blog\/pt\/wp-json\/wp\/v2\/media?parent=24147"}],"wp:term":[{"taxonomy":"category","embeddable":true,"href":"https:\/\/www.funiber.blog\/pt\/wp-json\/wp\/v2\/categories?post=24147"},{"taxonomy":"post_tag","embeddable":true,"href":"https:\/\/www.funiber.blog\/pt\/wp-json\/wp\/v2\/tags?post=24147"}],"curies":[{"name":"wp","href":"https:\/\/api.w.org\/{rel}","templated":true}]}}