{"id":24573,"date":"2021-06-05T06:55:04","date_gmt":"2021-06-05T11:55:04","guid":{"rendered":"https:\/\/blogs.funiber.org\/pt\/?p=24573"},"modified":"2021-06-04T07:09:38","modified_gmt":"2021-06-04T12:09:38","slug":"funiber-crimes-ambientais","status":"publish","type":"post","link":"https:\/\/www.funiber.blog\/pt\/meio-ambiente\/2021\/06\/05\/funiber-crimes-ambientais","title":{"rendered":"Que crimes ambientais existem?"},"content":{"rendered":"<h2><b>A confedera\u00e7\u00e3o <\/b><a href=\"https:\/\/www.ecologistasenaccion.org\" target=\"_blank\" rel=\"noopener noreferrer\"><b>Ecologistas em A\u00e7\u00e3o<\/b><\/a><b> atualizou o guia pr\u00e1tico \u201cCrimes contra o meio ambiente\u201d publicado em 1996.<\/b><\/h2>\n<p><span style=\"font-weight: 400;\">H\u00e1 25 anos, a publica\u00e7\u00e3o deste documento foi de grande ajuda para ativistas e advogados, a fim de apresentar queixas a entidades reguladoras e tribunais.\u00a0<\/span><!--more--><\/p>\n<p><span style=\"font-weight: 400;\">A atualiza\u00e7\u00e3o deste <\/span><b>Guia<\/b><span style=\"font-weight: 400;\"> deve-se, de acordo com a declara\u00e7\u00e3o emitida pela confedera\u00e7\u00e3o, \u00e0 <\/span><b>mudan\u00e7a na jurisprud\u00eancia e nos instrumentos legais que foram promulgados ao longo dos anos, o que levou a uma maior consci\u00eancia ambiental e jur\u00eddica, refletida pelo aumento do n\u00famero de profissionais de direito ambiental nos anos<\/b><span style=\"font-weight: 400;\">.<\/span><\/p>\n<p><span style=\"font-weight: 400;\">Entretanto, outras a\u00e7\u00f5es continuam a ser realizadas sem nenhum dano. \u201c<\/span><span style=\"font-weight: 400;\">Por exemplo, a <\/span><b>persist\u00eancia de numerosas agress\u00f5es graves e ilegais contra os recursos naturais e o ambiente,<\/b> <span style=\"font-weight: 400;\">resultado de um sistema econ\u00f4mico extrativista, predat\u00f3rio e poluente, que est\u00e1 nos levando a uma perigosa crise ecol\u00f3gica e clim\u00e1tica\u201d, denuncia a organiza\u00e7\u00e3o.<\/span><\/p>\n<p><span style=\"font-weight: 400;\">Ecologistas em A\u00e7\u00e3o tamb\u00e9m critica o papel das administra\u00e7\u00f5es por n\u00e3o cumprirem seu papel na prote\u00e7\u00e3o do meio ambiente.\u00a0<\/span><\/p>\n<p><span style=\"font-weight: 400;\">O documento classifica os crimes ambientais nos seguintes grupos, conforme definido no C\u00f3digo Penal espanhol:\u00a0<\/span><\/p>\n<ul>\n<li style=\"font-weight: 400;\" aria-level=\"1\"><b>Delitos sobre a ordena\u00e7\u00e3o do territ\u00f3rio ou de \u201cplanejamento urbano\u201d:<\/b><span style=\"font-weight: 400;\"> a puni\u00e7\u00e3o destes delitos \u201cse justifica pela prote\u00e7\u00e3o de um direito legal como o uso racional da terra e, num sentido mais amplo, a qualidade de vida e a conserva\u00e7\u00e3o dos recursos naturais\u201d, aponta a organiza\u00e7\u00e3o.\u00a0<\/span><\/li>\n<li style=\"font-weight: 400;\" aria-level=\"1\"><b>Crimes contra os recursos naturais e o meio ambiente<\/b><span style=\"font-weight: 400;\">: este grupo inclui a\u00e7\u00f5es que direta ou indiretamente causam ou realizam emiss\u00f5es, descargas, extra\u00e7\u00f5es, escava\u00e7\u00f5es, ru\u00eddos, vibra\u00e7\u00f5es ou capta\u00e7\u00e3o de \u00e1gua, entre outros.\u00a0<\/span><\/li>\n<li style=\"font-weight: 400;\" aria-level=\"1\"><b>Delitos relacionados \u00e0 prote\u00e7\u00e3o da flora, fauna e animais dom\u00e9sticos<\/b><span style=\"font-weight: 400;\">: a introdu\u00e7\u00e3o de esp\u00e9cies ex\u00f3ticas invasoras, a ca\u00e7a e o tr\u00e1fico de fauna protegida, a ca\u00e7a furtiva e o uso de meios destrutivos e n\u00e3o seletivos de ca\u00e7a e pesca s\u00e3o alguns dos crimes definidos. Nesta nova atualiza\u00e7\u00e3o, foi incorporada a prote\u00e7\u00e3o criminal dos animais dom\u00e9sticos.\u00a0<\/span><\/li>\n<li style=\"font-weight: 400;\" aria-level=\"1\"><b>Delitos relacionados \u00e0 energia nuclear e radia\u00e7\u00e3o ionizante<\/b><span style=\"font-weight: 400;\">: posse ou tr\u00e1fico de materiais radioativos e exposi\u00e7\u00e3o do p\u00fablico a tais radia\u00e7\u00f5es est\u00e3o entre os delitos atualmente tipificados.\u00a0<\/span><\/li>\n<li style=\"font-weight: 400;\" aria-level=\"1\"><b>Delitos de inc\u00eandios florestais<\/b><span style=\"font-weight: 400;\">: este grupo inclui delitos com diferentes escalas de gravidade, dependendo se tratar de um inc\u00eandio de grandes dimens\u00f5es ou uma tentativa de inc\u00eandio.\u00a0<\/span><\/li>\n<\/ul>\n<p><span style=\"font-weight: 400;\">Para estas a\u00e7\u00f5es contra os recursos naturais, <\/span><b>existem diferentes penas de pris\u00e3o e suspens\u00e3o de direitos, assim como aplica\u00e7\u00e3o de multas<\/b><span style=\"font-weight: 400;\">. As penalidades podem ser agravadas de acordo com a gravidade dos efeitos que possam ter.\u00a0<\/span><\/p>\n<p><span style=\"font-weight: 400;\">Embora o <\/span><b>Guia<\/b><span style=\"font-weight: 400;\"> se concentre exclusivamente no territ\u00f3rio espanhol, as a\u00e7\u00f5es e medidas sancionat\u00f3rias nele descritas podem ser extrapoladas para qualquer regi\u00e3o.\u00a0<\/span><\/p>\n<p><span style=\"font-weight: 400;\">Finalmente, o Guia inclui em um anexo final um formul\u00e1rio com instru\u00e7\u00f5es sobre como denunciar este tipo de crime ambiental a diferentes \u00f3rg\u00e3os e institui\u00e7\u00f5es.<\/span><\/p>\n<p><span style=\"font-weight: 400;\">O coordenador da <\/span><a href=\"https:\/\/www.funiber.org.br\/mestrados-meio-ambiente\"><span style=\"font-weight: 400;\">\u00e1rea ambiental<\/span><\/a><span style=\"font-weight: 400;\"> da FUNIBER, Eduardo Garc\u00eda, indica que este guia \u201c\u00e9 uma excelente ferramenta, n\u00e3o apenas para distinguir entre crimes ecol\u00f3gicos tipificados, mas tamb\u00e9m para conhecer um pouco melhor a regulamenta\u00e7\u00e3o ambiental, na qual est\u00e1 subjacente o princ\u00edpio do \u2018poluidor-pagador\u2019, como elemento dissuasivo para evitar cometer este tipo de crimes em n\u00edvel local\u201d.\u00a0<\/span><\/p>\n<p><span style=\"font-weight: 400;\">O professor tamb\u00e9m enfatiza o importante papel das administra\u00e7\u00f5es \u201cpara garantir a salvaguarda do meio ambiente e para fazer cumprir as regulamenta\u00e7\u00f5es ambientais abundantes, mas dispersas, que existem atualmente\u201d.<\/span><\/p>\n<p><span style=\"font-weight: 400;\">Todos os profissionais que desejam ampliar sua forma\u00e7\u00e3o na \u00e1rea ambiental poder\u00e3o alcan\u00e7ar seu objetivo com os programas universit\u00e1rios patrocinados pela <\/span><a href=\"https:\/\/www.funiber.org.br\"><span style=\"font-weight: 400;\">FUNIBER<\/span><\/a><span style=\"font-weight: 400;\">. Um dos cursos oferecidos \u00e9 o <\/span><a href=\"https:\/\/www.funiber.org.br\/mestrado-em-projetos-gestao-ambiental\"><span style=\"font-weight: 400;\">Mestrado em Projetos de Gest\u00e3o Ambiental<\/span><\/a><span style=\"font-weight: 400;\">.\u00a0<\/span><\/p>\n<p><span style=\"font-weight: 400;\">Fonte: <\/span><a href=\"https:\/\/www.ecologistasenaccion.org\/8218\/guia-de-delitos-ecologicos\/\" target=\"_blank\" rel=\"noopener noreferrer\"><span style=\"font-weight: 400;\">Gu\u00eda de delitos ecol\u00f3gicos<\/span><\/a><\/p>\n<p><span style=\"font-weight: 400;\">Foto: Todos os direitos reservados.\u00a0 <\/span><\/p>\n","protected":false},"excerpt":{"rendered":"<p>A confedera\u00e7\u00e3o Ecologistas em A\u00e7\u00e3o atualizou o guia pr\u00e1tico \u201cCrimes contra o meio ambiente\u201d publicado em 1996. H\u00e1 25 anos, a publica\u00e7\u00e3o deste documento foi de grande ajuda para ativistas e advogados, a fim de apresentar queixas a entidades reguladoras e tribunais.\u00a0<\/p>\n","protected":false},"author":10,"featured_media":24574,"comment_status":"closed","ping_status":"closed","sticky":false,"template":"","format":"standard","meta":{"jetpack_post_was_ever_published":false,"_jetpack_newsletter_access":"","_jetpack_newsletter_tier_id":0,"footnotes":"","jetpack_publicize_message":"","jetpack_is_tweetstorm":false,"jetpack_publicize_feature_enabled":true,"jetpack_social_post_already_shared":true,"jetpack_social_options":{"image_generator_settings":{"template":"highway","enabled":false}}},"categories":[2],"tags":[1242,213,3247,7196,7198,2967,855,7197,285,119,248,911,1644,835,671,641,255,327,2793,2482,7199],"jetpack_publicize_connections":[],"yoast_head":"<!-- This site is optimized with the Yoast SEO plugin v21.7 - https:\/\/yoast.com\/wordpress\/plugins\/seo\/ -->\n<title>Que crimes ambientais existem?<\/title>\n<meta name=\"description\" content=\"A confedera\u00e7\u00e3o Ecologistas em A\u00e7\u00e3o atualizou o guia pr\u00e1tico \u201cCrimes contra o meio ambiente\u201d publicado em 1996.\" \/>\n<meta name=\"robots\" content=\"noindex, nofollow\" \/>\n<meta property=\"og:locale\" content=\"pt_BR\" \/>\n<meta property=\"og:type\" content=\"article\" \/>\n<meta property=\"og:title\" content=\"Que crimes ambientais existem?\" \/>\n<meta property=\"og:description\" content=\"A confedera\u00e7\u00e3o Ecologistas em A\u00e7\u00e3o atualizou o guia pr\u00e1tico \u201cCrimes contra o meio ambiente\u201d publicado em 1996.\" \/>\n<meta property=\"og:url\" content=\"https:\/\/blogs.funiber.org\/pt\/meio-ambiente\/2021\/06\/05\/funiber-crimes-ambientais\" \/>\n<meta property=\"og:site_name\" content=\"FuniBlogs - FUNIBER\" \/>\n<meta property=\"article:publisher\" content=\"https:\/\/www.facebook.com\/funiber\" \/>\n<meta property=\"article:published_time\" content=\"2021-06-05T11:55:04+00:00\" \/>\n<meta property=\"article:modified_time\" content=\"2021-06-04T12:09:38+00:00\" \/>\n<meta property=\"og:image\" content=\"https:\/\/blogs.funiber.org\/pt\/wp-content\/uploads\/2021\/06\/funiber-delitos-ambientais.jpg\" \/>\n\t<meta property=\"og:image:width\" content=\"570\" \/>\n\t<meta property=\"og:image:height\" content=\"350\" \/>\n\t<meta property=\"og:image:type\" content=\"image\/jpeg\" \/>\n<meta name=\"author\" content=\"Michelle\" \/>\n<meta name=\"twitter:card\" content=\"summary_large_image\" \/>\n<meta name=\"twitter:creator\" content=\"@FUNIBER\" \/>\n<meta name=\"twitter:site\" content=\"@FUNIBER\" \/>\n<meta name=\"twitter:label1\" content=\"Escrito por\" \/>\n\t<meta name=\"twitter:data1\" content=\"Michelle\" \/>\n\t<meta name=\"twitter:label2\" content=\"Est. tempo de leitura\" \/>\n\t<meta name=\"twitter:data2\" content=\"3 minutos\" \/>\n<script type=\"application\/ld+json\" class=\"yoast-schema-graph\">{\"@context\":\"https:\/\/schema.org\",\"@graph\":[{\"@type\":\"Article\",\"@id\":\"https:\/\/blogs.funiber.org\/pt\/meio-ambiente\/2021\/06\/05\/funiber-crimes-ambientais#article\",\"isPartOf\":{\"@id\":\"https:\/\/blogs.funiber.org\/pt\/meio-ambiente\/2021\/06\/05\/funiber-crimes-ambientais\"},\"author\":{\"name\":\"Michelle\",\"@id\":\"https:\/\/blogs.funiber.org\/pt\/#\/schema\/person\/a1eaaa5e57eac866a8c5946946bcf80d\"},\"headline\":\"Que crimes ambientais existem?\",\"datePublished\":\"2021-06-05T11:55:04+00:00\",\"dateModified\":\"2021-06-04T12:09:38+00:00\",\"mainEntityOfPage\":{\"@id\":\"https:\/\/blogs.funiber.org\/pt\/meio-ambiente\/2021\/06\/05\/funiber-crimes-ambientais\"},\"wordCount\":665,\"publisher\":{\"@id\":\"https:\/\/blogs.funiber.org\/pt\/#organization\"},\"keywords\":[\"Bolsas\",\"Conserva\u00e7\u00e3o\",\"crime\",\"crimes ambientais\",\"delitos\",\"Direito Ambiental\",\"Doutorado\",\"ecologista\",\"Educa\u00e7\u00e3o\",\"Estudos\",\"Funiber\",\"FUNIBER Opini\u00f5es\",\"Inc\u00eandios\",\"Meio Ambiente\",\"mestrado\",\"Opini\u00e3o FUNIBER\",\"Opini\u00f5es Funiber\",\"Prote\u00e7\u00e3o\",\"Queimadas\",\"Recursos Naturais\",\"uso da terra\"],\"articleSection\":[\"Meio Ambiente\"],\"inLanguage\":\"pt-BR\"},{\"@type\":\"WebPage\",\"@id\":\"https:\/\/blogs.funiber.org\/pt\/meio-ambiente\/2021\/06\/05\/funiber-crimes-ambientais\",\"url\":\"https:\/\/blogs.funiber.org\/pt\/meio-ambiente\/2021\/06\/05\/funiber-crimes-ambientais\",\"name\":\"Que crimes ambientais existem?\",\"isPartOf\":{\"@id\":\"https:\/\/blogs.funiber.org\/pt\/#website\"},\"datePublished\":\"2021-06-05T11:55:04+00:00\",\"dateModified\":\"2021-06-04T12:09:38+00:00\",\"description\":\"A confedera\u00e7\u00e3o Ecologistas em A\u00e7\u00e3o atualizou o guia pr\u00e1tico \u201cCrimes contra o meio ambiente\u201d publicado em 1996.\",\"breadcrumb\":{\"@id\":\"https:\/\/blogs.funiber.org\/pt\/meio-ambiente\/2021\/06\/05\/funiber-crimes-ambientais#breadcrumb\"},\"inLanguage\":\"pt-BR\",\"potentialAction\":[{\"@type\":\"ReadAction\",\"target\":[\"https:\/\/blogs.funiber.org\/pt\/meio-ambiente\/2021\/06\/05\/funiber-crimes-ambientais\"]}]},{\"@type\":\"BreadcrumbList\",\"@id\":\"https:\/\/blogs.funiber.org\/pt\/meio-ambiente\/2021\/06\/05\/funiber-crimes-ambientais#breadcrumb\",\"itemListElement\":[{\"@type\":\"ListItem\",\"position\":1,\"name\":\"In\u00edcio\",\"item\":\"https:\/\/blogs.funiber.org\/pt\"},{\"@type\":\"ListItem\",\"position\":2,\"name\":\"Que crimes ambientais existem?\"}]},{\"@type\":\"WebSite\",\"@id\":\"https:\/\/blogs.funiber.org\/pt\/#website\",\"url\":\"https:\/\/blogs.funiber.org\/pt\/\",\"name\":\"FuniBlogs - FUNIBER\",\"description\":\"\",\"publisher\":{\"@id\":\"https:\/\/blogs.funiber.org\/pt\/#organization\"},\"potentialAction\":[{\"@type\":\"SearchAction\",\"target\":{\"@type\":\"EntryPoint\",\"urlTemplate\":\"https:\/\/blogs.funiber.org\/pt\/?s={search_term_string}\"},\"query-input\":\"required name=search_term_string\"}],\"inLanguage\":\"pt-BR\"},{\"@type\":\"Organization\",\"@id\":\"https:\/\/blogs.funiber.org\/pt\/#organization\",\"name\":\"FuniBlogs - FUNIBER\",\"url\":\"https:\/\/blogs.funiber.org\/pt\/\",\"logo\":{\"@type\":\"ImageObject\",\"inLanguage\":\"pt-BR\",\"@id\":\"https:\/\/blogs.funiber.org\/pt\/#\/schema\/logo\/image\/\",\"url\":\"https:\/\/www.funiber.blog\/pt\/wp-content\/uploads\/2022\/02\/logo-funiber-pt-br-v-dos.svg\",\"contentUrl\":\"https:\/\/www.funiber.blog\/pt\/wp-content\/uploads\/2022\/02\/logo-funiber-pt-br-v-dos.svg\",\"width\":1,\"height\":1,\"caption\":\"FuniBlogs - FUNIBER\"},\"image\":{\"@id\":\"https:\/\/blogs.funiber.org\/pt\/#\/schema\/logo\/image\/\"},\"sameAs\":[\"https:\/\/www.facebook.com\/funiber\",\"https:\/\/twitter.com\/FUNIBER\",\"https:\/\/www.instagram.com\/funiber_becas\",\"https:\/\/www.youtube.com\/user\/funiber\",\"https:\/\/www.linkedin.com\/company\/funiber\"]},{\"@type\":\"Person\",\"@id\":\"https:\/\/blogs.funiber.org\/pt\/#\/schema\/person\/a1eaaa5e57eac866a8c5946946bcf80d\",\"name\":\"Michelle\",\"image\":{\"@type\":\"ImageObject\",\"inLanguage\":\"pt-BR\",\"@id\":\"https:\/\/blogs.funiber.org\/pt\/#\/schema\/person\/image\/\",\"url\":\"https:\/\/secure.gravatar.com\/avatar\/5e87041f7609dc50493cf216754fece1?s=96&d=mm&r=g\",\"contentUrl\":\"https:\/\/secure.gravatar.com\/avatar\/5e87041f7609dc50493cf216754fece1?s=96&d=mm&r=g\",\"caption\":\"Michelle\"},\"url\":\"https:\/\/www.funiber.blog\/pt\/author\/michelle-moreira\"}]}<\/script>\n<!-- \/ Yoast SEO plugin. -->","yoast_head_json":{"title":"Que crimes ambientais existem?","description":"A confedera\u00e7\u00e3o Ecologistas em A\u00e7\u00e3o atualizou o guia pr\u00e1tico \u201cCrimes contra o meio ambiente\u201d publicado em 1996.","robots":{"index":"noindex","follow":"nofollow"},"og_locale":"pt_BR","og_type":"article","og_title":"Que crimes ambientais existem?","og_description":"A confedera\u00e7\u00e3o Ecologistas em A\u00e7\u00e3o atualizou o guia pr\u00e1tico \u201cCrimes contra o meio ambiente\u201d publicado em 1996.","og_url":"https:\/\/blogs.funiber.org\/pt\/meio-ambiente\/2021\/06\/05\/funiber-crimes-ambientais","og_site_name":"FuniBlogs - FUNIBER","article_publisher":"https:\/\/www.facebook.com\/funiber","article_published_time":"2021-06-05T11:55:04+00:00","article_modified_time":"2021-06-04T12:09:38+00:00","og_image":[{"width":570,"height":350,"url":"https:\/\/blogs.funiber.org\/pt\/wp-content\/uploads\/2021\/06\/funiber-delitos-ambientais.jpg","type":"image\/jpeg"}],"author":"Michelle","twitter_card":"summary_large_image","twitter_creator":"@FUNIBER","twitter_site":"@FUNIBER","twitter_misc":{"Escrito por":"Michelle","Est. tempo de leitura":"3 minutos"},"schema":{"@context":"https:\/\/schema.org","@graph":[{"@type":"Article","@id":"https:\/\/blogs.funiber.org\/pt\/meio-ambiente\/2021\/06\/05\/funiber-crimes-ambientais#article","isPartOf":{"@id":"https:\/\/blogs.funiber.org\/pt\/meio-ambiente\/2021\/06\/05\/funiber-crimes-ambientais"},"author":{"name":"Michelle","@id":"https:\/\/blogs.funiber.org\/pt\/#\/schema\/person\/a1eaaa5e57eac866a8c5946946bcf80d"},"headline":"Que crimes ambientais existem?","datePublished":"2021-06-05T11:55:04+00:00","dateModified":"2021-06-04T12:09:38+00:00","mainEntityOfPage":{"@id":"https:\/\/blogs.funiber.org\/pt\/meio-ambiente\/2021\/06\/05\/funiber-crimes-ambientais"},"wordCount":665,"publisher":{"@id":"https:\/\/blogs.funiber.org\/pt\/#organization"},"keywords":["Bolsas","Conserva\u00e7\u00e3o","crime","crimes ambientais","delitos","Direito Ambiental","Doutorado","ecologista","Educa\u00e7\u00e3o","Estudos","Funiber","FUNIBER Opini\u00f5es","Inc\u00eandios","Meio Ambiente","mestrado","Opini\u00e3o FUNIBER","Opini\u00f5es Funiber","Prote\u00e7\u00e3o","Queimadas","Recursos Naturais","uso da terra"],"articleSection":["Meio Ambiente"],"inLanguage":"pt-BR"},{"@type":"WebPage","@id":"https:\/\/blogs.funiber.org\/pt\/meio-ambiente\/2021\/06\/05\/funiber-crimes-ambientais","url":"https:\/\/blogs.funiber.org\/pt\/meio-ambiente\/2021\/06\/05\/funiber-crimes-ambientais","name":"Que crimes ambientais existem?","isPartOf":{"@id":"https:\/\/blogs.funiber.org\/pt\/#website"},"datePublished":"2021-06-05T11:55:04+00:00","dateModified":"2021-06-04T12:09:38+00:00","description":"A confedera\u00e7\u00e3o Ecologistas em A\u00e7\u00e3o atualizou o guia pr\u00e1tico \u201cCrimes contra o meio ambiente\u201d publicado em 1996.","breadcrumb":{"@id":"https:\/\/blogs.funiber.org\/pt\/meio-ambiente\/2021\/06\/05\/funiber-crimes-ambientais#breadcrumb"},"inLanguage":"pt-BR","potentialAction":[{"@type":"ReadAction","target":["https:\/\/blogs.funiber.org\/pt\/meio-ambiente\/2021\/06\/05\/funiber-crimes-ambientais"]}]},{"@type":"BreadcrumbList","@id":"https:\/\/blogs.funiber.org\/pt\/meio-ambiente\/2021\/06\/05\/funiber-crimes-ambientais#breadcrumb","itemListElement":[{"@type":"ListItem","position":1,"name":"In\u00edcio","item":"https:\/\/blogs.funiber.org\/pt"},{"@type":"ListItem","position":2,"name":"Que crimes ambientais existem?"}]},{"@type":"WebSite","@id":"https:\/\/blogs.funiber.org\/pt\/#website","url":"https:\/\/blogs.funiber.org\/pt\/","name":"FuniBlogs - FUNIBER","description":"","publisher":{"@id":"https:\/\/blogs.funiber.org\/pt\/#organization"},"potentialAction":[{"@type":"SearchAction","target":{"@type":"EntryPoint","urlTemplate":"https:\/\/blogs.funiber.org\/pt\/?s={search_term_string}"},"query-input":"required name=search_term_string"}],"inLanguage":"pt-BR"},{"@type":"Organization","@id":"https:\/\/blogs.funiber.org\/pt\/#organization","name":"FuniBlogs - FUNIBER","url":"https:\/\/blogs.funiber.org\/pt\/","logo":{"@type":"ImageObject","inLanguage":"pt-BR","@id":"https:\/\/blogs.funiber.org\/pt\/#\/schema\/logo\/image\/","url":"https:\/\/www.funiber.blog\/pt\/wp-content\/uploads\/2022\/02\/logo-funiber-pt-br-v-dos.svg","contentUrl":"https:\/\/www.funiber.blog\/pt\/wp-content\/uploads\/2022\/02\/logo-funiber-pt-br-v-dos.svg","width":1,"height":1,"caption":"FuniBlogs - FUNIBER"},"image":{"@id":"https:\/\/blogs.funiber.org\/pt\/#\/schema\/logo\/image\/"},"sameAs":["https:\/\/www.facebook.com\/funiber","https:\/\/twitter.com\/FUNIBER","https:\/\/www.instagram.com\/funiber_becas","https:\/\/www.youtube.com\/user\/funiber","https:\/\/www.linkedin.com\/company\/funiber"]},{"@type":"Person","@id":"https:\/\/blogs.funiber.org\/pt\/#\/schema\/person\/a1eaaa5e57eac866a8c5946946bcf80d","name":"Michelle","image":{"@type":"ImageObject","inLanguage":"pt-BR","@id":"https:\/\/blogs.funiber.org\/pt\/#\/schema\/person\/image\/","url":"https:\/\/secure.gravatar.com\/avatar\/5e87041f7609dc50493cf216754fece1?s=96&d=mm&r=g","contentUrl":"https:\/\/secure.gravatar.com\/avatar\/5e87041f7609dc50493cf216754fece1?s=96&d=mm&r=g","caption":"Michelle"},"url":"https:\/\/www.funiber.blog\/pt\/author\/michelle-moreira"}]}},"jetpack_featured_media_url":"https:\/\/www.funiber.blog\/pt\/wp-content\/uploads\/2021\/06\/funiber-delitos-ambientais.jpg","jetpack_shortlink":"https:\/\/wp.me\/p7ee1t-6ol","jetpack_sharing_enabled":true,"_links":{"self":[{"href":"https:\/\/www.funiber.blog\/pt\/wp-json\/wp\/v2\/posts\/24573"}],"collection":[{"href":"https:\/\/www.funiber.blog\/pt\/wp-json\/wp\/v2\/posts"}],"about":[{"href":"https:\/\/www.funiber.blog\/pt\/wp-json\/wp\/v2\/types\/post"}],"author":[{"embeddable":true,"href":"https:\/\/www.funiber.blog\/pt\/wp-json\/wp\/v2\/users\/10"}],"replies":[{"embeddable":true,"href":"https:\/\/www.funiber.blog\/pt\/wp-json\/wp\/v2\/comments?post=24573"}],"version-history":[{"count":1,"href":"https:\/\/www.funiber.blog\/pt\/wp-json\/wp\/v2\/posts\/24573\/revisions"}],"predecessor-version":[{"id":24575,"href":"https:\/\/www.funiber.blog\/pt\/wp-json\/wp\/v2\/posts\/24573\/revisions\/24575"}],"wp:featuredmedia":[{"embeddable":true,"href":"https:\/\/www.funiber.blog\/pt\/wp-json\/wp\/v2\/media\/24574"}],"wp:attachment":[{"href":"https:\/\/www.funiber.blog\/pt\/wp-json\/wp\/v2\/media?parent=24573"}],"wp:term":[{"taxonomy":"category","embeddable":true,"href":"https:\/\/www.funiber.blog\/pt\/wp-json\/wp\/v2\/categories?post=24573"},{"taxonomy":"post_tag","embeddable":true,"href":"https:\/\/www.funiber.blog\/pt\/wp-json\/wp\/v2\/tags?post=24573"}],"curies":[{"name":"wp","href":"https:\/\/api.w.org\/{rel}","templated":true}]}}