{"id":25481,"date":"2021-12-01T06:39:50","date_gmt":"2021-12-01T11:39:50","guid":{"rendered":"https:\/\/blogs.funiber.org\/pt\/?p=25481"},"modified":"2021-12-01T06:39:50","modified_gmt":"2021-12-01T11:39:50","slug":"funiber-movimento-artdeco","status":"publish","type":"post","link":"https:\/\/www.funiber.blog\/pt\/arquitetura-e-desenho\/2021\/12\/01\/funiber-movimento-artdeco","title":{"rendered":"O movimento Art Dec\u00f3 ao longo da hist\u00f3ria"},"content":{"rendered":"<h2><span style=\"font-weight: 400;\">Como um estilo arquitet\u00f4nico, o Art Dec\u00f3 foi fortemente influenciado por outras formas de arte da \u00e9poca, mas foi transformado para marcar a moderniza\u00e7\u00e3o da sociedade.<\/span><\/h2>\n<p><!--more--><\/p>\n<p><span style=\"font-weight: 400;\">Baseado em v\u00e1rios estilos de artes visuais, o Art Dec\u00f3 se originou na Europa por volta dos anos 1920, mas sua influ\u00eancia se espalhou para outras partes do mundo desde ent\u00e3o. Embora esse movimento se concentre na arquitetura, ele tamb\u00e9m influenciou o design de interiores, a moda, a ind\u00fastria cinematogr\u00e1fica, a pintura e outras formas de arte. Este estilo foi especialmente significativo na Exposi\u00e7\u00e3o Internacional de Artes Decorativas e Industriais Modernas de Paris, em 1925.<\/span><\/p>\n<p>&nbsp;<\/p>\n<p><span style=\"font-weight: 400;\">Durante a d\u00e9cada de 1920, a arquitetura Art Dec\u00f3 costumava usar designs modernos combinados com elementos tradicionais. Frequentemente, envolvia o uso de v\u00e1rios materiais, como jade, laca e marfim. Al\u00e9m disso, esse movimento foi influenciado pela Art Nouveau que o precedeu. As formas geom\u00e9tricas do cubismo e as cores vivas do fauvismo tamb\u00e9m foram inclu\u00eddas neste estilo arquitet\u00f4nico. Outros elementos da arquitetura Beaux-Arts foram vistos dentro do movimento Art Dec\u00f3.<\/span><\/p>\n<p>&nbsp;<\/p>\n<p><span style=\"font-weight: 400;\">O estilo mudou na d\u00e9cada de 1930 para introduzir mais op\u00e7\u00f5es de produ\u00e7\u00e3o em massa e manufatura industrial. Como resultado, o movimento Art Dec\u00f3 tornou-se mais moderado com a incorpora\u00e7\u00e3o de materiais de concreto e a\u00e7o inoxid\u00e1vel. Por exemplo, o <\/span><a href=\"https:\/\/www.esbnyc.com\/es\/acerca-de\/arquitectura-y-diseno\" target=\"_blank\" rel=\"noopener noreferrer\"><span style=\"font-weight: 400;\">Empire State Building<\/span><\/a><span style=\"font-weight: 400;\"> e o <\/span><a href=\"https:\/\/www.nuevayork.net\/chrysler-building\" target=\"_blank\" rel=\"noopener noreferrer\"><span style=\"font-weight: 400;\">Chrysler Building<\/span><\/a> <span style=\"font-weight: 400;\">em Nova York (EUA) usaram esse estilo para criar um horizonte que refletia a sociedade tecnol\u00f3gica. Caracter\u00edsticos desse estilo, esses edif\u00edcios usavam concreto, formas retangulares, \u00e2ngulos agudos e linhas retas.<\/span><\/p>\n<p>&nbsp;<\/p>\n<p><span style=\"font-weight: 400;\">Mais recentemente, a cidade do Rio de Janeiro tamb\u00e9m abriga uma variedade de arquitetura Art D\u00e9co. Alguns exemplos not\u00e1veis \u200b\u200bs\u00e3o o <\/span><a href=\"https:\/\/www.tripadvisor.es\/LocationPhotoDirectLink-g303320-d2408069-i121294115-Theatro_Carlos_Gomes-Vitoria_State_of_Espirito_Santo.html\" target=\"_blank\" rel=\"noopener noreferrer\"><span style=\"font-weight: 400;\">Teatro Carlos Gomes<\/span><\/a><span style=\"font-weight: 400;\"> e a Esta\u00e7\u00e3o Central do Brasil. Esses edif\u00edcios apresentam escadarias, vitrais e placas caracter\u00edsticas de movimento. Al\u00e9m disso, a maior escultura Art D\u00e9co, tamb\u00e9m no Brasil, \u00e9 a estrutura do <\/span><a href=\"https:\/\/rederiohoteis.com\/es\/cristo-redentor-conozca-la-historia-de-esta-maravilla-del-mundo-moderno\/\" target=\"_blank\" rel=\"noopener noreferrer\"><span style=\"font-weight: 400;\">Cristo Redentor<\/span><\/a><span style=\"font-weight: 400;\">.<\/span><\/p>\n<p>&nbsp;<\/p>\n<p><span style=\"font-weight: 400;\">Esta forma de arte envolve, curiosamente, simplicidade e extravag\u00e2ncia na forma. No entanto, o movimento \u00e9 importante ao longo da hist\u00f3ria, pois se modernizou ao lado da sociedade. Introduziu novas formas geom\u00e9tricas e refer\u00eancias ornamentais no avan\u00e7o da paisagem urbana.<\/span><\/p>\n<p>&nbsp;<\/p>\n<p><span style=\"font-weight: 400;\">A <\/span><a href=\"https:\/\/www.funiber.org.br\" target=\"_blank\" rel=\"noopener noreferrer\"><span style=\"font-weight: 400;\">FUNIBER<\/span><\/a><span style=\"font-weight: 400;\"> patrocina uma variedade de programas para explorar estilos de arquitetura. Alguns desses cursos s\u00e3o o\u00a0<\/span><a href=\"https:\/\/www.funiber.org.br\/mestrado-em-projetos-de-arquitetura-e-urbanismo\" hreflang=\"pt-br\">Mestrado em Projetos de Arquitetura e Urbanismo<\/a><span style=\"font-weight: 400;\"> o <\/span><a href=\"https:\/\/www.funiber.org.br\/mestrado-em-gestao-de-projetos-culturais\" hreflang=\"pt-br\">Mestrado em Gest\u00e3o de Projetos Culturais.<\/a><\/p>\n<p>&nbsp;<\/p>\n<p><span style=\"font-weight: 400;\">Fonte: <\/span><a href=\"https:\/\/www.archdaily.com\/972018\/what-is-art-deco-architecture\" target=\"_blank\" rel=\"noopener noreferrer\"><span style=\"font-weight: 400;\">What is Art Deco Architecture?<\/span><\/a><\/p>\n<p>&nbsp;<\/p>\n<p><span style=\"font-weight: 400;\">Foto: Todos os direitos reservados.\u00a0<\/span><\/p>\n","protected":false},"excerpt":{"rendered":"<p>Como um estilo arquitet\u00f4nico, o Art Dec\u00f3 foi fortemente influenciado por outras formas de arte da \u00e9poca, mas foi transformado para marcar a moderniza\u00e7\u00e3o da sociedade.<\/p>\n","protected":false},"author":10,"featured_media":25482,"comment_status":"closed","ping_status":"closed","sticky":false,"template":"","format":"standard","meta":{"jetpack_post_was_ever_published":false,"_jetpack_newsletter_access":"","_jetpack_newsletter_tier_id":0,"footnotes":"","jetpack_publicize_message":"","jetpack_is_tweetstorm":false,"jetpack_publicize_feature_enabled":true,"jetpack_social_post_already_shared":true,"jetpack_social_options":{"image_generator_settings":{"template":"highway","enabled":false}}},"categories":[7],"tags":[44,7593,603,1242,6596,1253,855,285,408,119,248,911,671,323,641,255,3050,66],"jetpack_publicize_connections":[],"yoast_head":"<!-- This site is optimized with the Yoast SEO plugin v21.7 - https:\/\/yoast.com\/wordpress\/plugins\/seo\/ -->\n<title>O movimento Art Dec\u00f3 ao longo da hist\u00f3ria<\/title>\n<meta name=\"description\" content=\"Como um estilo arquitet\u00f4nico, o Art Dec\u00f3 foi fortemente influenciado por outras formas de arte da \u00e9poca, mas foi transformado para marcar a moderniza\u00e7\u00e3o da sociedade.\" \/>\n<meta name=\"robots\" content=\"index, follow, max-snippet:-1, max-image-preview:large, max-video-preview:-1\" \/>\n<link rel=\"canonical\" href=\"https:\/\/blogs.funiber.org\/pt\/arquitetura-e-desenho\/2021\/12\/01\/funiber-movimento-artdeco\" \/>\n<meta property=\"og:locale\" content=\"pt_BR\" \/>\n<meta property=\"og:type\" content=\"article\" \/>\n<meta property=\"og:title\" content=\"O movimento Art Dec\u00f3 ao longo da hist\u00f3ria\" \/>\n<meta property=\"og:description\" content=\"Como um estilo arquitet\u00f4nico, o Art Dec\u00f3 foi fortemente influenciado por outras formas de arte da \u00e9poca, mas foi transformado para marcar a moderniza\u00e7\u00e3o da sociedade.\" \/>\n<meta property=\"og:url\" content=\"https:\/\/blogs.funiber.org\/pt\/arquitetura-e-desenho\/2021\/12\/01\/funiber-movimento-artdeco\" \/>\n<meta property=\"og:site_name\" content=\"FuniBlogs - FUNIBER\" \/>\n<meta property=\"article:publisher\" content=\"https:\/\/www.facebook.com\/funiber\" \/>\n<meta property=\"article:published_time\" content=\"2021-12-01T11:39:50+00:00\" \/>\n<meta property=\"og:image\" content=\"https:\/\/blogs.funiber.org\/pt\/wp-content\/uploads\/2021\/12\/funiber-artdeco-cidades.jpg\" \/>\n\t<meta property=\"og:image:width\" content=\"570\" \/>\n\t<meta property=\"og:image:height\" content=\"350\" \/>\n\t<meta property=\"og:image:type\" content=\"image\/jpeg\" \/>\n<meta name=\"author\" content=\"Michelle\" \/>\n<meta name=\"twitter:card\" content=\"summary_large_image\" \/>\n<meta name=\"twitter:creator\" content=\"@FUNIBER\" \/>\n<meta name=\"twitter:site\" content=\"@FUNIBER\" \/>\n<meta name=\"twitter:label1\" content=\"Escrito por\" \/>\n\t<meta name=\"twitter:data1\" content=\"Michelle\" \/>\n\t<meta name=\"twitter:label2\" content=\"Est. tempo de leitura\" \/>\n\t<meta name=\"twitter:data2\" content=\"2 minutos\" \/>\n<script type=\"application\/ld+json\" class=\"yoast-schema-graph\">{\"@context\":\"https:\/\/schema.org\",\"@graph\":[{\"@type\":\"Article\",\"@id\":\"https:\/\/blogs.funiber.org\/pt\/arquitetura-e-desenho\/2021\/12\/01\/funiber-movimento-artdeco#article\",\"isPartOf\":{\"@id\":\"https:\/\/blogs.funiber.org\/pt\/arquitetura-e-desenho\/2021\/12\/01\/funiber-movimento-artdeco\"},\"author\":{\"name\":\"Michelle\",\"@id\":\"https:\/\/blogs.funiber.org\/pt\/#\/schema\/person\/a1eaaa5e57eac866a8c5946946bcf80d\"},\"headline\":\"O movimento Art Dec\u00f3 ao longo da hist\u00f3ria\",\"datePublished\":\"2021-12-01T11:39:50+00:00\",\"dateModified\":\"2021-12-01T11:39:50+00:00\",\"mainEntityOfPage\":{\"@id\":\"https:\/\/blogs.funiber.org\/pt\/arquitetura-e-desenho\/2021\/12\/01\/funiber-movimento-artdeco\"},\"wordCount\":438,\"publisher\":{\"@id\":\"https:\/\/blogs.funiber.org\/pt\/#organization\"},\"keywords\":[\"arquitetura\",\"Art Dec\u00f3\",\"Arte\",\"Bolsas\",\"decora\u00e7\u00e3o\",\"Design\",\"Doutorado\",\"Educa\u00e7\u00e3o\",\"Educa\u00e7\u00e3o a Dist\u00e2ncia\",\"Estudos\",\"Funiber\",\"FUNIBER Opini\u00f5es\",\"mestrado\",\"Movimento\",\"Opini\u00e3o FUNIBER\",\"Opini\u00f5es Funiber\",\"Projetos Culturais\",\"Urbanismo\"],\"articleSection\":[\"Projetos\"],\"inLanguage\":\"pt-BR\"},{\"@type\":\"WebPage\",\"@id\":\"https:\/\/blogs.funiber.org\/pt\/arquitetura-e-desenho\/2021\/12\/01\/funiber-movimento-artdeco\",\"url\":\"https:\/\/blogs.funiber.org\/pt\/arquitetura-e-desenho\/2021\/12\/01\/funiber-movimento-artdeco\",\"name\":\"O movimento Art Dec\u00f3 ao longo da hist\u00f3ria\",\"isPartOf\":{\"@id\":\"https:\/\/blogs.funiber.org\/pt\/#website\"},\"datePublished\":\"2021-12-01T11:39:50+00:00\",\"dateModified\":\"2021-12-01T11:39:50+00:00\",\"description\":\"Como um estilo arquitet\u00f4nico, o Art Dec\u00f3 foi fortemente influenciado por outras formas de arte da \u00e9poca, mas foi transformado para marcar a moderniza\u00e7\u00e3o da sociedade.\",\"breadcrumb\":{\"@id\":\"https:\/\/blogs.funiber.org\/pt\/arquitetura-e-desenho\/2021\/12\/01\/funiber-movimento-artdeco#breadcrumb\"},\"inLanguage\":\"pt-BR\",\"potentialAction\":[{\"@type\":\"ReadAction\",\"target\":[\"https:\/\/blogs.funiber.org\/pt\/arquitetura-e-desenho\/2021\/12\/01\/funiber-movimento-artdeco\"]}]},{\"@type\":\"BreadcrumbList\",\"@id\":\"https:\/\/blogs.funiber.org\/pt\/arquitetura-e-desenho\/2021\/12\/01\/funiber-movimento-artdeco#breadcrumb\",\"itemListElement\":[{\"@type\":\"ListItem\",\"position\":1,\"name\":\"In\u00edcio\",\"item\":\"https:\/\/blogs.funiber.org\/pt\"},{\"@type\":\"ListItem\",\"position\":2,\"name\":\"O movimento Art Dec\u00f3 ao longo da hist\u00f3ria\"}]},{\"@type\":\"WebSite\",\"@id\":\"https:\/\/blogs.funiber.org\/pt\/#website\",\"url\":\"https:\/\/blogs.funiber.org\/pt\/\",\"name\":\"FuniBlogs - FUNIBER\",\"description\":\"\",\"publisher\":{\"@id\":\"https:\/\/blogs.funiber.org\/pt\/#organization\"},\"potentialAction\":[{\"@type\":\"SearchAction\",\"target\":{\"@type\":\"EntryPoint\",\"urlTemplate\":\"https:\/\/blogs.funiber.org\/pt\/?s={search_term_string}\"},\"query-input\":\"required name=search_term_string\"}],\"inLanguage\":\"pt-BR\"},{\"@type\":\"Organization\",\"@id\":\"https:\/\/blogs.funiber.org\/pt\/#organization\",\"name\":\"FuniBlogs - FUNIBER\",\"url\":\"https:\/\/blogs.funiber.org\/pt\/\",\"logo\":{\"@type\":\"ImageObject\",\"inLanguage\":\"pt-BR\",\"@id\":\"https:\/\/blogs.funiber.org\/pt\/#\/schema\/logo\/image\/\",\"url\":\"https:\/\/www.funiber.blog\/pt\/wp-content\/uploads\/2022\/02\/logo-funiber-pt-br-v-dos.svg\",\"contentUrl\":\"https:\/\/www.funiber.blog\/pt\/wp-content\/uploads\/2022\/02\/logo-funiber-pt-br-v-dos.svg\",\"width\":1,\"height\":1,\"caption\":\"FuniBlogs - FUNIBER\"},\"image\":{\"@id\":\"https:\/\/blogs.funiber.org\/pt\/#\/schema\/logo\/image\/\"},\"sameAs\":[\"https:\/\/www.facebook.com\/funiber\",\"https:\/\/twitter.com\/FUNIBER\",\"https:\/\/www.instagram.com\/funiber_becas\",\"https:\/\/www.youtube.com\/user\/funiber\",\"https:\/\/www.linkedin.com\/company\/funiber\"]},{\"@type\":\"Person\",\"@id\":\"https:\/\/blogs.funiber.org\/pt\/#\/schema\/person\/a1eaaa5e57eac866a8c5946946bcf80d\",\"name\":\"Michelle\",\"image\":{\"@type\":\"ImageObject\",\"inLanguage\":\"pt-BR\",\"@id\":\"https:\/\/blogs.funiber.org\/pt\/#\/schema\/person\/image\/\",\"url\":\"https:\/\/secure.gravatar.com\/avatar\/5e87041f7609dc50493cf216754fece1?s=96&d=mm&r=g\",\"contentUrl\":\"https:\/\/secure.gravatar.com\/avatar\/5e87041f7609dc50493cf216754fece1?s=96&d=mm&r=g\",\"caption\":\"Michelle\"},\"url\":\"https:\/\/www.funiber.blog\/pt\/author\/michelle-moreira\"}]}<\/script>\n<!-- \/ Yoast SEO plugin. -->","yoast_head_json":{"title":"O movimento Art Dec\u00f3 ao longo da hist\u00f3ria","description":"Como um estilo arquitet\u00f4nico, o Art Dec\u00f3 foi fortemente influenciado por outras formas de arte da \u00e9poca, mas foi transformado para marcar a moderniza\u00e7\u00e3o da sociedade.","robots":{"index":"index","follow":"follow","max-snippet":"max-snippet:-1","max-image-preview":"max-image-preview:large","max-video-preview":"max-video-preview:-1"},"canonical":"https:\/\/blogs.funiber.org\/pt\/arquitetura-e-desenho\/2021\/12\/01\/funiber-movimento-artdeco","og_locale":"pt_BR","og_type":"article","og_title":"O movimento Art Dec\u00f3 ao longo da hist\u00f3ria","og_description":"Como um estilo arquitet\u00f4nico, o Art Dec\u00f3 foi fortemente influenciado por outras formas de arte da \u00e9poca, mas foi transformado para marcar a moderniza\u00e7\u00e3o da sociedade.","og_url":"https:\/\/blogs.funiber.org\/pt\/arquitetura-e-desenho\/2021\/12\/01\/funiber-movimento-artdeco","og_site_name":"FuniBlogs - FUNIBER","article_publisher":"https:\/\/www.facebook.com\/funiber","article_published_time":"2021-12-01T11:39:50+00:00","og_image":[{"width":570,"height":350,"url":"https:\/\/blogs.funiber.org\/pt\/wp-content\/uploads\/2021\/12\/funiber-artdeco-cidades.jpg","type":"image\/jpeg"}],"author":"Michelle","twitter_card":"summary_large_image","twitter_creator":"@FUNIBER","twitter_site":"@FUNIBER","twitter_misc":{"Escrito por":"Michelle","Est. tempo de leitura":"2 minutos"},"schema":{"@context":"https:\/\/schema.org","@graph":[{"@type":"Article","@id":"https:\/\/blogs.funiber.org\/pt\/arquitetura-e-desenho\/2021\/12\/01\/funiber-movimento-artdeco#article","isPartOf":{"@id":"https:\/\/blogs.funiber.org\/pt\/arquitetura-e-desenho\/2021\/12\/01\/funiber-movimento-artdeco"},"author":{"name":"Michelle","@id":"https:\/\/blogs.funiber.org\/pt\/#\/schema\/person\/a1eaaa5e57eac866a8c5946946bcf80d"},"headline":"O movimento Art Dec\u00f3 ao longo da hist\u00f3ria","datePublished":"2021-12-01T11:39:50+00:00","dateModified":"2021-12-01T11:39:50+00:00","mainEntityOfPage":{"@id":"https:\/\/blogs.funiber.org\/pt\/arquitetura-e-desenho\/2021\/12\/01\/funiber-movimento-artdeco"},"wordCount":438,"publisher":{"@id":"https:\/\/blogs.funiber.org\/pt\/#organization"},"keywords":["arquitetura","Art Dec\u00f3","Arte","Bolsas","decora\u00e7\u00e3o","Design","Doutorado","Educa\u00e7\u00e3o","Educa\u00e7\u00e3o a Dist\u00e2ncia","Estudos","Funiber","FUNIBER Opini\u00f5es","mestrado","Movimento","Opini\u00e3o FUNIBER","Opini\u00f5es Funiber","Projetos Culturais","Urbanismo"],"articleSection":["Projetos"],"inLanguage":"pt-BR"},{"@type":"WebPage","@id":"https:\/\/blogs.funiber.org\/pt\/arquitetura-e-desenho\/2021\/12\/01\/funiber-movimento-artdeco","url":"https:\/\/blogs.funiber.org\/pt\/arquitetura-e-desenho\/2021\/12\/01\/funiber-movimento-artdeco","name":"O movimento Art Dec\u00f3 ao longo da hist\u00f3ria","isPartOf":{"@id":"https:\/\/blogs.funiber.org\/pt\/#website"},"datePublished":"2021-12-01T11:39:50+00:00","dateModified":"2021-12-01T11:39:50+00:00","description":"Como um estilo arquitet\u00f4nico, o Art Dec\u00f3 foi fortemente influenciado por outras formas de arte da \u00e9poca, mas foi transformado para marcar a moderniza\u00e7\u00e3o da sociedade.","breadcrumb":{"@id":"https:\/\/blogs.funiber.org\/pt\/arquitetura-e-desenho\/2021\/12\/01\/funiber-movimento-artdeco#breadcrumb"},"inLanguage":"pt-BR","potentialAction":[{"@type":"ReadAction","target":["https:\/\/blogs.funiber.org\/pt\/arquitetura-e-desenho\/2021\/12\/01\/funiber-movimento-artdeco"]}]},{"@type":"BreadcrumbList","@id":"https:\/\/blogs.funiber.org\/pt\/arquitetura-e-desenho\/2021\/12\/01\/funiber-movimento-artdeco#breadcrumb","itemListElement":[{"@type":"ListItem","position":1,"name":"In\u00edcio","item":"https:\/\/blogs.funiber.org\/pt"},{"@type":"ListItem","position":2,"name":"O movimento Art Dec\u00f3 ao longo da hist\u00f3ria"}]},{"@type":"WebSite","@id":"https:\/\/blogs.funiber.org\/pt\/#website","url":"https:\/\/blogs.funiber.org\/pt\/","name":"FuniBlogs - FUNIBER","description":"","publisher":{"@id":"https:\/\/blogs.funiber.org\/pt\/#organization"},"potentialAction":[{"@type":"SearchAction","target":{"@type":"EntryPoint","urlTemplate":"https:\/\/blogs.funiber.org\/pt\/?s={search_term_string}"},"query-input":"required name=search_term_string"}],"inLanguage":"pt-BR"},{"@type":"Organization","@id":"https:\/\/blogs.funiber.org\/pt\/#organization","name":"FuniBlogs - FUNIBER","url":"https:\/\/blogs.funiber.org\/pt\/","logo":{"@type":"ImageObject","inLanguage":"pt-BR","@id":"https:\/\/blogs.funiber.org\/pt\/#\/schema\/logo\/image\/","url":"https:\/\/www.funiber.blog\/pt\/wp-content\/uploads\/2022\/02\/logo-funiber-pt-br-v-dos.svg","contentUrl":"https:\/\/www.funiber.blog\/pt\/wp-content\/uploads\/2022\/02\/logo-funiber-pt-br-v-dos.svg","width":1,"height":1,"caption":"FuniBlogs - FUNIBER"},"image":{"@id":"https:\/\/blogs.funiber.org\/pt\/#\/schema\/logo\/image\/"},"sameAs":["https:\/\/www.facebook.com\/funiber","https:\/\/twitter.com\/FUNIBER","https:\/\/www.instagram.com\/funiber_becas","https:\/\/www.youtube.com\/user\/funiber","https:\/\/www.linkedin.com\/company\/funiber"]},{"@type":"Person","@id":"https:\/\/blogs.funiber.org\/pt\/#\/schema\/person\/a1eaaa5e57eac866a8c5946946bcf80d","name":"Michelle","image":{"@type":"ImageObject","inLanguage":"pt-BR","@id":"https:\/\/blogs.funiber.org\/pt\/#\/schema\/person\/image\/","url":"https:\/\/secure.gravatar.com\/avatar\/5e87041f7609dc50493cf216754fece1?s=96&d=mm&r=g","contentUrl":"https:\/\/secure.gravatar.com\/avatar\/5e87041f7609dc50493cf216754fece1?s=96&d=mm&r=g","caption":"Michelle"},"url":"https:\/\/www.funiber.blog\/pt\/author\/michelle-moreira"}]}},"jetpack_featured_media_url":"https:\/\/www.funiber.blog\/pt\/wp-content\/uploads\/2021\/12\/funiber-artdeco-cidades.jpg","jetpack_shortlink":"https:\/\/wp.me\/p7ee1t-6CZ","jetpack_sharing_enabled":true,"_links":{"self":[{"href":"https:\/\/www.funiber.blog\/pt\/wp-json\/wp\/v2\/posts\/25481"}],"collection":[{"href":"https:\/\/www.funiber.blog\/pt\/wp-json\/wp\/v2\/posts"}],"about":[{"href":"https:\/\/www.funiber.blog\/pt\/wp-json\/wp\/v2\/types\/post"}],"author":[{"embeddable":true,"href":"https:\/\/www.funiber.blog\/pt\/wp-json\/wp\/v2\/users\/10"}],"replies":[{"embeddable":true,"href":"https:\/\/www.funiber.blog\/pt\/wp-json\/wp\/v2\/comments?post=25481"}],"version-history":[{"count":1,"href":"https:\/\/www.funiber.blog\/pt\/wp-json\/wp\/v2\/posts\/25481\/revisions"}],"predecessor-version":[{"id":25483,"href":"https:\/\/www.funiber.blog\/pt\/wp-json\/wp\/v2\/posts\/25481\/revisions\/25483"}],"wp:featuredmedia":[{"embeddable":true,"href":"https:\/\/www.funiber.blog\/pt\/wp-json\/wp\/v2\/media\/25482"}],"wp:attachment":[{"href":"https:\/\/www.funiber.blog\/pt\/wp-json\/wp\/v2\/media?parent=25481"}],"wp:term":[{"taxonomy":"category","embeddable":true,"href":"https:\/\/www.funiber.blog\/pt\/wp-json\/wp\/v2\/categories?post=25481"},{"taxonomy":"post_tag","embeddable":true,"href":"https:\/\/www.funiber.blog\/pt\/wp-json\/wp\/v2\/tags?post=25481"}],"curies":[{"name":"wp","href":"https:\/\/api.w.org\/{rel}","templated":true}]}}