{"id":2569,"date":"2013-10-24T12:26:47","date_gmt":"2013-10-24T12:26:47","guid":{"rendered":"http:\/\/blogs.funiber.org\/pt\/?p=2569"},"modified":"2013-10-24T12:29:00","modified_gmt":"2013-10-24T12:29:00","slug":"estudo-avalia-o-uso-do-facebook-na-formacao-de-professores","status":"publish","type":"post","link":"https:\/\/www.funiber.blog\/pt\/formacao-professores\/2013\/10\/24\/estudo-avalia-o-uso-do-facebook-na-formacao-de-professores","title":{"rendered":"Estudo avalia o uso do Facebook na forma\u00e7\u00e3o de professores"},"content":{"rendered":"<p>Encarando o desafio de incluir as redes sociais na pr\u00e1tica docente, um estudo qualitativo revelou as possibilidades oferecidas pela rede social Facebook na forma\u00e7\u00e3o de professores.<\/p>\n<p>Os benef\u00edcios se demonstraram na comunica\u00e7\u00e3o e intera\u00e7\u00e3o por abrir um canal de di\u00e1logo f\u00e1cil e interativo, estimulado pela pr\u00f3pria participa\u00e7\u00e3o dos docentes.<!--more--><\/p>\n<p>Outra vantagem se apresentou na diversidade de recursos utilizados como links, v\u00eddeos, textos e \u00e1udios, e na possibilidade \u201c<i>de construir e fomentar novas pr\u00e1ticas inovadoras de aprendizagem num processo de ensinar e aprender, al\u00e9m de amplia\u00e7\u00e3o do compromisso pol\u00edtico, social e \u00e9tico<\/i>\u201d, segundo o estudo.<\/p>\n<p>A pesquisa, realizada durante a disciplina Forma\u00e7\u00e3o de Professores &#8211; Processos e Profissionaliza\u00e7\u00e3o Docente da Pontif\u00edcia Universidade Cat\u00f3lica do Paran\u00e1 (PUCPR), no segundo semestre de 2012 como uma forma\u00e7\u00e3o continuada universit\u00e1ria, trouxe algumas quest\u00f5es interessantes tamb\u00e9m sobre os desafios dessa pr\u00e1tica.<\/p>\n<p>O fluxo constante de informa\u00e7\u00f5es e a transforma\u00e7\u00e3o do espa\u00e7o de sala de aula virtual num espa\u00e7o de produ\u00e7\u00e3o colaborativo requerem tamb\u00e9m enfrentar preconceitos em rela\u00e7\u00e3o \u00e0 rede. Al\u00e9m de exigir dedica\u00e7\u00e3o de tempo e pr\u00e1tica para esse novo aprendizado que se traduz muitas vezes em ang\u00fastia para os professores.<\/p>\n<p>O estudo chama a aten\u00e7\u00e3o para a necessidade de empreendimentos institucionais para forma\u00e7\u00e3o dos docentes, que mobilizem reflex\u00f5es sobre o aprendizado no atual cen\u00e1rio da sociedade de informa\u00e7\u00e3o e conhecimento.<\/p>\n<p>As tecnologias atuais pedem mudan\u00e7as \u00e0s formas de organiza\u00e7\u00e3o do ensino e de concep\u00e7\u00f5es sobre o papel do professor nesse novo cen\u00e1rio. O momento \u00e9 prop\u00edcio para repensar conceitos e pr\u00e1ticas educativos para a ado\u00e7\u00e3o de recursos pedag\u00f3gicos.<\/p>\n<p>Para ler mais sobre a pesquisa: <a href=\"http:\/\/proxy.furb.br\/ojs\/index.php\/atosdepesquisa\/article\/view\/3608\">http:\/\/proxy.furb.br\/ojs\/index.php\/atosdepesquisa\/article\/view\/3608<\/a><\/p>\n","protected":false},"excerpt":{"rendered":"<p>Encarando o desafio de incluir as redes sociais na pr\u00e1tica docente, um estudo qualitativo revelou as possibilidades oferecidas pela rede social Facebook na forma\u00e7\u00e3o de professores. Os benef\u00edcios se demonstraram na comunica\u00e7\u00e3o e intera\u00e7\u00e3o por abrir um canal de di\u00e1logo f\u00e1cil e interativo, estimulado pela pr\u00f3pria participa\u00e7\u00e3o dos docentes.<\/p>\n","protected":false},"author":10,"featured_media":2570,"comment_status":"closed","ping_status":"closed","sticky":false,"template":"","format":"standard","meta":{"jetpack_post_was_ever_published":false,"_jetpack_newsletter_access":"","_jetpack_newsletter_tier_id":0,"footnotes":"","jetpack_publicize_message":"","jetpack_is_tweetstorm":false,"jetpack_publicize_feature_enabled":true,"jetpack_social_post_already_shared":false,"jetpack_social_options":{"image_generator_settings":{"template":"highway","enabled":false}}},"categories":[5],"tags":[48,61],"jetpack_publicize_connections":[],"yoast_head":"<!-- This site is optimized with the Yoast SEO plugin v21.7 - https:\/\/yoast.com\/wordpress\/plugins\/seo\/ -->\n<title>Estudo avalia o uso do Facebook na forma\u00e7\u00e3o de professores - FuniBlogs - FUNIBER<\/title>\n<meta name=\"robots\" content=\"noindex, nofollow\" \/>\n<meta property=\"og:locale\" content=\"pt_BR\" \/>\n<meta property=\"og:type\" content=\"article\" \/>\n<meta property=\"og:title\" content=\"Estudo avalia o uso do Facebook na forma\u00e7\u00e3o de professores - FuniBlogs - FUNIBER\" \/>\n<meta property=\"og:description\" content=\"Encarando o desafio de incluir as redes sociais na pr\u00e1tica docente, um estudo qualitativo revelou as possibilidades oferecidas pela rede social Facebook na forma\u00e7\u00e3o de professores. Os benef\u00edcios se demonstraram na comunica\u00e7\u00e3o e intera\u00e7\u00e3o por abrir um canal de di\u00e1logo f\u00e1cil e interativo, estimulado pela pr\u00f3pria participa\u00e7\u00e3o dos docentes.\" \/>\n<meta property=\"og:url\" content=\"https:\/\/blogs.funiber.org\/pt\/formacao-professores\/2013\/10\/24\/estudo-avalia-o-uso-do-facebook-na-formacao-de-professores\" \/>\n<meta property=\"og:site_name\" content=\"FuniBlogs - FUNIBER\" \/>\n<meta property=\"article:publisher\" content=\"https:\/\/www.facebook.com\/funiber\" \/>\n<meta property=\"article:published_time\" content=\"2013-10-24T12:26:47+00:00\" \/>\n<meta property=\"article:modified_time\" content=\"2013-10-24T12:29:00+00:00\" \/>\n<meta property=\"og:image\" content=\"https:\/\/blogs.funiber.org\/pt\/wp-content\/uploads\/2013\/10\/FP-SocialNetworkCREATIVECOMMONS-1314023247-872-640x480.jpg\" \/>\n\t<meta property=\"og:image:width\" content=\"640\" \/>\n\t<meta property=\"og:image:height\" content=\"480\" \/>\n\t<meta property=\"og:image:type\" content=\"image\/jpeg\" \/>\n<meta name=\"author\" content=\"Michelle\" \/>\n<meta name=\"twitter:card\" content=\"summary_large_image\" \/>\n<meta name=\"twitter:creator\" content=\"@FUNIBER\" \/>\n<meta name=\"twitter:site\" content=\"@FUNIBER\" \/>\n<meta name=\"twitter:label1\" content=\"Escrito por\" \/>\n\t<meta name=\"twitter:data1\" content=\"Michelle\" \/>\n\t<meta name=\"twitter:label2\" content=\"Est. tempo de leitura\" \/>\n\t<meta name=\"twitter:data2\" content=\"2 minutos\" \/>\n<script type=\"application\/ld+json\" class=\"yoast-schema-graph\">{\"@context\":\"https:\/\/schema.org\",\"@graph\":[{\"@type\":\"Article\",\"@id\":\"https:\/\/blogs.funiber.org\/pt\/formacao-professores\/2013\/10\/24\/estudo-avalia-o-uso-do-facebook-na-formacao-de-professores#article\",\"isPartOf\":{\"@id\":\"https:\/\/blogs.funiber.org\/pt\/formacao-professores\/2013\/10\/24\/estudo-avalia-o-uso-do-facebook-na-formacao-de-professores\"},\"author\":{\"name\":\"Michelle\",\"@id\":\"https:\/\/blogs.funiber.org\/pt\/#\/schema\/person\/a1eaaa5e57eac866a8c5946946bcf80d\"},\"headline\":\"Estudo avalia o uso do Facebook na forma\u00e7\u00e3o de professores\",\"datePublished\":\"2013-10-24T12:26:47+00:00\",\"dateModified\":\"2013-10-24T12:29:00+00:00\",\"mainEntityOfPage\":{\"@id\":\"https:\/\/blogs.funiber.org\/pt\/formacao-professores\/2013\/10\/24\/estudo-avalia-o-uso-do-facebook-na-formacao-de-professores\"},\"wordCount\":324,\"publisher\":{\"@id\":\"https:\/\/blogs.funiber.org\/pt\/#organization\"},\"keywords\":[\"Educa\u00e7\u00e3o 2.0\",\"Redes Sociais\"],\"articleSection\":[\"Educa\u00e7\u00e3o,\u00a0Forma\u00e7\u00e3o Professores\"],\"inLanguage\":\"pt-BR\"},{\"@type\":\"WebPage\",\"@id\":\"https:\/\/blogs.funiber.org\/pt\/formacao-professores\/2013\/10\/24\/estudo-avalia-o-uso-do-facebook-na-formacao-de-professores\",\"url\":\"https:\/\/blogs.funiber.org\/pt\/formacao-professores\/2013\/10\/24\/estudo-avalia-o-uso-do-facebook-na-formacao-de-professores\",\"name\":\"Estudo avalia o uso do Facebook na forma\u00e7\u00e3o de professores - FuniBlogs - FUNIBER\",\"isPartOf\":{\"@id\":\"https:\/\/blogs.funiber.org\/pt\/#website\"},\"datePublished\":\"2013-10-24T12:26:47+00:00\",\"dateModified\":\"2013-10-24T12:29:00+00:00\",\"breadcrumb\":{\"@id\":\"https:\/\/blogs.funiber.org\/pt\/formacao-professores\/2013\/10\/24\/estudo-avalia-o-uso-do-facebook-na-formacao-de-professores#breadcrumb\"},\"inLanguage\":\"pt-BR\",\"potentialAction\":[{\"@type\":\"ReadAction\",\"target\":[\"https:\/\/blogs.funiber.org\/pt\/formacao-professores\/2013\/10\/24\/estudo-avalia-o-uso-do-facebook-na-formacao-de-professores\"]}]},{\"@type\":\"BreadcrumbList\",\"@id\":\"https:\/\/blogs.funiber.org\/pt\/formacao-professores\/2013\/10\/24\/estudo-avalia-o-uso-do-facebook-na-formacao-de-professores#breadcrumb\",\"itemListElement\":[{\"@type\":\"ListItem\",\"position\":1,\"name\":\"In\u00edcio\",\"item\":\"https:\/\/blogs.funiber.org\/pt\"},{\"@type\":\"ListItem\",\"position\":2,\"name\":\"Estudo avalia o uso do Facebook na forma\u00e7\u00e3o de professores\"}]},{\"@type\":\"WebSite\",\"@id\":\"https:\/\/blogs.funiber.org\/pt\/#website\",\"url\":\"https:\/\/blogs.funiber.org\/pt\/\",\"name\":\"FuniBlogs - FUNIBER\",\"description\":\"\",\"publisher\":{\"@id\":\"https:\/\/blogs.funiber.org\/pt\/#organization\"},\"potentialAction\":[{\"@type\":\"SearchAction\",\"target\":{\"@type\":\"EntryPoint\",\"urlTemplate\":\"https:\/\/blogs.funiber.org\/pt\/?s={search_term_string}\"},\"query-input\":\"required name=search_term_string\"}],\"inLanguage\":\"pt-BR\"},{\"@type\":\"Organization\",\"@id\":\"https:\/\/blogs.funiber.org\/pt\/#organization\",\"name\":\"FuniBlogs - FUNIBER\",\"url\":\"https:\/\/blogs.funiber.org\/pt\/\",\"logo\":{\"@type\":\"ImageObject\",\"inLanguage\":\"pt-BR\",\"@id\":\"https:\/\/blogs.funiber.org\/pt\/#\/schema\/logo\/image\/\",\"url\":\"https:\/\/www.funiber.blog\/pt\/wp-content\/uploads\/2022\/02\/logo-funiber-pt-br-v-dos.svg\",\"contentUrl\":\"https:\/\/www.funiber.blog\/pt\/wp-content\/uploads\/2022\/02\/logo-funiber-pt-br-v-dos.svg\",\"width\":1,\"height\":1,\"caption\":\"FuniBlogs - FUNIBER\"},\"image\":{\"@id\":\"https:\/\/blogs.funiber.org\/pt\/#\/schema\/logo\/image\/\"},\"sameAs\":[\"https:\/\/www.facebook.com\/funiber\",\"https:\/\/twitter.com\/FUNIBER\",\"https:\/\/www.instagram.com\/funiber_becas\",\"https:\/\/www.youtube.com\/user\/funiber\",\"https:\/\/www.linkedin.com\/company\/funiber\"]},{\"@type\":\"Person\",\"@id\":\"https:\/\/blogs.funiber.org\/pt\/#\/schema\/person\/a1eaaa5e57eac866a8c5946946bcf80d\",\"name\":\"Michelle\",\"image\":{\"@type\":\"ImageObject\",\"inLanguage\":\"pt-BR\",\"@id\":\"https:\/\/blogs.funiber.org\/pt\/#\/schema\/person\/image\/\",\"url\":\"https:\/\/secure.gravatar.com\/avatar\/5e87041f7609dc50493cf216754fece1?s=96&d=mm&r=g\",\"contentUrl\":\"https:\/\/secure.gravatar.com\/avatar\/5e87041f7609dc50493cf216754fece1?s=96&d=mm&r=g\",\"caption\":\"Michelle\"},\"url\":\"https:\/\/www.funiber.blog\/pt\/author\/michelle-moreira\"}]}<\/script>\n<!-- \/ Yoast SEO plugin. -->","yoast_head_json":{"title":"Estudo avalia o uso do Facebook na forma\u00e7\u00e3o de professores - FuniBlogs - FUNIBER","robots":{"index":"noindex","follow":"nofollow"},"og_locale":"pt_BR","og_type":"article","og_title":"Estudo avalia o uso do Facebook na forma\u00e7\u00e3o de professores - FuniBlogs - FUNIBER","og_description":"Encarando o desafio de incluir as redes sociais na pr\u00e1tica docente, um estudo qualitativo revelou as possibilidades oferecidas pela rede social Facebook na forma\u00e7\u00e3o de professores. Os benef\u00edcios se demonstraram na comunica\u00e7\u00e3o e intera\u00e7\u00e3o por abrir um canal de di\u00e1logo f\u00e1cil e interativo, estimulado pela pr\u00f3pria participa\u00e7\u00e3o dos docentes.","og_url":"https:\/\/blogs.funiber.org\/pt\/formacao-professores\/2013\/10\/24\/estudo-avalia-o-uso-do-facebook-na-formacao-de-professores","og_site_name":"FuniBlogs - FUNIBER","article_publisher":"https:\/\/www.facebook.com\/funiber","article_published_time":"2013-10-24T12:26:47+00:00","article_modified_time":"2013-10-24T12:29:00+00:00","og_image":[{"width":640,"height":480,"url":"https:\/\/blogs.funiber.org\/pt\/wp-content\/uploads\/2013\/10\/FP-SocialNetworkCREATIVECOMMONS-1314023247-872-640x480.jpg","type":"image\/jpeg"}],"author":"Michelle","twitter_card":"summary_large_image","twitter_creator":"@FUNIBER","twitter_site":"@FUNIBER","twitter_misc":{"Escrito por":"Michelle","Est. tempo de leitura":"2 minutos"},"schema":{"@context":"https:\/\/schema.org","@graph":[{"@type":"Article","@id":"https:\/\/blogs.funiber.org\/pt\/formacao-professores\/2013\/10\/24\/estudo-avalia-o-uso-do-facebook-na-formacao-de-professores#article","isPartOf":{"@id":"https:\/\/blogs.funiber.org\/pt\/formacao-professores\/2013\/10\/24\/estudo-avalia-o-uso-do-facebook-na-formacao-de-professores"},"author":{"name":"Michelle","@id":"https:\/\/blogs.funiber.org\/pt\/#\/schema\/person\/a1eaaa5e57eac866a8c5946946bcf80d"},"headline":"Estudo avalia o uso do Facebook na forma\u00e7\u00e3o de professores","datePublished":"2013-10-24T12:26:47+00:00","dateModified":"2013-10-24T12:29:00+00:00","mainEntityOfPage":{"@id":"https:\/\/blogs.funiber.org\/pt\/formacao-professores\/2013\/10\/24\/estudo-avalia-o-uso-do-facebook-na-formacao-de-professores"},"wordCount":324,"publisher":{"@id":"https:\/\/blogs.funiber.org\/pt\/#organization"},"keywords":["Educa\u00e7\u00e3o 2.0","Redes Sociais"],"articleSection":["Educa\u00e7\u00e3o,\u00a0Forma\u00e7\u00e3o Professores"],"inLanguage":"pt-BR"},{"@type":"WebPage","@id":"https:\/\/blogs.funiber.org\/pt\/formacao-professores\/2013\/10\/24\/estudo-avalia-o-uso-do-facebook-na-formacao-de-professores","url":"https:\/\/blogs.funiber.org\/pt\/formacao-professores\/2013\/10\/24\/estudo-avalia-o-uso-do-facebook-na-formacao-de-professores","name":"Estudo avalia o uso do Facebook na forma\u00e7\u00e3o de professores - FuniBlogs - FUNIBER","isPartOf":{"@id":"https:\/\/blogs.funiber.org\/pt\/#website"},"datePublished":"2013-10-24T12:26:47+00:00","dateModified":"2013-10-24T12:29:00+00:00","breadcrumb":{"@id":"https:\/\/blogs.funiber.org\/pt\/formacao-professores\/2013\/10\/24\/estudo-avalia-o-uso-do-facebook-na-formacao-de-professores#breadcrumb"},"inLanguage":"pt-BR","potentialAction":[{"@type":"ReadAction","target":["https:\/\/blogs.funiber.org\/pt\/formacao-professores\/2013\/10\/24\/estudo-avalia-o-uso-do-facebook-na-formacao-de-professores"]}]},{"@type":"BreadcrumbList","@id":"https:\/\/blogs.funiber.org\/pt\/formacao-professores\/2013\/10\/24\/estudo-avalia-o-uso-do-facebook-na-formacao-de-professores#breadcrumb","itemListElement":[{"@type":"ListItem","position":1,"name":"In\u00edcio","item":"https:\/\/blogs.funiber.org\/pt"},{"@type":"ListItem","position":2,"name":"Estudo avalia o uso do Facebook na forma\u00e7\u00e3o de professores"}]},{"@type":"WebSite","@id":"https:\/\/blogs.funiber.org\/pt\/#website","url":"https:\/\/blogs.funiber.org\/pt\/","name":"FuniBlogs - FUNIBER","description":"","publisher":{"@id":"https:\/\/blogs.funiber.org\/pt\/#organization"},"potentialAction":[{"@type":"SearchAction","target":{"@type":"EntryPoint","urlTemplate":"https:\/\/blogs.funiber.org\/pt\/?s={search_term_string}"},"query-input":"required name=search_term_string"}],"inLanguage":"pt-BR"},{"@type":"Organization","@id":"https:\/\/blogs.funiber.org\/pt\/#organization","name":"FuniBlogs - FUNIBER","url":"https:\/\/blogs.funiber.org\/pt\/","logo":{"@type":"ImageObject","inLanguage":"pt-BR","@id":"https:\/\/blogs.funiber.org\/pt\/#\/schema\/logo\/image\/","url":"https:\/\/www.funiber.blog\/pt\/wp-content\/uploads\/2022\/02\/logo-funiber-pt-br-v-dos.svg","contentUrl":"https:\/\/www.funiber.blog\/pt\/wp-content\/uploads\/2022\/02\/logo-funiber-pt-br-v-dos.svg","width":1,"height":1,"caption":"FuniBlogs - FUNIBER"},"image":{"@id":"https:\/\/blogs.funiber.org\/pt\/#\/schema\/logo\/image\/"},"sameAs":["https:\/\/www.facebook.com\/funiber","https:\/\/twitter.com\/FUNIBER","https:\/\/www.instagram.com\/funiber_becas","https:\/\/www.youtube.com\/user\/funiber","https:\/\/www.linkedin.com\/company\/funiber"]},{"@type":"Person","@id":"https:\/\/blogs.funiber.org\/pt\/#\/schema\/person\/a1eaaa5e57eac866a8c5946946bcf80d","name":"Michelle","image":{"@type":"ImageObject","inLanguage":"pt-BR","@id":"https:\/\/blogs.funiber.org\/pt\/#\/schema\/person\/image\/","url":"https:\/\/secure.gravatar.com\/avatar\/5e87041f7609dc50493cf216754fece1?s=96&d=mm&r=g","contentUrl":"https:\/\/secure.gravatar.com\/avatar\/5e87041f7609dc50493cf216754fece1?s=96&d=mm&r=g","caption":"Michelle"},"url":"https:\/\/www.funiber.blog\/pt\/author\/michelle-moreira"}]}},"jetpack_featured_media_url":"https:\/\/www.funiber.blog\/pt\/wp-content\/uploads\/2013\/10\/FP-SocialNetworkCREATIVECOMMONS-1314023247-872-640x480.jpg","jetpack_shortlink":"https:\/\/wp.me\/p7ee1t-Fr","jetpack_sharing_enabled":true,"_links":{"self":[{"href":"https:\/\/www.funiber.blog\/pt\/wp-json\/wp\/v2\/posts\/2569"}],"collection":[{"href":"https:\/\/www.funiber.blog\/pt\/wp-json\/wp\/v2\/posts"}],"about":[{"href":"https:\/\/www.funiber.blog\/pt\/wp-json\/wp\/v2\/types\/post"}],"author":[{"embeddable":true,"href":"https:\/\/www.funiber.blog\/pt\/wp-json\/wp\/v2\/users\/10"}],"replies":[{"embeddable":true,"href":"https:\/\/www.funiber.blog\/pt\/wp-json\/wp\/v2\/comments?post=2569"}],"version-history":[{"count":4,"href":"https:\/\/www.funiber.blog\/pt\/wp-json\/wp\/v2\/posts\/2569\/revisions"}],"predecessor-version":[{"id":2573,"href":"https:\/\/www.funiber.blog\/pt\/wp-json\/wp\/v2\/posts\/2569\/revisions\/2573"}],"wp:featuredmedia":[{"embeddable":true,"href":"https:\/\/www.funiber.blog\/pt\/wp-json\/wp\/v2\/media\/2570"}],"wp:attachment":[{"href":"https:\/\/www.funiber.blog\/pt\/wp-json\/wp\/v2\/media?parent=2569"}],"wp:term":[{"taxonomy":"category","embeddable":true,"href":"https:\/\/www.funiber.blog\/pt\/wp-json\/wp\/v2\/categories?post=2569"},{"taxonomy":"post_tag","embeddable":true,"href":"https:\/\/www.funiber.blog\/pt\/wp-json\/wp\/v2\/tags?post=2569"}],"curies":[{"name":"wp","href":"https:\/\/api.w.org\/{rel}","templated":true}]}}