{"id":25947,"date":"2022-02-17T05:45:13","date_gmt":"2022-02-17T10:45:13","guid":{"rendered":"https:\/\/blogs.funiber.org\/pt\/?p=25947"},"modified":"2022-02-28T05:51:10","modified_gmt":"2022-02-28T10:51:10","slug":"funiber-saiba-estruturar-curriculo-gestao-projetos","status":"publish","type":"post","link":"https:\/\/www.funiber.blog\/pt\/arquitetura-e-desenho\/2022\/02\/17\/funiber-saiba-estruturar-curriculo-gestao-projetos","title":{"rendered":"Saiba como estruturar seu curr\u00edculo de gest\u00e3o de projetos"},"content":{"rendered":"<h2>Essencial para o sucesso de um gerente de projeto \u00e9 um curr\u00edculo estruturado e f\u00e1cil de seguir que demonstre sua capacidade de organizar e fornecer informa\u00e7\u00f5es de forma eficiente.<\/h2>\n<p><!--more--><\/p>\n<p><b>Dicas para o desenvolvimento curricular<\/b><\/p>\n<p><b>1.- Foco no que \u00e9 importante para o futuro empregador.<\/b><\/p>\n<p><span style=\"font-weight: 400;\">\u00c9 importante que ao enviar um CV a um empregador potencial, ele seja feito sob medida para a empresa e para o setor. <\/span><b>Cynthia Davis<\/b><span style=\"font-weight: 400;\">, cofundadora da plataforma de recrutamento <\/span><b>Diversifying.io<\/b><span style=\"font-weight: 400;\">, menciona que isto serve para preencher a lacuna entre o que foi feito e o que eles querem fazer no futuro.\u00a0<\/span><\/p>\n<p><span style=\"font-weight: 400;\">\u00a0<\/span><b>Elizabeth Harrin,<\/b><span style=\"font-weight: 400;\"> diretora do<\/span><b> RebelsGuideToPM<\/b><span style=\"font-weight: 400;\">, enfatiza a import\u00e2ncia d apresentar um CV que n\u00e3o inclua linguagem t\u00e9cnica. Isto porque h\u00e1 pouco tempo para causar uma boa impress\u00e3o e o recrutador deve ser capaz de escanear suavemente, mesmo que n\u00e3o perten\u00e7a ao mesmo setor.<\/span><\/p>\n<p><span style=\"font-weight: 400;\">Por outro lado, a chefe de identidade e governan\u00e7a da <\/span><b>Advania Su\u00e9cia<\/b><span style=\"font-weight: 400;\">, <\/span><b>Lovisa Stenb\u00e4cken Stjernl\u00f6f<\/b><span style=\"font-weight: 400;\">, recomenda incluir mais conhecimentos t\u00e9cnicos dentro da \u00e1rea em que voc\u00ea deseja trabalhar, em vez de acrescentar mais habilidades de gerenciamento de projetos.<\/span><\/p>\n<p><b>2.- Descartar o formato tradicional.<\/b><\/p>\n<p><span style=\"font-weight: 400;\">Um curr\u00edculo de gerenciamento do projeto deve ser estruturado em torno do impacto ou dos resultados que foram obtidos com a implementa\u00e7\u00e3o do projeto. Ser claro e conciso na descri\u00e7\u00e3o de seu desempenho pode ajudar a explicar melhor sua trajet\u00f3ria.<\/span><\/p>\n<p><b>3.- Quantificando as realiza\u00e7\u00f5es.<\/b><\/p>\n<p><span style=\"font-weight: 400;\">Os especialistas ressaltam que a quantifica\u00e7\u00e3o das realiza\u00e7\u00f5es ajuda o CV a se destacar. S\u00e3o essenciais reivindica\u00e7\u00f5es num\u00e9ricas fortes que s\u00e3o respaldadas por dados reais. No entanto, voc\u00ea n\u00e3o deve dar mais detalhes do que o necess\u00e1rio que poderiam ser um problema para seu atual empregador.<\/span><\/p>\n<p><b>4.- Presumir certifica\u00e7\u00f5es.<\/b><\/p>\n<p><span style=\"font-weight: 400;\">&#8220;Voc\u00ea pode escrever a certifica\u00e7\u00e3o em seu curr\u00edculo como se fosse uma descri\u00e7\u00e3o de trabalho, com a autoridade emissora no local da empresa. A data final da certifica\u00e7\u00e3o ou os anos em que ela estar\u00e1 ativa estariam na coluna de datas. A partir da\u00ed, use marcadores para expandir os princ\u00edpios que voc\u00ea ganhou com essa certifica\u00e7\u00e3o e use palavras-chave diretamente da descri\u00e7\u00e3o do trabalho&#8221;, recomenda Sara Hutchison, redatora de curr\u00edculo executivo.<\/span><\/p>\n<p><b>5.- O toque humano.<\/b><\/p>\n<p><span style=\"font-weight: 400;\">N\u00e3o se esque\u00e7a de mostrar seu lado humano, destacando o que lhe apaixona ou do que se orgulha. Crucial para o sucesso do curr\u00edculo s\u00e3o as soft skills. &#8220;Agora mais do que nunca, os empregadores est\u00e3o procurando gerentes de projetos que se dediquem a resolver problemas de forma eficaz, comunicando-se com os colegas e oferecendo solu\u00e7\u00f5es flex\u00edveis quando necess\u00e1rio&#8221;, diz <\/span><b>Dave Garrett,<\/b><span style=\"font-weight: 400;\"> diretor de estrat\u00e9gia e crescimento do <\/span><b>Project Management Institute<\/b><span style=\"font-weight: 400;\">.<\/span><\/p>\n<p><span style=\"font-weight: 400;\">Finalmente, a <\/span><a href=\"https:\/\/www.funiber.org.br\/\" target=\"_blank\" rel=\"noopener\"><b>FUNIBER<\/b><\/a><span style=\"font-weight: 400;\"> patrocina uma variedade de cursos para forma\u00e7\u00e3o na \u00e1rea. V\u00e1rios destes programas <\/span><span style=\"font-weight: 400;\">s\u00e3o o <\/span><a href=\"https:\/\/www.funiber.org.br\/mestrado-em-competencias-profissionais-em-projetos\" target=\"_blank\" rel=\"noopener\"><b>Mestrado em habilidades profissionais de Projetos<\/b><\/a><span style=\"font-weight: 400;\"> e o <\/span><a href=\"https:\/\/www.funiber.org.br\/mestrado-em-desenho-gestao-direcao-de-projetos-de-cooperacao-internacional\" target=\"_blank\" rel=\"noopener\"><b>Mestrado em Desenho, Gest\u00e3o e Dire\u00e7\u00e3o de Projetos de Coopera\u00e7\u00e3o Internacional.<\/b><\/a><\/p>\n<p><span style=\"font-weight: 400;\">Fonte: <\/span><a href=\"https:\/\/www.ciospain.es\/liderazgo\/cinco-consejos-para-un-curriculum-de-gestion-de-proyectos\" target=\"_blank\" rel=\"noopener\"><b>Cinco consejos para un curr\u00edculum de gesti\u00f3n de proyectos<\/b><\/a><\/p>\n<p><span style=\"font-weight: 400;\">Foto: Todos os direitos reservados.<\/span><\/p>\n","protected":false},"excerpt":{"rendered":"<p>Essencial para o sucesso de um gerente de projeto \u00e9 um curr\u00edculo estruturado e f\u00e1cil de seguir que demonstre sua capacidade de organizar e fornecer informa\u00e7\u00f5es de forma eficiente.<\/p>\n","protected":false},"author":27,"featured_media":25948,"comment_status":"closed","ping_status":"closed","sticky":false,"template":"","format":"standard","meta":{"jetpack_post_was_ever_published":false,"_jetpack_newsletter_access":"","_jetpack_newsletter_tier_id":0,"footnotes":"","jetpack_publicize_message":"","jetpack_is_tweetstorm":false,"jetpack_publicize_feature_enabled":true,"jetpack_social_post_already_shared":true,"jetpack_social_options":{"image_generator_settings":{"template":"highway","enabled":false}}},"categories":[7],"tags":[1242,855,285,408,119,911,671,641,255,112],"jetpack_publicize_connections":[],"yoast_head":"<!-- This site is optimized with the Yoast SEO plugin v21.7 - https:\/\/yoast.com\/wordpress\/plugins\/seo\/ -->\n<title>Saiba como estruturar seu curr\u00edculo de gest\u00e3o de projetos<\/title>\n<meta name=\"description\" content=\"Essencial para o sucesso de um gerente de projeto \u00e9 um curr\u00edculo estruturado e f\u00e1cil de seguir que demonstre sua capacidade de organizar e fornecer informa\u00e7\u00f5es de forma eficiente.\" \/>\n<meta name=\"robots\" content=\"index, follow, max-snippet:-1, max-image-preview:large, max-video-preview:-1\" \/>\n<link rel=\"canonical\" href=\"https:\/\/blogs.funiber.org\/pt\/arquitetura-e-desenho\/2022\/02\/17\/funiber-saiba-estruturar-curriculo-gestao-projetos\" \/>\n<meta property=\"og:locale\" content=\"pt_BR\" \/>\n<meta property=\"og:type\" content=\"article\" \/>\n<meta property=\"og:title\" content=\"Saiba como estruturar seu curr\u00edculo de gest\u00e3o de projetos\" \/>\n<meta property=\"og:description\" content=\"Essencial para o sucesso de um gerente de projeto \u00e9 um curr\u00edculo estruturado e f\u00e1cil de seguir que demonstre sua capacidade de organizar e fornecer informa\u00e7\u00f5es de forma eficiente.\" \/>\n<meta property=\"og:url\" content=\"https:\/\/blogs.funiber.org\/pt\/arquitetura-e-desenho\/2022\/02\/17\/funiber-saiba-estruturar-curriculo-gestao-projetos\" \/>\n<meta property=\"og:site_name\" content=\"FuniBlogs - FUNIBER\" \/>\n<meta property=\"article:publisher\" content=\"https:\/\/www.facebook.com\/funiber\" \/>\n<meta property=\"article:published_time\" content=\"2022-02-17T10:45:13+00:00\" \/>\n<meta property=\"article:modified_time\" content=\"2022-02-28T10:51:10+00:00\" \/>\n<meta property=\"og:image\" content=\"https:\/\/blogs.funiber.org\/pt\/wp-content\/uploads\/2022\/02\/proyectos.jpg\" \/>\n\t<meta property=\"og:image:width\" content=\"570\" \/>\n\t<meta property=\"og:image:height\" content=\"350\" \/>\n\t<meta property=\"og:image:type\" content=\"image\/jpeg\" \/>\n<meta name=\"author\" content=\"Ruth Congregado\" \/>\n<meta name=\"twitter:card\" content=\"summary_large_image\" \/>\n<meta name=\"twitter:creator\" content=\"@FUNIBER\" \/>\n<meta name=\"twitter:site\" content=\"@FUNIBER\" \/>\n<meta name=\"twitter:label1\" content=\"Escrito por\" \/>\n\t<meta name=\"twitter:data1\" content=\"Ruth Congregado\" \/>\n\t<meta name=\"twitter:label2\" content=\"Est. tempo de leitura\" \/>\n\t<meta name=\"twitter:data2\" content=\"3 minutos\" \/>\n<script type=\"application\/ld+json\" class=\"yoast-schema-graph\">{\"@context\":\"https:\/\/schema.org\",\"@graph\":[{\"@type\":\"Article\",\"@id\":\"https:\/\/blogs.funiber.org\/pt\/arquitetura-e-desenho\/2022\/02\/17\/funiber-saiba-estruturar-curriculo-gestao-projetos#article\",\"isPartOf\":{\"@id\":\"https:\/\/blogs.funiber.org\/pt\/arquitetura-e-desenho\/2022\/02\/17\/funiber-saiba-estruturar-curriculo-gestao-projetos\"},\"author\":{\"name\":\"Ruth Congregado\",\"@id\":\"https:\/\/blogs.funiber.org\/pt\/#\/schema\/person\/d1f71292335f509051d4b7c96f3a388a\"},\"headline\":\"Saiba como estruturar seu curr\u00edculo de gest\u00e3o de projetos\",\"datePublished\":\"2022-02-17T10:45:13+00:00\",\"dateModified\":\"2022-02-28T10:51:10+00:00\",\"mainEntityOfPage\":{\"@id\":\"https:\/\/blogs.funiber.org\/pt\/arquitetura-e-desenho\/2022\/02\/17\/funiber-saiba-estruturar-curriculo-gestao-projetos\"},\"wordCount\":534,\"publisher\":{\"@id\":\"https:\/\/blogs.funiber.org\/pt\/#organization\"},\"keywords\":[\"Bolsas\",\"Doutorado\",\"Educa\u00e7\u00e3o\",\"Educa\u00e7\u00e3o a Dist\u00e2ncia\",\"Estudos\",\"FUNIBER Opini\u00f5es\",\"mestrado\",\"Opini\u00e3o FUNIBER\",\"Opini\u00f5es Funiber\",\"Projetos\"],\"articleSection\":[\"Projetos\"],\"inLanguage\":\"pt-BR\"},{\"@type\":\"WebPage\",\"@id\":\"https:\/\/blogs.funiber.org\/pt\/arquitetura-e-desenho\/2022\/02\/17\/funiber-saiba-estruturar-curriculo-gestao-projetos\",\"url\":\"https:\/\/blogs.funiber.org\/pt\/arquitetura-e-desenho\/2022\/02\/17\/funiber-saiba-estruturar-curriculo-gestao-projetos\",\"name\":\"Saiba como estruturar seu curr\u00edculo de gest\u00e3o de projetos\",\"isPartOf\":{\"@id\":\"https:\/\/blogs.funiber.org\/pt\/#website\"},\"datePublished\":\"2022-02-17T10:45:13+00:00\",\"dateModified\":\"2022-02-28T10:51:10+00:00\",\"description\":\"Essencial para o sucesso de um gerente de projeto \u00e9 um curr\u00edculo estruturado e f\u00e1cil de seguir que demonstre sua capacidade de organizar e fornecer informa\u00e7\u00f5es de forma eficiente.\",\"breadcrumb\":{\"@id\":\"https:\/\/blogs.funiber.org\/pt\/arquitetura-e-desenho\/2022\/02\/17\/funiber-saiba-estruturar-curriculo-gestao-projetos#breadcrumb\"},\"inLanguage\":\"pt-BR\",\"potentialAction\":[{\"@type\":\"ReadAction\",\"target\":[\"https:\/\/blogs.funiber.org\/pt\/arquitetura-e-desenho\/2022\/02\/17\/funiber-saiba-estruturar-curriculo-gestao-projetos\"]}]},{\"@type\":\"BreadcrumbList\",\"@id\":\"https:\/\/blogs.funiber.org\/pt\/arquitetura-e-desenho\/2022\/02\/17\/funiber-saiba-estruturar-curriculo-gestao-projetos#breadcrumb\",\"itemListElement\":[{\"@type\":\"ListItem\",\"position\":1,\"name\":\"In\u00edcio\",\"item\":\"https:\/\/blogs.funiber.org\/pt\"},{\"@type\":\"ListItem\",\"position\":2,\"name\":\"Saiba como estruturar seu curr\u00edculo de gest\u00e3o de projetos\"}]},{\"@type\":\"WebSite\",\"@id\":\"https:\/\/blogs.funiber.org\/pt\/#website\",\"url\":\"https:\/\/blogs.funiber.org\/pt\/\",\"name\":\"FuniBlogs - FUNIBER\",\"description\":\"\",\"publisher\":{\"@id\":\"https:\/\/blogs.funiber.org\/pt\/#organization\"},\"potentialAction\":[{\"@type\":\"SearchAction\",\"target\":{\"@type\":\"EntryPoint\",\"urlTemplate\":\"https:\/\/blogs.funiber.org\/pt\/?s={search_term_string}\"},\"query-input\":\"required name=search_term_string\"}],\"inLanguage\":\"pt-BR\"},{\"@type\":\"Organization\",\"@id\":\"https:\/\/blogs.funiber.org\/pt\/#organization\",\"name\":\"FuniBlogs - FUNIBER\",\"url\":\"https:\/\/blogs.funiber.org\/pt\/\",\"logo\":{\"@type\":\"ImageObject\",\"inLanguage\":\"pt-BR\",\"@id\":\"https:\/\/blogs.funiber.org\/pt\/#\/schema\/logo\/image\/\",\"url\":\"https:\/\/www.funiber.blog\/pt\/wp-content\/uploads\/2022\/02\/logo-funiber-pt-br-v-dos.svg\",\"contentUrl\":\"https:\/\/www.funiber.blog\/pt\/wp-content\/uploads\/2022\/02\/logo-funiber-pt-br-v-dos.svg\",\"width\":1,\"height\":1,\"caption\":\"FuniBlogs - FUNIBER\"},\"image\":{\"@id\":\"https:\/\/blogs.funiber.org\/pt\/#\/schema\/logo\/image\/\"},\"sameAs\":[\"https:\/\/www.facebook.com\/funiber\",\"https:\/\/twitter.com\/FUNIBER\",\"https:\/\/www.instagram.com\/funiber_becas\",\"https:\/\/www.youtube.com\/user\/funiber\",\"https:\/\/www.linkedin.com\/company\/funiber\"]},{\"@type\":\"Person\",\"@id\":\"https:\/\/blogs.funiber.org\/pt\/#\/schema\/person\/d1f71292335f509051d4b7c96f3a388a\",\"name\":\"Ruth Congregado\",\"image\":{\"@type\":\"ImageObject\",\"inLanguage\":\"pt-BR\",\"@id\":\"https:\/\/blogs.funiber.org\/pt\/#\/schema\/person\/image\/\",\"url\":\"https:\/\/secure.gravatar.com\/avatar\/ad1938e89a5f73dc96b83b7d1960a1a1?s=96&d=mm&r=g\",\"contentUrl\":\"https:\/\/secure.gravatar.com\/avatar\/ad1938e89a5f73dc96b83b7d1960a1a1?s=96&d=mm&r=g\",\"caption\":\"Ruth Congregado\"},\"url\":\"https:\/\/www.funiber.blog\/pt\/author\/ruth-congregado\"}]}<\/script>\n<!-- \/ Yoast SEO plugin. -->","yoast_head_json":{"title":"Saiba como estruturar seu curr\u00edculo de gest\u00e3o de projetos","description":"Essencial para o sucesso de um gerente de projeto \u00e9 um curr\u00edculo estruturado e f\u00e1cil de seguir que demonstre sua capacidade de organizar e fornecer informa\u00e7\u00f5es de forma eficiente.","robots":{"index":"index","follow":"follow","max-snippet":"max-snippet:-1","max-image-preview":"max-image-preview:large","max-video-preview":"max-video-preview:-1"},"canonical":"https:\/\/blogs.funiber.org\/pt\/arquitetura-e-desenho\/2022\/02\/17\/funiber-saiba-estruturar-curriculo-gestao-projetos","og_locale":"pt_BR","og_type":"article","og_title":"Saiba como estruturar seu curr\u00edculo de gest\u00e3o de projetos","og_description":"Essencial para o sucesso de um gerente de projeto \u00e9 um curr\u00edculo estruturado e f\u00e1cil de seguir que demonstre sua capacidade de organizar e fornecer informa\u00e7\u00f5es de forma eficiente.","og_url":"https:\/\/blogs.funiber.org\/pt\/arquitetura-e-desenho\/2022\/02\/17\/funiber-saiba-estruturar-curriculo-gestao-projetos","og_site_name":"FuniBlogs - FUNIBER","article_publisher":"https:\/\/www.facebook.com\/funiber","article_published_time":"2022-02-17T10:45:13+00:00","article_modified_time":"2022-02-28T10:51:10+00:00","og_image":[{"width":570,"height":350,"url":"https:\/\/blogs.funiber.org\/pt\/wp-content\/uploads\/2022\/02\/proyectos.jpg","type":"image\/jpeg"}],"author":"Ruth Congregado","twitter_card":"summary_large_image","twitter_creator":"@FUNIBER","twitter_site":"@FUNIBER","twitter_misc":{"Escrito por":"Ruth Congregado","Est. tempo de leitura":"3 minutos"},"schema":{"@context":"https:\/\/schema.org","@graph":[{"@type":"Article","@id":"https:\/\/blogs.funiber.org\/pt\/arquitetura-e-desenho\/2022\/02\/17\/funiber-saiba-estruturar-curriculo-gestao-projetos#article","isPartOf":{"@id":"https:\/\/blogs.funiber.org\/pt\/arquitetura-e-desenho\/2022\/02\/17\/funiber-saiba-estruturar-curriculo-gestao-projetos"},"author":{"name":"Ruth Congregado","@id":"https:\/\/blogs.funiber.org\/pt\/#\/schema\/person\/d1f71292335f509051d4b7c96f3a388a"},"headline":"Saiba como estruturar seu curr\u00edculo de gest\u00e3o de projetos","datePublished":"2022-02-17T10:45:13+00:00","dateModified":"2022-02-28T10:51:10+00:00","mainEntityOfPage":{"@id":"https:\/\/blogs.funiber.org\/pt\/arquitetura-e-desenho\/2022\/02\/17\/funiber-saiba-estruturar-curriculo-gestao-projetos"},"wordCount":534,"publisher":{"@id":"https:\/\/blogs.funiber.org\/pt\/#organization"},"keywords":["Bolsas","Doutorado","Educa\u00e7\u00e3o","Educa\u00e7\u00e3o a Dist\u00e2ncia","Estudos","FUNIBER Opini\u00f5es","mestrado","Opini\u00e3o FUNIBER","Opini\u00f5es Funiber","Projetos"],"articleSection":["Projetos"],"inLanguage":"pt-BR"},{"@type":"WebPage","@id":"https:\/\/blogs.funiber.org\/pt\/arquitetura-e-desenho\/2022\/02\/17\/funiber-saiba-estruturar-curriculo-gestao-projetos","url":"https:\/\/blogs.funiber.org\/pt\/arquitetura-e-desenho\/2022\/02\/17\/funiber-saiba-estruturar-curriculo-gestao-projetos","name":"Saiba como estruturar seu curr\u00edculo de gest\u00e3o de projetos","isPartOf":{"@id":"https:\/\/blogs.funiber.org\/pt\/#website"},"datePublished":"2022-02-17T10:45:13+00:00","dateModified":"2022-02-28T10:51:10+00:00","description":"Essencial para o sucesso de um gerente de projeto \u00e9 um curr\u00edculo estruturado e f\u00e1cil de seguir que demonstre sua capacidade de organizar e fornecer informa\u00e7\u00f5es de forma eficiente.","breadcrumb":{"@id":"https:\/\/blogs.funiber.org\/pt\/arquitetura-e-desenho\/2022\/02\/17\/funiber-saiba-estruturar-curriculo-gestao-projetos#breadcrumb"},"inLanguage":"pt-BR","potentialAction":[{"@type":"ReadAction","target":["https:\/\/blogs.funiber.org\/pt\/arquitetura-e-desenho\/2022\/02\/17\/funiber-saiba-estruturar-curriculo-gestao-projetos"]}]},{"@type":"BreadcrumbList","@id":"https:\/\/blogs.funiber.org\/pt\/arquitetura-e-desenho\/2022\/02\/17\/funiber-saiba-estruturar-curriculo-gestao-projetos#breadcrumb","itemListElement":[{"@type":"ListItem","position":1,"name":"In\u00edcio","item":"https:\/\/blogs.funiber.org\/pt"},{"@type":"ListItem","position":2,"name":"Saiba como estruturar seu curr\u00edculo de gest\u00e3o de projetos"}]},{"@type":"WebSite","@id":"https:\/\/blogs.funiber.org\/pt\/#website","url":"https:\/\/blogs.funiber.org\/pt\/","name":"FuniBlogs - FUNIBER","description":"","publisher":{"@id":"https:\/\/blogs.funiber.org\/pt\/#organization"},"potentialAction":[{"@type":"SearchAction","target":{"@type":"EntryPoint","urlTemplate":"https:\/\/blogs.funiber.org\/pt\/?s={search_term_string}"},"query-input":"required name=search_term_string"}],"inLanguage":"pt-BR"},{"@type":"Organization","@id":"https:\/\/blogs.funiber.org\/pt\/#organization","name":"FuniBlogs - FUNIBER","url":"https:\/\/blogs.funiber.org\/pt\/","logo":{"@type":"ImageObject","inLanguage":"pt-BR","@id":"https:\/\/blogs.funiber.org\/pt\/#\/schema\/logo\/image\/","url":"https:\/\/www.funiber.blog\/pt\/wp-content\/uploads\/2022\/02\/logo-funiber-pt-br-v-dos.svg","contentUrl":"https:\/\/www.funiber.blog\/pt\/wp-content\/uploads\/2022\/02\/logo-funiber-pt-br-v-dos.svg","width":1,"height":1,"caption":"FuniBlogs - FUNIBER"},"image":{"@id":"https:\/\/blogs.funiber.org\/pt\/#\/schema\/logo\/image\/"},"sameAs":["https:\/\/www.facebook.com\/funiber","https:\/\/twitter.com\/FUNIBER","https:\/\/www.instagram.com\/funiber_becas","https:\/\/www.youtube.com\/user\/funiber","https:\/\/www.linkedin.com\/company\/funiber"]},{"@type":"Person","@id":"https:\/\/blogs.funiber.org\/pt\/#\/schema\/person\/d1f71292335f509051d4b7c96f3a388a","name":"Ruth Congregado","image":{"@type":"ImageObject","inLanguage":"pt-BR","@id":"https:\/\/blogs.funiber.org\/pt\/#\/schema\/person\/image\/","url":"https:\/\/secure.gravatar.com\/avatar\/ad1938e89a5f73dc96b83b7d1960a1a1?s=96&d=mm&r=g","contentUrl":"https:\/\/secure.gravatar.com\/avatar\/ad1938e89a5f73dc96b83b7d1960a1a1?s=96&d=mm&r=g","caption":"Ruth Congregado"},"url":"https:\/\/www.funiber.blog\/pt\/author\/ruth-congregado"}]}},"jetpack_featured_media_url":"https:\/\/www.funiber.blog\/pt\/wp-content\/uploads\/2022\/02\/proyectos.jpg","jetpack_shortlink":"https:\/\/wp.me\/p7ee1t-6Kv","jetpack_sharing_enabled":true,"_links":{"self":[{"href":"https:\/\/www.funiber.blog\/pt\/wp-json\/wp\/v2\/posts\/25947"}],"collection":[{"href":"https:\/\/www.funiber.blog\/pt\/wp-json\/wp\/v2\/posts"}],"about":[{"href":"https:\/\/www.funiber.blog\/pt\/wp-json\/wp\/v2\/types\/post"}],"author":[{"embeddable":true,"href":"https:\/\/www.funiber.blog\/pt\/wp-json\/wp\/v2\/users\/27"}],"replies":[{"embeddable":true,"href":"https:\/\/www.funiber.blog\/pt\/wp-json\/wp\/v2\/comments?post=25947"}],"version-history":[{"count":1,"href":"https:\/\/www.funiber.blog\/pt\/wp-json\/wp\/v2\/posts\/25947\/revisions"}],"predecessor-version":[{"id":25949,"href":"https:\/\/www.funiber.blog\/pt\/wp-json\/wp\/v2\/posts\/25947\/revisions\/25949"}],"wp:featuredmedia":[{"embeddable":true,"href":"https:\/\/www.funiber.blog\/pt\/wp-json\/wp\/v2\/media\/25948"}],"wp:attachment":[{"href":"https:\/\/www.funiber.blog\/pt\/wp-json\/wp\/v2\/media?parent=25947"}],"wp:term":[{"taxonomy":"category","embeddable":true,"href":"https:\/\/www.funiber.blog\/pt\/wp-json\/wp\/v2\/categories?post=25947"},{"taxonomy":"post_tag","embeddable":true,"href":"https:\/\/www.funiber.blog\/pt\/wp-json\/wp\/v2\/tags?post=25947"}],"curies":[{"name":"wp","href":"https:\/\/api.w.org\/{rel}","templated":true}]}}