{"id":26011,"date":"2022-03-08T09:58:21","date_gmt":"2022-03-08T14:58:21","guid":{"rendered":"https:\/\/blogs.funiber.org\/pt\/?p=26011"},"modified":"2022-03-11T10:08:50","modified_gmt":"2022-03-11T15:08:50","slug":"funiber-dois-matematicos-recebem-premios-contribuicoes-area","status":"publish","type":"post","link":"https:\/\/www.funiber.blog\/pt\/empresas-e-rh\/2022\/03\/08\/funiber-dois-matematicos-recebem-premios-contribuicoes-area","title":{"rendered":"Dois matem\u00e1ticos recebem pr\u00eamios por suas contribui\u00e7\u00f5es em sua \u00e1rea"},"content":{"rendered":"<h2>Charles Fefferman e Jean-Fran\u00e7ois Le Gall abriram novas possibilidades na an\u00e1lise matem\u00e1tica e teoria da probabilidade, utilizadas em mp3 e GPS.<\/h2>\n<p><!--more--><\/p>\n<p><span style=\"font-weight: 400;\">Charles Fefferman da Universidade de Princeton e Jean-Fran\u00e7ois Le Gall da Universidade Paris-Saclay receberam o Pr\u00eamio Fronteiras do Conhecimento da Funda\u00e7\u00e3o BBVA em Ci\u00eancias B\u00e1sicas. Segundo a funda\u00e7\u00e3o, os vencedores abriram \u201cnovas perspectivas na an\u00e1lise matem\u00e1tica e na teoria das probabilidades, com enorme influ\u00eancia em toda uma gera\u00e7\u00e3o de matem\u00e1ticos\u201d.<\/span><\/p>\n<p><span style=\"font-weight: 400;\">Fefferman era uma crian\u00e7a prod\u00edgio: foi para a universidade aos 14 anos, obteve o doutorado em matem\u00e1tica aos 20 e aos 22 tornou-se o professor mais jovem de todos os tempos nos Estados Unidos. Aos 29 anos, ele recebeu a Medalha Fields, considerada o Pr\u00eamio Nobel de Matem\u00e1tica.\u00a0<\/span><\/p>\n<p><span style=\"font-weight: 400;\">Fefferman fez contribui\u00e7\u00f5es em uma grande variedade de \u00e1reas da matem\u00e1tica: an\u00e1lise harm\u00f4nica, equa\u00e7\u00f5es diferenciais parciais, mec\u00e2nica qu\u00e2ntica, mec\u00e2nica dos fluidos, computa\u00e7\u00e3o, matem\u00e1tica financeira, redes neurais e f\u00edsica do estado s\u00f3lido. Os c\u00e1lculos feitos por Fefferman na d\u00e9cada de 1970 ajudaram a completar o desenvolvimento das wavelets, ferramentas que permitem decompor um som ou uma imagem em pacotes de informa\u00e7\u00f5es mais simples.\u00a0<\/span><\/p>\n<p><span style=\"font-weight: 400;\">Fefferman explicou seu pensamento: \u201cTenho a sensa\u00e7\u00e3o de que eu n\u00e3o escolho os problemas, eles me escolhem. Ou\u00e7o falar de um problema e \u00e9 t\u00e3o fascinante que n\u00e3o consigo parar de pensar sobre ele. E se pertence a um campo que n\u00e3o estudei antes, mas acho que tenho alguma chance de poder contribuir com algo para resolv\u00ea-lo, eu tento fazer isso.<\/span><\/p>\n<p><span style=\"font-weight: 400;\">Nos \u00faltimos 15 anos, a pesquisa de Le Gall criou um novo ramo na teoria da probabilidade baseada na investiga\u00e7\u00e3o das \u201cesferas brownianas\u201d, inventada pelos f\u00edsicos como um modelo para a teoria da gravidade qu\u00e2ntica. Le Gall \u00e9 a pessoa mais interessada na \u00e1rea da f\u00edsica, e tem feito contribui\u00e7\u00f5es indispens\u00e1veis neste campo.\u00a0<\/span><\/p>\n<p><span style=\"font-weight: 400;\">\u201cA matem\u00e1tica \u00e9 a linguagem da ci\u00eancia, por isso \u00e9 muito importante enfatizar, por exemplo, que os f\u00edsicos, como qu\u00edmicos ou bi\u00f3logos, usam a matem\u00e1tica para entender a natureza. A mec\u00e2nica qu\u00e2ntica, por exemplo, ou a relatividade dependem de uma matem\u00e1tica profunda. Bons modelos matem\u00e1ticos s\u00e3o fundamentais para a ci\u00eancia\u201d, disse Le Gall.\u00a0<\/span><\/p>\n<p><span style=\"font-weight: 400;\">Ambos os vencedores defendem a import\u00e2ncia da matem\u00e1tica no mundo de hoje, tanto para o avan\u00e7o do crescimento quanto para o desenvolvimento tecnol\u00f3gico.\u00a0\u00a0<\/span><\/p>\n<p><span style=\"font-weight: 400;\">A FUNIBER promove estudos relacionados \u00e0 matem\u00e1tica como, por exemplo:<\/span><\/p>\n<ul>\n<li style=\"font-weight: 400;\" aria-level=\"1\"><a href=\"https:\/\/www.funiber.org.br\/mestrado-em-infraestrutura-e-engenharia-civil\" target=\"_blank\" rel=\"noopener\"><span style=\"font-weight: 400;\">Mestrado em Infraestrutura e Engenharia Civil<\/span><\/a><\/li>\n<li><a href=\"https:\/\/www.funiber.org.br\/mestrado-em-direcao-estrategica-em-telecomunicacoes\" target=\"_blank\" rel=\"noopener\" hreflang=\"pt-br\">Mestrado em Dire\u00e7\u00e3o Estrat\u00e9gica em Telecomunica\u00e7\u00f5es<\/a><\/li>\n<\/ul>\n<p><span style=\"font-weight: 400;\">\u00a0<\/span><span style=\"font-weight: 400;\">Fonte:\u00a0<\/span><a href=\"https:\/\/elpais.com\/ciencia\/2022-02-24\/la-fundacion-bbva-premia-a-dos-matematicos-por-aportaciones-al-conocimiento-del-mundo-y-las-nuevas-tecnologias.html\"><span style=\"font-weight: 400;\">La Fundaci\u00f3n BBVA premia a dos matem\u00e1ticos por sus aportaciones al conocimiento del mundo y las nuevas tecnolog\u00edas<\/span><\/a><\/p>\n<p><span style=\"font-weight: 400;\">Foto: Todos os direitos reservados<\/span><\/p>\n","protected":false},"excerpt":{"rendered":"<p>Charles Fefferman e Jean-Fran\u00e7ois Le Gall abriram novas possibilidades na an\u00e1lise matem\u00e1tica e teoria da probabilidade, utilizadas em mp3 e GPS.<\/p>\n","protected":false},"author":27,"featured_media":26012,"comment_status":"closed","ping_status":"closed","sticky":false,"template":"","format":"standard","meta":{"jetpack_post_was_ever_published":false,"_jetpack_newsletter_access":"","_jetpack_newsletter_tier_id":0,"footnotes":"","jetpack_publicize_message":"","jetpack_is_tweetstorm":false,"jetpack_publicize_feature_enabled":true,"jetpack_social_post_already_shared":true,"jetpack_social_options":{"image_generator_settings":{"template":"highway","enabled":false}}},"categories":[5,8],"tags":[1242,855,285,408,119,911,7738,671,641,255],"jetpack_publicize_connections":[],"yoast_head":"<!-- This site is optimized with the Yoast SEO plugin v21.7 - https:\/\/yoast.com\/wordpress\/plugins\/seo\/ -->\n<title>Dois matem\u00e1ticos recebem pr\u00eamios por suas contribui\u00e7\u00f5es em sua \u00e1rea<\/title>\n<meta name=\"description\" content=\"Charles Fefferman e Jean-Fran\u00e7ois Le Gall abriram novas possibilidades na an\u00e1lise matem\u00e1tica e teoria da probabilidade, utilizadas em mp3 e GPS.\" \/>\n<meta name=\"robots\" content=\"noindex, nofollow\" \/>\n<meta property=\"og:locale\" content=\"pt_BR\" \/>\n<meta property=\"og:type\" content=\"article\" \/>\n<meta property=\"og:title\" content=\"Dois matem\u00e1ticos recebem pr\u00eamios por suas contribui\u00e7\u00f5es em sua \u00e1rea\" \/>\n<meta property=\"og:description\" content=\"Charles Fefferman e Jean-Fran\u00e7ois Le Gall abriram novas possibilidades na an\u00e1lise matem\u00e1tica e teoria da probabilidade, utilizadas em mp3 e GPS.\" \/>\n<meta property=\"og:url\" content=\"https:\/\/blogs.funiber.org\/pt\/formacao-professores\/2022\/03\/08\/funiber-dois-matematicos-recebem-premios-contribuicoes-area\" \/>\n<meta property=\"og:site_name\" content=\"FuniBlogs - FUNIBER\" \/>\n<meta property=\"article:publisher\" content=\"https:\/\/www.facebook.com\/funiber\" \/>\n<meta property=\"article:published_time\" content=\"2022-03-08T14:58:21+00:00\" \/>\n<meta property=\"article:modified_time\" content=\"2022-03-11T15:08:50+00:00\" \/>\n<meta property=\"og:image\" content=\"https:\/\/blogs.funiber.org\/pt\/wp-content\/uploads\/2022\/03\/matematicos.jpg\" \/>\n\t<meta property=\"og:image:width\" content=\"570\" \/>\n\t<meta property=\"og:image:height\" content=\"350\" \/>\n\t<meta property=\"og:image:type\" content=\"image\/jpeg\" \/>\n<meta name=\"author\" content=\"Ruth Congregado\" \/>\n<meta name=\"twitter:card\" content=\"summary_large_image\" \/>\n<meta name=\"twitter:creator\" content=\"@FUNIBER\" \/>\n<meta name=\"twitter:site\" content=\"@FUNIBER\" \/>\n<meta name=\"twitter:label1\" content=\"Escrito por\" \/>\n\t<meta name=\"twitter:data1\" content=\"Ruth Congregado\" \/>\n\t<meta name=\"twitter:label2\" content=\"Est. tempo de leitura\" \/>\n\t<meta name=\"twitter:data2\" content=\"2 minutos\" \/>\n<script type=\"application\/ld+json\" class=\"yoast-schema-graph\">{\"@context\":\"https:\/\/schema.org\",\"@graph\":[{\"@type\":\"Article\",\"@id\":\"https:\/\/blogs.funiber.org\/pt\/formacao-professores\/2022\/03\/08\/funiber-dois-matematicos-recebem-premios-contribuicoes-area#article\",\"isPartOf\":{\"@id\":\"https:\/\/blogs.funiber.org\/pt\/formacao-professores\/2022\/03\/08\/funiber-dois-matematicos-recebem-premios-contribuicoes-area\"},\"author\":{\"name\":\"Ruth Congregado\",\"@id\":\"https:\/\/blogs.funiber.org\/pt\/#\/schema\/person\/d1f71292335f509051d4b7c96f3a388a\"},\"headline\":\"Dois matem\u00e1ticos recebem pr\u00eamios por suas contribui\u00e7\u00f5es em sua \u00e1rea\",\"datePublished\":\"2022-03-08T14:58:21+00:00\",\"dateModified\":\"2022-03-11T15:08:50+00:00\",\"mainEntityOfPage\":{\"@id\":\"https:\/\/blogs.funiber.org\/pt\/formacao-professores\/2022\/03\/08\/funiber-dois-matematicos-recebem-premios-contribuicoes-area\"},\"wordCount\":489,\"publisher\":{\"@id\":\"https:\/\/blogs.funiber.org\/pt\/#organization\"},\"keywords\":[\"Bolsas\",\"Doutorado\",\"Educa\u00e7\u00e3o\",\"Educa\u00e7\u00e3o a Dist\u00e2ncia\",\"Estudos\",\"FUNIBER Opini\u00f5es\",\"matem\u00e1ticos\",\"mestrado\",\"Opini\u00e3o FUNIBER\",\"Opini\u00f5es Funiber\"],\"articleSection\":[\"Educa\u00e7\u00e3o,\u00a0Forma\u00e7\u00e3o Professores\",\"Empresas, Dire\u00e7\u00e3o e RH\"],\"inLanguage\":\"pt-BR\"},{\"@type\":\"WebPage\",\"@id\":\"https:\/\/blogs.funiber.org\/pt\/formacao-professores\/2022\/03\/08\/funiber-dois-matematicos-recebem-premios-contribuicoes-area\",\"url\":\"https:\/\/blogs.funiber.org\/pt\/formacao-professores\/2022\/03\/08\/funiber-dois-matematicos-recebem-premios-contribuicoes-area\",\"name\":\"Dois matem\u00e1ticos recebem pr\u00eamios por suas contribui\u00e7\u00f5es em sua \u00e1rea\",\"isPartOf\":{\"@id\":\"https:\/\/blogs.funiber.org\/pt\/#website\"},\"datePublished\":\"2022-03-08T14:58:21+00:00\",\"dateModified\":\"2022-03-11T15:08:50+00:00\",\"description\":\"Charles Fefferman e Jean-Fran\u00e7ois Le Gall abriram novas possibilidades na an\u00e1lise matem\u00e1tica e teoria da probabilidade, utilizadas em mp3 e GPS.\",\"breadcrumb\":{\"@id\":\"https:\/\/blogs.funiber.org\/pt\/formacao-professores\/2022\/03\/08\/funiber-dois-matematicos-recebem-premios-contribuicoes-area#breadcrumb\"},\"inLanguage\":\"pt-BR\",\"potentialAction\":[{\"@type\":\"ReadAction\",\"target\":[\"https:\/\/blogs.funiber.org\/pt\/formacao-professores\/2022\/03\/08\/funiber-dois-matematicos-recebem-premios-contribuicoes-area\"]}]},{\"@type\":\"BreadcrumbList\",\"@id\":\"https:\/\/blogs.funiber.org\/pt\/formacao-professores\/2022\/03\/08\/funiber-dois-matematicos-recebem-premios-contribuicoes-area#breadcrumb\",\"itemListElement\":[{\"@type\":\"ListItem\",\"position\":1,\"name\":\"In\u00edcio\",\"item\":\"https:\/\/blogs.funiber.org\/pt\"},{\"@type\":\"ListItem\",\"position\":2,\"name\":\"Dois matem\u00e1ticos recebem pr\u00eamios por suas contribui\u00e7\u00f5es em sua \u00e1rea\"}]},{\"@type\":\"WebSite\",\"@id\":\"https:\/\/blogs.funiber.org\/pt\/#website\",\"url\":\"https:\/\/blogs.funiber.org\/pt\/\",\"name\":\"FuniBlogs - FUNIBER\",\"description\":\"\",\"publisher\":{\"@id\":\"https:\/\/blogs.funiber.org\/pt\/#organization\"},\"potentialAction\":[{\"@type\":\"SearchAction\",\"target\":{\"@type\":\"EntryPoint\",\"urlTemplate\":\"https:\/\/blogs.funiber.org\/pt\/?s={search_term_string}\"},\"query-input\":\"required name=search_term_string\"}],\"inLanguage\":\"pt-BR\"},{\"@type\":\"Organization\",\"@id\":\"https:\/\/blogs.funiber.org\/pt\/#organization\",\"name\":\"FuniBlogs - FUNIBER\",\"url\":\"https:\/\/blogs.funiber.org\/pt\/\",\"logo\":{\"@type\":\"ImageObject\",\"inLanguage\":\"pt-BR\",\"@id\":\"https:\/\/blogs.funiber.org\/pt\/#\/schema\/logo\/image\/\",\"url\":\"https:\/\/www.funiber.blog\/pt\/wp-content\/uploads\/2022\/02\/logo-funiber-pt-br-v-dos.svg\",\"contentUrl\":\"https:\/\/www.funiber.blog\/pt\/wp-content\/uploads\/2022\/02\/logo-funiber-pt-br-v-dos.svg\",\"width\":1,\"height\":1,\"caption\":\"FuniBlogs - FUNIBER\"},\"image\":{\"@id\":\"https:\/\/blogs.funiber.org\/pt\/#\/schema\/logo\/image\/\"},\"sameAs\":[\"https:\/\/www.facebook.com\/funiber\",\"https:\/\/twitter.com\/FUNIBER\",\"https:\/\/www.instagram.com\/funiber_becas\",\"https:\/\/www.youtube.com\/user\/funiber\",\"https:\/\/www.linkedin.com\/company\/funiber\"]},{\"@type\":\"Person\",\"@id\":\"https:\/\/blogs.funiber.org\/pt\/#\/schema\/person\/d1f71292335f509051d4b7c96f3a388a\",\"name\":\"Ruth Congregado\",\"image\":{\"@type\":\"ImageObject\",\"inLanguage\":\"pt-BR\",\"@id\":\"https:\/\/blogs.funiber.org\/pt\/#\/schema\/person\/image\/\",\"url\":\"https:\/\/secure.gravatar.com\/avatar\/ad1938e89a5f73dc96b83b7d1960a1a1?s=96&d=mm&r=g\",\"contentUrl\":\"https:\/\/secure.gravatar.com\/avatar\/ad1938e89a5f73dc96b83b7d1960a1a1?s=96&d=mm&r=g\",\"caption\":\"Ruth Congregado\"},\"url\":\"https:\/\/www.funiber.blog\/pt\/author\/ruth-congregado\"}]}<\/script>\n<!-- \/ Yoast SEO plugin. -->","yoast_head_json":{"title":"Dois matem\u00e1ticos recebem pr\u00eamios por suas contribui\u00e7\u00f5es em sua \u00e1rea","description":"Charles Fefferman e Jean-Fran\u00e7ois Le Gall abriram novas possibilidades na an\u00e1lise matem\u00e1tica e teoria da probabilidade, utilizadas em mp3 e GPS.","robots":{"index":"noindex","follow":"nofollow"},"og_locale":"pt_BR","og_type":"article","og_title":"Dois matem\u00e1ticos recebem pr\u00eamios por suas contribui\u00e7\u00f5es em sua \u00e1rea","og_description":"Charles Fefferman e Jean-Fran\u00e7ois Le Gall abriram novas possibilidades na an\u00e1lise matem\u00e1tica e teoria da probabilidade, utilizadas em mp3 e GPS.","og_url":"https:\/\/blogs.funiber.org\/pt\/formacao-professores\/2022\/03\/08\/funiber-dois-matematicos-recebem-premios-contribuicoes-area","og_site_name":"FuniBlogs - FUNIBER","article_publisher":"https:\/\/www.facebook.com\/funiber","article_published_time":"2022-03-08T14:58:21+00:00","article_modified_time":"2022-03-11T15:08:50+00:00","og_image":[{"width":570,"height":350,"url":"https:\/\/blogs.funiber.org\/pt\/wp-content\/uploads\/2022\/03\/matematicos.jpg","type":"image\/jpeg"}],"author":"Ruth Congregado","twitter_card":"summary_large_image","twitter_creator":"@FUNIBER","twitter_site":"@FUNIBER","twitter_misc":{"Escrito por":"Ruth Congregado","Est. tempo de leitura":"2 minutos"},"schema":{"@context":"https:\/\/schema.org","@graph":[{"@type":"Article","@id":"https:\/\/blogs.funiber.org\/pt\/formacao-professores\/2022\/03\/08\/funiber-dois-matematicos-recebem-premios-contribuicoes-area#article","isPartOf":{"@id":"https:\/\/blogs.funiber.org\/pt\/formacao-professores\/2022\/03\/08\/funiber-dois-matematicos-recebem-premios-contribuicoes-area"},"author":{"name":"Ruth Congregado","@id":"https:\/\/blogs.funiber.org\/pt\/#\/schema\/person\/d1f71292335f509051d4b7c96f3a388a"},"headline":"Dois matem\u00e1ticos recebem pr\u00eamios por suas contribui\u00e7\u00f5es em sua \u00e1rea","datePublished":"2022-03-08T14:58:21+00:00","dateModified":"2022-03-11T15:08:50+00:00","mainEntityOfPage":{"@id":"https:\/\/blogs.funiber.org\/pt\/formacao-professores\/2022\/03\/08\/funiber-dois-matematicos-recebem-premios-contribuicoes-area"},"wordCount":489,"publisher":{"@id":"https:\/\/blogs.funiber.org\/pt\/#organization"},"keywords":["Bolsas","Doutorado","Educa\u00e7\u00e3o","Educa\u00e7\u00e3o a Dist\u00e2ncia","Estudos","FUNIBER Opini\u00f5es","matem\u00e1ticos","mestrado","Opini\u00e3o FUNIBER","Opini\u00f5es Funiber"],"articleSection":["Educa\u00e7\u00e3o,\u00a0Forma\u00e7\u00e3o Professores","Empresas, Dire\u00e7\u00e3o e RH"],"inLanguage":"pt-BR"},{"@type":"WebPage","@id":"https:\/\/blogs.funiber.org\/pt\/formacao-professores\/2022\/03\/08\/funiber-dois-matematicos-recebem-premios-contribuicoes-area","url":"https:\/\/blogs.funiber.org\/pt\/formacao-professores\/2022\/03\/08\/funiber-dois-matematicos-recebem-premios-contribuicoes-area","name":"Dois matem\u00e1ticos recebem pr\u00eamios por suas contribui\u00e7\u00f5es em sua \u00e1rea","isPartOf":{"@id":"https:\/\/blogs.funiber.org\/pt\/#website"},"datePublished":"2022-03-08T14:58:21+00:00","dateModified":"2022-03-11T15:08:50+00:00","description":"Charles Fefferman e Jean-Fran\u00e7ois Le Gall abriram novas possibilidades na an\u00e1lise matem\u00e1tica e teoria da probabilidade, utilizadas em mp3 e GPS.","breadcrumb":{"@id":"https:\/\/blogs.funiber.org\/pt\/formacao-professores\/2022\/03\/08\/funiber-dois-matematicos-recebem-premios-contribuicoes-area#breadcrumb"},"inLanguage":"pt-BR","potentialAction":[{"@type":"ReadAction","target":["https:\/\/blogs.funiber.org\/pt\/formacao-professores\/2022\/03\/08\/funiber-dois-matematicos-recebem-premios-contribuicoes-area"]}]},{"@type":"BreadcrumbList","@id":"https:\/\/blogs.funiber.org\/pt\/formacao-professores\/2022\/03\/08\/funiber-dois-matematicos-recebem-premios-contribuicoes-area#breadcrumb","itemListElement":[{"@type":"ListItem","position":1,"name":"In\u00edcio","item":"https:\/\/blogs.funiber.org\/pt"},{"@type":"ListItem","position":2,"name":"Dois matem\u00e1ticos recebem pr\u00eamios por suas contribui\u00e7\u00f5es em sua \u00e1rea"}]},{"@type":"WebSite","@id":"https:\/\/blogs.funiber.org\/pt\/#website","url":"https:\/\/blogs.funiber.org\/pt\/","name":"FuniBlogs - FUNIBER","description":"","publisher":{"@id":"https:\/\/blogs.funiber.org\/pt\/#organization"},"potentialAction":[{"@type":"SearchAction","target":{"@type":"EntryPoint","urlTemplate":"https:\/\/blogs.funiber.org\/pt\/?s={search_term_string}"},"query-input":"required name=search_term_string"}],"inLanguage":"pt-BR"},{"@type":"Organization","@id":"https:\/\/blogs.funiber.org\/pt\/#organization","name":"FuniBlogs - FUNIBER","url":"https:\/\/blogs.funiber.org\/pt\/","logo":{"@type":"ImageObject","inLanguage":"pt-BR","@id":"https:\/\/blogs.funiber.org\/pt\/#\/schema\/logo\/image\/","url":"https:\/\/www.funiber.blog\/pt\/wp-content\/uploads\/2022\/02\/logo-funiber-pt-br-v-dos.svg","contentUrl":"https:\/\/www.funiber.blog\/pt\/wp-content\/uploads\/2022\/02\/logo-funiber-pt-br-v-dos.svg","width":1,"height":1,"caption":"FuniBlogs - FUNIBER"},"image":{"@id":"https:\/\/blogs.funiber.org\/pt\/#\/schema\/logo\/image\/"},"sameAs":["https:\/\/www.facebook.com\/funiber","https:\/\/twitter.com\/FUNIBER","https:\/\/www.instagram.com\/funiber_becas","https:\/\/www.youtube.com\/user\/funiber","https:\/\/www.linkedin.com\/company\/funiber"]},{"@type":"Person","@id":"https:\/\/blogs.funiber.org\/pt\/#\/schema\/person\/d1f71292335f509051d4b7c96f3a388a","name":"Ruth Congregado","image":{"@type":"ImageObject","inLanguage":"pt-BR","@id":"https:\/\/blogs.funiber.org\/pt\/#\/schema\/person\/image\/","url":"https:\/\/secure.gravatar.com\/avatar\/ad1938e89a5f73dc96b83b7d1960a1a1?s=96&d=mm&r=g","contentUrl":"https:\/\/secure.gravatar.com\/avatar\/ad1938e89a5f73dc96b83b7d1960a1a1?s=96&d=mm&r=g","caption":"Ruth Congregado"},"url":"https:\/\/www.funiber.blog\/pt\/author\/ruth-congregado"}]}},"jetpack_featured_media_url":"https:\/\/www.funiber.blog\/pt\/wp-content\/uploads\/2022\/03\/matematicos.jpg","jetpack_shortlink":"https:\/\/wp.me\/p7ee1t-6Lx","jetpack_sharing_enabled":true,"_links":{"self":[{"href":"https:\/\/www.funiber.blog\/pt\/wp-json\/wp\/v2\/posts\/26011"}],"collection":[{"href":"https:\/\/www.funiber.blog\/pt\/wp-json\/wp\/v2\/posts"}],"about":[{"href":"https:\/\/www.funiber.blog\/pt\/wp-json\/wp\/v2\/types\/post"}],"author":[{"embeddable":true,"href":"https:\/\/www.funiber.blog\/pt\/wp-json\/wp\/v2\/users\/27"}],"replies":[{"embeddable":true,"href":"https:\/\/www.funiber.blog\/pt\/wp-json\/wp\/v2\/comments?post=26011"}],"version-history":[{"count":1,"href":"https:\/\/www.funiber.blog\/pt\/wp-json\/wp\/v2\/posts\/26011\/revisions"}],"predecessor-version":[{"id":26013,"href":"https:\/\/www.funiber.blog\/pt\/wp-json\/wp\/v2\/posts\/26011\/revisions\/26013"}],"wp:featuredmedia":[{"embeddable":true,"href":"https:\/\/www.funiber.blog\/pt\/wp-json\/wp\/v2\/media\/26012"}],"wp:attachment":[{"href":"https:\/\/www.funiber.blog\/pt\/wp-json\/wp\/v2\/media?parent=26011"}],"wp:term":[{"taxonomy":"category","embeddable":true,"href":"https:\/\/www.funiber.blog\/pt\/wp-json\/wp\/v2\/categories?post=26011"},{"taxonomy":"post_tag","embeddable":true,"href":"https:\/\/www.funiber.blog\/pt\/wp-json\/wp\/v2\/tags?post=26011"}],"curies":[{"name":"wp","href":"https:\/\/api.w.org\/{rel}","templated":true}]}}